{"id":2643,"date":"2022-05-25T17:06:00","date_gmt":"2022-05-25T15:06:00","guid":{"rendered":"https:\/\/fwfuer.de\/focal-point-werderplatz-2643\/"},"modified":"2022-06-01T23:32:04","modified_gmt":"2022-06-01T21:32:04","slug":"focal-point-werderplatz","status":"publish","type":"post","link":"https:\/\/fwfuer.de\/en\/focal-point-werderplatz-2643\/","title":{"rendered":"Focal point Werderplatz"},"content":{"rendered":"\n<p>The municipal council group Freie Wahler and F\u00dcR Karlsruhe is campaigning for a spatial expansion of the alcohol ban on Werderplatz in the southern part of the city.<\/p>\n\n<p>&#8220;Even before Corona, we received many complaints from residents and tradespeople who called for further measures. We were happy to support the many measures that have been initiated since 2009, but the situation has deteriorated drastically in the last two years. Many shopkeepers and local residents feel that violence and bullying have increased. Fortunately, many in the municipal council have understood that things cannot go on as they are,\u201d says City Councilor Friedemann Kalmbach.<\/p>\n\n<p>The experience of the previous regulation shows that the enforcement of the alcohol ban on Werderplatz often results in the group of people concerned being pushed to the other side of the street, at the Marienstra\u00dfe\/Werderstra\u00dfe intersection, and the number of criminal offenses does not decrease, but increases. There are often conflicts with the local companies and residents, which leads to fewer customers. However, the problems in this area will not be solved by a half-hearted ban on alcohol: \u201cA ban on alcohol on Werderplatz only shifts the problem. Since there is less space at the intersection, conflicts with the residents quickly arise. That&#8217;s why we think it would be best to extend the alcohol ban to the adjacent crossing area as well. Then maybe this part of the city can get rid of its image as a focal point,&#8221; says City Councilor Petra Lorenz and continues: &#8220;But it is important for us that we do not displace anyone and that people can continue to use the contact points, social support or medical help. We want to create a broader range there too.\u201d A possible solution would also be the return of the police station to the square.<\/p>\n","protected":false},"excerpt":{"rendered":"<p>The municipal council group Freie Wahler and F\u00dcR Karlsruhe is campaigning for a spatial expansion of the alcohol ban on Werderplatz in the southern part of the city. &#8220;Even before Corona, we received many complaints from residents and tradespeople who called for further measures. We were happy to support the many measures that have been [&hellip;]<\/p>\n","protected":false},"author":1,"featured_media":1746,"comment_status":"closed","ping_status":"closed","sticky":false,"template":"","format":"standard","meta":{"_acf_changed":false,"_et_pb_use_builder":"off","_et_pb_old_content":"","_et_gb_content_width":"","footnotes":"","_links_to":"","_links_to_target":""},"categories":[81],"tags":[],"class_list":["post-2643","post","type-post","status-publish","format-standard","has-post-thumbnail","hentry","category-press-releases"],"acf":[],"yoast_head":"<!-- This site is optimized with the Yoast SEO plugin v27.4 - https:\/\/yoast.com\/product\/yoast-seo-wordpress\/ -->\n<title>The Werderplatz in the south of Karlsruhe is the focal point<\/title>\n<meta name=\"description\" content=\"Die Pressemeldungen von F\u00dcR Karlsruhe im Gemeinderat der Stadt Karlsruhe. Hier ver\u00f6ffentlichen wir alle News rund um die Entscheidungen der Stadt Karlsruhe, unserer Anfragen und Initiativen im Karlsruher Gemeinderat.\" \/>\n<meta name=\"robots\" content=\"index, follow, max-snippet:-1, max-image-preview:large, max-video-preview:-1\" \/>\n<link rel=\"canonical\" href=\"https:\/\/fwfuer.de\/en\/focal-point-werderplatz-2643\/\" \/>\n<meta property=\"og:locale\" content=\"en_US\" \/>\n<meta property=\"og:type\" content=\"article\" \/>\n<meta property=\"og:title\" content=\"The Werderplatz in the south of Karlsruhe is the focal point\" \/>\n<meta property=\"og:description\" content=\"Die Pressemeldungen von F\u00dcR Karlsruhe im Gemeinderat der Stadt Karlsruhe. Hier ver\u00f6ffentlichen wir alle News rund um die Entscheidungen der Stadt Karlsruhe, unserer Anfragen und Initiativen im Karlsruher Gemeinderat.\" \/>\n<meta property=\"og:url\" content=\"https:\/\/fwfuer.de\/en\/focal-point-werderplatz-2643\/\" \/>\n<meta property=\"og:site_name\" content=\"Freie W\u00e4hler | F\u00dcR Karlsruhe in the Karlsruhe City Council\" \/>\n<meta property=\"article:publisher\" content=\"https:\/\/www.facebook.com\/fwfuer\" \/>\n<meta property=\"article:author\" content=\"https:\/\/www.facebook.com\/SchlittenhardtM\" \/>\n<meta property=\"article:published_time\" content=\"2022-05-25T15:06:00+00:00\" \/>\n<meta property=\"article:modified_time\" content=\"2022-06-01T21:32:04+00:00\" \/>\n<meta property=\"og:image\" content=\"https:\/\/fwfuer.de\/wp-content\/uploads\/2022\/05\/WerderplatzIndianerbrunnen-1.jpg\" \/>\n\t<meta property=\"og:image:width\" content=\"1280\" \/>\n\t<meta property=\"og:image:height\" content=\"959\" \/>\n\t<meta property=\"og:image:type\" content=\"image\/jpeg\" \/>\n<meta name=\"author\" content=\"F\u00dcR Karlsruhe im Gemeinderat\" \/>\n<meta name=\"twitter:card\" content=\"summary_large_image\" \/>\n<meta name=\"twitter:creator\" content=\"@https:\/\/www.twitter.com\/SchlittenhardtM\" \/>\n<meta name=\"twitter:site\" content=\"@fwfuer\" \/>\n<meta name=\"twitter:label1\" content=\"Written by\" \/>\n\t<meta name=\"twitter:data1\" content=\"F\u00dcR Karlsruhe im Gemeinderat\" \/>\n\t<meta name=\"twitter:label2\" content=\"Est. reading time\" \/>\n\t<meta name=\"twitter:data2\" content=\"2 minutes\" \/>\n<script type=\"application\/ld+json\" class=\"yoast-schema-graph\">{\"@context\":\"https:\\\/\\\/schema.org\",\"@graph\":[{\"@type\":\"NewsArticle\",\"@id\":\"https:\\\/\\\/fwfuer.de\\\/en\\\/focal-point-werderplatz-2643\\\/#article\",\"isPartOf\":{\"@id\":\"https:\\\/\\\/fwfuer.de\\\/en\\\/focal-point-werderplatz-2643\\\/\"},\"author\":{\"name\":\"F\u00dcR Karlsruhe im Gemeinderat\",\"@id\":\"https:\\\/\\\/fwfuer.de\\\/en\\\/#\\\/schema\\\/person\\\/84fbd80d001f4b437100c64ef6a47902\"},\"headline\":\"Focal point Werderplatz\",\"datePublished\":\"2022-05-25T15:06:00+00:00\",\"dateModified\":\"2022-06-01T21:32:04+00:00\",\"mainEntityOfPage\":{\"@id\":\"https:\\\/\\\/fwfuer.de\\\/en\\\/focal-point-werderplatz-2643\\\/\"},\"wordCount\":306,\"publisher\":{\"@id\":\"https:\\\/\\\/fwfuer.de\\\/en\\\/#organization\"},\"image\":{\"@id\":\"https:\\\/\\\/fwfuer.de\\\/en\\\/focal-point-werderplatz-2643\\\/#primaryimage\"},\"thumbnailUrl\":\"https:\\\/\\\/fwfuer.de\\\/wp-content\\\/uploads\\\/2022\\\/05\\\/WerderplatzIndianerbrunnen-1.jpg\",\"articleSection\":[\"Press Releases\"],\"inLanguage\":\"en-US\"},{\"@type\":\"WebPage\",\"@id\":\"https:\\\/\\\/fwfuer.de\\\/en\\\/focal-point-werderplatz-2643\\\/\",\"url\":\"https:\\\/\\\/fwfuer.de\\\/en\\\/focal-point-werderplatz-2643\\\/\",\"name\":\"The Werderplatz in the south of Karlsruhe is the focal point\",\"isPartOf\":{\"@id\":\"https:\\\/\\\/fwfuer.de\\\/en\\\/#website\"},\"primaryImageOfPage\":{\"@id\":\"https:\\\/\\\/fwfuer.de\\\/en\\\/focal-point-werderplatz-2643\\\/#primaryimage\"},\"image\":{\"@id\":\"https:\\\/\\\/fwfuer.de\\\/en\\\/focal-point-werderplatz-2643\\\/#primaryimage\"},\"thumbnailUrl\":\"https:\\\/\\\/fwfuer.de\\\/wp-content\\\/uploads\\\/2022\\\/05\\\/WerderplatzIndianerbrunnen-1.jpg\",\"datePublished\":\"2022-05-25T15:06:00+00:00\",\"dateModified\":\"2022-06-01T21:32:04+00:00\",\"description\":\"Die Pressemeldungen von F\u00dcR Karlsruhe im Gemeinderat der Stadt Karlsruhe. Hier ver\u00f6ffentlichen wir alle News rund um die Entscheidungen der Stadt Karlsruhe, unserer Anfragen und Initiativen im Karlsruher Gemeinderat.\",\"breadcrumb\":{\"@id\":\"https:\\\/\\\/fwfuer.de\\\/en\\\/focal-point-werderplatz-2643\\\/#breadcrumb\"},\"inLanguage\":\"en-US\",\"potentialAction\":[{\"@type\":\"ReadAction\",\"target\":[\"https:\\\/\\\/fwfuer.de\\\/en\\\/focal-point-werderplatz-2643\\\/\"]}]},{\"@type\":\"ImageObject\",\"inLanguage\":\"en-US\",\"@id\":\"https:\\\/\\\/fwfuer.de\\\/en\\\/focal-point-werderplatz-2643\\\/#primaryimage\",\"url\":\"https:\\\/\\\/fwfuer.de\\\/wp-content\\\/uploads\\\/2022\\\/05\\\/WerderplatzIndianerbrunnen-1.jpg\",\"contentUrl\":\"https:\\\/\\\/fwfuer.de\\\/wp-content\\\/uploads\\\/2022\\\/05\\\/WerderplatzIndianerbrunnen-1.jpg\",\"width\":1280,\"height\":959},{\"@type\":\"BreadcrumbList\",\"@id\":\"https:\\\/\\\/fwfuer.de\\\/en\\\/focal-point-werderplatz-2643\\\/#breadcrumb\",\"itemListElement\":[{\"@type\":\"ListItem\",\"position\":1,\"name\":\"Startseite\",\"item\":\"https:\\\/\\\/fwfuer.de\\\/en\\\/home\\\/\"},{\"@type\":\"ListItem\",\"position\":2,\"name\":\"Focal point Werderplatz\"}]},{\"@type\":\"WebSite\",\"@id\":\"https:\\\/\\\/fwfuer.de\\\/en\\\/#website\",\"url\":\"https:\\\/\\\/fwfuer.de\\\/en\\\/\",\"name\":\"Freie W\u00e4hler | F\u00dcR Karlsruhe in the Karlsruhe City Council\",\"description\":\"Free group of councillors in Karlsruhe\",\"publisher\":{\"@id\":\"https:\\\/\\\/fwfuer.de\\\/en\\\/#organization\"},\"alternateName\":\"F\u00dcR KARLSRUHE im Gemeinderat\",\"potentialAction\":[{\"@type\":\"SearchAction\",\"target\":{\"@type\":\"EntryPoint\",\"urlTemplate\":\"https:\\\/\\\/fwfuer.de\\\/en\\\/?s={search_term_string}\"},\"query-input\":{\"@type\":\"PropertyValueSpecification\",\"valueRequired\":true,\"valueName\":\"search_term_string\"}}],\"inLanguage\":\"en-US\"},{\"@type\":\"Organization\",\"@id\":\"https:\\\/\\\/fwfuer.de\\\/en\\\/#organization\",\"name\":\"F\u00dcR Karlsruhe im Gemeinderat\",\"alternateName\":\"F\u00dcR Karlsruhe mit Stadtrat Friedemann Kalmbach\",\"url\":\"https:\\\/\\\/fwfuer.de\\\/en\\\/\",\"logo\":{\"@type\":\"ImageObject\",\"inLanguage\":\"en-US\",\"@id\":\"https:\\\/\\\/fwfuer.de\\\/en\\\/#\\\/schema\\\/logo\\\/image\\\/\",\"url\":\"https:\\\/\\\/fwfuer.de\\\/wp-content\\\/uploads\\\/2024\\\/07\\\/cropped-Logo-1.png\",\"contentUrl\":\"https:\\\/\\\/fwfuer.de\\\/wp-content\\\/uploads\\\/2024\\\/07\\\/cropped-Logo-1.png\",\"width\":512,\"height\":512,\"caption\":\"F\u00dcR Karlsruhe im Gemeinderat\"},\"image\":{\"@id\":\"https:\\\/\\\/fwfuer.de\\\/en\\\/#\\\/schema\\\/logo\\\/image\\\/\"},\"sameAs\":[\"https:\\\/\\\/www.facebook.com\\\/fwfuer\",\"https:\\\/\\\/x.com\\\/fwfuer\",\"https:\\\/\\\/www.instagram.com\\\/fuerka.de\",\"https:\\\/\\\/de.linkedin.com\\\/company\\\/fw-fr-karlsruhe-gemeinderatsfraktion\",\"https:\\\/\\\/tiktok.com\\\/@fuerka.de\"]},{\"@type\":\"Person\",\"@id\":\"https:\\\/\\\/fwfuer.de\\\/en\\\/#\\\/schema\\\/person\\\/84fbd80d001f4b437100c64ef6a47902\",\"name\":\"F\u00dcR Karlsruhe im Gemeinderat\",\"description\":\"Fraktionsgesch\u00e4ftsf\u00fchrer der FW|F\u00dcR Fraktion im Karlsruher Gemeinderat.\",\"sameAs\":[\"https:\\\/\\\/www.facebook.com\\\/SchlittenhardtM\",\"https:\\\/\\\/www.instagram.com\\\/SchlittenhardtM\",\"https:\\\/\\\/x.com\\\/https:\\\/\\\/www.twitter.com\\\/SchlittenhardtM\"]}]}<\/script>\n<!-- \/ Yoast SEO plugin. -->","yoast_head_json":{"title":"The Werderplatz in the south of Karlsruhe is the focal point","description":"Die Pressemeldungen von F\u00dcR Karlsruhe im Gemeinderat der Stadt Karlsruhe. Hier ver\u00f6ffentlichen wir alle News rund um die Entscheidungen der Stadt Karlsruhe, unserer Anfragen und Initiativen im Karlsruher Gemeinderat.","robots":{"index":"index","follow":"follow","max-snippet":"max-snippet:-1","max-image-preview":"max-image-preview:large","max-video-preview":"max-video-preview:-1"},"canonical":"https:\/\/fwfuer.de\/en\/focal-point-werderplatz-2643\/","og_locale":"en_US","og_type":"article","og_title":"The Werderplatz in the south of Karlsruhe is the focal point","og_description":"Die Pressemeldungen von F\u00dcR Karlsruhe im Gemeinderat der Stadt Karlsruhe. Hier ver\u00f6ffentlichen wir alle News rund um die Entscheidungen der Stadt Karlsruhe, unserer Anfragen und Initiativen im Karlsruher Gemeinderat.","og_url":"https:\/\/fwfuer.de\/en\/focal-point-werderplatz-2643\/","og_site_name":"Freie W\u00e4hler | F\u00dcR Karlsruhe in the Karlsruhe City Council","article_publisher":"https:\/\/www.facebook.com\/fwfuer","article_author":"https:\/\/www.facebook.com\/SchlittenhardtM","article_published_time":"2022-05-25T15:06:00+00:00","article_modified_time":"2022-06-01T21:32:04+00:00","og_image":[{"width":1280,"height":959,"url":"https:\/\/fwfuer.de\/wp-content\/uploads\/2022\/05\/WerderplatzIndianerbrunnen-1.jpg","type":"image\/jpeg"}],"author":"F\u00dcR Karlsruhe im Gemeinderat","twitter_card":"summary_large_image","twitter_creator":"@https:\/\/www.twitter.com\/SchlittenhardtM","twitter_site":"@fwfuer","twitter_misc":{"Written by":"F\u00dcR Karlsruhe im Gemeinderat","Est. reading time":"2 minutes"},"schema":{"@context":"https:\/\/schema.org","@graph":[{"@type":"NewsArticle","@id":"https:\/\/fwfuer.de\/en\/focal-point-werderplatz-2643\/#article","isPartOf":{"@id":"https:\/\/fwfuer.de\/en\/focal-point-werderplatz-2643\/"},"author":{"name":"F\u00dcR Karlsruhe im Gemeinderat","@id":"https:\/\/fwfuer.de\/en\/#\/schema\/person\/84fbd80d001f4b437100c64ef6a47902"},"headline":"Focal point Werderplatz","datePublished":"2022-05-25T15:06:00+00:00","dateModified":"2022-06-01T21:32:04+00:00","mainEntityOfPage":{"@id":"https:\/\/fwfuer.de\/en\/focal-point-werderplatz-2643\/"},"wordCount":306,"publisher":{"@id":"https:\/\/fwfuer.de\/en\/#organization"},"image":{"@id":"https:\/\/fwfuer.de\/en\/focal-point-werderplatz-2643\/#primaryimage"},"thumbnailUrl":"https:\/\/fwfuer.de\/wp-content\/uploads\/2022\/05\/WerderplatzIndianerbrunnen-1.jpg","articleSection":["Press Releases"],"inLanguage":"en-US"},{"@type":"WebPage","@id":"https:\/\/fwfuer.de\/en\/focal-point-werderplatz-2643\/","url":"https:\/\/fwfuer.de\/en\/focal-point-werderplatz-2643\/","name":"The Werderplatz in the south of Karlsruhe is the focal point","isPartOf":{"@id":"https:\/\/fwfuer.de\/en\/#website"},"primaryImageOfPage":{"@id":"https:\/\/fwfuer.de\/en\/focal-point-werderplatz-2643\/#primaryimage"},"image":{"@id":"https:\/\/fwfuer.de\/en\/focal-point-werderplatz-2643\/#primaryimage"},"thumbnailUrl":"https:\/\/fwfuer.de\/wp-content\/uploads\/2022\/05\/WerderplatzIndianerbrunnen-1.jpg","datePublished":"2022-05-25T15:06:00+00:00","dateModified":"2022-06-01T21:32:04+00:00","description":"Die Pressemeldungen von F\u00dcR Karlsruhe im Gemeinderat der Stadt Karlsruhe. Hier ver\u00f6ffentlichen wir alle News rund um die Entscheidungen der Stadt Karlsruhe, unserer Anfragen und Initiativen im Karlsruher Gemeinderat.","breadcrumb":{"@id":"https:\/\/fwfuer.de\/en\/focal-point-werderplatz-2643\/#breadcrumb"},"inLanguage":"en-US","potentialAction":[{"@type":"ReadAction","target":["https:\/\/fwfuer.de\/en\/focal-point-werderplatz-2643\/"]}]},{"@type":"ImageObject","inLanguage":"en-US","@id":"https:\/\/fwfuer.de\/en\/focal-point-werderplatz-2643\/#primaryimage","url":"https:\/\/fwfuer.de\/wp-content\/uploads\/2022\/05\/WerderplatzIndianerbrunnen-1.jpg","contentUrl":"https:\/\/fwfuer.de\/wp-content\/uploads\/2022\/05\/WerderplatzIndianerbrunnen-1.jpg","width":1280,"height":959},{"@type":"BreadcrumbList","@id":"https:\/\/fwfuer.de\/en\/focal-point-werderplatz-2643\/#breadcrumb","itemListElement":[{"@type":"ListItem","position":1,"name":"Startseite","item":"https:\/\/fwfuer.de\/en\/home\/"},{"@type":"ListItem","position":2,"name":"Focal point Werderplatz"}]},{"@type":"WebSite","@id":"https:\/\/fwfuer.de\/en\/#website","url":"https:\/\/fwfuer.de\/en\/","name":"Freie W\u00e4hler | F\u00dcR Karlsruhe in the Karlsruhe City Council","description":"Free group of councillors in Karlsruhe","publisher":{"@id":"https:\/\/fwfuer.de\/en\/#organization"},"alternateName":"F\u00dcR KARLSRUHE im Gemeinderat","potentialAction":[{"@type":"SearchAction","target":{"@type":"EntryPoint","urlTemplate":"https:\/\/fwfuer.de\/en\/?s={search_term_string}"},"query-input":{"@type":"PropertyValueSpecification","valueRequired":true,"valueName":"search_term_string"}}],"inLanguage":"en-US"},{"@type":"Organization","@id":"https:\/\/fwfuer.de\/en\/#organization","name":"F\u00dcR Karlsruhe im Gemeinderat","alternateName":"F\u00dcR Karlsruhe mit Stadtrat Friedemann Kalmbach","url":"https:\/\/fwfuer.de\/en\/","logo":{"@type":"ImageObject","inLanguage":"en-US","@id":"https:\/\/fwfuer.de\/en\/#\/schema\/logo\/image\/","url":"https:\/\/fwfuer.de\/wp-content\/uploads\/2024\/07\/cropped-Logo-1.png","contentUrl":"https:\/\/fwfuer.de\/wp-content\/uploads\/2024\/07\/cropped-Logo-1.png","width":512,"height":512,"caption":"F\u00dcR Karlsruhe im Gemeinderat"},"image":{"@id":"https:\/\/fwfuer.de\/en\/#\/schema\/logo\/image\/"},"sameAs":["https:\/\/www.facebook.com\/fwfuer","https:\/\/x.com\/fwfuer","https:\/\/www.instagram.com\/fuerka.de","https:\/\/de.linkedin.com\/company\/fw-fr-karlsruhe-gemeinderatsfraktion","https:\/\/tiktok.com\/@fuerka.de"]},{"@type":"Person","@id":"https:\/\/fwfuer.de\/en\/#\/schema\/person\/84fbd80d001f4b437100c64ef6a47902","name":"F\u00dcR Karlsruhe im Gemeinderat","description":"Fraktionsgesch\u00e4ftsf\u00fchrer der FW|F\u00dcR Fraktion im Karlsruher Gemeinderat.","sameAs":["https:\/\/www.facebook.com\/SchlittenhardtM","https:\/\/www.instagram.com\/SchlittenhardtM","https:\/\/x.com\/https:\/\/www.twitter.com\/SchlittenhardtM"]}]}},"_links":{"self":[{"href":"https:\/\/fwfuer.de\/en\/wp-json\/wp\/v2\/posts\/2643","targetHints":{"allow":["GET"]}}],"collection":[{"href":"https:\/\/fwfuer.de\/en\/wp-json\/wp\/v2\/posts"}],"about":[{"href":"https:\/\/fwfuer.de\/en\/wp-json\/wp\/v2\/types\/post"}],"author":[{"embeddable":true,"href":"https:\/\/fwfuer.de\/en\/wp-json\/wp\/v2\/users\/1"}],"replies":[{"embeddable":true,"href":"https:\/\/fwfuer.de\/en\/wp-json\/wp\/v2\/comments?post=2643"}],"version-history":[{"count":4,"href":"https:\/\/fwfuer.de\/en\/wp-json\/wp\/v2\/posts\/2643\/revisions"}],"predecessor-version":[{"id":2767,"href":"https:\/\/fwfuer.de\/en\/wp-json\/wp\/v2\/posts\/2643\/revisions\/2767"}],"wp:featuredmedia":[{"embeddable":true,"href":"https:\/\/fwfuer.de\/en\/wp-json\/wp\/v2\/media\/1746"}],"wp:attachment":[{"href":"https:\/\/fwfuer.de\/en\/wp-json\/wp\/v2\/media?parent=2643"}],"wp:term":[{"taxonomy":"category","embeddable":true,"href":"https:\/\/fwfuer.de\/en\/wp-json\/wp\/v2\/categories?post=2643"},{"taxonomy":"post_tag","embeddable":true,"href":"https:\/\/fwfuer.de\/en\/wp-json\/wp\/v2\/tags?post=2643"}],"curies":[{"name":"wp","href":"https:\/\/api.w.org\/{rel}","templated":true}]}}