{"id":3096,"date":"2022-06-28T10:45:28","date_gmt":"2022-06-28T08:45:28","guid":{"rendered":"https:\/\/fwfuer.de\/suitable-location-found-for-dog-garden-at-albgruen-3096\/"},"modified":"2022-06-28T10:47:25","modified_gmt":"2022-06-28T08:47:25","slug":"suitable-location-found-for-dog-garden-at-albgruen","status":"publish","type":"post","link":"https:\/\/fwfuer.de\/en\/suitable-location-found-for-dog-garden-at-albgruen-3096\/","title":{"rendered":"Suitable location found for dog garden at Albgr\u00fcn"},"content":{"rendered":"\n<p>For a long time the parliamentary group community from free voters and F\u00dcR Karlsruhe sat down for it &#8211; now it is so far: In Karlsruhe a new dog walk area is planned. There has been much discussion about possible locations, and now the Karlsruhe City Council will agree on a new dog walking area in the G\u00fcnther-Klotz-Anlage.<\/p>\n\n<p>After 22 sites tested, the facility at Albgr\u00fcn, just before the cool jug, meets all criteria. The fact that the dogs are offered now on a beautiful green area new area, welcomes the parliamentary group, which already engaged itself last year for the project: That our effort of many years resulted in a success, makes us very happy. It is a good sign of the local council that the many requests and messages of citizens, which reached us, were finally noticed , so group chairman Friedemann Kalmbach.<\/p>\n\n<p>City Councilor Petra Lorenz sees the new dog run as a first step in creating more opportunities for all dog lovers: &#8220;We are very happy about the new location and that it meets the criteria. This is how we had envisioned it a year ago. It&#8217;s a pity that the search had to take so long. In the long term, we should also think about a second area for dogs. The new location is not very central and for many dog owners the way might be too far. The dog owners from the other end of the city rightly point to a necessary second area. The group community will therefore advocate for a further dog walking area.&#8221;<\/p>\n","protected":false},"excerpt":{"rendered":"<p>For a long time the parliamentary group community from free voters and F\u00dcR Karlsruhe sat down for it &#8211; now it is so far: In Karlsruhe a new dog walk area is planned. There has been much discussion about possible locations, and now the Karlsruhe City Council will agree on a new dog walking area [&hellip;]<\/p>\n","protected":false},"author":1,"featured_media":3092,"comment_status":"closed","ping_status":"closed","sticky":false,"template":"","format":"standard","meta":{"_acf_changed":false,"_et_pb_use_builder":"off","_et_pb_old_content":"","_et_gb_content_width":"","footnotes":"","_links_to":"","_links_to_target":""},"categories":[81],"tags":[],"class_list":["post-3096","post","type-post","status-publish","format-standard","has-post-thumbnail","hentry","category-press-releases"],"acf":[],"yoast_head":"<!-- This site is optimized with the Yoast SEO plugin v27.5 - https:\/\/yoast.com\/product\/yoast-seo-wordpress\/ -->\n<title>Suitable location found for dog garden at Albgr\u00fcn - Freie W\u00e4hler | F\u00dcR Karlsruhe in the Karlsruhe City Council<\/title>\n<meta name=\"description\" content=\"Die Pressemeldungen von F\u00dcR Karlsruhe im Gemeinderat der Stadt Karlsruhe. Hier ver\u00f6ffentlichen wir alle News rund um die Entscheidungen der Stadt Karlsruhe, unserer Anfragen und Initiativen im Karlsruher Gemeinderat.\" \/>\n<meta name=\"robots\" content=\"index, follow, max-snippet:-1, max-image-preview:large, max-video-preview:-1\" \/>\n<link rel=\"canonical\" href=\"https:\/\/fwfuer.de\/en\/suitable-location-found-for-dog-garden-at-albgruen-3096\/\" \/>\n<meta property=\"og:locale\" content=\"en_US\" \/>\n<meta property=\"og:type\" content=\"article\" \/>\n<meta property=\"og:title\" content=\"Suitable location found for dog garden at Albgr\u00fcn - Freie W\u00e4hler | F\u00dcR Karlsruhe in the Karlsruhe City Council\" \/>\n<meta property=\"og:description\" content=\"Die Pressemeldungen von F\u00dcR Karlsruhe im Gemeinderat der Stadt Karlsruhe. Hier ver\u00f6ffentlichen wir alle News rund um die Entscheidungen der Stadt Karlsruhe, unserer Anfragen und Initiativen im Karlsruher Gemeinderat.\" \/>\n<meta property=\"og:url\" content=\"https:\/\/fwfuer.de\/en\/suitable-location-found-for-dog-garden-at-albgruen-3096\/\" \/>\n<meta property=\"og:site_name\" content=\"Freie W\u00e4hler | F\u00dcR Karlsruhe in the Karlsruhe City Council\" \/>\n<meta property=\"article:publisher\" content=\"https:\/\/www.facebook.com\/fwfuer\" \/>\n<meta property=\"article:author\" content=\"https:\/\/www.facebook.com\/SchlittenhardtM\" \/>\n<meta property=\"article:published_time\" content=\"2022-06-28T08:45:28+00:00\" \/>\n<meta property=\"article:modified_time\" content=\"2022-06-28T08:47:25+00:00\" \/>\n<meta property=\"og:image\" content=\"https:\/\/fwfuer.de\/wp-content\/uploads\/2022\/06\/PetraLorenzHund.jpg\" \/>\n\t<meta property=\"og:image:width\" content=\"1200\" \/>\n\t<meta property=\"og:image:height\" content=\"668\" \/>\n\t<meta property=\"og:image:type\" content=\"image\/jpeg\" \/>\n<meta name=\"author\" content=\"F\u00dcR Karlsruhe im Gemeinderat\" \/>\n<meta name=\"twitter:card\" content=\"summary_large_image\" \/>\n<meta name=\"twitter:creator\" content=\"@https:\/\/www.twitter.com\/SchlittenhardtM\" \/>\n<meta name=\"twitter:site\" content=\"@fwfuer\" \/>\n<meta name=\"twitter:label1\" content=\"Written by\" \/>\n\t<meta name=\"twitter:data1\" content=\"F\u00dcR Karlsruhe im Gemeinderat\" \/>\n\t<meta name=\"twitter:label2\" content=\"Est. reading time\" \/>\n\t<meta name=\"twitter:data2\" content=\"1 minute\" \/>\n<script type=\"application\/ld+json\" class=\"yoast-schema-graph\">{\"@context\":\"https:\\\/\\\/schema.org\",\"@graph\":[{\"@type\":\"NewsArticle\",\"@id\":\"https:\\\/\\\/fwfuer.de\\\/en\\\/suitable-location-found-for-dog-garden-at-albgruen-3096\\\/#article\",\"isPartOf\":{\"@id\":\"https:\\\/\\\/fwfuer.de\\\/en\\\/suitable-location-found-for-dog-garden-at-albgruen-3096\\\/\"},\"author\":{\"name\":\"F\u00dcR Karlsruhe im Gemeinderat\",\"@id\":\"https:\\\/\\\/fwfuer.de\\\/en\\\/#\\\/schema\\\/person\\\/84fbd80d001f4b437100c64ef6a47902\"},\"headline\":\"Suitable location found for dog garden at Albgr\u00fcn\",\"datePublished\":\"2022-06-28T08:45:28+00:00\",\"dateModified\":\"2022-06-28T08:47:25+00:00\",\"mainEntityOfPage\":{\"@id\":\"https:\\\/\\\/fwfuer.de\\\/en\\\/suitable-location-found-for-dog-garden-at-albgruen-3096\\\/\"},\"wordCount\":272,\"publisher\":{\"@id\":\"https:\\\/\\\/fwfuer.de\\\/en\\\/#organization\"},\"image\":{\"@id\":\"https:\\\/\\\/fwfuer.de\\\/en\\\/suitable-location-found-for-dog-garden-at-albgruen-3096\\\/#primaryimage\"},\"thumbnailUrl\":\"https:\\\/\\\/fwfuer.de\\\/wp-content\\\/uploads\\\/2022\\\/06\\\/PetraLorenzHund.jpg\",\"articleSection\":[\"Press Releases\"],\"inLanguage\":\"en-US\"},{\"@type\":\"WebPage\",\"@id\":\"https:\\\/\\\/fwfuer.de\\\/en\\\/suitable-location-found-for-dog-garden-at-albgruen-3096\\\/\",\"url\":\"https:\\\/\\\/fwfuer.de\\\/en\\\/suitable-location-found-for-dog-garden-at-albgruen-3096\\\/\",\"name\":\"Suitable location found for dog garden at Albgr\u00fcn - Freie W\u00e4hler | F\u00dcR Karlsruhe in the Karlsruhe City Council\",\"isPartOf\":{\"@id\":\"https:\\\/\\\/fwfuer.de\\\/en\\\/#website\"},\"primaryImageOfPage\":{\"@id\":\"https:\\\/\\\/fwfuer.de\\\/en\\\/suitable-location-found-for-dog-garden-at-albgruen-3096\\\/#primaryimage\"},\"image\":{\"@id\":\"https:\\\/\\\/fwfuer.de\\\/en\\\/suitable-location-found-for-dog-garden-at-albgruen-3096\\\/#primaryimage\"},\"thumbnailUrl\":\"https:\\\/\\\/fwfuer.de\\\/wp-content\\\/uploads\\\/2022\\\/06\\\/PetraLorenzHund.jpg\",\"datePublished\":\"2022-06-28T08:45:28+00:00\",\"dateModified\":\"2022-06-28T08:47:25+00:00\",\"description\":\"Die Pressemeldungen von F\u00dcR Karlsruhe im Gemeinderat der Stadt Karlsruhe. Hier ver\u00f6ffentlichen wir alle News rund um die Entscheidungen der Stadt Karlsruhe, unserer Anfragen und Initiativen im Karlsruher Gemeinderat.\",\"breadcrumb\":{\"@id\":\"https:\\\/\\\/fwfuer.de\\\/en\\\/suitable-location-found-for-dog-garden-at-albgruen-3096\\\/#breadcrumb\"},\"inLanguage\":\"en-US\",\"potentialAction\":[{\"@type\":\"ReadAction\",\"target\":[\"https:\\\/\\\/fwfuer.de\\\/en\\\/suitable-location-found-for-dog-garden-at-albgruen-3096\\\/\"]}]},{\"@type\":\"ImageObject\",\"inLanguage\":\"en-US\",\"@id\":\"https:\\\/\\\/fwfuer.de\\\/en\\\/suitable-location-found-for-dog-garden-at-albgruen-3096\\\/#primaryimage\",\"url\":\"https:\\\/\\\/fwfuer.de\\\/wp-content\\\/uploads\\\/2022\\\/06\\\/PetraLorenzHund.jpg\",\"contentUrl\":\"https:\\\/\\\/fwfuer.de\\\/wp-content\\\/uploads\\\/2022\\\/06\\\/PetraLorenzHund.jpg\",\"width\":1200,\"height\":668,\"caption\":\"Petra Lorenz spielt mit ihrem Hund\"},{\"@type\":\"BreadcrumbList\",\"@id\":\"https:\\\/\\\/fwfuer.de\\\/en\\\/suitable-location-found-for-dog-garden-at-albgruen-3096\\\/#breadcrumb\",\"itemListElement\":[{\"@type\":\"ListItem\",\"position\":1,\"name\":\"Startseite\",\"item\":\"https:\\\/\\\/fwfuer.de\\\/en\\\/home\\\/\"},{\"@type\":\"ListItem\",\"position\":2,\"name\":\"Suitable location found for dog garden at Albgr\u00fcn\"}]},{\"@type\":\"WebSite\",\"@id\":\"https:\\\/\\\/fwfuer.de\\\/en\\\/#website\",\"url\":\"https:\\\/\\\/fwfuer.de\\\/en\\\/\",\"name\":\"Freie W\u00e4hler | F\u00dcR Karlsruhe in the Karlsruhe City Council\",\"description\":\"Free group of councillors in Karlsruhe\",\"publisher\":{\"@id\":\"https:\\\/\\\/fwfuer.de\\\/en\\\/#organization\"},\"alternateName\":\"F\u00dcR KARLSRUHE im Gemeinderat\",\"potentialAction\":[{\"@type\":\"SearchAction\",\"target\":{\"@type\":\"EntryPoint\",\"urlTemplate\":\"https:\\\/\\\/fwfuer.de\\\/en\\\/?s={search_term_string}\"},\"query-input\":{\"@type\":\"PropertyValueSpecification\",\"valueRequired\":true,\"valueName\":\"search_term_string\"}}],\"inLanguage\":\"en-US\"},{\"@type\":\"Organization\",\"@id\":\"https:\\\/\\\/fwfuer.de\\\/en\\\/#organization\",\"name\":\"F\u00dcR Karlsruhe im Gemeinderat\",\"alternateName\":\"F\u00dcR Karlsruhe mit Stadtrat Friedemann Kalmbach\",\"url\":\"https:\\\/\\\/fwfuer.de\\\/en\\\/\",\"logo\":{\"@type\":\"ImageObject\",\"inLanguage\":\"en-US\",\"@id\":\"https:\\\/\\\/fwfuer.de\\\/en\\\/#\\\/schema\\\/logo\\\/image\\\/\",\"url\":\"https:\\\/\\\/fwfuer.de\\\/wp-content\\\/uploads\\\/2024\\\/07\\\/cropped-Logo-1.png\",\"contentUrl\":\"https:\\\/\\\/fwfuer.de\\\/wp-content\\\/uploads\\\/2024\\\/07\\\/cropped-Logo-1.png\",\"width\":512,\"height\":512,\"caption\":\"F\u00dcR Karlsruhe im Gemeinderat\"},\"image\":{\"@id\":\"https:\\\/\\\/fwfuer.de\\\/en\\\/#\\\/schema\\\/logo\\\/image\\\/\"},\"sameAs\":[\"https:\\\/\\\/www.facebook.com\\\/fwfuer\",\"https:\\\/\\\/x.com\\\/fwfuer\",\"https:\\\/\\\/www.instagram.com\\\/fuerka.de\",\"https:\\\/\\\/de.linkedin.com\\\/company\\\/fw-fr-karlsruhe-gemeinderatsfraktion\",\"https:\\\/\\\/tiktok.com\\\/@fuerka.de\"]},{\"@type\":\"Person\",\"@id\":\"https:\\\/\\\/fwfuer.de\\\/en\\\/#\\\/schema\\\/person\\\/84fbd80d001f4b437100c64ef6a47902\",\"name\":\"F\u00dcR Karlsruhe im Gemeinderat\",\"description\":\"Fraktionsgesch\u00e4ftsf\u00fchrer der FW|F\u00dcR Fraktion im Karlsruher Gemeinderat.\",\"sameAs\":[\"https:\\\/\\\/www.facebook.com\\\/SchlittenhardtM\",\"https:\\\/\\\/www.instagram.com\\\/SchlittenhardtM\",\"https:\\\/\\\/x.com\\\/https:\\\/\\\/www.twitter.com\\\/SchlittenhardtM\"]}]}<\/script>\n<!-- \/ Yoast SEO plugin. -->","yoast_head_json":{"title":"Suitable location found for dog garden at Albgr\u00fcn - Freie W\u00e4hler | F\u00dcR Karlsruhe in the Karlsruhe City Council","description":"Die Pressemeldungen von F\u00dcR Karlsruhe im Gemeinderat der Stadt Karlsruhe. Hier ver\u00f6ffentlichen wir alle News rund um die Entscheidungen der Stadt Karlsruhe, unserer Anfragen und Initiativen im Karlsruher Gemeinderat.","robots":{"index":"index","follow":"follow","max-snippet":"max-snippet:-1","max-image-preview":"max-image-preview:large","max-video-preview":"max-video-preview:-1"},"canonical":"https:\/\/fwfuer.de\/en\/suitable-location-found-for-dog-garden-at-albgruen-3096\/","og_locale":"en_US","og_type":"article","og_title":"Suitable location found for dog garden at Albgr\u00fcn - Freie W\u00e4hler | F\u00dcR Karlsruhe in the Karlsruhe City Council","og_description":"Die Pressemeldungen von F\u00dcR Karlsruhe im Gemeinderat der Stadt Karlsruhe. Hier ver\u00f6ffentlichen wir alle News rund um die Entscheidungen der Stadt Karlsruhe, unserer Anfragen und Initiativen im Karlsruher Gemeinderat.","og_url":"https:\/\/fwfuer.de\/en\/suitable-location-found-for-dog-garden-at-albgruen-3096\/","og_site_name":"Freie W\u00e4hler | F\u00dcR Karlsruhe in the Karlsruhe City Council","article_publisher":"https:\/\/www.facebook.com\/fwfuer","article_author":"https:\/\/www.facebook.com\/SchlittenhardtM","article_published_time":"2022-06-28T08:45:28+00:00","article_modified_time":"2022-06-28T08:47:25+00:00","og_image":[{"width":1200,"height":668,"url":"https:\/\/fwfuer.de\/wp-content\/uploads\/2022\/06\/PetraLorenzHund.jpg","type":"image\/jpeg"}],"author":"F\u00dcR Karlsruhe im Gemeinderat","twitter_card":"summary_large_image","twitter_creator":"@https:\/\/www.twitter.com\/SchlittenhardtM","twitter_site":"@fwfuer","twitter_misc":{"Written by":"F\u00dcR Karlsruhe im Gemeinderat","Est. reading time":"1 minute"},"schema":{"@context":"https:\/\/schema.org","@graph":[{"@type":"NewsArticle","@id":"https:\/\/fwfuer.de\/en\/suitable-location-found-for-dog-garden-at-albgruen-3096\/#article","isPartOf":{"@id":"https:\/\/fwfuer.de\/en\/suitable-location-found-for-dog-garden-at-albgruen-3096\/"},"author":{"name":"F\u00dcR Karlsruhe im Gemeinderat","@id":"https:\/\/fwfuer.de\/en\/#\/schema\/person\/84fbd80d001f4b437100c64ef6a47902"},"headline":"Suitable location found for dog garden at Albgr\u00fcn","datePublished":"2022-06-28T08:45:28+00:00","dateModified":"2022-06-28T08:47:25+00:00","mainEntityOfPage":{"@id":"https:\/\/fwfuer.de\/en\/suitable-location-found-for-dog-garden-at-albgruen-3096\/"},"wordCount":272,"publisher":{"@id":"https:\/\/fwfuer.de\/en\/#organization"},"image":{"@id":"https:\/\/fwfuer.de\/en\/suitable-location-found-for-dog-garden-at-albgruen-3096\/#primaryimage"},"thumbnailUrl":"https:\/\/fwfuer.de\/wp-content\/uploads\/2022\/06\/PetraLorenzHund.jpg","articleSection":["Press Releases"],"inLanguage":"en-US"},{"@type":"WebPage","@id":"https:\/\/fwfuer.de\/en\/suitable-location-found-for-dog-garden-at-albgruen-3096\/","url":"https:\/\/fwfuer.de\/en\/suitable-location-found-for-dog-garden-at-albgruen-3096\/","name":"Suitable location found for dog garden at Albgr\u00fcn - Freie W\u00e4hler | F\u00dcR Karlsruhe in the Karlsruhe City Council","isPartOf":{"@id":"https:\/\/fwfuer.de\/en\/#website"},"primaryImageOfPage":{"@id":"https:\/\/fwfuer.de\/en\/suitable-location-found-for-dog-garden-at-albgruen-3096\/#primaryimage"},"image":{"@id":"https:\/\/fwfuer.de\/en\/suitable-location-found-for-dog-garden-at-albgruen-3096\/#primaryimage"},"thumbnailUrl":"https:\/\/fwfuer.de\/wp-content\/uploads\/2022\/06\/PetraLorenzHund.jpg","datePublished":"2022-06-28T08:45:28+00:00","dateModified":"2022-06-28T08:47:25+00:00","description":"Die Pressemeldungen von F\u00dcR Karlsruhe im Gemeinderat der Stadt Karlsruhe. Hier ver\u00f6ffentlichen wir alle News rund um die Entscheidungen der Stadt Karlsruhe, unserer Anfragen und Initiativen im Karlsruher Gemeinderat.","breadcrumb":{"@id":"https:\/\/fwfuer.de\/en\/suitable-location-found-for-dog-garden-at-albgruen-3096\/#breadcrumb"},"inLanguage":"en-US","potentialAction":[{"@type":"ReadAction","target":["https:\/\/fwfuer.de\/en\/suitable-location-found-for-dog-garden-at-albgruen-3096\/"]}]},{"@type":"ImageObject","inLanguage":"en-US","@id":"https:\/\/fwfuer.de\/en\/suitable-location-found-for-dog-garden-at-albgruen-3096\/#primaryimage","url":"https:\/\/fwfuer.de\/wp-content\/uploads\/2022\/06\/PetraLorenzHund.jpg","contentUrl":"https:\/\/fwfuer.de\/wp-content\/uploads\/2022\/06\/PetraLorenzHund.jpg","width":1200,"height":668,"caption":"Petra Lorenz spielt mit ihrem Hund"},{"@type":"BreadcrumbList","@id":"https:\/\/fwfuer.de\/en\/suitable-location-found-for-dog-garden-at-albgruen-3096\/#breadcrumb","itemListElement":[{"@type":"ListItem","position":1,"name":"Startseite","item":"https:\/\/fwfuer.de\/en\/home\/"},{"@type":"ListItem","position":2,"name":"Suitable location found for dog garden at Albgr\u00fcn"}]},{"@type":"WebSite","@id":"https:\/\/fwfuer.de\/en\/#website","url":"https:\/\/fwfuer.de\/en\/","name":"Freie W\u00e4hler | F\u00dcR Karlsruhe in the Karlsruhe City Council","description":"Free group of councillors in Karlsruhe","publisher":{"@id":"https:\/\/fwfuer.de\/en\/#organization"},"alternateName":"F\u00dcR KARLSRUHE im Gemeinderat","potentialAction":[{"@type":"SearchAction","target":{"@type":"EntryPoint","urlTemplate":"https:\/\/fwfuer.de\/en\/?s={search_term_string}"},"query-input":{"@type":"PropertyValueSpecification","valueRequired":true,"valueName":"search_term_string"}}],"inLanguage":"en-US"},{"@type":"Organization","@id":"https:\/\/fwfuer.de\/en\/#organization","name":"F\u00dcR Karlsruhe im Gemeinderat","alternateName":"F\u00dcR Karlsruhe mit Stadtrat Friedemann Kalmbach","url":"https:\/\/fwfuer.de\/en\/","logo":{"@type":"ImageObject","inLanguage":"en-US","@id":"https:\/\/fwfuer.de\/en\/#\/schema\/logo\/image\/","url":"https:\/\/fwfuer.de\/wp-content\/uploads\/2024\/07\/cropped-Logo-1.png","contentUrl":"https:\/\/fwfuer.de\/wp-content\/uploads\/2024\/07\/cropped-Logo-1.png","width":512,"height":512,"caption":"F\u00dcR Karlsruhe im Gemeinderat"},"image":{"@id":"https:\/\/fwfuer.de\/en\/#\/schema\/logo\/image\/"},"sameAs":["https:\/\/www.facebook.com\/fwfuer","https:\/\/x.com\/fwfuer","https:\/\/www.instagram.com\/fuerka.de","https:\/\/de.linkedin.com\/company\/fw-fr-karlsruhe-gemeinderatsfraktion","https:\/\/tiktok.com\/@fuerka.de"]},{"@type":"Person","@id":"https:\/\/fwfuer.de\/en\/#\/schema\/person\/84fbd80d001f4b437100c64ef6a47902","name":"F\u00dcR Karlsruhe im Gemeinderat","description":"Fraktionsgesch\u00e4ftsf\u00fchrer der FW|F\u00dcR Fraktion im Karlsruher Gemeinderat.","sameAs":["https:\/\/www.facebook.com\/SchlittenhardtM","https:\/\/www.instagram.com\/SchlittenhardtM","https:\/\/x.com\/https:\/\/www.twitter.com\/SchlittenhardtM"]}]}},"_links":{"self":[{"href":"https:\/\/fwfuer.de\/en\/wp-json\/wp\/v2\/posts\/3096","targetHints":{"allow":["GET"]}}],"collection":[{"href":"https:\/\/fwfuer.de\/en\/wp-json\/wp\/v2\/posts"}],"about":[{"href":"https:\/\/fwfuer.de\/en\/wp-json\/wp\/v2\/types\/post"}],"author":[{"embeddable":true,"href":"https:\/\/fwfuer.de\/en\/wp-json\/wp\/v2\/users\/1"}],"replies":[{"embeddable":true,"href":"https:\/\/fwfuer.de\/en\/wp-json\/wp\/v2\/comments?post=3096"}],"version-history":[{"count":6,"href":"https:\/\/fwfuer.de\/en\/wp-json\/wp\/v2\/posts\/3096\/revisions"}],"predecessor-version":[{"id":3108,"href":"https:\/\/fwfuer.de\/en\/wp-json\/wp\/v2\/posts\/3096\/revisions\/3108"}],"wp:featuredmedia":[{"embeddable":true,"href":"https:\/\/fwfuer.de\/en\/wp-json\/wp\/v2\/media\/3092"}],"wp:attachment":[{"href":"https:\/\/fwfuer.de\/en\/wp-json\/wp\/v2\/media?parent=3096"}],"wp:term":[{"taxonomy":"category","embeddable":true,"href":"https:\/\/fwfuer.de\/en\/wp-json\/wp\/v2\/categories?post=3096"},{"taxonomy":"post_tag","embeddable":true,"href":"https:\/\/fwfuer.de\/en\/wp-json\/wp\/v2\/tags?post=3096"}],"curies":[{"name":"wp","href":"https:\/\/api.w.org\/{rel}","templated":true}]}}