{"id":5460,"date":"2023-04-26T10:05:45","date_gmt":"2023-04-26T08:05:45","guid":{"rendered":"https:\/\/fwfuer.de\/lack-of-data-extent-of-cancelled-school-sports-and-lack-of-teaching-staff-unclear-5460\/"},"modified":"2023-04-26T10:07:06","modified_gmt":"2023-04-26T08:07:06","slug":"lack-of-data-extent-of-cancelled-school-sports-and-lack-of-teaching-staff-unclear","status":"publish","type":"post","link":"https:\/\/fwfuer.de\/en\/lack-of-data-extent-of-cancelled-school-sports-and-lack-of-teaching-staff-unclear-5460\/","title":{"rendered":"Lack of data: extent of cancelled school sports and lack of teaching staff unknown"},"content":{"rendered":"\n<p>The city of Karlsruhe answered an inquiry of the city council group the Free Voters and FOR Karlsruhe on the lack of exercise, but not very concretely. The city council group had submitted a question to the city administration to find out how well the city is equipped with sports facilities and staff for school lessons to prevent lack of exercise among students. An inventory analysis should provide clarity, he said.<\/p>\n\n<p>However, the city government has no answer as to whether physical education and swimming classes are staffed with enough qualified teachers &#8211; a basic requirement for children to get enough exercise. Also, the council has no information on how many physical education classes were cancelled last school year. The group expects significant improvements in this area. In the council meeting, councilor Friedemann Kalmbach criticized the poor data situation and asked the city to provide a more detailed answer. Mayor Mentrup agreed to clarify the issue again in conversation.<br\/>Even before the pandemic, according to several studies, more than twice as many classes were cancelled than authorities and education ministers claimed: 5% of all physical education classes were cancelled due to a lack of teachers and sports facilities.<\/p>\n\n<p>However, the sports halls, athletics fields and stadiums in Karlsruhe are solid, according to the city administration: &#8220;The sports halls are adequately equipped for the practice of school sports. Some halls are in need of renovation due to their age, but this does not restrict school sports. Necessary building maintenance measures are carried out as required, as are necessary replacements of sports equipment in a timely manner,&#8221; reads the city&#8217;s response letter. However, the backlog of renovations and the financial situation do not allow any more concrete statements to be made regarding implementation.<\/p>\n","protected":false},"excerpt":{"rendered":"<p>The city of Karlsruhe answered an inquiry of the city council group the Free Voters and FOR Karlsruhe on the lack of exercise, but not very concretely. The city council group had submitted a question to the city administration to find out how well the city is equipped with sports facilities and staff for school [&hellip;]<\/p>\n","protected":false},"author":1,"featured_media":0,"comment_status":"closed","ping_status":"closed","sticky":false,"template":"","format":"standard","meta":{"_acf_changed":false,"_et_pb_use_builder":"off","_et_pb_old_content":"","_et_gb_content_width":"","footnotes":"","_links_to":"","_links_to_target":""},"categories":[81],"tags":[262,263,264],"class_list":["post-5460","post","type-post","status-publish","format-standard","hentry","category-press-releases","tag-children-youth","tag-school","tag-sports"],"acf":[],"yoast_head":"<!-- This site is optimized with the Yoast SEO plugin v27.5 - https:\/\/yoast.com\/product\/yoast-seo-wordpress\/ -->\n<title>Lack of data: extent of cancelled school sports and lack of teaching staff unknown - Freie W\u00e4hler | F\u00dcR Karlsruhe in the Karlsruhe City Council<\/title>\n<meta name=\"description\" content=\"Die Pressemeldungen von F\u00dcR Karlsruhe im Gemeinderat der Stadt Karlsruhe. Hier ver\u00f6ffentlichen wir alle News rund um die Entscheidungen der Stadt Karlsruhe, unserer Anfragen und Initiativen im Karlsruher Gemeinderat.\" \/>\n<meta name=\"robots\" content=\"index, follow, max-snippet:-1, max-image-preview:large, max-video-preview:-1\" \/>\n<link rel=\"canonical\" href=\"https:\/\/fwfuer.de\/en\/lack-of-data-extent-of-cancelled-school-sports-and-lack-of-teaching-staff-unclear-5460\/\" \/>\n<meta property=\"og:locale\" content=\"en_US\" \/>\n<meta property=\"og:type\" content=\"article\" \/>\n<meta property=\"og:title\" content=\"Lack of data: extent of cancelled school sports and lack of teaching staff unknown - Freie W\u00e4hler | F\u00dcR Karlsruhe in the Karlsruhe City Council\" \/>\n<meta property=\"og:description\" content=\"Die Pressemeldungen von F\u00dcR Karlsruhe im Gemeinderat der Stadt Karlsruhe. Hier ver\u00f6ffentlichen wir alle News rund um die Entscheidungen der Stadt Karlsruhe, unserer Anfragen und Initiativen im Karlsruher Gemeinderat.\" \/>\n<meta property=\"og:url\" content=\"https:\/\/fwfuer.de\/en\/lack-of-data-extent-of-cancelled-school-sports-and-lack-of-teaching-staff-unclear-5460\/\" \/>\n<meta property=\"og:site_name\" content=\"Freie W\u00e4hler | F\u00dcR Karlsruhe in the Karlsruhe City Council\" \/>\n<meta property=\"article:publisher\" content=\"https:\/\/www.facebook.com\/fwfuer\" \/>\n<meta property=\"article:author\" content=\"https:\/\/www.facebook.com\/SchlittenhardtM\" \/>\n<meta property=\"article:published_time\" content=\"2023-04-26T08:05:45+00:00\" \/>\n<meta property=\"article:modified_time\" content=\"2023-04-26T08:07:06+00:00\" \/>\n<meta property=\"og:image\" content=\"https:\/\/fwfuer.de\/wp-content\/uploads\/2022\/10\/FriedemannOnlineSchulung-scaled.jpeg\" \/>\n\t<meta property=\"og:image:width\" content=\"2880\" \/>\n\t<meta property=\"og:image:height\" content=\"2160\" \/>\n\t<meta property=\"og:image:type\" content=\"image\/jpeg\" \/>\n<meta name=\"author\" content=\"F\u00dcR Karlsruhe im Gemeinderat\" \/>\n<meta name=\"twitter:card\" content=\"summary_large_image\" \/>\n<meta name=\"twitter:creator\" content=\"@https:\/\/www.twitter.com\/SchlittenhardtM\" \/>\n<meta name=\"twitter:site\" content=\"@fwfuer\" \/>\n<meta name=\"twitter:label1\" content=\"Written by\" \/>\n\t<meta name=\"twitter:data1\" content=\"F\u00dcR Karlsruhe im Gemeinderat\" \/>\n\t<meta name=\"twitter:label2\" content=\"Est. reading time\" \/>\n\t<meta name=\"twitter:data2\" content=\"1 minute\" \/>\n<script type=\"application\/ld+json\" class=\"yoast-schema-graph\">{\"@context\":\"https:\\\/\\\/schema.org\",\"@graph\":[{\"@type\":\"NewsArticle\",\"@id\":\"https:\\\/\\\/fwfuer.de\\\/en\\\/lack-of-data-extent-of-cancelled-school-sports-and-lack-of-teaching-staff-unclear-5460\\\/#article\",\"isPartOf\":{\"@id\":\"https:\\\/\\\/fwfuer.de\\\/en\\\/lack-of-data-extent-of-cancelled-school-sports-and-lack-of-teaching-staff-unclear-5460\\\/\"},\"author\":{\"name\":\"F\u00dcR Karlsruhe im Gemeinderat\",\"@id\":\"https:\\\/\\\/fwfuer.de\\\/en\\\/#\\\/schema\\\/person\\\/84fbd80d001f4b437100c64ef6a47902\"},\"headline\":\"Lack of data: extent of cancelled school sports and lack of teaching staff unknown\",\"datePublished\":\"2023-04-26T08:05:45+00:00\",\"dateModified\":\"2023-04-26T08:07:06+00:00\",\"mainEntityOfPage\":{\"@id\":\"https:\\\/\\\/fwfuer.de\\\/en\\\/lack-of-data-extent-of-cancelled-school-sports-and-lack-of-teaching-staff-unclear-5460\\\/\"},\"wordCount\":304,\"publisher\":{\"@id\":\"https:\\\/\\\/fwfuer.de\\\/en\\\/#organization\"},\"keywords\":[\"Children &amp; Youth\",\"School\",\"Sports\"],\"articleSection\":[\"Press Releases\"],\"inLanguage\":\"en-US\"},{\"@type\":\"WebPage\",\"@id\":\"https:\\\/\\\/fwfuer.de\\\/en\\\/lack-of-data-extent-of-cancelled-school-sports-and-lack-of-teaching-staff-unclear-5460\\\/\",\"url\":\"https:\\\/\\\/fwfuer.de\\\/en\\\/lack-of-data-extent-of-cancelled-school-sports-and-lack-of-teaching-staff-unclear-5460\\\/\",\"name\":\"Lack of data: extent of cancelled school sports and lack of teaching staff unknown - Freie W\u00e4hler | F\u00dcR Karlsruhe in the Karlsruhe City Council\",\"isPartOf\":{\"@id\":\"https:\\\/\\\/fwfuer.de\\\/en\\\/#website\"},\"datePublished\":\"2023-04-26T08:05:45+00:00\",\"dateModified\":\"2023-04-26T08:07:06+00:00\",\"description\":\"Die Pressemeldungen von F\u00dcR Karlsruhe im Gemeinderat der Stadt Karlsruhe. Hier ver\u00f6ffentlichen wir alle News rund um die Entscheidungen der Stadt Karlsruhe, unserer Anfragen und Initiativen im Karlsruher Gemeinderat.\",\"breadcrumb\":{\"@id\":\"https:\\\/\\\/fwfuer.de\\\/en\\\/lack-of-data-extent-of-cancelled-school-sports-and-lack-of-teaching-staff-unclear-5460\\\/#breadcrumb\"},\"inLanguage\":\"en-US\",\"potentialAction\":[{\"@type\":\"ReadAction\",\"target\":[\"https:\\\/\\\/fwfuer.de\\\/en\\\/lack-of-data-extent-of-cancelled-school-sports-and-lack-of-teaching-staff-unclear-5460\\\/\"]}]},{\"@type\":\"BreadcrumbList\",\"@id\":\"https:\\\/\\\/fwfuer.de\\\/en\\\/lack-of-data-extent-of-cancelled-school-sports-and-lack-of-teaching-staff-unclear-5460\\\/#breadcrumb\",\"itemListElement\":[{\"@type\":\"ListItem\",\"position\":1,\"name\":\"Startseite\",\"item\":\"https:\\\/\\\/fwfuer.de\\\/en\\\/home\\\/\"},{\"@type\":\"ListItem\",\"position\":2,\"name\":\"Lack of data: extent of cancelled school sports and lack of teaching staff unknown\"}]},{\"@type\":\"WebSite\",\"@id\":\"https:\\\/\\\/fwfuer.de\\\/en\\\/#website\",\"url\":\"https:\\\/\\\/fwfuer.de\\\/en\\\/\",\"name\":\"Freie W\u00e4hler | F\u00dcR Karlsruhe in the Karlsruhe City Council\",\"description\":\"Free group of councillors in Karlsruhe\",\"publisher\":{\"@id\":\"https:\\\/\\\/fwfuer.de\\\/en\\\/#organization\"},\"alternateName\":\"F\u00dcR KARLSRUHE im Gemeinderat\",\"potentialAction\":[{\"@type\":\"SearchAction\",\"target\":{\"@type\":\"EntryPoint\",\"urlTemplate\":\"https:\\\/\\\/fwfuer.de\\\/en\\\/?s={search_term_string}\"},\"query-input\":{\"@type\":\"PropertyValueSpecification\",\"valueRequired\":true,\"valueName\":\"search_term_string\"}}],\"inLanguage\":\"en-US\"},{\"@type\":\"Organization\",\"@id\":\"https:\\\/\\\/fwfuer.de\\\/en\\\/#organization\",\"name\":\"F\u00dcR Karlsruhe im Gemeinderat\",\"alternateName\":\"F\u00dcR Karlsruhe mit Stadtrat Friedemann Kalmbach\",\"url\":\"https:\\\/\\\/fwfuer.de\\\/en\\\/\",\"logo\":{\"@type\":\"ImageObject\",\"inLanguage\":\"en-US\",\"@id\":\"https:\\\/\\\/fwfuer.de\\\/en\\\/#\\\/schema\\\/logo\\\/image\\\/\",\"url\":\"https:\\\/\\\/fwfuer.de\\\/wp-content\\\/uploads\\\/2024\\\/07\\\/cropped-Logo-1.png\",\"contentUrl\":\"https:\\\/\\\/fwfuer.de\\\/wp-content\\\/uploads\\\/2024\\\/07\\\/cropped-Logo-1.png\",\"width\":512,\"height\":512,\"caption\":\"F\u00dcR Karlsruhe im Gemeinderat\"},\"image\":{\"@id\":\"https:\\\/\\\/fwfuer.de\\\/en\\\/#\\\/schema\\\/logo\\\/image\\\/\"},\"sameAs\":[\"https:\\\/\\\/www.facebook.com\\\/fwfuer\",\"https:\\\/\\\/x.com\\\/fwfuer\",\"https:\\\/\\\/www.instagram.com\\\/fuerka.de\",\"https:\\\/\\\/de.linkedin.com\\\/company\\\/fw-fr-karlsruhe-gemeinderatsfraktion\",\"https:\\\/\\\/tiktok.com\\\/@fuerka.de\"]},{\"@type\":\"Person\",\"@id\":\"https:\\\/\\\/fwfuer.de\\\/en\\\/#\\\/schema\\\/person\\\/84fbd80d001f4b437100c64ef6a47902\",\"name\":\"F\u00dcR Karlsruhe im Gemeinderat\",\"description\":\"Fraktionsgesch\u00e4ftsf\u00fchrer der FW|F\u00dcR Fraktion im Karlsruher Gemeinderat.\",\"sameAs\":[\"https:\\\/\\\/www.facebook.com\\\/SchlittenhardtM\",\"https:\\\/\\\/www.instagram.com\\\/SchlittenhardtM\",\"https:\\\/\\\/x.com\\\/https:\\\/\\\/www.twitter.com\\\/SchlittenhardtM\"]}]}<\/script>\n<!-- \/ Yoast SEO plugin. -->","yoast_head_json":{"title":"Lack of data: extent of cancelled school sports and lack of teaching staff unknown - Freie W\u00e4hler | F\u00dcR Karlsruhe in the Karlsruhe City Council","description":"Die Pressemeldungen von F\u00dcR Karlsruhe im Gemeinderat der Stadt Karlsruhe. Hier ver\u00f6ffentlichen wir alle News rund um die Entscheidungen der Stadt Karlsruhe, unserer Anfragen und Initiativen im Karlsruher Gemeinderat.","robots":{"index":"index","follow":"follow","max-snippet":"max-snippet:-1","max-image-preview":"max-image-preview:large","max-video-preview":"max-video-preview:-1"},"canonical":"https:\/\/fwfuer.de\/en\/lack-of-data-extent-of-cancelled-school-sports-and-lack-of-teaching-staff-unclear-5460\/","og_locale":"en_US","og_type":"article","og_title":"Lack of data: extent of cancelled school sports and lack of teaching staff unknown - Freie W\u00e4hler | F\u00dcR Karlsruhe in the Karlsruhe City Council","og_description":"Die Pressemeldungen von F\u00dcR Karlsruhe im Gemeinderat der Stadt Karlsruhe. Hier ver\u00f6ffentlichen wir alle News rund um die Entscheidungen der Stadt Karlsruhe, unserer Anfragen und Initiativen im Karlsruher Gemeinderat.","og_url":"https:\/\/fwfuer.de\/en\/lack-of-data-extent-of-cancelled-school-sports-and-lack-of-teaching-staff-unclear-5460\/","og_site_name":"Freie W\u00e4hler | F\u00dcR Karlsruhe in the Karlsruhe City Council","article_publisher":"https:\/\/www.facebook.com\/fwfuer","article_author":"https:\/\/www.facebook.com\/SchlittenhardtM","article_published_time":"2023-04-26T08:05:45+00:00","article_modified_time":"2023-04-26T08:07:06+00:00","og_image":[{"width":2880,"height":2160,"url":"https:\/\/fwfuer.de\/wp-content\/uploads\/2022\/10\/FriedemannOnlineSchulung-scaled.jpeg","type":"image\/jpeg"}],"author":"F\u00dcR Karlsruhe im Gemeinderat","twitter_card":"summary_large_image","twitter_creator":"@https:\/\/www.twitter.com\/SchlittenhardtM","twitter_site":"@fwfuer","twitter_misc":{"Written by":"F\u00dcR Karlsruhe im Gemeinderat","Est. reading time":"1 minute"},"schema":{"@context":"https:\/\/schema.org","@graph":[{"@type":"NewsArticle","@id":"https:\/\/fwfuer.de\/en\/lack-of-data-extent-of-cancelled-school-sports-and-lack-of-teaching-staff-unclear-5460\/#article","isPartOf":{"@id":"https:\/\/fwfuer.de\/en\/lack-of-data-extent-of-cancelled-school-sports-and-lack-of-teaching-staff-unclear-5460\/"},"author":{"name":"F\u00dcR Karlsruhe im Gemeinderat","@id":"https:\/\/fwfuer.de\/en\/#\/schema\/person\/84fbd80d001f4b437100c64ef6a47902"},"headline":"Lack of data: extent of cancelled school sports and lack of teaching staff unknown","datePublished":"2023-04-26T08:05:45+00:00","dateModified":"2023-04-26T08:07:06+00:00","mainEntityOfPage":{"@id":"https:\/\/fwfuer.de\/en\/lack-of-data-extent-of-cancelled-school-sports-and-lack-of-teaching-staff-unclear-5460\/"},"wordCount":304,"publisher":{"@id":"https:\/\/fwfuer.de\/en\/#organization"},"keywords":["Children &amp; Youth","School","Sports"],"articleSection":["Press Releases"],"inLanguage":"en-US"},{"@type":"WebPage","@id":"https:\/\/fwfuer.de\/en\/lack-of-data-extent-of-cancelled-school-sports-and-lack-of-teaching-staff-unclear-5460\/","url":"https:\/\/fwfuer.de\/en\/lack-of-data-extent-of-cancelled-school-sports-and-lack-of-teaching-staff-unclear-5460\/","name":"Lack of data: extent of cancelled school sports and lack of teaching staff unknown - Freie W\u00e4hler | F\u00dcR Karlsruhe in the Karlsruhe City Council","isPartOf":{"@id":"https:\/\/fwfuer.de\/en\/#website"},"datePublished":"2023-04-26T08:05:45+00:00","dateModified":"2023-04-26T08:07:06+00:00","description":"Die Pressemeldungen von F\u00dcR Karlsruhe im Gemeinderat der Stadt Karlsruhe. Hier ver\u00f6ffentlichen wir alle News rund um die Entscheidungen der Stadt Karlsruhe, unserer Anfragen und Initiativen im Karlsruher Gemeinderat.","breadcrumb":{"@id":"https:\/\/fwfuer.de\/en\/lack-of-data-extent-of-cancelled-school-sports-and-lack-of-teaching-staff-unclear-5460\/#breadcrumb"},"inLanguage":"en-US","potentialAction":[{"@type":"ReadAction","target":["https:\/\/fwfuer.de\/en\/lack-of-data-extent-of-cancelled-school-sports-and-lack-of-teaching-staff-unclear-5460\/"]}]},{"@type":"BreadcrumbList","@id":"https:\/\/fwfuer.de\/en\/lack-of-data-extent-of-cancelled-school-sports-and-lack-of-teaching-staff-unclear-5460\/#breadcrumb","itemListElement":[{"@type":"ListItem","position":1,"name":"Startseite","item":"https:\/\/fwfuer.de\/en\/home\/"},{"@type":"ListItem","position":2,"name":"Lack of data: extent of cancelled school sports and lack of teaching staff unknown"}]},{"@type":"WebSite","@id":"https:\/\/fwfuer.de\/en\/#website","url":"https:\/\/fwfuer.de\/en\/","name":"Freie W\u00e4hler | F\u00dcR Karlsruhe in the Karlsruhe City Council","description":"Free group of councillors in Karlsruhe","publisher":{"@id":"https:\/\/fwfuer.de\/en\/#organization"},"alternateName":"F\u00dcR KARLSRUHE im Gemeinderat","potentialAction":[{"@type":"SearchAction","target":{"@type":"EntryPoint","urlTemplate":"https:\/\/fwfuer.de\/en\/?s={search_term_string}"},"query-input":{"@type":"PropertyValueSpecification","valueRequired":true,"valueName":"search_term_string"}}],"inLanguage":"en-US"},{"@type":"Organization","@id":"https:\/\/fwfuer.de\/en\/#organization","name":"F\u00dcR Karlsruhe im Gemeinderat","alternateName":"F\u00dcR Karlsruhe mit Stadtrat Friedemann Kalmbach","url":"https:\/\/fwfuer.de\/en\/","logo":{"@type":"ImageObject","inLanguage":"en-US","@id":"https:\/\/fwfuer.de\/en\/#\/schema\/logo\/image\/","url":"https:\/\/fwfuer.de\/wp-content\/uploads\/2024\/07\/cropped-Logo-1.png","contentUrl":"https:\/\/fwfuer.de\/wp-content\/uploads\/2024\/07\/cropped-Logo-1.png","width":512,"height":512,"caption":"F\u00dcR Karlsruhe im Gemeinderat"},"image":{"@id":"https:\/\/fwfuer.de\/en\/#\/schema\/logo\/image\/"},"sameAs":["https:\/\/www.facebook.com\/fwfuer","https:\/\/x.com\/fwfuer","https:\/\/www.instagram.com\/fuerka.de","https:\/\/de.linkedin.com\/company\/fw-fr-karlsruhe-gemeinderatsfraktion","https:\/\/tiktok.com\/@fuerka.de"]},{"@type":"Person","@id":"https:\/\/fwfuer.de\/en\/#\/schema\/person\/84fbd80d001f4b437100c64ef6a47902","name":"F\u00dcR Karlsruhe im Gemeinderat","description":"Fraktionsgesch\u00e4ftsf\u00fchrer der FW|F\u00dcR Fraktion im Karlsruher Gemeinderat.","sameAs":["https:\/\/www.facebook.com\/SchlittenhardtM","https:\/\/www.instagram.com\/SchlittenhardtM","https:\/\/x.com\/https:\/\/www.twitter.com\/SchlittenhardtM"]}]}},"_links":{"self":[{"href":"https:\/\/fwfuer.de\/en\/wp-json\/wp\/v2\/posts\/5460","targetHints":{"allow":["GET"]}}],"collection":[{"href":"https:\/\/fwfuer.de\/en\/wp-json\/wp\/v2\/posts"}],"about":[{"href":"https:\/\/fwfuer.de\/en\/wp-json\/wp\/v2\/types\/post"}],"author":[{"embeddable":true,"href":"https:\/\/fwfuer.de\/en\/wp-json\/wp\/v2\/users\/1"}],"replies":[{"embeddable":true,"href":"https:\/\/fwfuer.de\/en\/wp-json\/wp\/v2\/comments?post=5460"}],"version-history":[{"count":5,"href":"https:\/\/fwfuer.de\/en\/wp-json\/wp\/v2\/posts\/5460\/revisions"}],"predecessor-version":[{"id":5476,"href":"https:\/\/fwfuer.de\/en\/wp-json\/wp\/v2\/posts\/5460\/revisions\/5476"}],"wp:attachment":[{"href":"https:\/\/fwfuer.de\/en\/wp-json\/wp\/v2\/media?parent=5460"}],"wp:term":[{"taxonomy":"category","embeddable":true,"href":"https:\/\/fwfuer.de\/en\/wp-json\/wp\/v2\/categories?post=5460"},{"taxonomy":"post_tag","embeddable":true,"href":"https:\/\/fwfuer.de\/en\/wp-json\/wp\/v2\/tags?post=5460"}],"curies":[{"name":"wp","href":"https:\/\/api.w.org\/{rel}","templated":true}]}}