{"id":5841,"date":"2023-06-23T10:49:02","date_gmt":"2023-06-23T08:49:02","guid":{"rendered":"https:\/\/fwfuer.de\/better-signage-for-karlsruhe-5841\/"},"modified":"2023-08-02T15:36:31","modified_gmt":"2023-08-02T13:36:31","slug":"better-signage-for-karlsruhe","status":"publish","type":"post","link":"https:\/\/fwfuer.de\/en\/better-signage-for-karlsruhe-5841\/","title":{"rendered":"Better signage for Karlsruhe"},"content":{"rendered":"\n<p>The city council group Freie W\u00e4hler and W\u00e4hlergruppe F\u00dcR Karlsruhe (FW|F\u00dcR Karlsruhe group) has submitted a motion to the Karlsruhe City Council calling for better signage for tourism in the city center. In cooperation with Karlsruhe Tourismus GmbH, a concept is to be developed to erect signposts on the market square and important intersections to point out the highlights of the city and to indicate the footpaths with meter markings.<\/p>\n\n<p>As a livable and attractive city with nearly 1 million overnight visitors a year, it is important that wayfinding and experience in the city be improved. Better signage in the city center and wayfinding signs at the marketplace and major intersections are an important step in making the city more attractive to tourists.<\/p>\n\n<p>Parliamentary group chairman Friedemann Kalmbach, city councilors J\u00fcrgen Wenzel and Petra Lorenz, and group executive Micha Schlittenhardt are committed to a livable and attractive city and are looking forward to presenting the idea to the municipal council.<\/p>\n\n<h2 class=\"wp-block-heading\"><strong>FAQ<\/strong><\/h2>\n\n<p><strong><em>What is the aim of the application?<\/em><\/strong><br\/>The goal of the application is to create better signage for tourism in downtown Karlsruhe. In cooperation with KTG Karlsruhe Tourismus GmbH, a concept is to be developed to erect signposts on the market square and important intersections to point out the highlights of the city and to indicate the footpaths with meter markings.<\/p>\n\n<p><em><strong>Why is better signage important?<\/strong><\/em><br\/>As a livable and attractive city with nearly 1 million overnight stays per year, it is important that the leadership and experience is also improved offline in the city. Better signage in the city center and wayfinding signs at the marketplace and major intersections are an important step in making the city more attractive to tourists.<\/p>\n","protected":false},"excerpt":{"rendered":"<p>The city council group Freie W\u00e4hler and W\u00e4hlergruppe F\u00dcR Karlsruhe (FW|F\u00dcR Karlsruhe group) has submitted a motion to the Karlsruhe City Council calling for better signage for tourism in the city center. In cooperation with Karlsruhe Tourismus GmbH, a concept is to be developed to erect signposts on the market square and important intersections to [&hellip;]<\/p>\n","protected":false},"author":6,"featured_media":0,"comment_status":"closed","ping_status":"closed","sticky":false,"template":"","format":"standard","meta":{"_acf_changed":false,"_et_pb_use_builder":"off","_et_pb_old_content":"","_et_gb_content_width":"","footnotes":"","_links_to":"","_links_to_target":""},"categories":[81],"tags":[],"class_list":["post-5841","post","type-post","status-publish","format-standard","hentry","category-press-releases"],"acf":[],"yoast_head":"<!-- This site is optimized with the Yoast SEO plugin v27.5 - https:\/\/yoast.com\/product\/yoast-seo-wordpress\/ -->\n<title>Better signage for Karlsruhe - Freie W\u00e4hler | F\u00dcR Karlsruhe in the Karlsruhe City Council<\/title>\n<meta name=\"description\" content=\"Die Pressemeldungen von F\u00dcR Karlsruhe im Gemeinderat der Stadt Karlsruhe. Hier ver\u00f6ffentlichen wir alle News rund um die Entscheidungen der Stadt Karlsruhe, unserer Anfragen und Initiativen im Karlsruher Gemeinderat.\" \/>\n<meta name=\"robots\" content=\"index, follow, max-snippet:-1, max-image-preview:large, max-video-preview:-1\" \/>\n<link rel=\"canonical\" href=\"https:\/\/fwfuer.de\/en\/better-signage-for-karlsruhe-5841\/\" \/>\n<meta property=\"og:locale\" content=\"en_US\" \/>\n<meta property=\"og:type\" content=\"article\" \/>\n<meta property=\"og:title\" content=\"Better signage for Karlsruhe - Freie W\u00e4hler | F\u00dcR Karlsruhe in the Karlsruhe City Council\" \/>\n<meta property=\"og:description\" content=\"Die Pressemeldungen von F\u00dcR Karlsruhe im Gemeinderat der Stadt Karlsruhe. Hier ver\u00f6ffentlichen wir alle News rund um die Entscheidungen der Stadt Karlsruhe, unserer Anfragen und Initiativen im Karlsruher Gemeinderat.\" \/>\n<meta property=\"og:url\" content=\"https:\/\/fwfuer.de\/en\/better-signage-for-karlsruhe-5841\/\" \/>\n<meta property=\"og:site_name\" content=\"Freie W\u00e4hler | F\u00dcR Karlsruhe in the Karlsruhe City Council\" \/>\n<meta property=\"article:publisher\" content=\"https:\/\/www.facebook.com\/fwfuer\" \/>\n<meta property=\"article:published_time\" content=\"2023-06-23T08:49:02+00:00\" \/>\n<meta property=\"article:modified_time\" content=\"2023-08-02T13:36:31+00:00\" \/>\n<meta property=\"og:image\" content=\"https:\/\/fwfuer.de\/wp-content\/uploads\/2022\/10\/FriedemannOnlineSchulung-scaled.jpeg\" \/>\n\t<meta property=\"og:image:width\" content=\"2880\" \/>\n\t<meta property=\"og:image:height\" content=\"2160\" \/>\n\t<meta property=\"og:image:type\" content=\"image\/jpeg\" \/>\n<meta name=\"author\" content=\"F\u00dcR Karlsruhe im Gemeinderat\" \/>\n<meta name=\"twitter:card\" content=\"summary_large_image\" \/>\n<meta name=\"twitter:creator\" content=\"@fwfuer\" \/>\n<meta name=\"twitter:site\" content=\"@fwfuer\" \/>\n<meta name=\"twitter:label1\" content=\"Written by\" \/>\n\t<meta name=\"twitter:data1\" content=\"F\u00dcR Karlsruhe im Gemeinderat\" \/>\n\t<meta name=\"twitter:label2\" content=\"Est. reading time\" \/>\n\t<meta name=\"twitter:data2\" content=\"1 minute\" \/>\n<script type=\"application\/ld+json\" class=\"yoast-schema-graph\">{\"@context\":\"https:\\\/\\\/schema.org\",\"@graph\":[{\"@type\":\"NewsArticle\",\"@id\":\"https:\\\/\\\/fwfuer.de\\\/en\\\/better-signage-for-karlsruhe-5841\\\/#article\",\"isPartOf\":{\"@id\":\"https:\\\/\\\/fwfuer.de\\\/en\\\/better-signage-for-karlsruhe-5841\\\/\"},\"author\":{\"name\":\"F\u00dcR Karlsruhe im Gemeinderat\",\"@id\":\"https:\\\/\\\/fwfuer.de\\\/en\\\/#\\\/schema\\\/person\\\/f43392225120ae37e95ed36d7b324a19\"},\"headline\":\"Better signage for Karlsruhe\",\"datePublished\":\"2023-06-23T08:49:02+00:00\",\"dateModified\":\"2023-08-02T13:36:31+00:00\",\"mainEntityOfPage\":{\"@id\":\"https:\\\/\\\/fwfuer.de\\\/en\\\/better-signage-for-karlsruhe-5841\\\/\"},\"wordCount\":291,\"publisher\":{\"@id\":\"https:\\\/\\\/fwfuer.de\\\/en\\\/#organization\"},\"articleSection\":[\"Press Releases\"],\"inLanguage\":\"en-US\"},{\"@type\":\"WebPage\",\"@id\":\"https:\\\/\\\/fwfuer.de\\\/en\\\/better-signage-for-karlsruhe-5841\\\/\",\"url\":\"https:\\\/\\\/fwfuer.de\\\/en\\\/better-signage-for-karlsruhe-5841\\\/\",\"name\":\"Better signage for Karlsruhe - Freie W\u00e4hler | F\u00dcR Karlsruhe in the Karlsruhe City Council\",\"isPartOf\":{\"@id\":\"https:\\\/\\\/fwfuer.de\\\/en\\\/#website\"},\"datePublished\":\"2023-06-23T08:49:02+00:00\",\"dateModified\":\"2023-08-02T13:36:31+00:00\",\"description\":\"Die Pressemeldungen von F\u00dcR Karlsruhe im Gemeinderat der Stadt Karlsruhe. Hier ver\u00f6ffentlichen wir alle News rund um die Entscheidungen der Stadt Karlsruhe, unserer Anfragen und Initiativen im Karlsruher Gemeinderat.\",\"breadcrumb\":{\"@id\":\"https:\\\/\\\/fwfuer.de\\\/en\\\/better-signage-for-karlsruhe-5841\\\/#breadcrumb\"},\"inLanguage\":\"en-US\",\"potentialAction\":[{\"@type\":\"ReadAction\",\"target\":[\"https:\\\/\\\/fwfuer.de\\\/en\\\/better-signage-for-karlsruhe-5841\\\/\"]}]},{\"@type\":\"BreadcrumbList\",\"@id\":\"https:\\\/\\\/fwfuer.de\\\/en\\\/better-signage-for-karlsruhe-5841\\\/#breadcrumb\",\"itemListElement\":[{\"@type\":\"ListItem\",\"position\":1,\"name\":\"Startseite\",\"item\":\"https:\\\/\\\/fwfuer.de\\\/en\\\/home\\\/\"},{\"@type\":\"ListItem\",\"position\":2,\"name\":\"Better signage for Karlsruhe\"}]},{\"@type\":\"WebSite\",\"@id\":\"https:\\\/\\\/fwfuer.de\\\/en\\\/#website\",\"url\":\"https:\\\/\\\/fwfuer.de\\\/en\\\/\",\"name\":\"Freie W\u00e4hler | F\u00dcR Karlsruhe in the Karlsruhe City Council\",\"description\":\"Free group of councillors in Karlsruhe\",\"publisher\":{\"@id\":\"https:\\\/\\\/fwfuer.de\\\/en\\\/#organization\"},\"alternateName\":\"F\u00dcR KARLSRUHE im Gemeinderat\",\"potentialAction\":[{\"@type\":\"SearchAction\",\"target\":{\"@type\":\"EntryPoint\",\"urlTemplate\":\"https:\\\/\\\/fwfuer.de\\\/en\\\/?s={search_term_string}\"},\"query-input\":{\"@type\":\"PropertyValueSpecification\",\"valueRequired\":true,\"valueName\":\"search_term_string\"}}],\"inLanguage\":\"en-US\"},{\"@type\":\"Organization\",\"@id\":\"https:\\\/\\\/fwfuer.de\\\/en\\\/#organization\",\"name\":\"F\u00dcR Karlsruhe im Gemeinderat\",\"alternateName\":\"F\u00dcR Karlsruhe mit Stadtrat Friedemann Kalmbach\",\"url\":\"https:\\\/\\\/fwfuer.de\\\/en\\\/\",\"logo\":{\"@type\":\"ImageObject\",\"inLanguage\":\"en-US\",\"@id\":\"https:\\\/\\\/fwfuer.de\\\/en\\\/#\\\/schema\\\/logo\\\/image\\\/\",\"url\":\"https:\\\/\\\/fwfuer.de\\\/wp-content\\\/uploads\\\/2024\\\/07\\\/cropped-Logo-1.png\",\"contentUrl\":\"https:\\\/\\\/fwfuer.de\\\/wp-content\\\/uploads\\\/2024\\\/07\\\/cropped-Logo-1.png\",\"width\":512,\"height\":512,\"caption\":\"F\u00dcR Karlsruhe im Gemeinderat\"},\"image\":{\"@id\":\"https:\\\/\\\/fwfuer.de\\\/en\\\/#\\\/schema\\\/logo\\\/image\\\/\"},\"sameAs\":[\"https:\\\/\\\/www.facebook.com\\\/fwfuer\",\"https:\\\/\\\/x.com\\\/fwfuer\",\"https:\\\/\\\/www.instagram.com\\\/fuerka.de\",\"https:\\\/\\\/de.linkedin.com\\\/company\\\/fw-fr-karlsruhe-gemeinderatsfraktion\",\"https:\\\/\\\/tiktok.com\\\/@fuerka.de\"]},{\"@type\":\"Person\",\"@id\":\"https:\\\/\\\/fwfuer.de\\\/en\\\/#\\\/schema\\\/person\\\/f43392225120ae37e95ed36d7b324a19\",\"name\":\"F\u00dcR Karlsruhe im Gemeinderat\"}]}<\/script>\n<!-- \/ Yoast SEO plugin. -->","yoast_head_json":{"title":"Better signage for Karlsruhe - Freie W\u00e4hler | F\u00dcR Karlsruhe in the Karlsruhe City Council","description":"Die Pressemeldungen von F\u00dcR Karlsruhe im Gemeinderat der Stadt Karlsruhe. Hier ver\u00f6ffentlichen wir alle News rund um die Entscheidungen der Stadt Karlsruhe, unserer Anfragen und Initiativen im Karlsruher Gemeinderat.","robots":{"index":"index","follow":"follow","max-snippet":"max-snippet:-1","max-image-preview":"max-image-preview:large","max-video-preview":"max-video-preview:-1"},"canonical":"https:\/\/fwfuer.de\/en\/better-signage-for-karlsruhe-5841\/","og_locale":"en_US","og_type":"article","og_title":"Better signage for Karlsruhe - Freie W\u00e4hler | F\u00dcR Karlsruhe in the Karlsruhe City Council","og_description":"Die Pressemeldungen von F\u00dcR Karlsruhe im Gemeinderat der Stadt Karlsruhe. Hier ver\u00f6ffentlichen wir alle News rund um die Entscheidungen der Stadt Karlsruhe, unserer Anfragen und Initiativen im Karlsruher Gemeinderat.","og_url":"https:\/\/fwfuer.de\/en\/better-signage-for-karlsruhe-5841\/","og_site_name":"Freie W\u00e4hler | F\u00dcR Karlsruhe in the Karlsruhe City Council","article_publisher":"https:\/\/www.facebook.com\/fwfuer","article_published_time":"2023-06-23T08:49:02+00:00","article_modified_time":"2023-08-02T13:36:31+00:00","og_image":[{"width":2880,"height":2160,"url":"https:\/\/fwfuer.de\/wp-content\/uploads\/2022\/10\/FriedemannOnlineSchulung-scaled.jpeg","type":"image\/jpeg"}],"author":"F\u00dcR Karlsruhe im Gemeinderat","twitter_card":"summary_large_image","twitter_creator":"@fwfuer","twitter_site":"@fwfuer","twitter_misc":{"Written by":"F\u00dcR Karlsruhe im Gemeinderat","Est. reading time":"1 minute"},"schema":{"@context":"https:\/\/schema.org","@graph":[{"@type":"NewsArticle","@id":"https:\/\/fwfuer.de\/en\/better-signage-for-karlsruhe-5841\/#article","isPartOf":{"@id":"https:\/\/fwfuer.de\/en\/better-signage-for-karlsruhe-5841\/"},"author":{"name":"F\u00dcR Karlsruhe im Gemeinderat","@id":"https:\/\/fwfuer.de\/en\/#\/schema\/person\/f43392225120ae37e95ed36d7b324a19"},"headline":"Better signage for Karlsruhe","datePublished":"2023-06-23T08:49:02+00:00","dateModified":"2023-08-02T13:36:31+00:00","mainEntityOfPage":{"@id":"https:\/\/fwfuer.de\/en\/better-signage-for-karlsruhe-5841\/"},"wordCount":291,"publisher":{"@id":"https:\/\/fwfuer.de\/en\/#organization"},"articleSection":["Press Releases"],"inLanguage":"en-US"},{"@type":"WebPage","@id":"https:\/\/fwfuer.de\/en\/better-signage-for-karlsruhe-5841\/","url":"https:\/\/fwfuer.de\/en\/better-signage-for-karlsruhe-5841\/","name":"Better signage for Karlsruhe - Freie W\u00e4hler | F\u00dcR Karlsruhe in the Karlsruhe City Council","isPartOf":{"@id":"https:\/\/fwfuer.de\/en\/#website"},"datePublished":"2023-06-23T08:49:02+00:00","dateModified":"2023-08-02T13:36:31+00:00","description":"Die Pressemeldungen von F\u00dcR Karlsruhe im Gemeinderat der Stadt Karlsruhe. Hier ver\u00f6ffentlichen wir alle News rund um die Entscheidungen der Stadt Karlsruhe, unserer Anfragen und Initiativen im Karlsruher Gemeinderat.","breadcrumb":{"@id":"https:\/\/fwfuer.de\/en\/better-signage-for-karlsruhe-5841\/#breadcrumb"},"inLanguage":"en-US","potentialAction":[{"@type":"ReadAction","target":["https:\/\/fwfuer.de\/en\/better-signage-for-karlsruhe-5841\/"]}]},{"@type":"BreadcrumbList","@id":"https:\/\/fwfuer.de\/en\/better-signage-for-karlsruhe-5841\/#breadcrumb","itemListElement":[{"@type":"ListItem","position":1,"name":"Startseite","item":"https:\/\/fwfuer.de\/en\/home\/"},{"@type":"ListItem","position":2,"name":"Better signage for Karlsruhe"}]},{"@type":"WebSite","@id":"https:\/\/fwfuer.de\/en\/#website","url":"https:\/\/fwfuer.de\/en\/","name":"Freie W\u00e4hler | F\u00dcR Karlsruhe in the Karlsruhe City Council","description":"Free group of councillors in Karlsruhe","publisher":{"@id":"https:\/\/fwfuer.de\/en\/#organization"},"alternateName":"F\u00dcR KARLSRUHE im Gemeinderat","potentialAction":[{"@type":"SearchAction","target":{"@type":"EntryPoint","urlTemplate":"https:\/\/fwfuer.de\/en\/?s={search_term_string}"},"query-input":{"@type":"PropertyValueSpecification","valueRequired":true,"valueName":"search_term_string"}}],"inLanguage":"en-US"},{"@type":"Organization","@id":"https:\/\/fwfuer.de\/en\/#organization","name":"F\u00dcR Karlsruhe im Gemeinderat","alternateName":"F\u00dcR Karlsruhe mit Stadtrat Friedemann Kalmbach","url":"https:\/\/fwfuer.de\/en\/","logo":{"@type":"ImageObject","inLanguage":"en-US","@id":"https:\/\/fwfuer.de\/en\/#\/schema\/logo\/image\/","url":"https:\/\/fwfuer.de\/wp-content\/uploads\/2024\/07\/cropped-Logo-1.png","contentUrl":"https:\/\/fwfuer.de\/wp-content\/uploads\/2024\/07\/cropped-Logo-1.png","width":512,"height":512,"caption":"F\u00dcR Karlsruhe im Gemeinderat"},"image":{"@id":"https:\/\/fwfuer.de\/en\/#\/schema\/logo\/image\/"},"sameAs":["https:\/\/www.facebook.com\/fwfuer","https:\/\/x.com\/fwfuer","https:\/\/www.instagram.com\/fuerka.de","https:\/\/de.linkedin.com\/company\/fw-fr-karlsruhe-gemeinderatsfraktion","https:\/\/tiktok.com\/@fuerka.de"]},{"@type":"Person","@id":"https:\/\/fwfuer.de\/en\/#\/schema\/person\/f43392225120ae37e95ed36d7b324a19","name":"F\u00dcR Karlsruhe im Gemeinderat"}]}},"_links":{"self":[{"href":"https:\/\/fwfuer.de\/en\/wp-json\/wp\/v2\/posts\/5841","targetHints":{"allow":["GET"]}}],"collection":[{"href":"https:\/\/fwfuer.de\/en\/wp-json\/wp\/v2\/posts"}],"about":[{"href":"https:\/\/fwfuer.de\/en\/wp-json\/wp\/v2\/types\/post"}],"author":[{"embeddable":true,"href":"https:\/\/fwfuer.de\/en\/wp-json\/wp\/v2\/users\/6"}],"replies":[{"embeddable":true,"href":"https:\/\/fwfuer.de\/en\/wp-json\/wp\/v2\/comments?post=5841"}],"version-history":[{"count":5,"href":"https:\/\/fwfuer.de\/en\/wp-json\/wp\/v2\/posts\/5841\/revisions"}],"predecessor-version":[{"id":6130,"href":"https:\/\/fwfuer.de\/en\/wp-json\/wp\/v2\/posts\/5841\/revisions\/6130"}],"wp:attachment":[{"href":"https:\/\/fwfuer.de\/en\/wp-json\/wp\/v2\/media?parent=5841"}],"wp:term":[{"taxonomy":"category","embeddable":true,"href":"https:\/\/fwfuer.de\/en\/wp-json\/wp\/v2\/categories?post=5841"},{"taxonomy":"post_tag","embeddable":true,"href":"https:\/\/fwfuer.de\/en\/wp-json\/wp\/v2\/tags?post=5841"}],"curies":[{"name":"wp","href":"https:\/\/api.w.org\/{rel}","templated":true}]}}