{"id":7403,"date":"2023-11-06T10:49:43","date_gmt":"2023-11-06T09:49:43","guid":{"rendered":"https:\/\/fwfuer.de\/city-council-group-freie-waehler-and-fuer-karlsruhe-present-comprehensive-catalog-of-ideas-7403\/"},"modified":"2026-01-27T16:02:50","modified_gmt":"2026-01-27T15:02:50","slug":"city-council-group-freie-waehler-and-fuer-karlsruhe-present-comprehensive-catalog-of-ideas","status":"publish","type":"post","link":"https:\/\/fwfuer.de\/en\/city-council-group-freie-waehler-and-fuer-karlsruhe-present-comprehensive-catalog-of-ideas-7403\/","title":{"rendered":"City council group Freie W\u00e4hler and F\u00dcR Karlsruhe present comprehensive catalog of ideas"},"content":{"rendered":"<p>[et_pb_section fb_built=&#8221;1&#8243; _builder_version=&#8221;4.16&#8243; global_colors_info=&#8221;{}&#8221;][et_pb_row _builder_version=&#8221;4.16&#8243; background_size=&#8221;initial&#8221; background_position=&#8221;top_left&#8221; background_repeat=&#8221;repeat&#8221; global_colors_info=&#8221;{}&#8221;][et_pb_column type=&#8221;4_4&#8243; _builder_version=&#8221;4.16&#8243; custom_padding=&#8221;|||&#8221; global_colors_info=&#8221;{}&#8221; custom_padding__hover=&#8221;|||&#8221;][et_pb_text _builder_version=&#8221;4.16&#8243; background_size=&#8221;initial&#8221; background_position=&#8221;top_left&#8221; background_repeat=&#8221;repeat&#8221; global_colors_info=&#8221;{}&#8221;]<!-- divi:paragraph --><\/p>\n<p>The city council group of Freie W\u00e4hler and F\u00dcR Karlsruhe is entering the upcoming budget negotiations with a diverse catalog of ideas. In her budget speech, Petra Lorenz emphasized the need for more efficient administration and a clear prioritization of municipal investments. The aim is to reduce Karlsruhe&#8217;s mountain of debt, which will grow to over one billion euros by 2025.<\/p>\n<p><!-- \/divi:paragraph --><!-- divi:paragraph --><\/p>\n<p>A total of nine motions were tabled by the city council group. A central focus here is on delegating more responsibility to the employees of the city administration in order to simplify decision-making processes. At the heart of this measure is the introduction of the circulation procedure or short-term convening of the Personnel Committee for personnel decisions. This enables applications to be processed quickly and key positions to be filled promptly. Previously, applicants often had to wait several months for a response, which not only caused frustration but also uncertainty. This often led to qualified candidates withdrawing their applications because they were accepted more quickly elsewhere.<\/p>\n<p><!-- \/divi:paragraph --><!-- divi:paragraph --><\/p>\n<p>The city council group is also striving for an economic upturn in Karlsruhe. In recent years, the city has suffered the regrettable loss of a number of important companies. One of the main reasons for this is the lengthy search and approval processes. The bureaucratic hurdles are too high and deter potential investors. In today&#8217;s dynamic world, companies are forced to adapt quickly to market changes in order to remain competitive. It is therefore crucial that the administration offers an equally efficient and uncomplicated path for companies. The city council group has submitted a motion to the Karlsruhe City Council to optimize the city&#8217;s economic development. The aim is to create a central point of contact for tradespeople and companies who want to change or relocate to Karlsruhe.<\/p>\n<p><!-- \/divi:paragraph --><!-- divi:paragraph --><\/p>\n<p>In order to improve Karlsruhe&#8217;s budget situation, the city council group sees no financial scope for new major construction projects. However, the extension and refurbishment of the Turmbergbahn is already incurring new costs that have already exceeded the 20 million euro mark. Group executive Friedemann Kalmbach emphasized: &#8220;We have to be aware that we can no longer afford everything. Given the city&#8217;s budgetary situation, the renovation of the Turmbergbahn cannot be justified in this dimension and cannot be a priority. There are more urgent needs and projects where the money would be better invested, particularly in the expansion of schools and daycare centers. The Turmbergbahn is undoubtedly an important part of the city&#8217;s cultural heritage, but given the city&#8217;s difficult financial situation, we must carefully weigh up which investments will bring the greatest benefit to the citizens.&#8221;<br \/>In order to preserve the attractiveness of the Turmbergbahn, the city council group is proposing a partial renovation.<\/p>\n<p><!-- \/divi:paragraph --><!-- divi:paragraph {\"fontSize\":\"x-large\"} --><\/p>\n<p class=\"has-x-large-font-size\"><!-- \/divi:paragraph --><!-- divi:yoast\/faq-block {\"questions\":[{\"id\":\"faq-question-1699263415425\",\"question\":[{\"type\":\"br\",\"props\":{\"children\":[]}},\"Welche weiteren Antr\u00e4ge bring die Fraktionsgemeinschaft in den Gemeinderat ein?\"],\"answer\":[{\"type\":\"br\",\"props\":{\"children\":[]}},\"- Neuregelung der KiTa-Geb\u00fchren in Karlsruhe um mehr Spielraum f\u00fcr freie KiTa-Tr\u00e4ger zu erm\u00f6glichen und die Betreuungsqualit\u00e4t zu erh\u00f6hen.\",{\"type\":\"br\",\"props\":{\"children\":[]}},{\"type\":\"br\",\"props\":{\"children\":[]}},\"- Mehr Wohnm\u00f6glichkeiten f\u00fcr Fachkr\u00e4fte bereitstellen, um einen schnellen Zuzug nach Karlsruhe zu erm\u00f6glichen.\",{\"type\":\"br\",\"props\":{\"children\":[]}},{\"type\":\"br\",\"props\":{\"children\":[]}},\"- Regelm\u00e4\u00dfige \u00dcberpr\u00fcfung von freiwilligen Leistungen der Stadt, um eine effiziente Verwendung der Finanzmittel zu gew\u00e4hrleisten.\",{\"type\":\"br\",\"props\":{\"children\":[]}},{\"type\":\"br\",\"props\":{\"children\":[]}},\"- Einsparungen von ungenutzen Sachmitteln im Haus der Fraktionen. \",{\"type\":\"br\",\"props\":{\"children\":[]}},\"Effiziente Organisation der Kunstkommission, um den bisherigen erheblichen Arbeits- und Zeitaufwand zu beschleunigen.\",{\"type\":\"br\",\"props\":{\"children\":[]}},{\"type\":\"br\",\"props\":{\"children\":[]}},\"- Reformierung der Kulturf\u00f6rderung, um das kulturelle und soziale Leben in Karlsruhe zu st\u00e4rken und Nachhaltig finanzierbar zu machen.\",{\"type\":\"br\",\"props\":{\"children\":[]}}],\"jsonQuestion\":\"\\u003cbr\/\\u003eWelche weiteren Antr\u00e4ge bring die Fraktionsgemeinschaft in den Gemeinderat ein?\",\"jsonAnswer\":\"\\u003cbr\/\\u003e- Neuregelung der KiTa-Geb\u00fchren in Karlsruhe um mehr Spielraum f\u00fcr freie KiTa-Tr\u00e4ger zu erm\u00f6glichen und die Betreuungsqualit\u00e4t zu erh\u00f6hen.\\u003cbr\/\\u003e\\u003cbr\/\\u003e- Mehr Wohnm\u00f6glichkeiten f\u00fcr Fachkr\u00e4fte bereitstellen, um einen schnellen Zuzug nach Karlsruhe zu erm\u00f6glichen.\\u003cbr\/\\u003e\\u003cbr\/\\u003e- Regelm\u00e4\u00dfige \u00dcberpr\u00fcfung von freiwilligen Leistungen der Stadt, um eine effiziente Verwendung der Finanzmittel zu gew\u00e4hrleisten.\\u003cbr\/\\u003e\\u003cbr\/\\u003e- Einsparungen von ungenutzen Sachmitteln im Haus der Fraktionen. \\u003cbr\/\\u003eEffiziente Organisation der Kunstkommission, um den bisherigen erheblichen Arbeits- und Zeitaufwand zu beschleunigen.\\u003cbr\/\\u003e\\u003cbr\/\\u003e- Reformierung der Kulturf\u00f6rderung, um das kulturelle und soziale Leben in Karlsruhe zu st\u00e4rken und Nachhaltig finanzierbar zu machen.\\u003cbr\/\\u003e\"},{\"id\":\"faq-question-1699263546072\",\"question\":[{\"type\":\"br\",\"props\":{\"children\":[]}},\"Wann wird \u00fcber den Karlsruher Haushalt verhandelt?\",{\"type\":\"br\",\"props\":{\"children\":[]}}],\"answer\":[\"Der Doppelhaushalt f\u00fcr die Jahre 2024\/2025 wurde von Oberb\u00fcrgermeister Frank Mentrup und Erste B\u00fcrgermeister Gabriele Luczak-Schwarz am 25. Juli 2023 vorgestellt. Die Haushaltsreden der Fraktionen und im Gemeinderat folgten am 10. Oktober 2023 und k\u00f6nnen auf der Seite der Stadt nachgelesen werden: \",{\"type\":\"a\",\"props\":{\"href\":\"https:\/\/www.karlsruhe.de\/stadt-rathaus\/verwaltung-stadtpolitik\/stadtfinanzen\",\"children\":[\"https:\/\/www.karlsruhe.de\/stadt-rathaus\/verwaltung-stadtpolitik\/stadtfinanzen\"]}},{\"type\":\"br\",\"props\":{\"children\":[]}},\"Die Haushaltsverhandlungen, wo die Antr\u00e4ge der Fraktionen im Gemeinderat beraten werden, finden am 11.November statt.\"],\"jsonQuestion\":\"\\u003cbr\/\\u003eWann wird \u00fcber den Karlsruher Haushalt verhandelt?\\u003cbr\/\\u003e\",\"jsonAnswer\":\"Der Doppelhaushalt f\u00fcr die Jahre 2024\/2025 wurde von Oberb\u00fcrgermeister Frank Mentrup und Erste B\u00fcrgermeister Gabriele Luczak-Schwarz am 25. Juli 2023 vorgestellt. Die Haushaltsreden der Fraktionen und im Gemeinderat folgten am 10. Oktober 2023 und k\u00f6nnen auf der Seite der Stadt nachgelesen werden: \\u003ca href=\\u0022https:\/\/www.karlsruhe.de\/stadt-rathaus\/verwaltung-stadtpolitik\/stadtfinanzen\\u0022\\u003ehttps:\/\/www.karlsruhe.de\/stadt-rathaus\/verwaltung-stadtpolitik\/stadtfinanzen\\u003c\/a\\u003e\\u003cbr\/\\u003eDie Haushaltsverhandlungen, wo die Antr\u00e4ge der Fraktionen im Gemeinderat beraten werden, finden am 11.November statt.\"},{\"id\":\"faq-question-1699263630130\",\"question\":[{\"type\":\"br\",\"props\":{\"children\":[]}},\"Wo findet man die Haushaltsrede der Fraktionsgemeinschaft der Freien W\u00e4hler und F\u00dcR Karlsruhe?\",{\"type\":\"br\",\"props\":{\"children\":[]}}],\"answer\":[\"Das Skript der Haushaltsrede sowie die YouTube-Aufzeichnung findet man auf der Website der Fraktionsgemeinschaft: \",{\"type\":\"a\",\"props\":{\"href\":\"https:\/\/fwfuer.de\/petra-lorenz-spricht-zur-finanzlage-6349\/\",\"children\":[\"https:\/\/fwfuer.de\/petra-lorenz-spricht-zur-finanzlage-6349\/\"]}}],\"jsonQuestion\":\"\\u003cbr\/\\u003eWo findet man die Haushaltsrede der Fraktionsgemeinschaft der Freien W\u00e4hler und F\u00dcR Karlsruhe?\\u003cbr\/\\u003e\",\"jsonAnswer\":\"Das Skript der Haushaltsrede sowie die YouTube-Aufzeichnung findet man auf der Website der Fraktionsgemeinschaft: \\u003ca href=\\u0022https:\/\/fwfuer.de\/petra-lorenz-spricht-zur-finanzlage-6349\/\\u0022\\u003ehttps:\/\/fwfuer.de\/petra-lorenz-spricht-zur-finanzlage-6349\/\\u003c\/a\\u003e\"}]} --><\/p>\n<div class=\"schema-faq wp-block-yoast-faq-block\">\n<div class=\"schema-faq-section\" id=\"faq-question-1699263415425\"><\/div>\n<div class=\"schema-faq-section\" id=\"faq-question-1699263630130\">\n<p class=\"schema-faq-answer\">\n<\/div>\n<\/div>\n<p><!-- \/divi:yoast\/faq-block -->[\/et_pb_text][dipl_faq_page_schema _builder_version=&#8221;4.22.2&#8243; _module_preset=&#8221;default&#8221; title=&#8221;FAQ&#8221; hover_enabled=&#8221;0&#8243; sticky_enabled=&#8221;0&#8243;][dipl_faq_page_schema_item _builder_version=&#8221;4.22.2&#8243; _module_preset=&#8221;default&#8221; faq_question=&#8221;Welche weiteren Antr\u00e4ge bring die Fraktionsgemeinschaft in den Gemeinderat ein?&#8221; hover_enabled=&#8221;0&#8243; sticky_enabled=&#8221;0&#8243;]<\/p>\n<ul>\n<li class=\"schema-faq-answer\">Neuregelung der KiTa-Geb\u00fchren in Karlsruhe um mehr Spielraum f\u00fcr freie KiTa-Tr\u00e4ger zu erm\u00f6glichen und die Betreuungsqualit\u00e4t zu erh\u00f6hen.<\/li>\n<li>Mehr Wohnm\u00f6glichkeiten f\u00fcr Fachkr\u00e4fte bereitstellen, um einen schnellen Zuzug nach Karlsruhe zu erm\u00f6glichen.<\/li>\n<li>Regelm\u00e4\u00dfige \u00dcberpr\u00fcfung von freiwilligen Leistungen der Stadt, um eine effiziente Verwendung der Finanzmittel zu gew\u00e4hrleisten.<\/li>\n<li>Einsparungen von ungenutzen Sachmitteln im Haus der Fraktionen. <br \/>Effiziente Organisation der Kunstkommission, um den bisherigen erheblichen Arbeits- und Zeitaufwand zu beschleunigen.<\/li>\n<li>Reformierung der Kulturf\u00f6rderung, um das kulturelle und soziale Leben in Karlsruhe zu st\u00e4rken und Nachhaltig finanzierbar zu machen.<\/li>\n<\/ul>\n<p>[\/dipl_faq_page_schema_item][dipl_faq_page_schema_item _builder_version=&#8221;4.22.2&#8243; _module_preset=&#8221;default&#8221; faq_question=&#8221; Wann wird \u00fcber den Karlsruher Haushalt verhandelt?&#8221; hover_enabled=&#8221;0&#8243; sticky_enabled=&#8221;0&#8243;]<\/p>\n<p>Der Doppelhaushalt f\u00fcr die Jahre 2024\/2025 wurde von Oberb\u00fcrgermeister Frank Mentrup und Erste B\u00fcrgermeister Gabriele Luczak-Schwarz am 25. Juli 2023 vorgestellt. Die Haushaltsreden der Fraktionen und im Gemeinderat folgten am 10. Oktober 2023 und k\u00f6nnen auf der Seite der Stadt nachgelesen werden: <a href=\"https:\/\/www.karlsruhe.de\/stadt-rathaus\/verwaltung-stadtpolitik\/stadtfinanzen\">https:\/\/www.karlsruhe.de\/stadt-rathaus\/verwaltung-stadtpolitik\/stadtfinanzen<\/a><br \/>Die Haushaltsverhandlungen, wo die Antr\u00e4ge der Fraktionen im Gemeinderat beraten werden, finden am 11.November statt.<\/p>\n<p>[\/dipl_faq_page_schema_item][dipl_faq_page_schema_item _builder_version=&#8221;4.22.2&#8243; _module_preset=&#8221;default&#8221; faq_question=&#8221;Wo findet man die Haushaltsrede der Fraktionsgemeinschaft der Freien W\u00e4hler und F\u00dcR Karlsruhe?&#8221; hover_enabled=&#8221;0&#8243; sticky_enabled=&#8221;0&#8243;]<\/p>\n<p>Das Skript der Haushaltsrede sowie die YouTube-Aufzeichnung findet man auf der Website der Fraktionsgemeinschaft: <a href=\"https:\/\/fwfuer.de\/petra-lorenz-spricht-zur-finanzlage-6349\/\">https:\/\/fwfuer.de\/petra-lorenz-spricht-zur-finanzlage-6349\/<\/a><\/p>\n<p>[\/dipl_faq_page_schema_item][\/dipl_faq_page_schema][\/et_pb_column][\/et_pb_row][\/et_pb_section]<\/p>\n","protected":false},"excerpt":{"rendered":"<p>The city council group of Freie W\u00e4hler and F\u00dcR Karlsruhe is entering the upcoming budget negotiations with a diverse catalog of ideas. In her budget speech, Petra Lorenz emphasized the need for more efficient administration and a clear prioritization of municipal investments. The aim is to reduce Karlsruhe&#8217;s mountain of debt, which will grow to [&hellip;]<\/p>\n","protected":false},"author":2,"featured_media":6442,"comment_status":"closed","ping_status":"closed","sticky":false,"template":"","format":"standard","meta":{"_acf_changed":false,"_et_pb_use_builder":"on","_et_pb_old_content":"","_et_gb_content_width":"","footnotes":"","_links_to":"","_links_to_target":""},"categories":[81],"tags":[],"class_list":["post-7403","post","type-post","status-publish","format-standard","has-post-thumbnail","hentry","category-press-releases"],"acf":[],"yoast_head":"<!-- This site is optimized with the Yoast SEO plugin v27.4 - https:\/\/yoast.com\/product\/yoast-seo-wordpress\/ -->\n<title>City council group Freie W\u00e4hler and F\u00dcR Karlsruhe present comprehensive catalog of ideas - Freie W\u00e4hler | F\u00dcR Karlsruhe in the Karlsruhe City Council<\/title>\n<meta name=\"description\" content=\"Die Pressemeldungen von F\u00dcR Karlsruhe im Gemeinderat der Stadt Karlsruhe. Hier ver\u00f6ffentlichen wir alle News rund um die Entscheidungen der Stadt Karlsruhe, unserer Anfragen und Initiativen im Karlsruher Gemeinderat.\" \/>\n<meta name=\"robots\" content=\"index, follow, max-snippet:-1, max-image-preview:large, max-video-preview:-1\" \/>\n<link rel=\"canonical\" href=\"https:\/\/fwfuer.de\/en\/city-council-group-freie-waehler-and-fuer-karlsruhe-present-comprehensive-catalog-of-ideas-7403\/\" \/>\n<meta property=\"og:locale\" content=\"en_US\" \/>\n<meta property=\"og:type\" content=\"article\" \/>\n<meta property=\"og:title\" content=\"City council group Freie W\u00e4hler and F\u00dcR Karlsruhe present comprehensive catalog of ideas - Freie W\u00e4hler | F\u00dcR Karlsruhe in the Karlsruhe City Council\" \/>\n<meta property=\"og:description\" content=\"Die Pressemeldungen von F\u00dcR Karlsruhe im Gemeinderat der Stadt Karlsruhe. Hier ver\u00f6ffentlichen wir alle News rund um die Entscheidungen der Stadt Karlsruhe, unserer Anfragen und Initiativen im Karlsruher Gemeinderat.\" \/>\n<meta property=\"og:url\" content=\"https:\/\/fwfuer.de\/en\/city-council-group-freie-waehler-and-fuer-karlsruhe-present-comprehensive-catalog-of-ideas-7403\/\" \/>\n<meta property=\"og:site_name\" content=\"Freie W\u00e4hler | F\u00dcR Karlsruhe in the Karlsruhe City Council\" \/>\n<meta property=\"article:publisher\" content=\"https:\/\/www.facebook.com\/fwfuer\" \/>\n<meta property=\"article:published_time\" content=\"2023-11-06T09:49:43+00:00\" \/>\n<meta property=\"article:modified_time\" content=\"2026-01-27T15:02:50+00:00\" \/>\n<meta property=\"og:image\" content=\"https:\/\/fwfuer.de\/wp-content\/uploads\/2023\/11\/1043167_XXL.jpg\" \/>\n\t<meta property=\"og:image:width\" content=\"1536\" \/>\n\t<meta property=\"og:image:height\" content=\"2048\" \/>\n\t<meta property=\"og:image:type\" content=\"image\/jpeg\" \/>\n<meta name=\"author\" content=\"F\u00dcR Karlsruhe im Gemeinderat\" \/>\n<meta name=\"twitter:card\" content=\"summary_large_image\" \/>\n<meta name=\"twitter:creator\" content=\"@fwfuer\" \/>\n<meta name=\"twitter:site\" content=\"@fwfuer\" \/>\n<meta name=\"twitter:label1\" content=\"Written by\" \/>\n\t<meta name=\"twitter:data1\" content=\"F\u00dcR Karlsruhe im Gemeinderat\" \/>\n\t<meta name=\"twitter:label2\" content=\"Est. reading time\" \/>\n\t<meta name=\"twitter:data2\" content=\"4 minutes\" \/>\n<script type=\"application\/ld+json\" class=\"yoast-schema-graph\">{\"@context\":\"https:\\\/\\\/schema.org\",\"@graph\":[{\"@type\":\"NewsArticle\",\"@id\":\"https:\\\/\\\/fwfuer.de\\\/en\\\/city-council-group-freie-waehler-and-fuer-karlsruhe-present-comprehensive-catalog-of-ideas-7403\\\/#article\",\"isPartOf\":{\"@id\":\"https:\\\/\\\/fwfuer.de\\\/en\\\/city-council-group-freie-waehler-and-fuer-karlsruhe-present-comprehensive-catalog-of-ideas-7403\\\/\"},\"author\":{\"name\":\"F\u00dcR Karlsruhe im Gemeinderat\",\"@id\":\"https:\\\/\\\/fwfuer.de\\\/en\\\/#\\\/schema\\\/person\\\/b320b9d84a937dd6e9f2d80be1055c19\"},\"headline\":\"City council group Freie W\u00e4hler and F\u00dcR Karlsruhe present comprehensive catalog of ideas\",\"datePublished\":\"2023-11-06T09:49:43+00:00\",\"dateModified\":\"2026-01-27T15:02:50+00:00\",\"mainEntityOfPage\":{\"@id\":\"https:\\\/\\\/fwfuer.de\\\/en\\\/city-council-group-freie-waehler-and-fuer-karlsruhe-present-comprehensive-catalog-of-ideas-7403\\\/\"},\"wordCount\":834,\"publisher\":{\"@id\":\"https:\\\/\\\/fwfuer.de\\\/en\\\/#organization\"},\"image\":{\"@id\":\"https:\\\/\\\/fwfuer.de\\\/en\\\/city-council-group-freie-waehler-and-fuer-karlsruhe-present-comprehensive-catalog-of-ideas-7403\\\/#primaryimage\"},\"thumbnailUrl\":\"https:\\\/\\\/fwfuer.de\\\/wp-content\\\/uploads\\\/2023\\\/11\\\/1043167_XXL.jpg\",\"articleSection\":[\"Press Releases\"],\"inLanguage\":\"en-US\"},{\"@type\":\"WebPage\",\"@id\":\"https:\\\/\\\/fwfuer.de\\\/en\\\/city-council-group-freie-waehler-and-fuer-karlsruhe-present-comprehensive-catalog-of-ideas-7403\\\/\",\"url\":\"https:\\\/\\\/fwfuer.de\\\/en\\\/city-council-group-freie-waehler-and-fuer-karlsruhe-present-comprehensive-catalog-of-ideas-7403\\\/\",\"name\":\"City council group Freie W\u00e4hler and F\u00dcR Karlsruhe present comprehensive catalog of ideas - Freie W\u00e4hler | F\u00dcR Karlsruhe in the Karlsruhe City Council\",\"isPartOf\":{\"@id\":\"https:\\\/\\\/fwfuer.de\\\/en\\\/#website\"},\"primaryImageOfPage\":{\"@id\":\"https:\\\/\\\/fwfuer.de\\\/en\\\/city-council-group-freie-waehler-and-fuer-karlsruhe-present-comprehensive-catalog-of-ideas-7403\\\/#primaryimage\"},\"image\":{\"@id\":\"https:\\\/\\\/fwfuer.de\\\/en\\\/city-council-group-freie-waehler-and-fuer-karlsruhe-present-comprehensive-catalog-of-ideas-7403\\\/#primaryimage\"},\"thumbnailUrl\":\"https:\\\/\\\/fwfuer.de\\\/wp-content\\\/uploads\\\/2023\\\/11\\\/1043167_XXL.jpg\",\"datePublished\":\"2023-11-06T09:49:43+00:00\",\"dateModified\":\"2026-01-27T15:02:50+00:00\",\"description\":\"Die Pressemeldungen von F\u00dcR Karlsruhe im Gemeinderat der Stadt Karlsruhe. Hier ver\u00f6ffentlichen wir alle News rund um die Entscheidungen der Stadt Karlsruhe, unserer Anfragen und Initiativen im Karlsruher Gemeinderat.\",\"breadcrumb\":{\"@id\":\"https:\\\/\\\/fwfuer.de\\\/en\\\/city-council-group-freie-waehler-and-fuer-karlsruhe-present-comprehensive-catalog-of-ideas-7403\\\/#breadcrumb\"},\"inLanguage\":\"en-US\",\"potentialAction\":[{\"@type\":\"ReadAction\",\"target\":[\"https:\\\/\\\/fwfuer.de\\\/en\\\/city-council-group-freie-waehler-and-fuer-karlsruhe-present-comprehensive-catalog-of-ideas-7403\\\/\"]}]},{\"@type\":\"ImageObject\",\"inLanguage\":\"en-US\",\"@id\":\"https:\\\/\\\/fwfuer.de\\\/en\\\/city-council-group-freie-waehler-and-fuer-karlsruhe-present-comprehensive-catalog-of-ideas-7403\\\/#primaryimage\",\"url\":\"https:\\\/\\\/fwfuer.de\\\/wp-content\\\/uploads\\\/2023\\\/11\\\/1043167_XXL.jpg\",\"contentUrl\":\"https:\\\/\\\/fwfuer.de\\\/wp-content\\\/uploads\\\/2023\\\/11\\\/1043167_XXL.jpg\",\"width\":1536,\"height\":2048},{\"@type\":\"BreadcrumbList\",\"@id\":\"https:\\\/\\\/fwfuer.de\\\/en\\\/city-council-group-freie-waehler-and-fuer-karlsruhe-present-comprehensive-catalog-of-ideas-7403\\\/#breadcrumb\",\"itemListElement\":[{\"@type\":\"ListItem\",\"position\":1,\"name\":\"Startseite\",\"item\":\"https:\\\/\\\/fwfuer.de\\\/en\\\/home\\\/\"},{\"@type\":\"ListItem\",\"position\":2,\"name\":\"City council group Freie W\u00e4hler and F\u00dcR Karlsruhe present comprehensive catalog of ideas\"}]},{\"@type\":\"WebSite\",\"@id\":\"https:\\\/\\\/fwfuer.de\\\/en\\\/#website\",\"url\":\"https:\\\/\\\/fwfuer.de\\\/en\\\/\",\"name\":\"Freie W\u00e4hler | F\u00dcR Karlsruhe in the Karlsruhe City Council\",\"description\":\"Free group of councillors in Karlsruhe\",\"publisher\":{\"@id\":\"https:\\\/\\\/fwfuer.de\\\/en\\\/#organization\"},\"alternateName\":\"F\u00dcR KARLSRUHE im Gemeinderat\",\"potentialAction\":[{\"@type\":\"SearchAction\",\"target\":{\"@type\":\"EntryPoint\",\"urlTemplate\":\"https:\\\/\\\/fwfuer.de\\\/en\\\/?s={search_term_string}\"},\"query-input\":{\"@type\":\"PropertyValueSpecification\",\"valueRequired\":true,\"valueName\":\"search_term_string\"}}],\"inLanguage\":\"en-US\"},{\"@type\":\"Organization\",\"@id\":\"https:\\\/\\\/fwfuer.de\\\/en\\\/#organization\",\"name\":\"F\u00dcR Karlsruhe im Gemeinderat\",\"alternateName\":\"F\u00dcR Karlsruhe mit Stadtrat Friedemann Kalmbach\",\"url\":\"https:\\\/\\\/fwfuer.de\\\/en\\\/\",\"logo\":{\"@type\":\"ImageObject\",\"inLanguage\":\"en-US\",\"@id\":\"https:\\\/\\\/fwfuer.de\\\/en\\\/#\\\/schema\\\/logo\\\/image\\\/\",\"url\":\"https:\\\/\\\/fwfuer.de\\\/wp-content\\\/uploads\\\/2024\\\/07\\\/cropped-Logo-1.png\",\"contentUrl\":\"https:\\\/\\\/fwfuer.de\\\/wp-content\\\/uploads\\\/2024\\\/07\\\/cropped-Logo-1.png\",\"width\":512,\"height\":512,\"caption\":\"F\u00dcR Karlsruhe im Gemeinderat\"},\"image\":{\"@id\":\"https:\\\/\\\/fwfuer.de\\\/en\\\/#\\\/schema\\\/logo\\\/image\\\/\"},\"sameAs\":[\"https:\\\/\\\/www.facebook.com\\\/fwfuer\",\"https:\\\/\\\/x.com\\\/fwfuer\",\"https:\\\/\\\/www.instagram.com\\\/fuerka.de\",\"https:\\\/\\\/de.linkedin.com\\\/company\\\/fw-fr-karlsruhe-gemeinderatsfraktion\",\"https:\\\/\\\/tiktok.com\\\/@fuerka.de\"]},{\"@type\":\"Person\",\"@id\":\"https:\\\/\\\/fwfuer.de\\\/en\\\/#\\\/schema\\\/person\\\/b320b9d84a937dd6e9f2d80be1055c19\",\"name\":\"F\u00dcR Karlsruhe im Gemeinderat\"}]}<\/script>\n<!-- \/ Yoast SEO plugin. -->","yoast_head_json":{"title":"City council group Freie W\u00e4hler and F\u00dcR Karlsruhe present comprehensive catalog of ideas - Freie W\u00e4hler | F\u00dcR Karlsruhe in the Karlsruhe City Council","description":"Die Pressemeldungen von F\u00dcR Karlsruhe im Gemeinderat der Stadt Karlsruhe. Hier ver\u00f6ffentlichen wir alle News rund um die Entscheidungen der Stadt Karlsruhe, unserer Anfragen und Initiativen im Karlsruher Gemeinderat.","robots":{"index":"index","follow":"follow","max-snippet":"max-snippet:-1","max-image-preview":"max-image-preview:large","max-video-preview":"max-video-preview:-1"},"canonical":"https:\/\/fwfuer.de\/en\/city-council-group-freie-waehler-and-fuer-karlsruhe-present-comprehensive-catalog-of-ideas-7403\/","og_locale":"en_US","og_type":"article","og_title":"City council group Freie W\u00e4hler and F\u00dcR Karlsruhe present comprehensive catalog of ideas - Freie W\u00e4hler | F\u00dcR Karlsruhe in the Karlsruhe City Council","og_description":"Die Pressemeldungen von F\u00dcR Karlsruhe im Gemeinderat der Stadt Karlsruhe. Hier ver\u00f6ffentlichen wir alle News rund um die Entscheidungen der Stadt Karlsruhe, unserer Anfragen und Initiativen im Karlsruher Gemeinderat.","og_url":"https:\/\/fwfuer.de\/en\/city-council-group-freie-waehler-and-fuer-karlsruhe-present-comprehensive-catalog-of-ideas-7403\/","og_site_name":"Freie W\u00e4hler | F\u00dcR Karlsruhe in the Karlsruhe City Council","article_publisher":"https:\/\/www.facebook.com\/fwfuer","article_published_time":"2023-11-06T09:49:43+00:00","article_modified_time":"2026-01-27T15:02:50+00:00","og_image":[{"width":1536,"height":2048,"url":"https:\/\/fwfuer.de\/wp-content\/uploads\/2023\/11\/1043167_XXL.jpg","type":"image\/jpeg"}],"author":"F\u00dcR Karlsruhe im Gemeinderat","twitter_card":"summary_large_image","twitter_creator":"@fwfuer","twitter_site":"@fwfuer","twitter_misc":{"Written by":"F\u00dcR Karlsruhe im Gemeinderat","Est. reading time":"4 minutes"},"schema":{"@context":"https:\/\/schema.org","@graph":[{"@type":"NewsArticle","@id":"https:\/\/fwfuer.de\/en\/city-council-group-freie-waehler-and-fuer-karlsruhe-present-comprehensive-catalog-of-ideas-7403\/#article","isPartOf":{"@id":"https:\/\/fwfuer.de\/en\/city-council-group-freie-waehler-and-fuer-karlsruhe-present-comprehensive-catalog-of-ideas-7403\/"},"author":{"name":"F\u00dcR Karlsruhe im Gemeinderat","@id":"https:\/\/fwfuer.de\/en\/#\/schema\/person\/b320b9d84a937dd6e9f2d80be1055c19"},"headline":"City council group Freie W\u00e4hler and F\u00dcR Karlsruhe present comprehensive catalog of ideas","datePublished":"2023-11-06T09:49:43+00:00","dateModified":"2026-01-27T15:02:50+00:00","mainEntityOfPage":{"@id":"https:\/\/fwfuer.de\/en\/city-council-group-freie-waehler-and-fuer-karlsruhe-present-comprehensive-catalog-of-ideas-7403\/"},"wordCount":834,"publisher":{"@id":"https:\/\/fwfuer.de\/en\/#organization"},"image":{"@id":"https:\/\/fwfuer.de\/en\/city-council-group-freie-waehler-and-fuer-karlsruhe-present-comprehensive-catalog-of-ideas-7403\/#primaryimage"},"thumbnailUrl":"https:\/\/fwfuer.de\/wp-content\/uploads\/2023\/11\/1043167_XXL.jpg","articleSection":["Press Releases"],"inLanguage":"en-US"},{"@type":"WebPage","@id":"https:\/\/fwfuer.de\/en\/city-council-group-freie-waehler-and-fuer-karlsruhe-present-comprehensive-catalog-of-ideas-7403\/","url":"https:\/\/fwfuer.de\/en\/city-council-group-freie-waehler-and-fuer-karlsruhe-present-comprehensive-catalog-of-ideas-7403\/","name":"City council group Freie W\u00e4hler and F\u00dcR Karlsruhe present comprehensive catalog of ideas - Freie W\u00e4hler | F\u00dcR Karlsruhe in the Karlsruhe City Council","isPartOf":{"@id":"https:\/\/fwfuer.de\/en\/#website"},"primaryImageOfPage":{"@id":"https:\/\/fwfuer.de\/en\/city-council-group-freie-waehler-and-fuer-karlsruhe-present-comprehensive-catalog-of-ideas-7403\/#primaryimage"},"image":{"@id":"https:\/\/fwfuer.de\/en\/city-council-group-freie-waehler-and-fuer-karlsruhe-present-comprehensive-catalog-of-ideas-7403\/#primaryimage"},"thumbnailUrl":"https:\/\/fwfuer.de\/wp-content\/uploads\/2023\/11\/1043167_XXL.jpg","datePublished":"2023-11-06T09:49:43+00:00","dateModified":"2026-01-27T15:02:50+00:00","description":"Die Pressemeldungen von F\u00dcR Karlsruhe im Gemeinderat der Stadt Karlsruhe. Hier ver\u00f6ffentlichen wir alle News rund um die Entscheidungen der Stadt Karlsruhe, unserer Anfragen und Initiativen im Karlsruher Gemeinderat.","breadcrumb":{"@id":"https:\/\/fwfuer.de\/en\/city-council-group-freie-waehler-and-fuer-karlsruhe-present-comprehensive-catalog-of-ideas-7403\/#breadcrumb"},"inLanguage":"en-US","potentialAction":[{"@type":"ReadAction","target":["https:\/\/fwfuer.de\/en\/city-council-group-freie-waehler-and-fuer-karlsruhe-present-comprehensive-catalog-of-ideas-7403\/"]}]},{"@type":"ImageObject","inLanguage":"en-US","@id":"https:\/\/fwfuer.de\/en\/city-council-group-freie-waehler-and-fuer-karlsruhe-present-comprehensive-catalog-of-ideas-7403\/#primaryimage","url":"https:\/\/fwfuer.de\/wp-content\/uploads\/2023\/11\/1043167_XXL.jpg","contentUrl":"https:\/\/fwfuer.de\/wp-content\/uploads\/2023\/11\/1043167_XXL.jpg","width":1536,"height":2048},{"@type":"BreadcrumbList","@id":"https:\/\/fwfuer.de\/en\/city-council-group-freie-waehler-and-fuer-karlsruhe-present-comprehensive-catalog-of-ideas-7403\/#breadcrumb","itemListElement":[{"@type":"ListItem","position":1,"name":"Startseite","item":"https:\/\/fwfuer.de\/en\/home\/"},{"@type":"ListItem","position":2,"name":"City council group Freie W\u00e4hler and F\u00dcR Karlsruhe present comprehensive catalog of ideas"}]},{"@type":"WebSite","@id":"https:\/\/fwfuer.de\/en\/#website","url":"https:\/\/fwfuer.de\/en\/","name":"Freie W\u00e4hler | F\u00dcR Karlsruhe in the Karlsruhe City Council","description":"Free group of councillors in Karlsruhe","publisher":{"@id":"https:\/\/fwfuer.de\/en\/#organization"},"alternateName":"F\u00dcR KARLSRUHE im Gemeinderat","potentialAction":[{"@type":"SearchAction","target":{"@type":"EntryPoint","urlTemplate":"https:\/\/fwfuer.de\/en\/?s={search_term_string}"},"query-input":{"@type":"PropertyValueSpecification","valueRequired":true,"valueName":"search_term_string"}}],"inLanguage":"en-US"},{"@type":"Organization","@id":"https:\/\/fwfuer.de\/en\/#organization","name":"F\u00dcR Karlsruhe im Gemeinderat","alternateName":"F\u00dcR Karlsruhe mit Stadtrat Friedemann Kalmbach","url":"https:\/\/fwfuer.de\/en\/","logo":{"@type":"ImageObject","inLanguage":"en-US","@id":"https:\/\/fwfuer.de\/en\/#\/schema\/logo\/image\/","url":"https:\/\/fwfuer.de\/wp-content\/uploads\/2024\/07\/cropped-Logo-1.png","contentUrl":"https:\/\/fwfuer.de\/wp-content\/uploads\/2024\/07\/cropped-Logo-1.png","width":512,"height":512,"caption":"F\u00dcR Karlsruhe im Gemeinderat"},"image":{"@id":"https:\/\/fwfuer.de\/en\/#\/schema\/logo\/image\/"},"sameAs":["https:\/\/www.facebook.com\/fwfuer","https:\/\/x.com\/fwfuer","https:\/\/www.instagram.com\/fuerka.de","https:\/\/de.linkedin.com\/company\/fw-fr-karlsruhe-gemeinderatsfraktion","https:\/\/tiktok.com\/@fuerka.de"]},{"@type":"Person","@id":"https:\/\/fwfuer.de\/en\/#\/schema\/person\/b320b9d84a937dd6e9f2d80be1055c19","name":"F\u00dcR Karlsruhe im Gemeinderat"}]}},"_links":{"self":[{"href":"https:\/\/fwfuer.de\/en\/wp-json\/wp\/v2\/posts\/7403","targetHints":{"allow":["GET"]}}],"collection":[{"href":"https:\/\/fwfuer.de\/en\/wp-json\/wp\/v2\/posts"}],"about":[{"href":"https:\/\/fwfuer.de\/en\/wp-json\/wp\/v2\/types\/post"}],"author":[{"embeddable":true,"href":"https:\/\/fwfuer.de\/en\/wp-json\/wp\/v2\/users\/2"}],"replies":[{"embeddable":true,"href":"https:\/\/fwfuer.de\/en\/wp-json\/wp\/v2\/comments?post=7403"}],"version-history":[{"count":12,"href":"https:\/\/fwfuer.de\/en\/wp-json\/wp\/v2\/posts\/7403\/revisions"}],"predecessor-version":[{"id":8642,"href":"https:\/\/fwfuer.de\/en\/wp-json\/wp\/v2\/posts\/7403\/revisions\/8642"}],"wp:featuredmedia":[{"embeddable":true,"href":"https:\/\/fwfuer.de\/en\/wp-json\/wp\/v2\/media\/6442"}],"wp:attachment":[{"href":"https:\/\/fwfuer.de\/en\/wp-json\/wp\/v2\/media?parent=7403"}],"wp:term":[{"taxonomy":"category","embeddable":true,"href":"https:\/\/fwfuer.de\/en\/wp-json\/wp\/v2\/categories?post=7403"},{"taxonomy":"post_tag","embeddable":true,"href":"https:\/\/fwfuer.de\/en\/wp-json\/wp\/v2\/tags?post=7403"}],"curies":[{"name":"wp","href":"https:\/\/api.w.org\/{rel}","templated":true}]}}