{"id":9155,"date":"2024-04-04T12:16:05","date_gmt":"2024-04-04T10:16:05","guid":{"rendered":"https:\/\/fwfuer.de\/how-crisis-proof-is-karlsruhe-9155\/"},"modified":"2026-01-27T16:10:59","modified_gmt":"2026-01-27T15:10:59","slug":"how-crisis-proof-is-karlsruhe","status":"publish","type":"post","link":"https:\/\/fwfuer.de\/en\/how-crisis-proof-is-karlsruhe-9155\/","title":{"rendered":"How crisis-proof is Karlsruhe?"},"content":{"rendered":"\n<p>In view of the global crises and wars, the Free Voters and &#8220;F\u00dcR Karlsruhe&#8221; have submitted a request to the city administration: The city council group would like to receive information on the current state of civil protection in Karlsruhe.\nThe starting point is the demand of the German Association of Towns and Municipalities (DStGB) and the Ministry of Defense regarding the reactivation of shelters and investments in the safety of the population.\nAn inventory of the number of existing shelters and existing measures and concepts for the safety of the population in the event of crises and emergencies is an essential step towards promoting the sense of security of many citizens in Karlsruhe.  <\/p>\n\n<p>&#8220;We hope that such an emergency situation, which would make these measures and shelters necessary, never arises.\nNevertheless, for reasons of transparency and safety, we believe it is necessary to carry out an inventory.\nIf the city administration has already done this, then it would be a good step to publish concrete facts and data about Karlsruhe&#8217;s security situation.\nThis is why we are submitting this motion,&#8221; says city councillor J\u00fcrgen Wenzel (Freie W\u00e4hler).   <\/p>\n\n<p>The city council group emphasizes the importance of a transparent and comprehensive information policy on the part of the city administration with regard to civil protection.\nThe safety and well-being of citizens are at the heart of this commitment. <\/p>\n\n<p>Councillor Wenzel emphasizes: &#8220;In this day and age, it is essential to think about security policy issues.\nThat&#8217;s why we want to know from the city administration what the current state of civil protection is, what measures have been implemented by the federal and state governments and how the initiatives of the Ministry of Defense have been addressed.&#8221; <\/p>\n\n<p>The city council group is hoping for a concrete response from the city administration that provides an honest inventory of the safety precautions.<\/p>\n","protected":false},"excerpt":{"rendered":"<p>In view of the global crises and wars, the Free Voters and &#8220;F\u00dcR Karlsruhe&#8221; have submitted a request to the city administration: The city council group would like to receive information on the current state of civil protection in Karlsruhe. The starting point is the demand of the German Association of Towns and Municipalities (DStGB) [&hellip;]<\/p>\n","protected":false},"author":6,"featured_media":7006,"comment_status":"closed","ping_status":"closed","sticky":false,"template":"","format":"standard","meta":{"_acf_changed":false,"_et_pb_use_builder":"off","_et_pb_old_content":"","_et_gb_content_width":"","footnotes":"","_links_to":"","_links_to_target":""},"categories":[81],"tags":[],"class_list":["post-9155","post","type-post","status-publish","format-standard","has-post-thumbnail","hentry","category-press-releases"],"acf":[],"yoast_head":"<!-- This site is optimized with the Yoast SEO plugin v27.4 - https:\/\/yoast.com\/product\/yoast-seo-wordpress\/ -->\n<title>How crisis-proof is Karlsruhe? - Freie W\u00e4hler | F\u00dcR Karlsruhe in the Karlsruhe City Council<\/title>\n<meta name=\"description\" content=\"Die Pressemeldungen von F\u00dcR Karlsruhe im Gemeinderat der Stadt Karlsruhe. Hier ver\u00f6ffentlichen wir alle News rund um die Entscheidungen der Stadt Karlsruhe, unserer Anfragen und Initiativen im Karlsruher Gemeinderat.\" \/>\n<meta name=\"robots\" content=\"index, follow, max-snippet:-1, max-image-preview:large, max-video-preview:-1\" \/>\n<link rel=\"canonical\" href=\"https:\/\/fwfuer.de\/en\/how-crisis-proof-is-karlsruhe-9155\/\" \/>\n<meta property=\"og:locale\" content=\"en_US\" \/>\n<meta property=\"og:type\" content=\"article\" \/>\n<meta property=\"og:title\" content=\"How crisis-proof is Karlsruhe? - Freie W\u00e4hler | F\u00dcR Karlsruhe in the Karlsruhe City Council\" \/>\n<meta property=\"og:description\" content=\"Die Pressemeldungen von F\u00dcR Karlsruhe im Gemeinderat der Stadt Karlsruhe. Hier ver\u00f6ffentlichen wir alle News rund um die Entscheidungen der Stadt Karlsruhe, unserer Anfragen und Initiativen im Karlsruher Gemeinderat.\" \/>\n<meta property=\"og:url\" content=\"https:\/\/fwfuer.de\/en\/how-crisis-proof-is-karlsruhe-9155\/\" \/>\n<meta property=\"og:site_name\" content=\"Freie W\u00e4hler | F\u00dcR Karlsruhe in the Karlsruhe City Council\" \/>\n<meta property=\"article:publisher\" content=\"https:\/\/www.facebook.com\/fwfuer\" \/>\n<meta property=\"article:published_time\" content=\"2024-04-04T10:16:05+00:00\" \/>\n<meta property=\"article:modified_time\" content=\"2026-01-27T15:10:59+00:00\" \/>\n<meta property=\"og:image\" content=\"https:\/\/fwfuer.de\/wp-content\/uploads\/2024\/04\/marcel-eberle-pCHl_wqfr0M-unsplash-scaled.jpg\" \/>\n\t<meta property=\"og:image:width\" content=\"2880\" \/>\n\t<meta property=\"og:image:height\" content=\"1928\" \/>\n\t<meta property=\"og:image:type\" content=\"image\/jpeg\" \/>\n<meta name=\"author\" content=\"F\u00dcR Karlsruhe im Gemeinderat\" \/>\n<meta name=\"twitter:card\" content=\"summary_large_image\" \/>\n<meta name=\"twitter:creator\" content=\"@fwfuer\" \/>\n<meta name=\"twitter:site\" content=\"@fwfuer\" \/>\n<meta name=\"twitter:label1\" content=\"Written by\" \/>\n\t<meta name=\"twitter:data1\" content=\"F\u00dcR Karlsruhe im Gemeinderat\" \/>\n\t<meta name=\"twitter:label2\" content=\"Est. reading time\" \/>\n\t<meta name=\"twitter:data2\" content=\"2 minutes\" \/>\n<script type=\"application\/ld+json\" class=\"yoast-schema-graph\">{\"@context\":\"https:\\\/\\\/schema.org\",\"@graph\":[{\"@type\":\"NewsArticle\",\"@id\":\"https:\\\/\\\/fwfuer.de\\\/en\\\/how-crisis-proof-is-karlsruhe-9155\\\/#article\",\"isPartOf\":{\"@id\":\"https:\\\/\\\/fwfuer.de\\\/en\\\/how-crisis-proof-is-karlsruhe-9155\\\/\"},\"author\":{\"name\":\"F\u00dcR Karlsruhe im Gemeinderat\",\"@id\":\"https:\\\/\\\/fwfuer.de\\\/en\\\/#\\\/schema\\\/person\\\/f43392225120ae37e95ed36d7b324a19\"},\"headline\":\"How crisis-proof is Karlsruhe?\",\"datePublished\":\"2024-04-04T10:16:05+00:00\",\"dateModified\":\"2026-01-27T15:10:59+00:00\",\"mainEntityOfPage\":{\"@id\":\"https:\\\/\\\/fwfuer.de\\\/en\\\/how-crisis-proof-is-karlsruhe-9155\\\/\"},\"wordCount\":315,\"publisher\":{\"@id\":\"https:\\\/\\\/fwfuer.de\\\/en\\\/#organization\"},\"image\":{\"@id\":\"https:\\\/\\\/fwfuer.de\\\/en\\\/how-crisis-proof-is-karlsruhe-9155\\\/#primaryimage\"},\"thumbnailUrl\":\"https:\\\/\\\/fwfuer.de\\\/wp-content\\\/uploads\\\/2024\\\/04\\\/marcel-eberle-pCHl_wqfr0M-unsplash-scaled.jpg\",\"articleSection\":[\"Press Releases\"],\"inLanguage\":\"en-US\"},{\"@type\":\"WebPage\",\"@id\":\"https:\\\/\\\/fwfuer.de\\\/en\\\/how-crisis-proof-is-karlsruhe-9155\\\/\",\"url\":\"https:\\\/\\\/fwfuer.de\\\/en\\\/how-crisis-proof-is-karlsruhe-9155\\\/\",\"name\":\"How crisis-proof is Karlsruhe? - Freie W\u00e4hler | F\u00dcR Karlsruhe in the Karlsruhe City Council\",\"isPartOf\":{\"@id\":\"https:\\\/\\\/fwfuer.de\\\/en\\\/#website\"},\"primaryImageOfPage\":{\"@id\":\"https:\\\/\\\/fwfuer.de\\\/en\\\/how-crisis-proof-is-karlsruhe-9155\\\/#primaryimage\"},\"image\":{\"@id\":\"https:\\\/\\\/fwfuer.de\\\/en\\\/how-crisis-proof-is-karlsruhe-9155\\\/#primaryimage\"},\"thumbnailUrl\":\"https:\\\/\\\/fwfuer.de\\\/wp-content\\\/uploads\\\/2024\\\/04\\\/marcel-eberle-pCHl_wqfr0M-unsplash-scaled.jpg\",\"datePublished\":\"2024-04-04T10:16:05+00:00\",\"dateModified\":\"2026-01-27T15:10:59+00:00\",\"description\":\"Die Pressemeldungen von F\u00dcR Karlsruhe im Gemeinderat der Stadt Karlsruhe. Hier ver\u00f6ffentlichen wir alle News rund um die Entscheidungen der Stadt Karlsruhe, unserer Anfragen und Initiativen im Karlsruher Gemeinderat.\",\"breadcrumb\":{\"@id\":\"https:\\\/\\\/fwfuer.de\\\/en\\\/how-crisis-proof-is-karlsruhe-9155\\\/#breadcrumb\"},\"inLanguage\":\"en-US\",\"potentialAction\":[{\"@type\":\"ReadAction\",\"target\":[\"https:\\\/\\\/fwfuer.de\\\/en\\\/how-crisis-proof-is-karlsruhe-9155\\\/\"]}]},{\"@type\":\"ImageObject\",\"inLanguage\":\"en-US\",\"@id\":\"https:\\\/\\\/fwfuer.de\\\/en\\\/how-crisis-proof-is-karlsruhe-9155\\\/#primaryimage\",\"url\":\"https:\\\/\\\/fwfuer.de\\\/wp-content\\\/uploads\\\/2024\\\/04\\\/marcel-eberle-pCHl_wqfr0M-unsplash-scaled.jpg\",\"contentUrl\":\"https:\\\/\\\/fwfuer.de\\\/wp-content\\\/uploads\\\/2024\\\/04\\\/marcel-eberle-pCHl_wqfr0M-unsplash-scaled.jpg\",\"width\":2880,\"height\":1928},{\"@type\":\"BreadcrumbList\",\"@id\":\"https:\\\/\\\/fwfuer.de\\\/en\\\/how-crisis-proof-is-karlsruhe-9155\\\/#breadcrumb\",\"itemListElement\":[{\"@type\":\"ListItem\",\"position\":1,\"name\":\"Startseite\",\"item\":\"https:\\\/\\\/fwfuer.de\\\/en\\\/home\\\/\"},{\"@type\":\"ListItem\",\"position\":2,\"name\":\"How crisis-proof is Karlsruhe?\"}]},{\"@type\":\"WebSite\",\"@id\":\"https:\\\/\\\/fwfuer.de\\\/en\\\/#website\",\"url\":\"https:\\\/\\\/fwfuer.de\\\/en\\\/\",\"name\":\"Freie W\u00e4hler | F\u00dcR Karlsruhe in the Karlsruhe City Council\",\"description\":\"Free group of councillors in Karlsruhe\",\"publisher\":{\"@id\":\"https:\\\/\\\/fwfuer.de\\\/en\\\/#organization\"},\"alternateName\":\"F\u00dcR KARLSRUHE im Gemeinderat\",\"potentialAction\":[{\"@type\":\"SearchAction\",\"target\":{\"@type\":\"EntryPoint\",\"urlTemplate\":\"https:\\\/\\\/fwfuer.de\\\/en\\\/?s={search_term_string}\"},\"query-input\":{\"@type\":\"PropertyValueSpecification\",\"valueRequired\":true,\"valueName\":\"search_term_string\"}}],\"inLanguage\":\"en-US\"},{\"@type\":\"Organization\",\"@id\":\"https:\\\/\\\/fwfuer.de\\\/en\\\/#organization\",\"name\":\"F\u00dcR Karlsruhe im Gemeinderat\",\"alternateName\":\"F\u00dcR Karlsruhe mit Stadtrat Friedemann Kalmbach\",\"url\":\"https:\\\/\\\/fwfuer.de\\\/en\\\/\",\"logo\":{\"@type\":\"ImageObject\",\"inLanguage\":\"en-US\",\"@id\":\"https:\\\/\\\/fwfuer.de\\\/en\\\/#\\\/schema\\\/logo\\\/image\\\/\",\"url\":\"https:\\\/\\\/fwfuer.de\\\/wp-content\\\/uploads\\\/2024\\\/07\\\/cropped-Logo-1.png\",\"contentUrl\":\"https:\\\/\\\/fwfuer.de\\\/wp-content\\\/uploads\\\/2024\\\/07\\\/cropped-Logo-1.png\",\"width\":512,\"height\":512,\"caption\":\"F\u00dcR Karlsruhe im Gemeinderat\"},\"image\":{\"@id\":\"https:\\\/\\\/fwfuer.de\\\/en\\\/#\\\/schema\\\/logo\\\/image\\\/\"},\"sameAs\":[\"https:\\\/\\\/www.facebook.com\\\/fwfuer\",\"https:\\\/\\\/x.com\\\/fwfuer\",\"https:\\\/\\\/www.instagram.com\\\/fuerka.de\",\"https:\\\/\\\/de.linkedin.com\\\/company\\\/fw-fr-karlsruhe-gemeinderatsfraktion\",\"https:\\\/\\\/tiktok.com\\\/@fuerka.de\"]},{\"@type\":\"Person\",\"@id\":\"https:\\\/\\\/fwfuer.de\\\/en\\\/#\\\/schema\\\/person\\\/f43392225120ae37e95ed36d7b324a19\",\"name\":\"F\u00dcR Karlsruhe im Gemeinderat\"}]}<\/script>\n<!-- \/ Yoast SEO plugin. -->","yoast_head_json":{"title":"How crisis-proof is Karlsruhe? - Freie W\u00e4hler | F\u00dcR Karlsruhe in the Karlsruhe City Council","description":"Die Pressemeldungen von F\u00dcR Karlsruhe im Gemeinderat der Stadt Karlsruhe. Hier ver\u00f6ffentlichen wir alle News rund um die Entscheidungen der Stadt Karlsruhe, unserer Anfragen und Initiativen im Karlsruher Gemeinderat.","robots":{"index":"index","follow":"follow","max-snippet":"max-snippet:-1","max-image-preview":"max-image-preview:large","max-video-preview":"max-video-preview:-1"},"canonical":"https:\/\/fwfuer.de\/en\/how-crisis-proof-is-karlsruhe-9155\/","og_locale":"en_US","og_type":"article","og_title":"How crisis-proof is Karlsruhe? - Freie W\u00e4hler | F\u00dcR Karlsruhe in the Karlsruhe City Council","og_description":"Die Pressemeldungen von F\u00dcR Karlsruhe im Gemeinderat der Stadt Karlsruhe. Hier ver\u00f6ffentlichen wir alle News rund um die Entscheidungen der Stadt Karlsruhe, unserer Anfragen und Initiativen im Karlsruher Gemeinderat.","og_url":"https:\/\/fwfuer.de\/en\/how-crisis-proof-is-karlsruhe-9155\/","og_site_name":"Freie W\u00e4hler | F\u00dcR Karlsruhe in the Karlsruhe City Council","article_publisher":"https:\/\/www.facebook.com\/fwfuer","article_published_time":"2024-04-04T10:16:05+00:00","article_modified_time":"2026-01-27T15:10:59+00:00","og_image":[{"width":2880,"height":1928,"url":"https:\/\/fwfuer.de\/wp-content\/uploads\/2024\/04\/marcel-eberle-pCHl_wqfr0M-unsplash-scaled.jpg","type":"image\/jpeg"}],"author":"F\u00dcR Karlsruhe im Gemeinderat","twitter_card":"summary_large_image","twitter_creator":"@fwfuer","twitter_site":"@fwfuer","twitter_misc":{"Written by":"F\u00dcR Karlsruhe im Gemeinderat","Est. reading time":"2 minutes"},"schema":{"@context":"https:\/\/schema.org","@graph":[{"@type":"NewsArticle","@id":"https:\/\/fwfuer.de\/en\/how-crisis-proof-is-karlsruhe-9155\/#article","isPartOf":{"@id":"https:\/\/fwfuer.de\/en\/how-crisis-proof-is-karlsruhe-9155\/"},"author":{"name":"F\u00dcR Karlsruhe im Gemeinderat","@id":"https:\/\/fwfuer.de\/en\/#\/schema\/person\/f43392225120ae37e95ed36d7b324a19"},"headline":"How crisis-proof is Karlsruhe?","datePublished":"2024-04-04T10:16:05+00:00","dateModified":"2026-01-27T15:10:59+00:00","mainEntityOfPage":{"@id":"https:\/\/fwfuer.de\/en\/how-crisis-proof-is-karlsruhe-9155\/"},"wordCount":315,"publisher":{"@id":"https:\/\/fwfuer.de\/en\/#organization"},"image":{"@id":"https:\/\/fwfuer.de\/en\/how-crisis-proof-is-karlsruhe-9155\/#primaryimage"},"thumbnailUrl":"https:\/\/fwfuer.de\/wp-content\/uploads\/2024\/04\/marcel-eberle-pCHl_wqfr0M-unsplash-scaled.jpg","articleSection":["Press Releases"],"inLanguage":"en-US"},{"@type":"WebPage","@id":"https:\/\/fwfuer.de\/en\/how-crisis-proof-is-karlsruhe-9155\/","url":"https:\/\/fwfuer.de\/en\/how-crisis-proof-is-karlsruhe-9155\/","name":"How crisis-proof is Karlsruhe? - Freie W\u00e4hler | F\u00dcR Karlsruhe in the Karlsruhe City Council","isPartOf":{"@id":"https:\/\/fwfuer.de\/en\/#website"},"primaryImageOfPage":{"@id":"https:\/\/fwfuer.de\/en\/how-crisis-proof-is-karlsruhe-9155\/#primaryimage"},"image":{"@id":"https:\/\/fwfuer.de\/en\/how-crisis-proof-is-karlsruhe-9155\/#primaryimage"},"thumbnailUrl":"https:\/\/fwfuer.de\/wp-content\/uploads\/2024\/04\/marcel-eberle-pCHl_wqfr0M-unsplash-scaled.jpg","datePublished":"2024-04-04T10:16:05+00:00","dateModified":"2026-01-27T15:10:59+00:00","description":"Die Pressemeldungen von F\u00dcR Karlsruhe im Gemeinderat der Stadt Karlsruhe. Hier ver\u00f6ffentlichen wir alle News rund um die Entscheidungen der Stadt Karlsruhe, unserer Anfragen und Initiativen im Karlsruher Gemeinderat.","breadcrumb":{"@id":"https:\/\/fwfuer.de\/en\/how-crisis-proof-is-karlsruhe-9155\/#breadcrumb"},"inLanguage":"en-US","potentialAction":[{"@type":"ReadAction","target":["https:\/\/fwfuer.de\/en\/how-crisis-proof-is-karlsruhe-9155\/"]}]},{"@type":"ImageObject","inLanguage":"en-US","@id":"https:\/\/fwfuer.de\/en\/how-crisis-proof-is-karlsruhe-9155\/#primaryimage","url":"https:\/\/fwfuer.de\/wp-content\/uploads\/2024\/04\/marcel-eberle-pCHl_wqfr0M-unsplash-scaled.jpg","contentUrl":"https:\/\/fwfuer.de\/wp-content\/uploads\/2024\/04\/marcel-eberle-pCHl_wqfr0M-unsplash-scaled.jpg","width":2880,"height":1928},{"@type":"BreadcrumbList","@id":"https:\/\/fwfuer.de\/en\/how-crisis-proof-is-karlsruhe-9155\/#breadcrumb","itemListElement":[{"@type":"ListItem","position":1,"name":"Startseite","item":"https:\/\/fwfuer.de\/en\/home\/"},{"@type":"ListItem","position":2,"name":"How crisis-proof is Karlsruhe?"}]},{"@type":"WebSite","@id":"https:\/\/fwfuer.de\/en\/#website","url":"https:\/\/fwfuer.de\/en\/","name":"Freie W\u00e4hler | F\u00dcR Karlsruhe in the Karlsruhe City Council","description":"Free group of councillors in Karlsruhe","publisher":{"@id":"https:\/\/fwfuer.de\/en\/#organization"},"alternateName":"F\u00dcR KARLSRUHE im Gemeinderat","potentialAction":[{"@type":"SearchAction","target":{"@type":"EntryPoint","urlTemplate":"https:\/\/fwfuer.de\/en\/?s={search_term_string}"},"query-input":{"@type":"PropertyValueSpecification","valueRequired":true,"valueName":"search_term_string"}}],"inLanguage":"en-US"},{"@type":"Organization","@id":"https:\/\/fwfuer.de\/en\/#organization","name":"F\u00dcR Karlsruhe im Gemeinderat","alternateName":"F\u00dcR Karlsruhe mit Stadtrat Friedemann Kalmbach","url":"https:\/\/fwfuer.de\/en\/","logo":{"@type":"ImageObject","inLanguage":"en-US","@id":"https:\/\/fwfuer.de\/en\/#\/schema\/logo\/image\/","url":"https:\/\/fwfuer.de\/wp-content\/uploads\/2024\/07\/cropped-Logo-1.png","contentUrl":"https:\/\/fwfuer.de\/wp-content\/uploads\/2024\/07\/cropped-Logo-1.png","width":512,"height":512,"caption":"F\u00dcR Karlsruhe im Gemeinderat"},"image":{"@id":"https:\/\/fwfuer.de\/en\/#\/schema\/logo\/image\/"},"sameAs":["https:\/\/www.facebook.com\/fwfuer","https:\/\/x.com\/fwfuer","https:\/\/www.instagram.com\/fuerka.de","https:\/\/de.linkedin.com\/company\/fw-fr-karlsruhe-gemeinderatsfraktion","https:\/\/tiktok.com\/@fuerka.de"]},{"@type":"Person","@id":"https:\/\/fwfuer.de\/en\/#\/schema\/person\/f43392225120ae37e95ed36d7b324a19","name":"F\u00dcR Karlsruhe im Gemeinderat"}]}},"_links":{"self":[{"href":"https:\/\/fwfuer.de\/en\/wp-json\/wp\/v2\/posts\/9155","targetHints":{"allow":["GET"]}}],"collection":[{"href":"https:\/\/fwfuer.de\/en\/wp-json\/wp\/v2\/posts"}],"about":[{"href":"https:\/\/fwfuer.de\/en\/wp-json\/wp\/v2\/types\/post"}],"author":[{"embeddable":true,"href":"https:\/\/fwfuer.de\/en\/wp-json\/wp\/v2\/users\/6"}],"replies":[{"embeddable":true,"href":"https:\/\/fwfuer.de\/en\/wp-json\/wp\/v2\/comments?post=9155"}],"version-history":[{"count":2,"href":"https:\/\/fwfuer.de\/en\/wp-json\/wp\/v2\/posts\/9155\/revisions"}],"predecessor-version":[{"id":9159,"href":"https:\/\/fwfuer.de\/en\/wp-json\/wp\/v2\/posts\/9155\/revisions\/9159"}],"wp:featuredmedia":[{"embeddable":true,"href":"https:\/\/fwfuer.de\/en\/wp-json\/wp\/v2\/media\/7006"}],"wp:attachment":[{"href":"https:\/\/fwfuer.de\/en\/wp-json\/wp\/v2\/media?parent=9155"}],"wp:term":[{"taxonomy":"category","embeddable":true,"href":"https:\/\/fwfuer.de\/en\/wp-json\/wp\/v2\/categories?post=9155"},{"taxonomy":"post_tag","embeddable":true,"href":"https:\/\/fwfuer.de\/en\/wp-json\/wp\/v2\/tags?post=9155"}],"curies":[{"name":"wp","href":"https:\/\/api.w.org\/{rel}","templated":true}]}}