{"id":9330,"date":"2024-12-06T15:01:37","date_gmt":"2024-12-06T14:01:37","guid":{"rendered":"https:\/\/fwfuer.de\/new-construction-of-the-turmbergbahn-does-not-fit-the-financial-situation-9330\/"},"modified":"2026-01-27T16:14:16","modified_gmt":"2026-01-27T15:14:16","slug":"new-construction-of-the-turmbergbahn-does-not-fit-the-financial-situation","status":"publish","type":"post","link":"https:\/\/fwfuer.de\/en\/new-construction-of-the-turmbergbahn-does-not-fit-the-financial-situation-9330\/","title":{"rendered":"New construction of the Turmbergbahn does not fit the financial situation"},"content":{"rendered":"\n<p>The voters&#8217; group F\u00dcR Karlsruhe in Karlsruhe City Council is firmly opposed to the planned investment of 32 million euros for the construction of the new Turmbergbahn. Against the backdrop of the city&#8217;s financial emergency with a foreseeable debt of one billion euros in 2025 and the pressing challenges in the social and infrastructural areas, the group of voters sees this expenditure as irresponsible. <\/p>\n\n<p>The current Turmbergbahn&#8217;s operating license expires at the end of 2024. However, the planned modernization and extension of the cable car, despite expected state funding, will burden the city with considerable costs in the long term. In addition to the construction costs of 32 million euros, there are also annual follow-up costs for interest payments and maintenance costs of over one million euros, which will further strain the city&#8217;s budget.  <\/p>\n\n<p>&#8220;At a time of financial constraints, when many necessary social and urban projects are on the back burner. This investment is a luxury that we should not afford. In addition, we still have no clarity as to what impact the lack of a federal budget will have on the city&#8217;s funded projects,&#8221; criticizes City Councillor Friedemann Kalmbach (F\u00dcR Karlsruhe).<\/p>\n\n<p>Councillor Kalmbach appeals for the new building to be reconsidered and for alternative, cost-efficient solutions for public transport and the Turmberg connection to be examined instead. &#8220;It&#8217;s about the future of our city &#8211; and that should be characterized by foresight and responsibility&#8221; <\/p>\n","protected":false},"excerpt":{"rendered":"<p>The voters&#8217; group F\u00dcR Karlsruhe in Karlsruhe City Council is firmly opposed to the planned investment of 32 million euros for the construction of the new Turmbergbahn. Against the backdrop of the city&#8217;s financial emergency with a foreseeable debt of one billion euros in 2025 and the pressing challenges in the social and infrastructural areas, [&hellip;]<\/p>\n","protected":false},"author":6,"featured_media":8149,"comment_status":"closed","ping_status":"closed","sticky":false,"template":"","format":"standard","meta":{"_acf_changed":false,"_et_pb_use_builder":"off","_et_pb_old_content":"","_et_gb_content_width":"","footnotes":"","_links_to":"","_links_to_target":""},"categories":[81],"tags":[],"class_list":["post-9330","post","type-post","status-publish","format-standard","has-post-thumbnail","hentry","category-press-releases"],"acf":[],"yoast_head":"<!-- This site is optimized with the Yoast SEO plugin v27.4 - https:\/\/yoast.com\/product\/yoast-seo-wordpress\/ -->\n<title>New construction of the Turmbergbahn does not fit the financial situation - Freie W\u00e4hler | F\u00dcR Karlsruhe in the Karlsruhe City Council<\/title>\n<meta name=\"description\" content=\"Die Pressemeldungen von F\u00dcR Karlsruhe im Gemeinderat der Stadt Karlsruhe. Hier ver\u00f6ffentlichen wir alle News rund um die Entscheidungen der Stadt Karlsruhe, unserer Anfragen und Initiativen im Karlsruher Gemeinderat.\" \/>\n<meta name=\"robots\" content=\"index, follow, max-snippet:-1, max-image-preview:large, max-video-preview:-1\" \/>\n<link rel=\"canonical\" href=\"https:\/\/fwfuer.de\/en\/new-construction-of-the-turmbergbahn-does-not-fit-the-financial-situation-9330\/\" \/>\n<meta property=\"og:locale\" content=\"en_US\" \/>\n<meta property=\"og:type\" content=\"article\" \/>\n<meta property=\"og:title\" content=\"New construction of the Turmbergbahn does not fit the financial situation - Freie W\u00e4hler | F\u00dcR Karlsruhe in the Karlsruhe City Council\" \/>\n<meta property=\"og:description\" content=\"Die Pressemeldungen von F\u00dcR Karlsruhe im Gemeinderat der Stadt Karlsruhe. Hier ver\u00f6ffentlichen wir alle News rund um die Entscheidungen der Stadt Karlsruhe, unserer Anfragen und Initiativen im Karlsruher Gemeinderat.\" \/>\n<meta property=\"og:url\" content=\"https:\/\/fwfuer.de\/en\/new-construction-of-the-turmbergbahn-does-not-fit-the-financial-situation-9330\/\" \/>\n<meta property=\"og:site_name\" content=\"Freie W\u00e4hler | F\u00dcR Karlsruhe in the Karlsruhe City Council\" \/>\n<meta property=\"article:publisher\" content=\"https:\/\/www.facebook.com\/fwfuer\" \/>\n<meta property=\"article:published_time\" content=\"2024-12-06T14:01:37+00:00\" \/>\n<meta property=\"article:modified_time\" content=\"2026-01-27T15:14:16+00:00\" \/>\n<meta property=\"og:image\" content=\"https:\/\/fwfuer.de\/wp-content\/uploads\/2024\/12\/IMG_2468-scaled.jpeg\" \/>\n\t<meta property=\"og:image:width\" content=\"2160\" \/>\n\t<meta property=\"og:image:height\" content=\"2880\" \/>\n\t<meta property=\"og:image:type\" content=\"image\/jpeg\" \/>\n<meta name=\"author\" content=\"F\u00dcR Karlsruhe im Gemeinderat\" \/>\n<meta name=\"twitter:card\" content=\"summary_large_image\" \/>\n<meta name=\"twitter:creator\" content=\"@fwfuer\" \/>\n<meta name=\"twitter:site\" content=\"@fwfuer\" \/>\n<meta name=\"twitter:label1\" content=\"Written by\" \/>\n\t<meta name=\"twitter:data1\" content=\"F\u00dcR Karlsruhe im Gemeinderat\" \/>\n\t<meta name=\"twitter:label2\" content=\"Est. reading time\" \/>\n\t<meta name=\"twitter:data2\" content=\"1 minute\" \/>\n<script type=\"application\/ld+json\" class=\"yoast-schema-graph\">{\"@context\":\"https:\\\/\\\/schema.org\",\"@graph\":[{\"@type\":\"NewsArticle\",\"@id\":\"https:\\\/\\\/fwfuer.de\\\/en\\\/new-construction-of-the-turmbergbahn-does-not-fit-the-financial-situation-9330\\\/#article\",\"isPartOf\":{\"@id\":\"https:\\\/\\\/fwfuer.de\\\/en\\\/new-construction-of-the-turmbergbahn-does-not-fit-the-financial-situation-9330\\\/\"},\"author\":{\"name\":\"F\u00dcR Karlsruhe im Gemeinderat\",\"@id\":\"https:\\\/\\\/fwfuer.de\\\/en\\\/#\\\/schema\\\/person\\\/f43392225120ae37e95ed36d7b324a19\"},\"headline\":\"New construction of the Turmbergbahn does not fit the financial situation\",\"datePublished\":\"2024-12-06T14:01:37+00:00\",\"dateModified\":\"2026-01-27T15:14:16+00:00\",\"mainEntityOfPage\":{\"@id\":\"https:\\\/\\\/fwfuer.de\\\/en\\\/new-construction-of-the-turmbergbahn-does-not-fit-the-financial-situation-9330\\\/\"},\"wordCount\":245,\"publisher\":{\"@id\":\"https:\\\/\\\/fwfuer.de\\\/en\\\/#organization\"},\"image\":{\"@id\":\"https:\\\/\\\/fwfuer.de\\\/en\\\/new-construction-of-the-turmbergbahn-does-not-fit-the-financial-situation-9330\\\/#primaryimage\"},\"thumbnailUrl\":\"https:\\\/\\\/fwfuer.de\\\/wp-content\\\/uploads\\\/2024\\\/12\\\/IMG_2468-scaled.jpeg\",\"articleSection\":[\"Press Releases\"],\"inLanguage\":\"en-US\"},{\"@type\":\"WebPage\",\"@id\":\"https:\\\/\\\/fwfuer.de\\\/en\\\/new-construction-of-the-turmbergbahn-does-not-fit-the-financial-situation-9330\\\/\",\"url\":\"https:\\\/\\\/fwfuer.de\\\/en\\\/new-construction-of-the-turmbergbahn-does-not-fit-the-financial-situation-9330\\\/\",\"name\":\"New construction of the Turmbergbahn does not fit the financial situation - Freie W\u00e4hler | F\u00dcR Karlsruhe in the Karlsruhe City Council\",\"isPartOf\":{\"@id\":\"https:\\\/\\\/fwfuer.de\\\/en\\\/#website\"},\"primaryImageOfPage\":{\"@id\":\"https:\\\/\\\/fwfuer.de\\\/en\\\/new-construction-of-the-turmbergbahn-does-not-fit-the-financial-situation-9330\\\/#primaryimage\"},\"image\":{\"@id\":\"https:\\\/\\\/fwfuer.de\\\/en\\\/new-construction-of-the-turmbergbahn-does-not-fit-the-financial-situation-9330\\\/#primaryimage\"},\"thumbnailUrl\":\"https:\\\/\\\/fwfuer.de\\\/wp-content\\\/uploads\\\/2024\\\/12\\\/IMG_2468-scaled.jpeg\",\"datePublished\":\"2024-12-06T14:01:37+00:00\",\"dateModified\":\"2026-01-27T15:14:16+00:00\",\"description\":\"Die Pressemeldungen von F\u00dcR Karlsruhe im Gemeinderat der Stadt Karlsruhe. Hier ver\u00f6ffentlichen wir alle News rund um die Entscheidungen der Stadt Karlsruhe, unserer Anfragen und Initiativen im Karlsruher Gemeinderat.\",\"breadcrumb\":{\"@id\":\"https:\\\/\\\/fwfuer.de\\\/en\\\/new-construction-of-the-turmbergbahn-does-not-fit-the-financial-situation-9330\\\/#breadcrumb\"},\"inLanguage\":\"en-US\",\"potentialAction\":[{\"@type\":\"ReadAction\",\"target\":[\"https:\\\/\\\/fwfuer.de\\\/en\\\/new-construction-of-the-turmbergbahn-does-not-fit-the-financial-situation-9330\\\/\"]}]},{\"@type\":\"ImageObject\",\"inLanguage\":\"en-US\",\"@id\":\"https:\\\/\\\/fwfuer.de\\\/en\\\/new-construction-of-the-turmbergbahn-does-not-fit-the-financial-situation-9330\\\/#primaryimage\",\"url\":\"https:\\\/\\\/fwfuer.de\\\/wp-content\\\/uploads\\\/2024\\\/12\\\/IMG_2468-scaled.jpeg\",\"contentUrl\":\"https:\\\/\\\/fwfuer.de\\\/wp-content\\\/uploads\\\/2024\\\/12\\\/IMG_2468-scaled.jpeg\",\"width\":2160,\"height\":2880},{\"@type\":\"BreadcrumbList\",\"@id\":\"https:\\\/\\\/fwfuer.de\\\/en\\\/new-construction-of-the-turmbergbahn-does-not-fit-the-financial-situation-9330\\\/#breadcrumb\",\"itemListElement\":[{\"@type\":\"ListItem\",\"position\":1,\"name\":\"Startseite\",\"item\":\"https:\\\/\\\/fwfuer.de\\\/en\\\/home\\\/\"},{\"@type\":\"ListItem\",\"position\":2,\"name\":\"New construction of the Turmbergbahn does not fit the financial situation\"}]},{\"@type\":\"WebSite\",\"@id\":\"https:\\\/\\\/fwfuer.de\\\/en\\\/#website\",\"url\":\"https:\\\/\\\/fwfuer.de\\\/en\\\/\",\"name\":\"Freie W\u00e4hler | F\u00dcR Karlsruhe in the Karlsruhe City Council\",\"description\":\"Free group of councillors in Karlsruhe\",\"publisher\":{\"@id\":\"https:\\\/\\\/fwfuer.de\\\/en\\\/#organization\"},\"alternateName\":\"F\u00dcR KARLSRUHE im Gemeinderat\",\"potentialAction\":[{\"@type\":\"SearchAction\",\"target\":{\"@type\":\"EntryPoint\",\"urlTemplate\":\"https:\\\/\\\/fwfuer.de\\\/en\\\/?s={search_term_string}\"},\"query-input\":{\"@type\":\"PropertyValueSpecification\",\"valueRequired\":true,\"valueName\":\"search_term_string\"}}],\"inLanguage\":\"en-US\"},{\"@type\":\"Organization\",\"@id\":\"https:\\\/\\\/fwfuer.de\\\/en\\\/#organization\",\"name\":\"F\u00dcR Karlsruhe im Gemeinderat\",\"alternateName\":\"F\u00dcR Karlsruhe mit Stadtrat Friedemann Kalmbach\",\"url\":\"https:\\\/\\\/fwfuer.de\\\/en\\\/\",\"logo\":{\"@type\":\"ImageObject\",\"inLanguage\":\"en-US\",\"@id\":\"https:\\\/\\\/fwfuer.de\\\/en\\\/#\\\/schema\\\/logo\\\/image\\\/\",\"url\":\"https:\\\/\\\/fwfuer.de\\\/wp-content\\\/uploads\\\/2024\\\/07\\\/cropped-Logo-1.png\",\"contentUrl\":\"https:\\\/\\\/fwfuer.de\\\/wp-content\\\/uploads\\\/2024\\\/07\\\/cropped-Logo-1.png\",\"width\":512,\"height\":512,\"caption\":\"F\u00dcR Karlsruhe im Gemeinderat\"},\"image\":{\"@id\":\"https:\\\/\\\/fwfuer.de\\\/en\\\/#\\\/schema\\\/logo\\\/image\\\/\"},\"sameAs\":[\"https:\\\/\\\/www.facebook.com\\\/fwfuer\",\"https:\\\/\\\/x.com\\\/fwfuer\",\"https:\\\/\\\/www.instagram.com\\\/fuerka.de\",\"https:\\\/\\\/de.linkedin.com\\\/company\\\/fw-fr-karlsruhe-gemeinderatsfraktion\",\"https:\\\/\\\/tiktok.com\\\/@fuerka.de\"]},{\"@type\":\"Person\",\"@id\":\"https:\\\/\\\/fwfuer.de\\\/en\\\/#\\\/schema\\\/person\\\/f43392225120ae37e95ed36d7b324a19\",\"name\":\"F\u00dcR Karlsruhe im Gemeinderat\"}]}<\/script>\n<!-- \/ Yoast SEO plugin. -->","yoast_head_json":{"title":"New construction of the Turmbergbahn does not fit the financial situation - Freie W\u00e4hler | F\u00dcR Karlsruhe in the Karlsruhe City Council","description":"Die Pressemeldungen von F\u00dcR Karlsruhe im Gemeinderat der Stadt Karlsruhe. Hier ver\u00f6ffentlichen wir alle News rund um die Entscheidungen der Stadt Karlsruhe, unserer Anfragen und Initiativen im Karlsruher Gemeinderat.","robots":{"index":"index","follow":"follow","max-snippet":"max-snippet:-1","max-image-preview":"max-image-preview:large","max-video-preview":"max-video-preview:-1"},"canonical":"https:\/\/fwfuer.de\/en\/new-construction-of-the-turmbergbahn-does-not-fit-the-financial-situation-9330\/","og_locale":"en_US","og_type":"article","og_title":"New construction of the Turmbergbahn does not fit the financial situation - Freie W\u00e4hler | F\u00dcR Karlsruhe in the Karlsruhe City Council","og_description":"Die Pressemeldungen von F\u00dcR Karlsruhe im Gemeinderat der Stadt Karlsruhe. Hier ver\u00f6ffentlichen wir alle News rund um die Entscheidungen der Stadt Karlsruhe, unserer Anfragen und Initiativen im Karlsruher Gemeinderat.","og_url":"https:\/\/fwfuer.de\/en\/new-construction-of-the-turmbergbahn-does-not-fit-the-financial-situation-9330\/","og_site_name":"Freie W\u00e4hler | F\u00dcR Karlsruhe in the Karlsruhe City Council","article_publisher":"https:\/\/www.facebook.com\/fwfuer","article_published_time":"2024-12-06T14:01:37+00:00","article_modified_time":"2026-01-27T15:14:16+00:00","og_image":[{"width":2160,"height":2880,"url":"https:\/\/fwfuer.de\/wp-content\/uploads\/2024\/12\/IMG_2468-scaled.jpeg","type":"image\/jpeg"}],"author":"F\u00dcR Karlsruhe im Gemeinderat","twitter_card":"summary_large_image","twitter_creator":"@fwfuer","twitter_site":"@fwfuer","twitter_misc":{"Written by":"F\u00dcR Karlsruhe im Gemeinderat","Est. reading time":"1 minute"},"schema":{"@context":"https:\/\/schema.org","@graph":[{"@type":"NewsArticle","@id":"https:\/\/fwfuer.de\/en\/new-construction-of-the-turmbergbahn-does-not-fit-the-financial-situation-9330\/#article","isPartOf":{"@id":"https:\/\/fwfuer.de\/en\/new-construction-of-the-turmbergbahn-does-not-fit-the-financial-situation-9330\/"},"author":{"name":"F\u00dcR Karlsruhe im Gemeinderat","@id":"https:\/\/fwfuer.de\/en\/#\/schema\/person\/f43392225120ae37e95ed36d7b324a19"},"headline":"New construction of the Turmbergbahn does not fit the financial situation","datePublished":"2024-12-06T14:01:37+00:00","dateModified":"2026-01-27T15:14:16+00:00","mainEntityOfPage":{"@id":"https:\/\/fwfuer.de\/en\/new-construction-of-the-turmbergbahn-does-not-fit-the-financial-situation-9330\/"},"wordCount":245,"publisher":{"@id":"https:\/\/fwfuer.de\/en\/#organization"},"image":{"@id":"https:\/\/fwfuer.de\/en\/new-construction-of-the-turmbergbahn-does-not-fit-the-financial-situation-9330\/#primaryimage"},"thumbnailUrl":"https:\/\/fwfuer.de\/wp-content\/uploads\/2024\/12\/IMG_2468-scaled.jpeg","articleSection":["Press Releases"],"inLanguage":"en-US"},{"@type":"WebPage","@id":"https:\/\/fwfuer.de\/en\/new-construction-of-the-turmbergbahn-does-not-fit-the-financial-situation-9330\/","url":"https:\/\/fwfuer.de\/en\/new-construction-of-the-turmbergbahn-does-not-fit-the-financial-situation-9330\/","name":"New construction of the Turmbergbahn does not fit the financial situation - Freie W\u00e4hler | F\u00dcR Karlsruhe in the Karlsruhe City Council","isPartOf":{"@id":"https:\/\/fwfuer.de\/en\/#website"},"primaryImageOfPage":{"@id":"https:\/\/fwfuer.de\/en\/new-construction-of-the-turmbergbahn-does-not-fit-the-financial-situation-9330\/#primaryimage"},"image":{"@id":"https:\/\/fwfuer.de\/en\/new-construction-of-the-turmbergbahn-does-not-fit-the-financial-situation-9330\/#primaryimage"},"thumbnailUrl":"https:\/\/fwfuer.de\/wp-content\/uploads\/2024\/12\/IMG_2468-scaled.jpeg","datePublished":"2024-12-06T14:01:37+00:00","dateModified":"2026-01-27T15:14:16+00:00","description":"Die Pressemeldungen von F\u00dcR Karlsruhe im Gemeinderat der Stadt Karlsruhe. Hier ver\u00f6ffentlichen wir alle News rund um die Entscheidungen der Stadt Karlsruhe, unserer Anfragen und Initiativen im Karlsruher Gemeinderat.","breadcrumb":{"@id":"https:\/\/fwfuer.de\/en\/new-construction-of-the-turmbergbahn-does-not-fit-the-financial-situation-9330\/#breadcrumb"},"inLanguage":"en-US","potentialAction":[{"@type":"ReadAction","target":["https:\/\/fwfuer.de\/en\/new-construction-of-the-turmbergbahn-does-not-fit-the-financial-situation-9330\/"]}]},{"@type":"ImageObject","inLanguage":"en-US","@id":"https:\/\/fwfuer.de\/en\/new-construction-of-the-turmbergbahn-does-not-fit-the-financial-situation-9330\/#primaryimage","url":"https:\/\/fwfuer.de\/wp-content\/uploads\/2024\/12\/IMG_2468-scaled.jpeg","contentUrl":"https:\/\/fwfuer.de\/wp-content\/uploads\/2024\/12\/IMG_2468-scaled.jpeg","width":2160,"height":2880},{"@type":"BreadcrumbList","@id":"https:\/\/fwfuer.de\/en\/new-construction-of-the-turmbergbahn-does-not-fit-the-financial-situation-9330\/#breadcrumb","itemListElement":[{"@type":"ListItem","position":1,"name":"Startseite","item":"https:\/\/fwfuer.de\/en\/home\/"},{"@type":"ListItem","position":2,"name":"New construction of the Turmbergbahn does not fit the financial situation"}]},{"@type":"WebSite","@id":"https:\/\/fwfuer.de\/en\/#website","url":"https:\/\/fwfuer.de\/en\/","name":"Freie W\u00e4hler | F\u00dcR Karlsruhe in the Karlsruhe City Council","description":"Free group of councillors in Karlsruhe","publisher":{"@id":"https:\/\/fwfuer.de\/en\/#organization"},"alternateName":"F\u00dcR KARLSRUHE im Gemeinderat","potentialAction":[{"@type":"SearchAction","target":{"@type":"EntryPoint","urlTemplate":"https:\/\/fwfuer.de\/en\/?s={search_term_string}"},"query-input":{"@type":"PropertyValueSpecification","valueRequired":true,"valueName":"search_term_string"}}],"inLanguage":"en-US"},{"@type":"Organization","@id":"https:\/\/fwfuer.de\/en\/#organization","name":"F\u00dcR Karlsruhe im Gemeinderat","alternateName":"F\u00dcR Karlsruhe mit Stadtrat Friedemann Kalmbach","url":"https:\/\/fwfuer.de\/en\/","logo":{"@type":"ImageObject","inLanguage":"en-US","@id":"https:\/\/fwfuer.de\/en\/#\/schema\/logo\/image\/","url":"https:\/\/fwfuer.de\/wp-content\/uploads\/2024\/07\/cropped-Logo-1.png","contentUrl":"https:\/\/fwfuer.de\/wp-content\/uploads\/2024\/07\/cropped-Logo-1.png","width":512,"height":512,"caption":"F\u00dcR Karlsruhe im Gemeinderat"},"image":{"@id":"https:\/\/fwfuer.de\/en\/#\/schema\/logo\/image\/"},"sameAs":["https:\/\/www.facebook.com\/fwfuer","https:\/\/x.com\/fwfuer","https:\/\/www.instagram.com\/fuerka.de","https:\/\/de.linkedin.com\/company\/fw-fr-karlsruhe-gemeinderatsfraktion","https:\/\/tiktok.com\/@fuerka.de"]},{"@type":"Person","@id":"https:\/\/fwfuer.de\/en\/#\/schema\/person\/f43392225120ae37e95ed36d7b324a19","name":"F\u00dcR Karlsruhe im Gemeinderat"}]}},"_links":{"self":[{"href":"https:\/\/fwfuer.de\/en\/wp-json\/wp\/v2\/posts\/9330","targetHints":{"allow":["GET"]}}],"collection":[{"href":"https:\/\/fwfuer.de\/en\/wp-json\/wp\/v2\/posts"}],"about":[{"href":"https:\/\/fwfuer.de\/en\/wp-json\/wp\/v2\/types\/post"}],"author":[{"embeddable":true,"href":"https:\/\/fwfuer.de\/en\/wp-json\/wp\/v2\/users\/6"}],"replies":[{"embeddable":true,"href":"https:\/\/fwfuer.de\/en\/wp-json\/wp\/v2\/comments?post=9330"}],"version-history":[{"count":2,"href":"https:\/\/fwfuer.de\/en\/wp-json\/wp\/v2\/posts\/9330\/revisions"}],"predecessor-version":[{"id":9333,"href":"https:\/\/fwfuer.de\/en\/wp-json\/wp\/v2\/posts\/9330\/revisions\/9333"}],"wp:featuredmedia":[{"embeddable":true,"href":"https:\/\/fwfuer.de\/en\/wp-json\/wp\/v2\/media\/8149"}],"wp:attachment":[{"href":"https:\/\/fwfuer.de\/en\/wp-json\/wp\/v2\/media?parent=9330"}],"wp:term":[{"taxonomy":"category","embeddable":true,"href":"https:\/\/fwfuer.de\/en\/wp-json\/wp\/v2\/categories?post=9330"},{"taxonomy":"post_tag","embeddable":true,"href":"https:\/\/fwfuer.de\/en\/wp-json\/wp\/v2\/tags?post=9330"}],"curies":[{"name":"wp","href":"https:\/\/api.w.org\/{rel}","templated":true}]}}