{"id":4947,"date":"2023-03-30T13:04:51","date_gmt":"2023-03-30T11:04:51","guid":{"rendered":"https:\/\/fwfuer.de\/suedstadt-ost-necesita-mejores-conexiones-de-transporte-publico-4947\/"},"modified":"2023-03-30T13:05:06","modified_gmt":"2023-03-30T11:05:06","slug":"suedstadt-ost-necesita-mejores-conexiones-de-transporte-publico","status":"publish","type":"post","link":"https:\/\/fwfuer.de\/es\/suedstadt-ost-necesita-mejores-conexiones-de-transporte-publico-4947\/","title":{"rendered":"S\u00fcdstadt-Ost necesita mejores conexiones de transporte p\u00fablico"},"content":{"rendered":"\n<p>S\u00fcdstadt-Ost necesita mejores conexiones de transporte p\u00fablico. Esta es la opini\u00f3n del grupo del consejo municipal Votantes Libres y F\u00dcR Karlsruhe. Especialmente en la zona comprendida entre Sybelstra\u00dfe, Luisenstra\u00dfe y Stuttgarter Stra\u00dfe, las distancias hasta la siguiente parada son largas. El grupo del consejo municipal propone dos nuevas paradas en la Stuttgarter Stra\u00dfe, lo que permitir\u00eda conectar mejor algunas calles.<\/p>\n\n<p>La idea de nuevas paradas de autob\u00fas en la calle Stuttgarter Stra\u00dfe fue acogida positivamente por la empresa de transportes de Karlsruhe en el comit\u00e9 principal. Se van a desarrollar varios conceptos sobre c\u00f3mo dise\u00f1ar las nuevas conexiones de S\u00fcdstadt-Ost.<\/p>\n\n<p>La concejala Petra Lorenz (Freie W\u00e4hler) celebra que se aborde la mala conexi\u00f3n de S\u00fcdstadt-Ost con el centro de la ciudad: \u00abNos preocupa mucho que el transporte p\u00fablico sea de f\u00e1cil acceso en todo Karlsruhe. La decisi\u00f3n de coger el tren o el autob\u00fas es mucho m\u00e1s f\u00e1cil cuando la parada est\u00e1 a 50 en vez de a 200 metros. En Karlsruhe, y especialmente en S\u00fcdstadt, hay que actuar\u00bb.<\/p>\n\n<p>El grupo del consejo municipal Freie W\u00e4hler y F\u00dcR Karlsruhe sigue abogando por la construcci\u00f3n de nuevas paradas de autob\u00fas en S\u00fcdstadt.<\/p>\n\n<p>El jefe del grupo parlamentario Friedemann Kalmbach (F\u00dcR Karlsruhe) ve un problema estructural en las conexiones de transporte p\u00fablico de Karlsruhe: \u00abSi uno viaja por la Innstadt, puede confiar en una red de transporte que funciona, con buenas conexiones y tiempos de viaje frecuentes. Sin embargo, si se aleja del centro de la ciudad, las paradas est\u00e1n mucho m\u00e1s separadas. Muchos ciudadanos deciden entonces, comprensiblemente, no utilizar el transporte p\u00fablico. Esperamos que la administraci\u00f3n y las empresas de transporte lo tengan en cuenta y trabajen en ello. Le apoyaremos en esto\u00bb.<\/p>\n","protected":false},"excerpt":{"rendered":"<p>S\u00fcdstadt-Ost necesita mejores conexiones de transporte p\u00fablico. Esta es la opini\u00f3n del grupo del consejo municipal Votantes Libres y F\u00dcR Karlsruhe. Especialmente en la zona comprendida entre Sybelstra\u00dfe, Luisenstra\u00dfe y Stuttgarter Stra\u00dfe, las distancias hasta la siguiente parada son largas. El grupo del consejo municipal propone dos nuevas paradas en la Stuttgarter Stra\u00dfe, lo que [&hellip;]<\/p>\n","protected":false},"author":1,"featured_media":4171,"comment_status":"closed","ping_status":"closed","sticky":false,"template":"","format":"standard","meta":{"_acf_changed":false,"_et_pb_use_builder":"off","_et_pb_old_content":"","_et_gb_content_width":"","footnotes":"","_links_to":"","_links_to_target":""},"categories":[82],"tags":[],"class_list":["post-4947","post","type-post","status-publish","format-standard","has-post-thumbnail","hentry","category-comunicados-prensa"],"acf":[],"yoast_head":"<!-- This site is optimized with the Yoast SEO plugin v27.5 - https:\/\/yoast.com\/product\/yoast-seo-wordpress\/ -->\n<title>S\u00fcdstadt-Ost necesita mejores conexiones de transporte p\u00fablico - Freie W\u00e4hler | F\u00dcR Karlsruhe en el Consejo Municipal de Karlsruhe<\/title>\n<meta name=\"description\" content=\"Die Pressemeldungen von F\u00dcR Karlsruhe im Gemeinderat der Stadt Karlsruhe. Hier ver\u00f6ffentlichen wir alle News rund um die Entscheidungen der Stadt Karlsruhe, unserer Anfragen und Initiativen im Karlsruher Gemeinderat.\" \/>\n<meta name=\"robots\" content=\"index, follow, max-snippet:-1, max-image-preview:large, max-video-preview:-1\" \/>\n<link rel=\"canonical\" href=\"https:\/\/fwfuer.de\/es\/suedstadt-ost-necesita-mejores-conexiones-de-transporte-publico-4947\/\" \/>\n<meta property=\"og:locale\" content=\"es_ES\" \/>\n<meta property=\"og:type\" content=\"article\" \/>\n<meta property=\"og:title\" content=\"S\u00fcdstadt-Ost necesita mejores conexiones de transporte p\u00fablico - Freie W\u00e4hler | F\u00dcR Karlsruhe en el Consejo Municipal de Karlsruhe\" \/>\n<meta property=\"og:description\" content=\"Die Pressemeldungen von F\u00dcR Karlsruhe im Gemeinderat der Stadt Karlsruhe. Hier ver\u00f6ffentlichen wir alle News rund um die Entscheidungen der Stadt Karlsruhe, unserer Anfragen und Initiativen im Karlsruher Gemeinderat.\" \/>\n<meta property=\"og:url\" content=\"https:\/\/fwfuer.de\/es\/suedstadt-ost-necesita-mejores-conexiones-de-transporte-publico-4947\/\" \/>\n<meta property=\"og:site_name\" content=\"Freie W\u00e4hler | F\u00dcR Karlsruhe en el Consejo Municipal de Karlsruhe\" \/>\n<meta property=\"article:publisher\" content=\"https:\/\/www.facebook.com\/fwfuer\" \/>\n<meta property=\"article:author\" content=\"https:\/\/www.facebook.com\/SchlittenhardtM\" \/>\n<meta property=\"article:published_time\" content=\"2023-03-30T11:04:51+00:00\" \/>\n<meta property=\"article:modified_time\" content=\"2023-03-30T11:05:06+00:00\" \/>\n<meta property=\"og:image\" content=\"https:\/\/fwfuer.de\/wp-content\/uploads\/2022\/12\/848834_XXL.jpg\" \/>\n\t<meta property=\"og:image:width\" content=\"2048\" \/>\n\t<meta property=\"og:image:height\" content=\"1536\" \/>\n\t<meta property=\"og:image:type\" content=\"image\/jpeg\" \/>\n<meta name=\"author\" content=\"F\u00dcR Karlsruhe im Gemeinderat\" \/>\n<meta name=\"twitter:card\" content=\"summary_large_image\" \/>\n<meta name=\"twitter:creator\" content=\"@https:\/\/www.twitter.com\/SchlittenhardtM\" \/>\n<meta name=\"twitter:site\" content=\"@fwfuer\" \/>\n<meta name=\"twitter:label1\" content=\"Escrito por\" \/>\n\t<meta name=\"twitter:data1\" content=\"F\u00dcR Karlsruhe im Gemeinderat\" \/>\n\t<meta name=\"twitter:label2\" content=\"Tiempo de lectura\" \/>\n\t<meta name=\"twitter:data2\" content=\"2 minutos\" \/>\n<script type=\"application\/ld+json\" class=\"yoast-schema-graph\">{\"@context\":\"https:\\\/\\\/schema.org\",\"@graph\":[{\"@type\":\"NewsArticle\",\"@id\":\"https:\\\/\\\/fwfuer.de\\\/es\\\/suedstadt-ost-necesita-mejores-conexiones-de-transporte-publico-4947\\\/#article\",\"isPartOf\":{\"@id\":\"https:\\\/\\\/fwfuer.de\\\/es\\\/suedstadt-ost-necesita-mejores-conexiones-de-transporte-publico-4947\\\/\"},\"author\":{\"name\":\"F\u00dcR Karlsruhe im Gemeinderat\",\"@id\":\"https:\\\/\\\/fwfuer.de\\\/es\\\/#\\\/schema\\\/person\\\/84fbd80d001f4b437100c64ef6a47902\"},\"headline\":\"S\u00fcdstadt-Ost necesita mejores conexiones de transporte p\u00fablico\",\"datePublished\":\"2023-03-30T11:04:51+00:00\",\"dateModified\":\"2023-03-30T11:05:06+00:00\",\"mainEntityOfPage\":{\"@id\":\"https:\\\/\\\/fwfuer.de\\\/es\\\/suedstadt-ost-necesita-mejores-conexiones-de-transporte-publico-4947\\\/\"},\"wordCount\":324,\"publisher\":{\"@id\":\"https:\\\/\\\/fwfuer.de\\\/es\\\/#organization\"},\"image\":{\"@id\":\"https:\\\/\\\/fwfuer.de\\\/es\\\/suedstadt-ost-necesita-mejores-conexiones-de-transporte-publico-4947\\\/#primaryimage\"},\"thumbnailUrl\":\"https:\\\/\\\/fwfuer.de\\\/wp-content\\\/uploads\\\/2022\\\/12\\\/848834_XXL.jpg\",\"articleSection\":[\"Comunicados de prensa\"],\"inLanguage\":\"es\"},{\"@type\":\"WebPage\",\"@id\":\"https:\\\/\\\/fwfuer.de\\\/es\\\/suedstadt-ost-necesita-mejores-conexiones-de-transporte-publico-4947\\\/\",\"url\":\"https:\\\/\\\/fwfuer.de\\\/es\\\/suedstadt-ost-necesita-mejores-conexiones-de-transporte-publico-4947\\\/\",\"name\":\"S\u00fcdstadt-Ost necesita mejores conexiones de transporte p\u00fablico - Freie W\u00e4hler | F\u00dcR Karlsruhe en el Consejo Municipal de Karlsruhe\",\"isPartOf\":{\"@id\":\"https:\\\/\\\/fwfuer.de\\\/es\\\/#website\"},\"primaryImageOfPage\":{\"@id\":\"https:\\\/\\\/fwfuer.de\\\/es\\\/suedstadt-ost-necesita-mejores-conexiones-de-transporte-publico-4947\\\/#primaryimage\"},\"image\":{\"@id\":\"https:\\\/\\\/fwfuer.de\\\/es\\\/suedstadt-ost-necesita-mejores-conexiones-de-transporte-publico-4947\\\/#primaryimage\"},\"thumbnailUrl\":\"https:\\\/\\\/fwfuer.de\\\/wp-content\\\/uploads\\\/2022\\\/12\\\/848834_XXL.jpg\",\"datePublished\":\"2023-03-30T11:04:51+00:00\",\"dateModified\":\"2023-03-30T11:05:06+00:00\",\"description\":\"Die Pressemeldungen von F\u00dcR Karlsruhe im Gemeinderat der Stadt Karlsruhe. Hier ver\u00f6ffentlichen wir alle News rund um die Entscheidungen der Stadt Karlsruhe, unserer Anfragen und Initiativen im Karlsruher Gemeinderat.\",\"breadcrumb\":{\"@id\":\"https:\\\/\\\/fwfuer.de\\\/es\\\/suedstadt-ost-necesita-mejores-conexiones-de-transporte-publico-4947\\\/#breadcrumb\"},\"inLanguage\":\"es\",\"potentialAction\":[{\"@type\":\"ReadAction\",\"target\":[\"https:\\\/\\\/fwfuer.de\\\/es\\\/suedstadt-ost-necesita-mejores-conexiones-de-transporte-publico-4947\\\/\"]}]},{\"@type\":\"ImageObject\",\"inLanguage\":\"es\",\"@id\":\"https:\\\/\\\/fwfuer.de\\\/es\\\/suedstadt-ost-necesita-mejores-conexiones-de-transporte-publico-4947\\\/#primaryimage\",\"url\":\"https:\\\/\\\/fwfuer.de\\\/wp-content\\\/uploads\\\/2022\\\/12\\\/848834_XXL.jpg\",\"contentUrl\":\"https:\\\/\\\/fwfuer.de\\\/wp-content\\\/uploads\\\/2022\\\/12\\\/848834_XXL.jpg\",\"width\":2048,\"height\":1536,\"caption\":\"Blick auf die S\u00fcdtstadt-Ost von der Stuttgarter Stra\u00dfe\"},{\"@type\":\"BreadcrumbList\",\"@id\":\"https:\\\/\\\/fwfuer.de\\\/es\\\/suedstadt-ost-necesita-mejores-conexiones-de-transporte-publico-4947\\\/#breadcrumb\",\"itemListElement\":[{\"@type\":\"ListItem\",\"position\":1,\"name\":\"Startseite\",\"item\":\"https:\\\/\\\/fwfuer.de\\\/es\\\/casa\\\/\"},{\"@type\":\"ListItem\",\"position\":2,\"name\":\"S\u00fcdstadt-Ost necesita mejores conexiones de transporte p\u00fablico\"}]},{\"@type\":\"WebSite\",\"@id\":\"https:\\\/\\\/fwfuer.de\\\/es\\\/#website\",\"url\":\"https:\\\/\\\/fwfuer.de\\\/es\\\/\",\"name\":\"Freie W\u00e4hler | F\u00dcR Karlsruhe en el Consejo Municipal de Karlsruhe\",\"description\":\"Grupo libre de concejales en Karlsruhe\",\"publisher\":{\"@id\":\"https:\\\/\\\/fwfuer.de\\\/es\\\/#organization\"},\"alternateName\":\"F\u00dcR KARLSRUHE im Gemeinderat\",\"potentialAction\":[{\"@type\":\"SearchAction\",\"target\":{\"@type\":\"EntryPoint\",\"urlTemplate\":\"https:\\\/\\\/fwfuer.de\\\/es\\\/?s={search_term_string}\"},\"query-input\":{\"@type\":\"PropertyValueSpecification\",\"valueRequired\":true,\"valueName\":\"search_term_string\"}}],\"inLanguage\":\"es\"},{\"@type\":\"Organization\",\"@id\":\"https:\\\/\\\/fwfuer.de\\\/es\\\/#organization\",\"name\":\"F\u00dcR Karlsruhe im Gemeinderat\",\"alternateName\":\"F\u00dcR Karlsruhe mit Stadtrat Friedemann Kalmbach\",\"url\":\"https:\\\/\\\/fwfuer.de\\\/es\\\/\",\"logo\":{\"@type\":\"ImageObject\",\"inLanguage\":\"es\",\"@id\":\"https:\\\/\\\/fwfuer.de\\\/es\\\/#\\\/schema\\\/logo\\\/image\\\/\",\"url\":\"https:\\\/\\\/fwfuer.de\\\/wp-content\\\/uploads\\\/2024\\\/07\\\/cropped-Logo-1.png\",\"contentUrl\":\"https:\\\/\\\/fwfuer.de\\\/wp-content\\\/uploads\\\/2024\\\/07\\\/cropped-Logo-1.png\",\"width\":512,\"height\":512,\"caption\":\"F\u00dcR Karlsruhe im Gemeinderat\"},\"image\":{\"@id\":\"https:\\\/\\\/fwfuer.de\\\/es\\\/#\\\/schema\\\/logo\\\/image\\\/\"},\"sameAs\":[\"https:\\\/\\\/www.facebook.com\\\/fwfuer\",\"https:\\\/\\\/x.com\\\/fwfuer\",\"https:\\\/\\\/www.instagram.com\\\/fuerka.de\",\"https:\\\/\\\/de.linkedin.com\\\/company\\\/fw-fr-karlsruhe-gemeinderatsfraktion\",\"https:\\\/\\\/tiktok.com\\\/@fuerka.de\"]},{\"@type\":\"Person\",\"@id\":\"https:\\\/\\\/fwfuer.de\\\/es\\\/#\\\/schema\\\/person\\\/84fbd80d001f4b437100c64ef6a47902\",\"name\":\"F\u00dcR Karlsruhe im Gemeinderat\",\"description\":\"Fraktionsgesch\u00e4ftsf\u00fchrer der FW|F\u00dcR Fraktion im Karlsruher Gemeinderat.\",\"sameAs\":[\"https:\\\/\\\/www.facebook.com\\\/SchlittenhardtM\",\"https:\\\/\\\/www.instagram.com\\\/SchlittenhardtM\",\"https:\\\/\\\/x.com\\\/https:\\\/\\\/www.twitter.com\\\/SchlittenhardtM\"]}]}<\/script>\n<!-- \/ Yoast SEO plugin. -->","yoast_head_json":{"title":"S\u00fcdstadt-Ost necesita mejores conexiones de transporte p\u00fablico - Freie W\u00e4hler | F\u00dcR Karlsruhe en el Consejo Municipal de Karlsruhe","description":"Die Pressemeldungen von F\u00dcR Karlsruhe im Gemeinderat der Stadt Karlsruhe. Hier ver\u00f6ffentlichen wir alle News rund um die Entscheidungen der Stadt Karlsruhe, unserer Anfragen und Initiativen im Karlsruher Gemeinderat.","robots":{"index":"index","follow":"follow","max-snippet":"max-snippet:-1","max-image-preview":"max-image-preview:large","max-video-preview":"max-video-preview:-1"},"canonical":"https:\/\/fwfuer.de\/es\/suedstadt-ost-necesita-mejores-conexiones-de-transporte-publico-4947\/","og_locale":"es_ES","og_type":"article","og_title":"S\u00fcdstadt-Ost necesita mejores conexiones de transporte p\u00fablico - Freie W\u00e4hler | F\u00dcR Karlsruhe en el Consejo Municipal de Karlsruhe","og_description":"Die Pressemeldungen von F\u00dcR Karlsruhe im Gemeinderat der Stadt Karlsruhe. Hier ver\u00f6ffentlichen wir alle News rund um die Entscheidungen der Stadt Karlsruhe, unserer Anfragen und Initiativen im Karlsruher Gemeinderat.","og_url":"https:\/\/fwfuer.de\/es\/suedstadt-ost-necesita-mejores-conexiones-de-transporte-publico-4947\/","og_site_name":"Freie W\u00e4hler | F\u00dcR Karlsruhe en el Consejo Municipal de Karlsruhe","article_publisher":"https:\/\/www.facebook.com\/fwfuer","article_author":"https:\/\/www.facebook.com\/SchlittenhardtM","article_published_time":"2023-03-30T11:04:51+00:00","article_modified_time":"2023-03-30T11:05:06+00:00","og_image":[{"width":2048,"height":1536,"url":"https:\/\/fwfuer.de\/wp-content\/uploads\/2022\/12\/848834_XXL.jpg","type":"image\/jpeg"}],"author":"F\u00dcR Karlsruhe im Gemeinderat","twitter_card":"summary_large_image","twitter_creator":"@https:\/\/www.twitter.com\/SchlittenhardtM","twitter_site":"@fwfuer","twitter_misc":{"Escrito por":"F\u00dcR Karlsruhe im Gemeinderat","Tiempo de lectura":"2 minutos"},"schema":{"@context":"https:\/\/schema.org","@graph":[{"@type":"NewsArticle","@id":"https:\/\/fwfuer.de\/es\/suedstadt-ost-necesita-mejores-conexiones-de-transporte-publico-4947\/#article","isPartOf":{"@id":"https:\/\/fwfuer.de\/es\/suedstadt-ost-necesita-mejores-conexiones-de-transporte-publico-4947\/"},"author":{"name":"F\u00dcR Karlsruhe im Gemeinderat","@id":"https:\/\/fwfuer.de\/es\/#\/schema\/person\/84fbd80d001f4b437100c64ef6a47902"},"headline":"S\u00fcdstadt-Ost necesita mejores conexiones de transporte p\u00fablico","datePublished":"2023-03-30T11:04:51+00:00","dateModified":"2023-03-30T11:05:06+00:00","mainEntityOfPage":{"@id":"https:\/\/fwfuer.de\/es\/suedstadt-ost-necesita-mejores-conexiones-de-transporte-publico-4947\/"},"wordCount":324,"publisher":{"@id":"https:\/\/fwfuer.de\/es\/#organization"},"image":{"@id":"https:\/\/fwfuer.de\/es\/suedstadt-ost-necesita-mejores-conexiones-de-transporte-publico-4947\/#primaryimage"},"thumbnailUrl":"https:\/\/fwfuer.de\/wp-content\/uploads\/2022\/12\/848834_XXL.jpg","articleSection":["Comunicados de prensa"],"inLanguage":"es"},{"@type":"WebPage","@id":"https:\/\/fwfuer.de\/es\/suedstadt-ost-necesita-mejores-conexiones-de-transporte-publico-4947\/","url":"https:\/\/fwfuer.de\/es\/suedstadt-ost-necesita-mejores-conexiones-de-transporte-publico-4947\/","name":"S\u00fcdstadt-Ost necesita mejores conexiones de transporte p\u00fablico - Freie W\u00e4hler | F\u00dcR Karlsruhe en el Consejo Municipal de Karlsruhe","isPartOf":{"@id":"https:\/\/fwfuer.de\/es\/#website"},"primaryImageOfPage":{"@id":"https:\/\/fwfuer.de\/es\/suedstadt-ost-necesita-mejores-conexiones-de-transporte-publico-4947\/#primaryimage"},"image":{"@id":"https:\/\/fwfuer.de\/es\/suedstadt-ost-necesita-mejores-conexiones-de-transporte-publico-4947\/#primaryimage"},"thumbnailUrl":"https:\/\/fwfuer.de\/wp-content\/uploads\/2022\/12\/848834_XXL.jpg","datePublished":"2023-03-30T11:04:51+00:00","dateModified":"2023-03-30T11:05:06+00:00","description":"Die Pressemeldungen von F\u00dcR Karlsruhe im Gemeinderat der Stadt Karlsruhe. Hier ver\u00f6ffentlichen wir alle News rund um die Entscheidungen der Stadt Karlsruhe, unserer Anfragen und Initiativen im Karlsruher Gemeinderat.","breadcrumb":{"@id":"https:\/\/fwfuer.de\/es\/suedstadt-ost-necesita-mejores-conexiones-de-transporte-publico-4947\/#breadcrumb"},"inLanguage":"es","potentialAction":[{"@type":"ReadAction","target":["https:\/\/fwfuer.de\/es\/suedstadt-ost-necesita-mejores-conexiones-de-transporte-publico-4947\/"]}]},{"@type":"ImageObject","inLanguage":"es","@id":"https:\/\/fwfuer.de\/es\/suedstadt-ost-necesita-mejores-conexiones-de-transporte-publico-4947\/#primaryimage","url":"https:\/\/fwfuer.de\/wp-content\/uploads\/2022\/12\/848834_XXL.jpg","contentUrl":"https:\/\/fwfuer.de\/wp-content\/uploads\/2022\/12\/848834_XXL.jpg","width":2048,"height":1536,"caption":"Blick auf die S\u00fcdtstadt-Ost von der Stuttgarter Stra\u00dfe"},{"@type":"BreadcrumbList","@id":"https:\/\/fwfuer.de\/es\/suedstadt-ost-necesita-mejores-conexiones-de-transporte-publico-4947\/#breadcrumb","itemListElement":[{"@type":"ListItem","position":1,"name":"Startseite","item":"https:\/\/fwfuer.de\/es\/casa\/"},{"@type":"ListItem","position":2,"name":"S\u00fcdstadt-Ost necesita mejores conexiones de transporte p\u00fablico"}]},{"@type":"WebSite","@id":"https:\/\/fwfuer.de\/es\/#website","url":"https:\/\/fwfuer.de\/es\/","name":"Freie W\u00e4hler | F\u00dcR Karlsruhe en el Consejo Municipal de Karlsruhe","description":"Grupo libre de concejales en Karlsruhe","publisher":{"@id":"https:\/\/fwfuer.de\/es\/#organization"},"alternateName":"F\u00dcR KARLSRUHE im Gemeinderat","potentialAction":[{"@type":"SearchAction","target":{"@type":"EntryPoint","urlTemplate":"https:\/\/fwfuer.de\/es\/?s={search_term_string}"},"query-input":{"@type":"PropertyValueSpecification","valueRequired":true,"valueName":"search_term_string"}}],"inLanguage":"es"},{"@type":"Organization","@id":"https:\/\/fwfuer.de\/es\/#organization","name":"F\u00dcR Karlsruhe im Gemeinderat","alternateName":"F\u00dcR Karlsruhe mit Stadtrat Friedemann Kalmbach","url":"https:\/\/fwfuer.de\/es\/","logo":{"@type":"ImageObject","inLanguage":"es","@id":"https:\/\/fwfuer.de\/es\/#\/schema\/logo\/image\/","url":"https:\/\/fwfuer.de\/wp-content\/uploads\/2024\/07\/cropped-Logo-1.png","contentUrl":"https:\/\/fwfuer.de\/wp-content\/uploads\/2024\/07\/cropped-Logo-1.png","width":512,"height":512,"caption":"F\u00dcR Karlsruhe im Gemeinderat"},"image":{"@id":"https:\/\/fwfuer.de\/es\/#\/schema\/logo\/image\/"},"sameAs":["https:\/\/www.facebook.com\/fwfuer","https:\/\/x.com\/fwfuer","https:\/\/www.instagram.com\/fuerka.de","https:\/\/de.linkedin.com\/company\/fw-fr-karlsruhe-gemeinderatsfraktion","https:\/\/tiktok.com\/@fuerka.de"]},{"@type":"Person","@id":"https:\/\/fwfuer.de\/es\/#\/schema\/person\/84fbd80d001f4b437100c64ef6a47902","name":"F\u00dcR Karlsruhe im Gemeinderat","description":"Fraktionsgesch\u00e4ftsf\u00fchrer der FW|F\u00dcR Fraktion im Karlsruher Gemeinderat.","sameAs":["https:\/\/www.facebook.com\/SchlittenhardtM","https:\/\/www.instagram.com\/SchlittenhardtM","https:\/\/x.com\/https:\/\/www.twitter.com\/SchlittenhardtM"]}]}},"_links":{"self":[{"href":"https:\/\/fwfuer.de\/es\/wp-json\/wp\/v2\/posts\/4947","targetHints":{"allow":["GET"]}}],"collection":[{"href":"https:\/\/fwfuer.de\/es\/wp-json\/wp\/v2\/posts"}],"about":[{"href":"https:\/\/fwfuer.de\/es\/wp-json\/wp\/v2\/types\/post"}],"author":[{"embeddable":true,"href":"https:\/\/fwfuer.de\/es\/wp-json\/wp\/v2\/users\/1"}],"replies":[{"embeddable":true,"href":"https:\/\/fwfuer.de\/es\/wp-json\/wp\/v2\/comments?post=4947"}],"version-history":[{"count":4,"href":"https:\/\/fwfuer.de\/es\/wp-json\/wp\/v2\/posts\/4947\/revisions"}],"predecessor-version":[{"id":4959,"href":"https:\/\/fwfuer.de\/es\/wp-json\/wp\/v2\/posts\/4947\/revisions\/4959"}],"wp:featuredmedia":[{"embeddable":true,"href":"https:\/\/fwfuer.de\/es\/wp-json\/wp\/v2\/media\/4171"}],"wp:attachment":[{"href":"https:\/\/fwfuer.de\/es\/wp-json\/wp\/v2\/media?parent=4947"}],"wp:term":[{"taxonomy":"category","embeddable":true,"href":"https:\/\/fwfuer.de\/es\/wp-json\/wp\/v2\/categories?post=4947"},{"taxonomy":"post_tag","embeddable":true,"href":"https:\/\/fwfuer.de\/es\/wp-json\/wp\/v2\/tags?post=4947"}],"curies":[{"name":"wp","href":"https:\/\/api.w.org\/{rel}","templated":true}]}}