{"id":5463,"date":"2023-04-26T10:05:45","date_gmt":"2023-04-26T08:05:45","guid":{"rendered":"https:\/\/fwfuer.de\/falta-de-datos-el-alcance-del-deporte-escolar-cancelado-y-la-falta-de-personal-docente-no-estan-claros-5463\/"},"modified":"2023-04-26T10:07:07","modified_gmt":"2023-04-26T08:07:07","slug":"falta-de-datos-el-alcance-del-deporte-escolar-cancelado-y-la-falta-de-personal-docente-no-estan-claros","status":"publish","type":"post","link":"https:\/\/fwfuer.de\/es\/falta-de-datos-el-alcance-del-deporte-escolar-cancelado-y-la-falta-de-personal-docente-no-estan-claros-5463\/","title":{"rendered":"Falta de datos: se desconoce el alcance de la anulaci\u00f3n del deporte escolar y la falta de personal docente"},"content":{"rendered":"\n<p>La ciudad de Karlsruhe respondi\u00f3 a una pregunta del grupo del consejo municipal Votantes Libres y F\u00dcR Karlsruhe sobre la inactividad f\u00edsica, pero con pocos datos concretos. El grupo del consejo municipal hab\u00eda presentado una pregunta a la administraci\u00f3n municipal para saber en qu\u00e9 medida la ciudad est\u00e1 dotada de instalaciones deportivas y personal para las clases escolares, con el fin de evitar la falta de ejercicio entre los alumnos. Un an\u00e1lisis del inventario deber\u00eda aportar claridad.<\/p>\n\n<p>Sin embargo, el ayuntamiento no tiene respuesta sobre si las clases de deporte y nataci\u00f3n cuentan con suficiente personal docente cualificado, requisito b\u00e1sico para que los ni\u00f1os hagan suficiente ejercicio. El ayuntamiento tampoco dispone de informaci\u00f3n sobre cu\u00e1ntas clases de deporte se cancelaron el curso pasado. El grupo espera mejoras significativas en este \u00e1mbito. En el pleno municipal, el concejal Friedemann Kalmbach critic\u00f3 la mala situaci\u00f3n de los datos y pidi\u00f3 al ayuntamiento una respuesta m\u00e1s precisa. El alcalde Mentrup prometi\u00f3 volver a aclarar la cuesti\u00f3n en una conversaci\u00f3n.<br\/>Incluso antes de la pandemia, seg\u00fan varios estudios, se cancelaban m\u00e1s del doble de clases de lo que afirmaban las autoridades y los ministros de educaci\u00f3n: el 5% de todas las clases de educaci\u00f3n f\u00edsica se cancelaban por falta de profesores e instalaciones deportivas.<\/p>\n\n<p>Sin embargo, seg\u00fan la administraci\u00f3n municipal, los pabellones deportivos, campos de atletismo y estadios de Karlsruhe son s\u00f3lidos: \u00abLos pabellones deportivos est\u00e1n adecuadamente equipados para la pr\u00e1ctica del deporte escolar. Algunos pabellones necesitan reformas debido a su antig\u00fcedad, pero esto no restringe la pr\u00e1ctica del deporte escolar. Las medidas necesarias de mantenimiento de los edificios se llevan a cabo como es debido, al igual que las sustituciones necesarias del equipamiento deportivo en el momento oportuno\u00bb, reza la respuesta de la ciudad. Sin embargo, el retraso en la renovaci\u00f3n y la situaci\u00f3n financiera no permiten hacer afirmaciones m\u00e1s concretas sobre la aplicaci\u00f3n.<\/p>\n","protected":false},"excerpt":{"rendered":"<p>La ciudad de Karlsruhe respondi\u00f3 a una pregunta del grupo del consejo municipal Votantes Libres y F\u00dcR Karlsruhe sobre la inactividad f\u00edsica, pero con pocos datos concretos. El grupo del consejo municipal hab\u00eda presentado una pregunta a la administraci\u00f3n municipal para saber en qu\u00e9 medida la ciudad est\u00e1 dotada de instalaciones deportivas y personal para [&hellip;]<\/p>\n","protected":false},"author":1,"featured_media":0,"comment_status":"closed","ping_status":"closed","sticky":false,"template":"","format":"standard","meta":{"_acf_changed":false,"_et_pb_use_builder":"off","_et_pb_old_content":"","_et_gb_content_width":"","footnotes":"","_links_to":"","_links_to_target":""},"categories":[82],"tags":[270,269,267],"class_list":["post-5463","post","type-post","status-publish","format-standard","hentry","category-comunicados-prensa","tag-deporte","tag-escuela","tag-ninos-y-jovenes"],"acf":[],"yoast_head":"<!-- This site is optimized with the Yoast SEO plugin v27.5 - https:\/\/yoast.com\/product\/yoast-seo-wordpress\/ -->\n<title>Falta de datos: se desconoce el alcance de la anulaci\u00f3n del deporte escolar y la falta de personal docente - Freie W\u00e4hler | F\u00dcR Karlsruhe en el Consejo Municipal de Karlsruhe<\/title>\n<meta name=\"description\" content=\"Die Pressemeldungen von F\u00dcR Karlsruhe im Gemeinderat der Stadt Karlsruhe. Hier ver\u00f6ffentlichen wir alle News rund um die Entscheidungen der Stadt Karlsruhe, unserer Anfragen und Initiativen im Karlsruher Gemeinderat.\" \/>\n<meta name=\"robots\" content=\"index, follow, max-snippet:-1, max-image-preview:large, max-video-preview:-1\" \/>\n<link rel=\"canonical\" href=\"https:\/\/fwfuer.de\/es\/falta-de-datos-el-alcance-del-deporte-escolar-cancelado-y-la-falta-de-personal-docente-no-estan-claros-5463\/\" \/>\n<meta property=\"og:locale\" content=\"es_ES\" \/>\n<meta property=\"og:type\" content=\"article\" \/>\n<meta property=\"og:title\" content=\"Falta de datos: se desconoce el alcance de la anulaci\u00f3n del deporte escolar y la falta de personal docente - Freie W\u00e4hler | F\u00dcR Karlsruhe en el Consejo Municipal de Karlsruhe\" \/>\n<meta property=\"og:description\" content=\"Die Pressemeldungen von F\u00dcR Karlsruhe im Gemeinderat der Stadt Karlsruhe. Hier ver\u00f6ffentlichen wir alle News rund um die Entscheidungen der Stadt Karlsruhe, unserer Anfragen und Initiativen im Karlsruher Gemeinderat.\" \/>\n<meta property=\"og:url\" content=\"https:\/\/fwfuer.de\/es\/falta-de-datos-el-alcance-del-deporte-escolar-cancelado-y-la-falta-de-personal-docente-no-estan-claros-5463\/\" \/>\n<meta property=\"og:site_name\" content=\"Freie W\u00e4hler | F\u00dcR Karlsruhe en el Consejo Municipal de Karlsruhe\" \/>\n<meta property=\"article:publisher\" content=\"https:\/\/www.facebook.com\/fwfuer\" \/>\n<meta property=\"article:author\" content=\"https:\/\/www.facebook.com\/SchlittenhardtM\" \/>\n<meta property=\"article:published_time\" content=\"2023-04-26T08:05:45+00:00\" \/>\n<meta property=\"article:modified_time\" content=\"2023-04-26T08:07:07+00:00\" \/>\n<meta property=\"og:image\" content=\"https:\/\/fwfuer.de\/wp-content\/uploads\/2022\/10\/FriedemannOnlineSchulung-scaled.jpeg\" \/>\n\t<meta property=\"og:image:width\" content=\"2880\" \/>\n\t<meta property=\"og:image:height\" content=\"2160\" \/>\n\t<meta property=\"og:image:type\" content=\"image\/jpeg\" \/>\n<meta name=\"author\" content=\"F\u00dcR Karlsruhe im Gemeinderat\" \/>\n<meta name=\"twitter:card\" content=\"summary_large_image\" \/>\n<meta name=\"twitter:creator\" content=\"@https:\/\/www.twitter.com\/SchlittenhardtM\" \/>\n<meta name=\"twitter:site\" content=\"@fwfuer\" \/>\n<meta name=\"twitter:label1\" content=\"Escrito por\" \/>\n\t<meta name=\"twitter:data1\" content=\"F\u00dcR Karlsruhe im Gemeinderat\" \/>\n\t<meta name=\"twitter:label2\" content=\"Tiempo de lectura\" \/>\n\t<meta name=\"twitter:data2\" content=\"2 minutos\" \/>\n<script type=\"application\/ld+json\" class=\"yoast-schema-graph\">{\"@context\":\"https:\\\/\\\/schema.org\",\"@graph\":[{\"@type\":\"NewsArticle\",\"@id\":\"https:\\\/\\\/fwfuer.de\\\/es\\\/falta-de-datos-el-alcance-del-deporte-escolar-cancelado-y-la-falta-de-personal-docente-no-estan-claros-5463\\\/#article\",\"isPartOf\":{\"@id\":\"https:\\\/\\\/fwfuer.de\\\/es\\\/falta-de-datos-el-alcance-del-deporte-escolar-cancelado-y-la-falta-de-personal-docente-no-estan-claros-5463\\\/\"},\"author\":{\"name\":\"F\u00dcR Karlsruhe im Gemeinderat\",\"@id\":\"https:\\\/\\\/fwfuer.de\\\/es\\\/#\\\/schema\\\/person\\\/84fbd80d001f4b437100c64ef6a47902\"},\"headline\":\"Falta de datos: se desconoce el alcance de la anulaci\u00f3n del deporte escolar y la falta de personal docente\",\"datePublished\":\"2023-04-26T08:05:45+00:00\",\"dateModified\":\"2023-04-26T08:07:07+00:00\",\"mainEntityOfPage\":{\"@id\":\"https:\\\/\\\/fwfuer.de\\\/es\\\/falta-de-datos-el-alcance-del-deporte-escolar-cancelado-y-la-falta-de-personal-docente-no-estan-claros-5463\\\/\"},\"wordCount\":361,\"publisher\":{\"@id\":\"https:\\\/\\\/fwfuer.de\\\/es\\\/#organization\"},\"keywords\":[\"Deporte\",\"Escuela\",\"Ni\u00f1os y j\u00f3venes\"],\"articleSection\":[\"Comunicados de prensa\"],\"inLanguage\":\"es\"},{\"@type\":\"WebPage\",\"@id\":\"https:\\\/\\\/fwfuer.de\\\/es\\\/falta-de-datos-el-alcance-del-deporte-escolar-cancelado-y-la-falta-de-personal-docente-no-estan-claros-5463\\\/\",\"url\":\"https:\\\/\\\/fwfuer.de\\\/es\\\/falta-de-datos-el-alcance-del-deporte-escolar-cancelado-y-la-falta-de-personal-docente-no-estan-claros-5463\\\/\",\"name\":\"Falta de datos: se desconoce el alcance de la anulaci\u00f3n del deporte escolar y la falta de personal docente - Freie W\u00e4hler | F\u00dcR Karlsruhe en el Consejo Municipal de Karlsruhe\",\"isPartOf\":{\"@id\":\"https:\\\/\\\/fwfuer.de\\\/es\\\/#website\"},\"datePublished\":\"2023-04-26T08:05:45+00:00\",\"dateModified\":\"2023-04-26T08:07:07+00:00\",\"description\":\"Die Pressemeldungen von F\u00dcR Karlsruhe im Gemeinderat der Stadt Karlsruhe. Hier ver\u00f6ffentlichen wir alle News rund um die Entscheidungen der Stadt Karlsruhe, unserer Anfragen und Initiativen im Karlsruher Gemeinderat.\",\"breadcrumb\":{\"@id\":\"https:\\\/\\\/fwfuer.de\\\/es\\\/falta-de-datos-el-alcance-del-deporte-escolar-cancelado-y-la-falta-de-personal-docente-no-estan-claros-5463\\\/#breadcrumb\"},\"inLanguage\":\"es\",\"potentialAction\":[{\"@type\":\"ReadAction\",\"target\":[\"https:\\\/\\\/fwfuer.de\\\/es\\\/falta-de-datos-el-alcance-del-deporte-escolar-cancelado-y-la-falta-de-personal-docente-no-estan-claros-5463\\\/\"]}]},{\"@type\":\"BreadcrumbList\",\"@id\":\"https:\\\/\\\/fwfuer.de\\\/es\\\/falta-de-datos-el-alcance-del-deporte-escolar-cancelado-y-la-falta-de-personal-docente-no-estan-claros-5463\\\/#breadcrumb\",\"itemListElement\":[{\"@type\":\"ListItem\",\"position\":1,\"name\":\"Startseite\",\"item\":\"https:\\\/\\\/fwfuer.de\\\/es\\\/casa\\\/\"},{\"@type\":\"ListItem\",\"position\":2,\"name\":\"Falta de datos: se desconoce el alcance de la anulaci\u00f3n del deporte escolar y la falta de personal docente\"}]},{\"@type\":\"WebSite\",\"@id\":\"https:\\\/\\\/fwfuer.de\\\/es\\\/#website\",\"url\":\"https:\\\/\\\/fwfuer.de\\\/es\\\/\",\"name\":\"Freie W\u00e4hler | F\u00dcR Karlsruhe en el Consejo Municipal de Karlsruhe\",\"description\":\"Grupo libre de concejales en Karlsruhe\",\"publisher\":{\"@id\":\"https:\\\/\\\/fwfuer.de\\\/es\\\/#organization\"},\"alternateName\":\"F\u00dcR KARLSRUHE im Gemeinderat\",\"potentialAction\":[{\"@type\":\"SearchAction\",\"target\":{\"@type\":\"EntryPoint\",\"urlTemplate\":\"https:\\\/\\\/fwfuer.de\\\/es\\\/?s={search_term_string}\"},\"query-input\":{\"@type\":\"PropertyValueSpecification\",\"valueRequired\":true,\"valueName\":\"search_term_string\"}}],\"inLanguage\":\"es\"},{\"@type\":\"Organization\",\"@id\":\"https:\\\/\\\/fwfuer.de\\\/es\\\/#organization\",\"name\":\"F\u00dcR Karlsruhe im Gemeinderat\",\"alternateName\":\"F\u00dcR Karlsruhe mit Stadtrat Friedemann Kalmbach\",\"url\":\"https:\\\/\\\/fwfuer.de\\\/es\\\/\",\"logo\":{\"@type\":\"ImageObject\",\"inLanguage\":\"es\",\"@id\":\"https:\\\/\\\/fwfuer.de\\\/es\\\/#\\\/schema\\\/logo\\\/image\\\/\",\"url\":\"https:\\\/\\\/fwfuer.de\\\/wp-content\\\/uploads\\\/2024\\\/07\\\/cropped-Logo-1.png\",\"contentUrl\":\"https:\\\/\\\/fwfuer.de\\\/wp-content\\\/uploads\\\/2024\\\/07\\\/cropped-Logo-1.png\",\"width\":512,\"height\":512,\"caption\":\"F\u00dcR Karlsruhe im Gemeinderat\"},\"image\":{\"@id\":\"https:\\\/\\\/fwfuer.de\\\/es\\\/#\\\/schema\\\/logo\\\/image\\\/\"},\"sameAs\":[\"https:\\\/\\\/www.facebook.com\\\/fwfuer\",\"https:\\\/\\\/x.com\\\/fwfuer\",\"https:\\\/\\\/www.instagram.com\\\/fuerka.de\",\"https:\\\/\\\/de.linkedin.com\\\/company\\\/fw-fr-karlsruhe-gemeinderatsfraktion\",\"https:\\\/\\\/tiktok.com\\\/@fuerka.de\"]},{\"@type\":\"Person\",\"@id\":\"https:\\\/\\\/fwfuer.de\\\/es\\\/#\\\/schema\\\/person\\\/84fbd80d001f4b437100c64ef6a47902\",\"name\":\"F\u00dcR Karlsruhe im Gemeinderat\",\"description\":\"Fraktionsgesch\u00e4ftsf\u00fchrer der FW|F\u00dcR Fraktion im Karlsruher Gemeinderat.\",\"sameAs\":[\"https:\\\/\\\/www.facebook.com\\\/SchlittenhardtM\",\"https:\\\/\\\/www.instagram.com\\\/SchlittenhardtM\",\"https:\\\/\\\/x.com\\\/https:\\\/\\\/www.twitter.com\\\/SchlittenhardtM\"]}]}<\/script>\n<!-- \/ Yoast SEO plugin. -->","yoast_head_json":{"title":"Falta de datos: se desconoce el alcance de la anulaci\u00f3n del deporte escolar y la falta de personal docente - Freie W\u00e4hler | F\u00dcR Karlsruhe en el Consejo Municipal de Karlsruhe","description":"Die Pressemeldungen von F\u00dcR Karlsruhe im Gemeinderat der Stadt Karlsruhe. Hier ver\u00f6ffentlichen wir alle News rund um die Entscheidungen der Stadt Karlsruhe, unserer Anfragen und Initiativen im Karlsruher Gemeinderat.","robots":{"index":"index","follow":"follow","max-snippet":"max-snippet:-1","max-image-preview":"max-image-preview:large","max-video-preview":"max-video-preview:-1"},"canonical":"https:\/\/fwfuer.de\/es\/falta-de-datos-el-alcance-del-deporte-escolar-cancelado-y-la-falta-de-personal-docente-no-estan-claros-5463\/","og_locale":"es_ES","og_type":"article","og_title":"Falta de datos: se desconoce el alcance de la anulaci\u00f3n del deporte escolar y la falta de personal docente - Freie W\u00e4hler | F\u00dcR Karlsruhe en el Consejo Municipal de Karlsruhe","og_description":"Die Pressemeldungen von F\u00dcR Karlsruhe im Gemeinderat der Stadt Karlsruhe. Hier ver\u00f6ffentlichen wir alle News rund um die Entscheidungen der Stadt Karlsruhe, unserer Anfragen und Initiativen im Karlsruher Gemeinderat.","og_url":"https:\/\/fwfuer.de\/es\/falta-de-datos-el-alcance-del-deporte-escolar-cancelado-y-la-falta-de-personal-docente-no-estan-claros-5463\/","og_site_name":"Freie W\u00e4hler | F\u00dcR Karlsruhe en el Consejo Municipal de Karlsruhe","article_publisher":"https:\/\/www.facebook.com\/fwfuer","article_author":"https:\/\/www.facebook.com\/SchlittenhardtM","article_published_time":"2023-04-26T08:05:45+00:00","article_modified_time":"2023-04-26T08:07:07+00:00","og_image":[{"width":2880,"height":2160,"url":"https:\/\/fwfuer.de\/wp-content\/uploads\/2022\/10\/FriedemannOnlineSchulung-scaled.jpeg","type":"image\/jpeg"}],"author":"F\u00dcR Karlsruhe im Gemeinderat","twitter_card":"summary_large_image","twitter_creator":"@https:\/\/www.twitter.com\/SchlittenhardtM","twitter_site":"@fwfuer","twitter_misc":{"Escrito por":"F\u00dcR Karlsruhe im Gemeinderat","Tiempo de lectura":"2 minutos"},"schema":{"@context":"https:\/\/schema.org","@graph":[{"@type":"NewsArticle","@id":"https:\/\/fwfuer.de\/es\/falta-de-datos-el-alcance-del-deporte-escolar-cancelado-y-la-falta-de-personal-docente-no-estan-claros-5463\/#article","isPartOf":{"@id":"https:\/\/fwfuer.de\/es\/falta-de-datos-el-alcance-del-deporte-escolar-cancelado-y-la-falta-de-personal-docente-no-estan-claros-5463\/"},"author":{"name":"F\u00dcR Karlsruhe im Gemeinderat","@id":"https:\/\/fwfuer.de\/es\/#\/schema\/person\/84fbd80d001f4b437100c64ef6a47902"},"headline":"Falta de datos: se desconoce el alcance de la anulaci\u00f3n del deporte escolar y la falta de personal docente","datePublished":"2023-04-26T08:05:45+00:00","dateModified":"2023-04-26T08:07:07+00:00","mainEntityOfPage":{"@id":"https:\/\/fwfuer.de\/es\/falta-de-datos-el-alcance-del-deporte-escolar-cancelado-y-la-falta-de-personal-docente-no-estan-claros-5463\/"},"wordCount":361,"publisher":{"@id":"https:\/\/fwfuer.de\/es\/#organization"},"keywords":["Deporte","Escuela","Ni\u00f1os y j\u00f3venes"],"articleSection":["Comunicados de prensa"],"inLanguage":"es"},{"@type":"WebPage","@id":"https:\/\/fwfuer.de\/es\/falta-de-datos-el-alcance-del-deporte-escolar-cancelado-y-la-falta-de-personal-docente-no-estan-claros-5463\/","url":"https:\/\/fwfuer.de\/es\/falta-de-datos-el-alcance-del-deporte-escolar-cancelado-y-la-falta-de-personal-docente-no-estan-claros-5463\/","name":"Falta de datos: se desconoce el alcance de la anulaci\u00f3n del deporte escolar y la falta de personal docente - Freie W\u00e4hler | F\u00dcR Karlsruhe en el Consejo Municipal de Karlsruhe","isPartOf":{"@id":"https:\/\/fwfuer.de\/es\/#website"},"datePublished":"2023-04-26T08:05:45+00:00","dateModified":"2023-04-26T08:07:07+00:00","description":"Die Pressemeldungen von F\u00dcR Karlsruhe im Gemeinderat der Stadt Karlsruhe. Hier ver\u00f6ffentlichen wir alle News rund um die Entscheidungen der Stadt Karlsruhe, unserer Anfragen und Initiativen im Karlsruher Gemeinderat.","breadcrumb":{"@id":"https:\/\/fwfuer.de\/es\/falta-de-datos-el-alcance-del-deporte-escolar-cancelado-y-la-falta-de-personal-docente-no-estan-claros-5463\/#breadcrumb"},"inLanguage":"es","potentialAction":[{"@type":"ReadAction","target":["https:\/\/fwfuer.de\/es\/falta-de-datos-el-alcance-del-deporte-escolar-cancelado-y-la-falta-de-personal-docente-no-estan-claros-5463\/"]}]},{"@type":"BreadcrumbList","@id":"https:\/\/fwfuer.de\/es\/falta-de-datos-el-alcance-del-deporte-escolar-cancelado-y-la-falta-de-personal-docente-no-estan-claros-5463\/#breadcrumb","itemListElement":[{"@type":"ListItem","position":1,"name":"Startseite","item":"https:\/\/fwfuer.de\/es\/casa\/"},{"@type":"ListItem","position":2,"name":"Falta de datos: se desconoce el alcance de la anulaci\u00f3n del deporte escolar y la falta de personal docente"}]},{"@type":"WebSite","@id":"https:\/\/fwfuer.de\/es\/#website","url":"https:\/\/fwfuer.de\/es\/","name":"Freie W\u00e4hler | F\u00dcR Karlsruhe en el Consejo Municipal de Karlsruhe","description":"Grupo libre de concejales en Karlsruhe","publisher":{"@id":"https:\/\/fwfuer.de\/es\/#organization"},"alternateName":"F\u00dcR KARLSRUHE im Gemeinderat","potentialAction":[{"@type":"SearchAction","target":{"@type":"EntryPoint","urlTemplate":"https:\/\/fwfuer.de\/es\/?s={search_term_string}"},"query-input":{"@type":"PropertyValueSpecification","valueRequired":true,"valueName":"search_term_string"}}],"inLanguage":"es"},{"@type":"Organization","@id":"https:\/\/fwfuer.de\/es\/#organization","name":"F\u00dcR Karlsruhe im Gemeinderat","alternateName":"F\u00dcR Karlsruhe mit Stadtrat Friedemann Kalmbach","url":"https:\/\/fwfuer.de\/es\/","logo":{"@type":"ImageObject","inLanguage":"es","@id":"https:\/\/fwfuer.de\/es\/#\/schema\/logo\/image\/","url":"https:\/\/fwfuer.de\/wp-content\/uploads\/2024\/07\/cropped-Logo-1.png","contentUrl":"https:\/\/fwfuer.de\/wp-content\/uploads\/2024\/07\/cropped-Logo-1.png","width":512,"height":512,"caption":"F\u00dcR Karlsruhe im Gemeinderat"},"image":{"@id":"https:\/\/fwfuer.de\/es\/#\/schema\/logo\/image\/"},"sameAs":["https:\/\/www.facebook.com\/fwfuer","https:\/\/x.com\/fwfuer","https:\/\/www.instagram.com\/fuerka.de","https:\/\/de.linkedin.com\/company\/fw-fr-karlsruhe-gemeinderatsfraktion","https:\/\/tiktok.com\/@fuerka.de"]},{"@type":"Person","@id":"https:\/\/fwfuer.de\/es\/#\/schema\/person\/84fbd80d001f4b437100c64ef6a47902","name":"F\u00dcR Karlsruhe im Gemeinderat","description":"Fraktionsgesch\u00e4ftsf\u00fchrer der FW|F\u00dcR Fraktion im Karlsruher Gemeinderat.","sameAs":["https:\/\/www.facebook.com\/SchlittenhardtM","https:\/\/www.instagram.com\/SchlittenhardtM","https:\/\/x.com\/https:\/\/www.twitter.com\/SchlittenhardtM"]}]}},"_links":{"self":[{"href":"https:\/\/fwfuer.de\/es\/wp-json\/wp\/v2\/posts\/5463","targetHints":{"allow":["GET"]}}],"collection":[{"href":"https:\/\/fwfuer.de\/es\/wp-json\/wp\/v2\/posts"}],"about":[{"href":"https:\/\/fwfuer.de\/es\/wp-json\/wp\/v2\/types\/post"}],"author":[{"embeddable":true,"href":"https:\/\/fwfuer.de\/es\/wp-json\/wp\/v2\/users\/1"}],"replies":[{"embeddable":true,"href":"https:\/\/fwfuer.de\/es\/wp-json\/wp\/v2\/comments?post=5463"}],"version-history":[{"count":5,"href":"https:\/\/fwfuer.de\/es\/wp-json\/wp\/v2\/posts\/5463\/revisions"}],"predecessor-version":[{"id":5478,"href":"https:\/\/fwfuer.de\/es\/wp-json\/wp\/v2\/posts\/5463\/revisions\/5478"}],"wp:attachment":[{"href":"https:\/\/fwfuer.de\/es\/wp-json\/wp\/v2\/media?parent=5463"}],"wp:term":[{"taxonomy":"category","embeddable":true,"href":"https:\/\/fwfuer.de\/es\/wp-json\/wp\/v2\/categories?post=5463"},{"taxonomy":"post_tag","embeddable":true,"href":"https:\/\/fwfuer.de\/es\/wp-json\/wp\/v2\/tags?post=5463"}],"curies":[{"name":"wp","href":"https:\/\/api.w.org\/{rel}","templated":true}]}}