{"id":5842,"date":"2023-06-23T10:49:02","date_gmt":"2023-06-23T08:49:02","guid":{"rendered":"https:\/\/fwfuer.de\/mejor-senalizacion-para-karlsruhe-5842\/"},"modified":"2023-08-15T12:55:54","modified_gmt":"2023-08-15T10:55:54","slug":"mejor-senalizacion-para-karlsruhe","status":"publish","type":"post","link":"https:\/\/fwfuer.de\/es\/mejor-senalizacion-para-karlsruhe-5842\/","title":{"rendered":"Mejor se\u00f1alizaci\u00f3n para Karlsruhe"},"content":{"rendered":"\n<p>El grupo del consejo municipal Freie W\u00e4hler y F\u00dcR Karlsruhe (FW|F\u00dcR Karlsruhe grupo) ha presentado una moci\u00f3n al consejo municipal de Karlsruhe en la que pide una mejor se\u00f1alizaci\u00f3n tur\u00edstica del centro de la ciudad. En colaboraci\u00f3n con Karlsruhe Tourismus GmbH, se va a desarrollar un concepto para colocar se\u00f1ales en la plaza del mercado y en los cruces importantes para se\u00f1alar los puntos m\u00e1s destacados de la ciudad e indicar los senderos con marcas m\u00e9tricas.<\/p>\n\n<p>Como ciudad habitable y atractiva con casi un mill\u00f3n de pernoctaciones al a\u00f1o, es importante mejorar la orientaci\u00f3n y la experiencia en la ciudad. La mejora de la se\u00f1alizaci\u00f3n en el centro de la ciudad y la se\u00f1alizaci\u00f3n de la plaza del mercado y los cruces importantes son un paso importante para aumentar el atractivo de la ciudad para los turistas.<\/p>\n\n<p>El jefe del grupo parlamentario, Friedemann Kalmbach, y los concejales J\u00fcrgen Wenzel y Petra Lorenz, as\u00ed como el jefe del grupo parlamentario, Micha Schlittenhardt, apuestan por una ciudad habitable y atractiva y esperan presentar la idea al pleno municipal.<\/p>\n\n<h2 class=\"wp-block-heading\"><strong>PREGUNTAS FRECUENTES<\/strong><\/h2>\n\n<p><strong><em>\u00bfCu\u00e1l es el objetivo de la solicitud?<\/em><\/strong><br\/>El objetivo de la moci\u00f3n es mejorar la se\u00f1alizaci\u00f3n tur\u00edstica del centro de Karlsruhe. En colaboraci\u00f3n con KTG Karlsruhe Tourismus GmbH, se va a desarrollar un concepto para colocar se\u00f1ales en la plaza del mercado y en los cruces importantes para se\u00f1alar los puntos m\u00e1s destacados de la ciudad e indicar los senderos con marcas m\u00e9tricas.<\/p>\n\n<p><em><strong>\u00bfPor qu\u00e9 es importante mejorar la se\u00f1alizaci\u00f3n?<\/strong><\/em><br\/>Como ciudad habitable y atractiva, con casi un mill\u00f3n de pernoctaciones al a\u00f1o, es importante mejorar tambi\u00e9n el liderazgo y la experiencia offline en la ciudad. La mejora de la se\u00f1alizaci\u00f3n en el centro de la ciudad y la se\u00f1alizaci\u00f3n de la plaza del mercado y los cruces importantes son un paso importante para aumentar el atractivo de la ciudad para los turistas.<\/p>\n","protected":false},"excerpt":{"rendered":"<p>El grupo del consejo municipal Freie W\u00e4hler y F\u00dcR Karlsruhe (FW|F\u00dcR Karlsruhe grupo) ha presentado una moci\u00f3n al consejo municipal de Karlsruhe en la que pide una mejor se\u00f1alizaci\u00f3n tur\u00edstica del centro de la ciudad. En colaboraci\u00f3n con Karlsruhe Tourismus GmbH, se va a desarrollar un concepto para colocar se\u00f1ales en la plaza del mercado [&hellip;]<\/p>\n","protected":false},"author":6,"featured_media":0,"comment_status":"closed","ping_status":"closed","sticky":false,"template":"","format":"standard","meta":{"_acf_changed":false,"_et_pb_use_builder":"off","_et_pb_old_content":"","_et_gb_content_width":"","footnotes":"","_links_to":"","_links_to_target":""},"categories":[82],"tags":[],"class_list":["post-5842","post","type-post","status-publish","format-standard","hentry","category-comunicados-prensa"],"acf":[],"yoast_head":"<!-- This site is optimized with the Yoast SEO plugin v27.5 - https:\/\/yoast.com\/product\/yoast-seo-wordpress\/ -->\n<title>Mejor se\u00f1alizaci\u00f3n para Karlsruhe - Freie W\u00e4hler | F\u00dcR Karlsruhe en el Consejo Municipal de Karlsruhe<\/title>\n<meta name=\"description\" content=\"Die Pressemeldungen von F\u00dcR Karlsruhe im Gemeinderat der Stadt Karlsruhe. Hier ver\u00f6ffentlichen wir alle News rund um die Entscheidungen der Stadt Karlsruhe, unserer Anfragen und Initiativen im Karlsruher Gemeinderat.\" \/>\n<meta name=\"robots\" content=\"index, follow, max-snippet:-1, max-image-preview:large, max-video-preview:-1\" \/>\n<link rel=\"canonical\" href=\"https:\/\/fwfuer.de\/es\/mejor-senalizacion-para-karlsruhe-5842\/\" \/>\n<meta property=\"og:locale\" content=\"es_ES\" \/>\n<meta property=\"og:type\" content=\"article\" \/>\n<meta property=\"og:title\" content=\"Mejor se\u00f1alizaci\u00f3n para Karlsruhe - Freie W\u00e4hler | F\u00dcR Karlsruhe en el Consejo Municipal de Karlsruhe\" \/>\n<meta property=\"og:description\" content=\"Die Pressemeldungen von F\u00dcR Karlsruhe im Gemeinderat der Stadt Karlsruhe. Hier ver\u00f6ffentlichen wir alle News rund um die Entscheidungen der Stadt Karlsruhe, unserer Anfragen und Initiativen im Karlsruher Gemeinderat.\" \/>\n<meta property=\"og:url\" content=\"https:\/\/fwfuer.de\/es\/mejor-senalizacion-para-karlsruhe-5842\/\" \/>\n<meta property=\"og:site_name\" content=\"Freie W\u00e4hler | F\u00dcR Karlsruhe en el Consejo Municipal de Karlsruhe\" \/>\n<meta property=\"article:publisher\" content=\"https:\/\/www.facebook.com\/fwfuer\" \/>\n<meta property=\"article:published_time\" content=\"2023-06-23T08:49:02+00:00\" \/>\n<meta property=\"article:modified_time\" content=\"2023-08-15T10:55:54+00:00\" \/>\n<meta property=\"og:image\" content=\"https:\/\/fwfuer.de\/wp-content\/uploads\/2022\/10\/FriedemannOnlineSchulung-scaled.jpeg\" \/>\n\t<meta property=\"og:image:width\" content=\"2880\" \/>\n\t<meta property=\"og:image:height\" content=\"2160\" \/>\n\t<meta property=\"og:image:type\" content=\"image\/jpeg\" \/>\n<meta name=\"author\" content=\"F\u00dcR Karlsruhe im Gemeinderat\" \/>\n<meta name=\"twitter:card\" content=\"summary_large_image\" \/>\n<meta name=\"twitter:creator\" content=\"@fwfuer\" \/>\n<meta name=\"twitter:site\" content=\"@fwfuer\" \/>\n<meta name=\"twitter:label1\" content=\"Escrito por\" \/>\n\t<meta name=\"twitter:data1\" content=\"F\u00dcR Karlsruhe im Gemeinderat\" \/>\n\t<meta name=\"twitter:label2\" content=\"Tiempo de lectura\" \/>\n\t<meta name=\"twitter:data2\" content=\"2 minutos\" \/>\n<script type=\"application\/ld+json\" class=\"yoast-schema-graph\">{\"@context\":\"https:\\\/\\\/schema.org\",\"@graph\":[{\"@type\":\"NewsArticle\",\"@id\":\"https:\\\/\\\/fwfuer.de\\\/es\\\/mejor-senalizacion-para-karlsruhe-5842\\\/#article\",\"isPartOf\":{\"@id\":\"https:\\\/\\\/fwfuer.de\\\/es\\\/mejor-senalizacion-para-karlsruhe-5842\\\/\"},\"author\":{\"name\":\"F\u00dcR Karlsruhe im Gemeinderat\",\"@id\":\"https:\\\/\\\/fwfuer.de\\\/es\\\/#\\\/schema\\\/person\\\/f43392225120ae37e95ed36d7b324a19\"},\"headline\":\"Mejor se\u00f1alizaci\u00f3n para Karlsruhe\",\"datePublished\":\"2023-06-23T08:49:02+00:00\",\"dateModified\":\"2023-08-15T10:55:54+00:00\",\"mainEntityOfPage\":{\"@id\":\"https:\\\/\\\/fwfuer.de\\\/es\\\/mejor-senalizacion-para-karlsruhe-5842\\\/\"},\"wordCount\":357,\"publisher\":{\"@id\":\"https:\\\/\\\/fwfuer.de\\\/es\\\/#organization\"},\"articleSection\":[\"Comunicados de prensa\"],\"inLanguage\":\"es\"},{\"@type\":\"WebPage\",\"@id\":\"https:\\\/\\\/fwfuer.de\\\/es\\\/mejor-senalizacion-para-karlsruhe-5842\\\/\",\"url\":\"https:\\\/\\\/fwfuer.de\\\/es\\\/mejor-senalizacion-para-karlsruhe-5842\\\/\",\"name\":\"Mejor se\u00f1alizaci\u00f3n para Karlsruhe - Freie W\u00e4hler | F\u00dcR Karlsruhe en el Consejo Municipal de Karlsruhe\",\"isPartOf\":{\"@id\":\"https:\\\/\\\/fwfuer.de\\\/es\\\/#website\"},\"datePublished\":\"2023-06-23T08:49:02+00:00\",\"dateModified\":\"2023-08-15T10:55:54+00:00\",\"description\":\"Die Pressemeldungen von F\u00dcR Karlsruhe im Gemeinderat der Stadt Karlsruhe. Hier ver\u00f6ffentlichen wir alle News rund um die Entscheidungen der Stadt Karlsruhe, unserer Anfragen und Initiativen im Karlsruher Gemeinderat.\",\"breadcrumb\":{\"@id\":\"https:\\\/\\\/fwfuer.de\\\/es\\\/mejor-senalizacion-para-karlsruhe-5842\\\/#breadcrumb\"},\"inLanguage\":\"es\",\"potentialAction\":[{\"@type\":\"ReadAction\",\"target\":[\"https:\\\/\\\/fwfuer.de\\\/es\\\/mejor-senalizacion-para-karlsruhe-5842\\\/\"]}]},{\"@type\":\"BreadcrumbList\",\"@id\":\"https:\\\/\\\/fwfuer.de\\\/es\\\/mejor-senalizacion-para-karlsruhe-5842\\\/#breadcrumb\",\"itemListElement\":[{\"@type\":\"ListItem\",\"position\":1,\"name\":\"Startseite\",\"item\":\"https:\\\/\\\/fwfuer.de\\\/es\\\/casa\\\/\"},{\"@type\":\"ListItem\",\"position\":2,\"name\":\"Mejor se\u00f1alizaci\u00f3n para Karlsruhe\"}]},{\"@type\":\"WebSite\",\"@id\":\"https:\\\/\\\/fwfuer.de\\\/es\\\/#website\",\"url\":\"https:\\\/\\\/fwfuer.de\\\/es\\\/\",\"name\":\"Freie W\u00e4hler | F\u00dcR Karlsruhe en el Consejo Municipal de Karlsruhe\",\"description\":\"Grupo libre de concejales en Karlsruhe\",\"publisher\":{\"@id\":\"https:\\\/\\\/fwfuer.de\\\/es\\\/#organization\"},\"alternateName\":\"F\u00dcR KARLSRUHE im Gemeinderat\",\"potentialAction\":[{\"@type\":\"SearchAction\",\"target\":{\"@type\":\"EntryPoint\",\"urlTemplate\":\"https:\\\/\\\/fwfuer.de\\\/es\\\/?s={search_term_string}\"},\"query-input\":{\"@type\":\"PropertyValueSpecification\",\"valueRequired\":true,\"valueName\":\"search_term_string\"}}],\"inLanguage\":\"es\"},{\"@type\":\"Organization\",\"@id\":\"https:\\\/\\\/fwfuer.de\\\/es\\\/#organization\",\"name\":\"F\u00dcR Karlsruhe im Gemeinderat\",\"alternateName\":\"F\u00dcR Karlsruhe mit Stadtrat Friedemann Kalmbach\",\"url\":\"https:\\\/\\\/fwfuer.de\\\/es\\\/\",\"logo\":{\"@type\":\"ImageObject\",\"inLanguage\":\"es\",\"@id\":\"https:\\\/\\\/fwfuer.de\\\/es\\\/#\\\/schema\\\/logo\\\/image\\\/\",\"url\":\"https:\\\/\\\/fwfuer.de\\\/wp-content\\\/uploads\\\/2024\\\/07\\\/cropped-Logo-1.png\",\"contentUrl\":\"https:\\\/\\\/fwfuer.de\\\/wp-content\\\/uploads\\\/2024\\\/07\\\/cropped-Logo-1.png\",\"width\":512,\"height\":512,\"caption\":\"F\u00dcR Karlsruhe im Gemeinderat\"},\"image\":{\"@id\":\"https:\\\/\\\/fwfuer.de\\\/es\\\/#\\\/schema\\\/logo\\\/image\\\/\"},\"sameAs\":[\"https:\\\/\\\/www.facebook.com\\\/fwfuer\",\"https:\\\/\\\/x.com\\\/fwfuer\",\"https:\\\/\\\/www.instagram.com\\\/fuerka.de\",\"https:\\\/\\\/de.linkedin.com\\\/company\\\/fw-fr-karlsruhe-gemeinderatsfraktion\",\"https:\\\/\\\/tiktok.com\\\/@fuerka.de\"]},{\"@type\":\"Person\",\"@id\":\"https:\\\/\\\/fwfuer.de\\\/es\\\/#\\\/schema\\\/person\\\/f43392225120ae37e95ed36d7b324a19\",\"name\":\"F\u00dcR Karlsruhe im Gemeinderat\"}]}<\/script>\n<!-- \/ Yoast SEO plugin. -->","yoast_head_json":{"title":"Mejor se\u00f1alizaci\u00f3n para Karlsruhe - Freie W\u00e4hler | F\u00dcR Karlsruhe en el Consejo Municipal de Karlsruhe","description":"Die Pressemeldungen von F\u00dcR Karlsruhe im Gemeinderat der Stadt Karlsruhe. Hier ver\u00f6ffentlichen wir alle News rund um die Entscheidungen der Stadt Karlsruhe, unserer Anfragen und Initiativen im Karlsruher Gemeinderat.","robots":{"index":"index","follow":"follow","max-snippet":"max-snippet:-1","max-image-preview":"max-image-preview:large","max-video-preview":"max-video-preview:-1"},"canonical":"https:\/\/fwfuer.de\/es\/mejor-senalizacion-para-karlsruhe-5842\/","og_locale":"es_ES","og_type":"article","og_title":"Mejor se\u00f1alizaci\u00f3n para Karlsruhe - Freie W\u00e4hler | F\u00dcR Karlsruhe en el Consejo Municipal de Karlsruhe","og_description":"Die Pressemeldungen von F\u00dcR Karlsruhe im Gemeinderat der Stadt Karlsruhe. Hier ver\u00f6ffentlichen wir alle News rund um die Entscheidungen der Stadt Karlsruhe, unserer Anfragen und Initiativen im Karlsruher Gemeinderat.","og_url":"https:\/\/fwfuer.de\/es\/mejor-senalizacion-para-karlsruhe-5842\/","og_site_name":"Freie W\u00e4hler | F\u00dcR Karlsruhe en el Consejo Municipal de Karlsruhe","article_publisher":"https:\/\/www.facebook.com\/fwfuer","article_published_time":"2023-06-23T08:49:02+00:00","article_modified_time":"2023-08-15T10:55:54+00:00","og_image":[{"width":2880,"height":2160,"url":"https:\/\/fwfuer.de\/wp-content\/uploads\/2022\/10\/FriedemannOnlineSchulung-scaled.jpeg","type":"image\/jpeg"}],"author":"F\u00dcR Karlsruhe im Gemeinderat","twitter_card":"summary_large_image","twitter_creator":"@fwfuer","twitter_site":"@fwfuer","twitter_misc":{"Escrito por":"F\u00dcR Karlsruhe im Gemeinderat","Tiempo de lectura":"2 minutos"},"schema":{"@context":"https:\/\/schema.org","@graph":[{"@type":"NewsArticle","@id":"https:\/\/fwfuer.de\/es\/mejor-senalizacion-para-karlsruhe-5842\/#article","isPartOf":{"@id":"https:\/\/fwfuer.de\/es\/mejor-senalizacion-para-karlsruhe-5842\/"},"author":{"name":"F\u00dcR Karlsruhe im Gemeinderat","@id":"https:\/\/fwfuer.de\/es\/#\/schema\/person\/f43392225120ae37e95ed36d7b324a19"},"headline":"Mejor se\u00f1alizaci\u00f3n para Karlsruhe","datePublished":"2023-06-23T08:49:02+00:00","dateModified":"2023-08-15T10:55:54+00:00","mainEntityOfPage":{"@id":"https:\/\/fwfuer.de\/es\/mejor-senalizacion-para-karlsruhe-5842\/"},"wordCount":357,"publisher":{"@id":"https:\/\/fwfuer.de\/es\/#organization"},"articleSection":["Comunicados de prensa"],"inLanguage":"es"},{"@type":"WebPage","@id":"https:\/\/fwfuer.de\/es\/mejor-senalizacion-para-karlsruhe-5842\/","url":"https:\/\/fwfuer.de\/es\/mejor-senalizacion-para-karlsruhe-5842\/","name":"Mejor se\u00f1alizaci\u00f3n para Karlsruhe - Freie W\u00e4hler | F\u00dcR Karlsruhe en el Consejo Municipal de Karlsruhe","isPartOf":{"@id":"https:\/\/fwfuer.de\/es\/#website"},"datePublished":"2023-06-23T08:49:02+00:00","dateModified":"2023-08-15T10:55:54+00:00","description":"Die Pressemeldungen von F\u00dcR Karlsruhe im Gemeinderat der Stadt Karlsruhe. Hier ver\u00f6ffentlichen wir alle News rund um die Entscheidungen der Stadt Karlsruhe, unserer Anfragen und Initiativen im Karlsruher Gemeinderat.","breadcrumb":{"@id":"https:\/\/fwfuer.de\/es\/mejor-senalizacion-para-karlsruhe-5842\/#breadcrumb"},"inLanguage":"es","potentialAction":[{"@type":"ReadAction","target":["https:\/\/fwfuer.de\/es\/mejor-senalizacion-para-karlsruhe-5842\/"]}]},{"@type":"BreadcrumbList","@id":"https:\/\/fwfuer.de\/es\/mejor-senalizacion-para-karlsruhe-5842\/#breadcrumb","itemListElement":[{"@type":"ListItem","position":1,"name":"Startseite","item":"https:\/\/fwfuer.de\/es\/casa\/"},{"@type":"ListItem","position":2,"name":"Mejor se\u00f1alizaci\u00f3n para Karlsruhe"}]},{"@type":"WebSite","@id":"https:\/\/fwfuer.de\/es\/#website","url":"https:\/\/fwfuer.de\/es\/","name":"Freie W\u00e4hler | F\u00dcR Karlsruhe en el Consejo Municipal de Karlsruhe","description":"Grupo libre de concejales en Karlsruhe","publisher":{"@id":"https:\/\/fwfuer.de\/es\/#organization"},"alternateName":"F\u00dcR KARLSRUHE im Gemeinderat","potentialAction":[{"@type":"SearchAction","target":{"@type":"EntryPoint","urlTemplate":"https:\/\/fwfuer.de\/es\/?s={search_term_string}"},"query-input":{"@type":"PropertyValueSpecification","valueRequired":true,"valueName":"search_term_string"}}],"inLanguage":"es"},{"@type":"Organization","@id":"https:\/\/fwfuer.de\/es\/#organization","name":"F\u00dcR Karlsruhe im Gemeinderat","alternateName":"F\u00dcR Karlsruhe mit Stadtrat Friedemann Kalmbach","url":"https:\/\/fwfuer.de\/es\/","logo":{"@type":"ImageObject","inLanguage":"es","@id":"https:\/\/fwfuer.de\/es\/#\/schema\/logo\/image\/","url":"https:\/\/fwfuer.de\/wp-content\/uploads\/2024\/07\/cropped-Logo-1.png","contentUrl":"https:\/\/fwfuer.de\/wp-content\/uploads\/2024\/07\/cropped-Logo-1.png","width":512,"height":512,"caption":"F\u00dcR Karlsruhe im Gemeinderat"},"image":{"@id":"https:\/\/fwfuer.de\/es\/#\/schema\/logo\/image\/"},"sameAs":["https:\/\/www.facebook.com\/fwfuer","https:\/\/x.com\/fwfuer","https:\/\/www.instagram.com\/fuerka.de","https:\/\/de.linkedin.com\/company\/fw-fr-karlsruhe-gemeinderatsfraktion","https:\/\/tiktok.com\/@fuerka.de"]},{"@type":"Person","@id":"https:\/\/fwfuer.de\/es\/#\/schema\/person\/f43392225120ae37e95ed36d7b324a19","name":"F\u00dcR Karlsruhe im Gemeinderat"}]}},"_links":{"self":[{"href":"https:\/\/fwfuer.de\/es\/wp-json\/wp\/v2\/posts\/5842","targetHints":{"allow":["GET"]}}],"collection":[{"href":"https:\/\/fwfuer.de\/es\/wp-json\/wp\/v2\/posts"}],"about":[{"href":"https:\/\/fwfuer.de\/es\/wp-json\/wp\/v2\/types\/post"}],"author":[{"embeddable":true,"href":"https:\/\/fwfuer.de\/es\/wp-json\/wp\/v2\/users\/6"}],"replies":[{"embeddable":true,"href":"https:\/\/fwfuer.de\/es\/wp-json\/wp\/v2\/comments?post=5842"}],"version-history":[{"count":5,"href":"https:\/\/fwfuer.de\/es\/wp-json\/wp\/v2\/posts\/5842\/revisions"}],"predecessor-version":[{"id":6268,"href":"https:\/\/fwfuer.de\/es\/wp-json\/wp\/v2\/posts\/5842\/revisions\/6268"}],"wp:attachment":[{"href":"https:\/\/fwfuer.de\/es\/wp-json\/wp\/v2\/media?parent=5842"}],"wp:term":[{"taxonomy":"category","embeddable":true,"href":"https:\/\/fwfuer.de\/es\/wp-json\/wp\/v2\/categories?post=5842"},{"taxonomy":"post_tag","embeddable":true,"href":"https:\/\/fwfuer.de\/es\/wp-json\/wp\/v2\/tags?post=5842"}],"curies":[{"name":"wp","href":"https:\/\/api.w.org\/{rel}","templated":true}]}}