{"id":7469,"date":"2023-11-21T12:09:25","date_gmt":"2023-11-21T11:09:25","guid":{"rendered":"https:\/\/fwfuer.de\/la-calle-sophienstrasse-debe-seguir-siendo-libre-para-todos-7469\/"},"modified":"2024-07-29T10:50:09","modified_gmt":"2024-07-29T08:50:09","slug":"la-calle-sophienstrasse-debe-seguir-siendo-libre-para-todos","status":"publish","type":"post","link":"https:\/\/fwfuer.de\/es\/la-calle-sophienstrasse-debe-seguir-siendo-libre-para-todos-7469\/","title":{"rendered":"La calle Sophienstra\u00dfe debe seguir siendo libre para todos"},"content":{"rendered":"\n<p>Muchos vecinos de la calle Sophienstra\u00dfe est\u00e1n muy disgustados: seg\u00fan los planes del ayuntamiento, la v\u00eda se cerrar\u00e1 al tr\u00e1fico motorizado y se adaptar\u00e1 a la \u00absoluci\u00f3n modelo de la red ciclista de Baden-Wurtemberg\u00bb. Los aparcamientos que ya no son utilizables debido a las modificaciones est\u00e1n ahora ocupados por asientos provisionales, plantas y aparcabicicletas que rara vez se utilizan. Los Freie W\u00e4hler Karlsruhe y la agrupaci\u00f3n de electores F\u00dcR Karlsruhe comparten el escepticismo de los vecinos ante los cambios y las medidas de construcci\u00f3n que comenzar\u00e1n el a\u00f1o que viene:<\/p>\n\n<p>\u00abLos motivos de la administraci\u00f3n municipal para las medidas de tr\u00e1fico y construcci\u00f3n en la calle Sophienstra\u00dfe no est\u00e1n claros: \u00bfDe d\u00f3nde viene la suposici\u00f3n de la ciudad de adaptar el tr\u00e1fico en la calle Sophienstra\u00dfe a la \u00absoluci\u00f3n modelo de la red ciclista de Baden-W\u00fcrttemberg\u00bb sin informar suficientemente a los residentes, y mucho menos implicarlos en el proceso de toma de decisiones? La administraci\u00f3n municipal debe dirigirse ahora a los vecinos y dar explicaciones. Por ello, presentamos un cat\u00e1logo de preguntas a la administraci\u00f3n municipal para aclarar las preocupaciones m\u00e1s acuciantes. Hasta ahora, todo el proyecto se ha percibido como muy cuestionable y no cuenta con el apoyo del B.\u00bb, afirma la concejala Petra Lorenz, de Votantes Libres, que ya ha intercambiado opiniones con los vecinos de la calle Sophienstra\u00dfe sobre los cambios en dicha calle.<\/p>\n\n<p>Se espera que la administraci\u00f3n municipal se tome en serio las preguntas de los ciudadanos y responda al cat\u00e1logo de preguntas con detalle y claridad. Aqu\u00ed tiene el cat\u00e1logo completo de preguntas para la administraci\u00f3n municipal de F\u00dcR Karlsruhe:<\/p>\n\n<ul class=\"wp-block-list\">\n<li>\u00bfPor qu\u00e9 ve la ciudad de Karlsruhe la necesidad de llevar a cabo medidas de remodelaci\u00f3n en la Sophienstra\u00dfe?<\/li>\n\n\n\n<li>\u00bfCu\u00e1les son las adaptaciones espec\u00edficas de la \u00absoluci\u00f3n modelo de la red ciclista de Baden-W\u00fcrttemberg\u00bb?<\/li>\n\n\n\n<li>\u00bfDe d\u00f3nde viene la suposici\u00f3n de la ciudad de adaptar el tr\u00e1fico de la calle Sophienstra\u00dfe a la \u00absoluci\u00f3n modelo de la red ciclista de Baden-Wurtemberg\u00bb?<\/li>\n\n\n\n<li>\u00bfSe inform\u00f3 suficientemente a los residentes y comerciantes?<\/li>\n\n\n\n<li>\u00bfC\u00f3mo se inform\u00f3 a residentes y empresas?<\/li>\n\n\n\n<li>\u00bfD\u00f3nde puedo obtener m\u00e1s informaci\u00f3n sobre las medidas de remodelaci\u00f3n previstas?<\/li>\n\n\n\n<li>Seg\u00fan los planes del ayuntamiento, \u00bfcu\u00e1ndo comenzar\u00e1n las obras de renovaci\u00f3n de la calle Sophienstra\u00dfe el a\u00f1o que viene?<\/li>\n\n\n\n<li>\u00bfCu\u00e1nto tiempo durar\u00e1n estas medidas de remodelaci\u00f3n?<\/li>\n\n\n\n<li>Los asientos provisionales y los aparcabicicletas apenas se utilizan. \u00bfHay otras formas de utilizar el espacio disponible?<\/li>\n\n\n\n<li>\u00bfC\u00f3mo se tom\u00f3 la decisi\u00f3n de llenar los espacios vac\u00edos con asientos, plantas y aparcabicicletas?<\/li>\n\n\n\n<li>\u00bfSobre qu\u00e9 base jur\u00eddica se determin\u00f3 que los aparcamientos ahora ocupados no son seguros para peatones, ciclistas y tr\u00e1fico motorizado?<\/li>\n<\/ul>\n","protected":false},"excerpt":{"rendered":"<p>Muchos vecinos de la calle Sophienstra\u00dfe est\u00e1n muy disgustados: seg\u00fan los planes del ayuntamiento, la v\u00eda se cerrar\u00e1 al tr\u00e1fico motorizado y se adaptar\u00e1 a la \u00absoluci\u00f3n modelo de la red ciclista de Baden-Wurtemberg\u00bb. Los aparcamientos que ya no son utilizables debido a las modificaciones est\u00e1n ahora ocupados por asientos provisionales, plantas y aparcabicicletas que [&hellip;]<\/p>\n","protected":false},"author":2,"featured_media":0,"comment_status":"closed","ping_status":"closed","sticky":false,"template":"","format":"standard","meta":{"_acf_changed":false,"_et_pb_use_builder":"off","_et_pb_old_content":"","_et_gb_content_width":"","footnotes":"","_links_to":"","_links_to_target":""},"categories":[82],"tags":[],"class_list":["post-7469","post","type-post","status-publish","format-standard","hentry","category-comunicados-prensa"],"acf":[],"yoast_head":"<!-- This site is optimized with the Yoast SEO plugin v27.5 - https:\/\/yoast.com\/product\/yoast-seo-wordpress\/ -->\n<title>La calle Sophienstra\u00dfe debe seguir siendo libre para todos - Freie W\u00e4hler | F\u00dcR Karlsruhe en el Consejo Municipal de Karlsruhe<\/title>\n<meta name=\"description\" content=\"Die Pressemeldungen von F\u00dcR Karlsruhe im Gemeinderat der Stadt Karlsruhe. Hier ver\u00f6ffentlichen wir alle News rund um die Entscheidungen der Stadt Karlsruhe, unserer Anfragen und Initiativen im Karlsruher Gemeinderat.\" \/>\n<meta name=\"robots\" content=\"index, follow, max-snippet:-1, max-image-preview:large, max-video-preview:-1\" \/>\n<link rel=\"canonical\" href=\"https:\/\/fwfuer.de\/es\/la-calle-sophienstrasse-debe-seguir-siendo-libre-para-todos-7469\/\" \/>\n<meta property=\"og:locale\" content=\"es_ES\" \/>\n<meta property=\"og:type\" content=\"article\" \/>\n<meta property=\"og:title\" content=\"La calle Sophienstra\u00dfe debe seguir siendo libre para todos - Freie W\u00e4hler | F\u00dcR Karlsruhe en el Consejo Municipal de Karlsruhe\" \/>\n<meta property=\"og:description\" content=\"Die Pressemeldungen von F\u00dcR Karlsruhe im Gemeinderat der Stadt Karlsruhe. Hier ver\u00f6ffentlichen wir alle News rund um die Entscheidungen der Stadt Karlsruhe, unserer Anfragen und Initiativen im Karlsruher Gemeinderat.\" \/>\n<meta property=\"og:url\" content=\"https:\/\/fwfuer.de\/es\/la-calle-sophienstrasse-debe-seguir-siendo-libre-para-todos-7469\/\" \/>\n<meta property=\"og:site_name\" content=\"Freie W\u00e4hler | F\u00dcR Karlsruhe en el Consejo Municipal de Karlsruhe\" \/>\n<meta property=\"article:publisher\" content=\"https:\/\/www.facebook.com\/fwfuer\" \/>\n<meta property=\"article:published_time\" content=\"2023-11-21T11:09:25+00:00\" \/>\n<meta property=\"article:modified_time\" content=\"2024-07-29T08:50:09+00:00\" \/>\n<meta property=\"og:image\" content=\"https:\/\/fwfuer.de\/wp-content\/uploads\/2022\/10\/FriedemannOnlineSchulung-scaled.jpeg\" \/>\n\t<meta property=\"og:image:width\" content=\"2880\" \/>\n\t<meta property=\"og:image:height\" content=\"2160\" \/>\n\t<meta property=\"og:image:type\" content=\"image\/jpeg\" \/>\n<meta name=\"author\" content=\"F\u00dcR Karlsruhe im Gemeinderat\" \/>\n<meta name=\"twitter:card\" content=\"summary_large_image\" \/>\n<meta name=\"twitter:creator\" content=\"@fwfuer\" \/>\n<meta name=\"twitter:site\" content=\"@fwfuer\" \/>\n<meta name=\"twitter:label1\" content=\"Escrito por\" \/>\n\t<meta name=\"twitter:data1\" content=\"F\u00dcR Karlsruhe im Gemeinderat\" \/>\n\t<meta name=\"twitter:label2\" content=\"Tiempo de lectura\" \/>\n\t<meta name=\"twitter:data2\" content=\"2 minutos\" \/>\n<script type=\"application\/ld+json\" class=\"yoast-schema-graph\">{\"@context\":\"https:\\\/\\\/schema.org\",\"@graph\":[{\"@type\":\"NewsArticle\",\"@id\":\"https:\\\/\\\/fwfuer.de\\\/es\\\/la-calle-sophienstrasse-debe-seguir-siendo-libre-para-todos-7469\\\/#article\",\"isPartOf\":{\"@id\":\"https:\\\/\\\/fwfuer.de\\\/es\\\/la-calle-sophienstrasse-debe-seguir-siendo-libre-para-todos-7469\\\/\"},\"author\":{\"name\":\"F\u00dcR Karlsruhe im Gemeinderat\",\"@id\":\"https:\\\/\\\/fwfuer.de\\\/es\\\/#\\\/schema\\\/person\\\/b320b9d84a937dd6e9f2d80be1055c19\"},\"headline\":\"La calle Sophienstra\u00dfe debe seguir siendo libre para todos\",\"datePublished\":\"2023-11-21T11:09:25+00:00\",\"dateModified\":\"2024-07-29T08:50:09+00:00\",\"mainEntityOfPage\":{\"@id\":\"https:\\\/\\\/fwfuer.de\\\/es\\\/la-calle-sophienstrasse-debe-seguir-siendo-libre-para-todos-7469\\\/\"},\"wordCount\":504,\"publisher\":{\"@id\":\"https:\\\/\\\/fwfuer.de\\\/es\\\/#organization\"},\"articleSection\":[\"Comunicados de prensa\"],\"inLanguage\":\"es\"},{\"@type\":\"WebPage\",\"@id\":\"https:\\\/\\\/fwfuer.de\\\/es\\\/la-calle-sophienstrasse-debe-seguir-siendo-libre-para-todos-7469\\\/\",\"url\":\"https:\\\/\\\/fwfuer.de\\\/es\\\/la-calle-sophienstrasse-debe-seguir-siendo-libre-para-todos-7469\\\/\",\"name\":\"La calle Sophienstra\u00dfe debe seguir siendo libre para todos - Freie W\u00e4hler | F\u00dcR Karlsruhe en el Consejo Municipal de Karlsruhe\",\"isPartOf\":{\"@id\":\"https:\\\/\\\/fwfuer.de\\\/es\\\/#website\"},\"datePublished\":\"2023-11-21T11:09:25+00:00\",\"dateModified\":\"2024-07-29T08:50:09+00:00\",\"description\":\"Die Pressemeldungen von F\u00dcR Karlsruhe im Gemeinderat der Stadt Karlsruhe. Hier ver\u00f6ffentlichen wir alle News rund um die Entscheidungen der Stadt Karlsruhe, unserer Anfragen und Initiativen im Karlsruher Gemeinderat.\",\"breadcrumb\":{\"@id\":\"https:\\\/\\\/fwfuer.de\\\/es\\\/la-calle-sophienstrasse-debe-seguir-siendo-libre-para-todos-7469\\\/#breadcrumb\"},\"inLanguage\":\"es\",\"potentialAction\":[{\"@type\":\"ReadAction\",\"target\":[\"https:\\\/\\\/fwfuer.de\\\/es\\\/la-calle-sophienstrasse-debe-seguir-siendo-libre-para-todos-7469\\\/\"]}]},{\"@type\":\"BreadcrumbList\",\"@id\":\"https:\\\/\\\/fwfuer.de\\\/es\\\/la-calle-sophienstrasse-debe-seguir-siendo-libre-para-todos-7469\\\/#breadcrumb\",\"itemListElement\":[{\"@type\":\"ListItem\",\"position\":1,\"name\":\"Startseite\",\"item\":\"https:\\\/\\\/fwfuer.de\\\/es\\\/casa\\\/\"},{\"@type\":\"ListItem\",\"position\":2,\"name\":\"La calle Sophienstra\u00dfe debe seguir siendo libre para todos\"}]},{\"@type\":\"WebSite\",\"@id\":\"https:\\\/\\\/fwfuer.de\\\/es\\\/#website\",\"url\":\"https:\\\/\\\/fwfuer.de\\\/es\\\/\",\"name\":\"Freie W\u00e4hler | F\u00dcR Karlsruhe en el Consejo Municipal de Karlsruhe\",\"description\":\"Grupo libre de concejales en Karlsruhe\",\"publisher\":{\"@id\":\"https:\\\/\\\/fwfuer.de\\\/es\\\/#organization\"},\"alternateName\":\"F\u00dcR KARLSRUHE im Gemeinderat\",\"potentialAction\":[{\"@type\":\"SearchAction\",\"target\":{\"@type\":\"EntryPoint\",\"urlTemplate\":\"https:\\\/\\\/fwfuer.de\\\/es\\\/?s={search_term_string}\"},\"query-input\":{\"@type\":\"PropertyValueSpecification\",\"valueRequired\":true,\"valueName\":\"search_term_string\"}}],\"inLanguage\":\"es\"},{\"@type\":\"Organization\",\"@id\":\"https:\\\/\\\/fwfuer.de\\\/es\\\/#organization\",\"name\":\"F\u00dcR Karlsruhe im Gemeinderat\",\"alternateName\":\"F\u00dcR Karlsruhe mit Stadtrat Friedemann Kalmbach\",\"url\":\"https:\\\/\\\/fwfuer.de\\\/es\\\/\",\"logo\":{\"@type\":\"ImageObject\",\"inLanguage\":\"es\",\"@id\":\"https:\\\/\\\/fwfuer.de\\\/es\\\/#\\\/schema\\\/logo\\\/image\\\/\",\"url\":\"https:\\\/\\\/fwfuer.de\\\/wp-content\\\/uploads\\\/2024\\\/07\\\/cropped-Logo-1.png\",\"contentUrl\":\"https:\\\/\\\/fwfuer.de\\\/wp-content\\\/uploads\\\/2024\\\/07\\\/cropped-Logo-1.png\",\"width\":512,\"height\":512,\"caption\":\"F\u00dcR Karlsruhe im Gemeinderat\"},\"image\":{\"@id\":\"https:\\\/\\\/fwfuer.de\\\/es\\\/#\\\/schema\\\/logo\\\/image\\\/\"},\"sameAs\":[\"https:\\\/\\\/www.facebook.com\\\/fwfuer\",\"https:\\\/\\\/x.com\\\/fwfuer\",\"https:\\\/\\\/www.instagram.com\\\/fuerka.de\",\"https:\\\/\\\/de.linkedin.com\\\/company\\\/fw-fr-karlsruhe-gemeinderatsfraktion\",\"https:\\\/\\\/tiktok.com\\\/@fuerka.de\"]},{\"@type\":\"Person\",\"@id\":\"https:\\\/\\\/fwfuer.de\\\/es\\\/#\\\/schema\\\/person\\\/b320b9d84a937dd6e9f2d80be1055c19\",\"name\":\"F\u00dcR Karlsruhe im Gemeinderat\"}]}<\/script>\n<!-- \/ Yoast SEO plugin. -->","yoast_head_json":{"title":"La calle Sophienstra\u00dfe debe seguir siendo libre para todos - Freie W\u00e4hler | F\u00dcR Karlsruhe en el Consejo Municipal de Karlsruhe","description":"Die Pressemeldungen von F\u00dcR Karlsruhe im Gemeinderat der Stadt Karlsruhe. Hier ver\u00f6ffentlichen wir alle News rund um die Entscheidungen der Stadt Karlsruhe, unserer Anfragen und Initiativen im Karlsruher Gemeinderat.","robots":{"index":"index","follow":"follow","max-snippet":"max-snippet:-1","max-image-preview":"max-image-preview:large","max-video-preview":"max-video-preview:-1"},"canonical":"https:\/\/fwfuer.de\/es\/la-calle-sophienstrasse-debe-seguir-siendo-libre-para-todos-7469\/","og_locale":"es_ES","og_type":"article","og_title":"La calle Sophienstra\u00dfe debe seguir siendo libre para todos - Freie W\u00e4hler | F\u00dcR Karlsruhe en el Consejo Municipal de Karlsruhe","og_description":"Die Pressemeldungen von F\u00dcR Karlsruhe im Gemeinderat der Stadt Karlsruhe. Hier ver\u00f6ffentlichen wir alle News rund um die Entscheidungen der Stadt Karlsruhe, unserer Anfragen und Initiativen im Karlsruher Gemeinderat.","og_url":"https:\/\/fwfuer.de\/es\/la-calle-sophienstrasse-debe-seguir-siendo-libre-para-todos-7469\/","og_site_name":"Freie W\u00e4hler | F\u00dcR Karlsruhe en el Consejo Municipal de Karlsruhe","article_publisher":"https:\/\/www.facebook.com\/fwfuer","article_published_time":"2023-11-21T11:09:25+00:00","article_modified_time":"2024-07-29T08:50:09+00:00","og_image":[{"width":2880,"height":2160,"url":"https:\/\/fwfuer.de\/wp-content\/uploads\/2022\/10\/FriedemannOnlineSchulung-scaled.jpeg","type":"image\/jpeg"}],"author":"F\u00dcR Karlsruhe im Gemeinderat","twitter_card":"summary_large_image","twitter_creator":"@fwfuer","twitter_site":"@fwfuer","twitter_misc":{"Escrito por":"F\u00dcR Karlsruhe im Gemeinderat","Tiempo de lectura":"2 minutos"},"schema":{"@context":"https:\/\/schema.org","@graph":[{"@type":"NewsArticle","@id":"https:\/\/fwfuer.de\/es\/la-calle-sophienstrasse-debe-seguir-siendo-libre-para-todos-7469\/#article","isPartOf":{"@id":"https:\/\/fwfuer.de\/es\/la-calle-sophienstrasse-debe-seguir-siendo-libre-para-todos-7469\/"},"author":{"name":"F\u00dcR Karlsruhe im Gemeinderat","@id":"https:\/\/fwfuer.de\/es\/#\/schema\/person\/b320b9d84a937dd6e9f2d80be1055c19"},"headline":"La calle Sophienstra\u00dfe debe seguir siendo libre para todos","datePublished":"2023-11-21T11:09:25+00:00","dateModified":"2024-07-29T08:50:09+00:00","mainEntityOfPage":{"@id":"https:\/\/fwfuer.de\/es\/la-calle-sophienstrasse-debe-seguir-siendo-libre-para-todos-7469\/"},"wordCount":504,"publisher":{"@id":"https:\/\/fwfuer.de\/es\/#organization"},"articleSection":["Comunicados de prensa"],"inLanguage":"es"},{"@type":"WebPage","@id":"https:\/\/fwfuer.de\/es\/la-calle-sophienstrasse-debe-seguir-siendo-libre-para-todos-7469\/","url":"https:\/\/fwfuer.de\/es\/la-calle-sophienstrasse-debe-seguir-siendo-libre-para-todos-7469\/","name":"La calle Sophienstra\u00dfe debe seguir siendo libre para todos - Freie W\u00e4hler | F\u00dcR Karlsruhe en el Consejo Municipal de Karlsruhe","isPartOf":{"@id":"https:\/\/fwfuer.de\/es\/#website"},"datePublished":"2023-11-21T11:09:25+00:00","dateModified":"2024-07-29T08:50:09+00:00","description":"Die Pressemeldungen von F\u00dcR Karlsruhe im Gemeinderat der Stadt Karlsruhe. Hier ver\u00f6ffentlichen wir alle News rund um die Entscheidungen der Stadt Karlsruhe, unserer Anfragen und Initiativen im Karlsruher Gemeinderat.","breadcrumb":{"@id":"https:\/\/fwfuer.de\/es\/la-calle-sophienstrasse-debe-seguir-siendo-libre-para-todos-7469\/#breadcrumb"},"inLanguage":"es","potentialAction":[{"@type":"ReadAction","target":["https:\/\/fwfuer.de\/es\/la-calle-sophienstrasse-debe-seguir-siendo-libre-para-todos-7469\/"]}]},{"@type":"BreadcrumbList","@id":"https:\/\/fwfuer.de\/es\/la-calle-sophienstrasse-debe-seguir-siendo-libre-para-todos-7469\/#breadcrumb","itemListElement":[{"@type":"ListItem","position":1,"name":"Startseite","item":"https:\/\/fwfuer.de\/es\/casa\/"},{"@type":"ListItem","position":2,"name":"La calle Sophienstra\u00dfe debe seguir siendo libre para todos"}]},{"@type":"WebSite","@id":"https:\/\/fwfuer.de\/es\/#website","url":"https:\/\/fwfuer.de\/es\/","name":"Freie W\u00e4hler | F\u00dcR Karlsruhe en el Consejo Municipal de Karlsruhe","description":"Grupo libre de concejales en Karlsruhe","publisher":{"@id":"https:\/\/fwfuer.de\/es\/#organization"},"alternateName":"F\u00dcR KARLSRUHE im Gemeinderat","potentialAction":[{"@type":"SearchAction","target":{"@type":"EntryPoint","urlTemplate":"https:\/\/fwfuer.de\/es\/?s={search_term_string}"},"query-input":{"@type":"PropertyValueSpecification","valueRequired":true,"valueName":"search_term_string"}}],"inLanguage":"es"},{"@type":"Organization","@id":"https:\/\/fwfuer.de\/es\/#organization","name":"F\u00dcR Karlsruhe im Gemeinderat","alternateName":"F\u00dcR Karlsruhe mit Stadtrat Friedemann Kalmbach","url":"https:\/\/fwfuer.de\/es\/","logo":{"@type":"ImageObject","inLanguage":"es","@id":"https:\/\/fwfuer.de\/es\/#\/schema\/logo\/image\/","url":"https:\/\/fwfuer.de\/wp-content\/uploads\/2024\/07\/cropped-Logo-1.png","contentUrl":"https:\/\/fwfuer.de\/wp-content\/uploads\/2024\/07\/cropped-Logo-1.png","width":512,"height":512,"caption":"F\u00dcR Karlsruhe im Gemeinderat"},"image":{"@id":"https:\/\/fwfuer.de\/es\/#\/schema\/logo\/image\/"},"sameAs":["https:\/\/www.facebook.com\/fwfuer","https:\/\/x.com\/fwfuer","https:\/\/www.instagram.com\/fuerka.de","https:\/\/de.linkedin.com\/company\/fw-fr-karlsruhe-gemeinderatsfraktion","https:\/\/tiktok.com\/@fuerka.de"]},{"@type":"Person","@id":"https:\/\/fwfuer.de\/es\/#\/schema\/person\/b320b9d84a937dd6e9f2d80be1055c19","name":"F\u00dcR Karlsruhe im Gemeinderat"}]}},"_links":{"self":[{"href":"https:\/\/fwfuer.de\/es\/wp-json\/wp\/v2\/posts\/7469","targetHints":{"allow":["GET"]}}],"collection":[{"href":"https:\/\/fwfuer.de\/es\/wp-json\/wp\/v2\/posts"}],"about":[{"href":"https:\/\/fwfuer.de\/es\/wp-json\/wp\/v2\/types\/post"}],"author":[{"embeddable":true,"href":"https:\/\/fwfuer.de\/es\/wp-json\/wp\/v2\/users\/2"}],"replies":[{"embeddable":true,"href":"https:\/\/fwfuer.de\/es\/wp-json\/wp\/v2\/comments?post=7469"}],"version-history":[{"count":2,"href":"https:\/\/fwfuer.de\/es\/wp-json\/wp\/v2\/posts\/7469\/revisions"}],"predecessor-version":[{"id":7764,"href":"https:\/\/fwfuer.de\/es\/wp-json\/wp\/v2\/posts\/7469\/revisions\/7764"}],"wp:attachment":[{"href":"https:\/\/fwfuer.de\/es\/wp-json\/wp\/v2\/media?parent=7469"}],"wp:term":[{"taxonomy":"category","embeddable":true,"href":"https:\/\/fwfuer.de\/es\/wp-json\/wp\/v2\/categories?post=7469"},{"taxonomy":"post_tag","embeddable":true,"href":"https:\/\/fwfuer.de\/es\/wp-json\/wp\/v2\/tags?post=7469"}],"curies":[{"name":"wp","href":"https:\/\/api.w.org\/{rel}","templated":true}]}}