{"id":7471,"date":"2023-11-27T11:22:35","date_gmt":"2023-11-27T10:22:35","guid":{"rendered":"https:\/\/fwfuer.de\/hidrogeno-para-la-industria-en-fuer-karlsruhe-7471\/"},"modified":"2024-06-10T14:36:33","modified_gmt":"2024-06-10T12:36:33","slug":"hidrogeno-para-la-industria-en-fuer-karlsruhe","status":"publish","type":"post","link":"https:\/\/fwfuer.de\/es\/hidrogeno-para-la-industria-en-fuer-karlsruhe-7471\/","title":{"rendered":"Hidr\u00f3geno para la industria en F\u00dcR Karlsruhe"},"content":{"rendered":"\n<p><strong>El grupo parlamentario de los Votantes Libres y la agrupaci\u00f3n de electores F\u00dcR Karlsruhe est\u00e1n a favor de un pol\u00edgono industrial con conexi\u00f3n de hidr\u00f3geno.<\/strong><\/p>\n\n<p>El grupo parlamentario de los Freie W\u00e4hler (Votantes Libres) y la agrupaci\u00f3n de electores F\u00dcR Karlsruhe han presentado una solicitud al consejo municipal de Karlsruhe para que estudie las posibilidades de crear una zona o distrito comercial o industrial con conexi\u00f3n de hidr\u00f3geno. El objetivo es atraer a Karlsruhe a empresas que necesitan hidr\u00f3geno y seguir reforzando Karlsruhe como centro de innovaci\u00f3n. El hidr\u00f3geno ser\u00e1 una de las fuentes de energ\u00eda del futuro, especialmente para las operaciones comerciales e industriales. El grupo del consejo municipal est\u00e1 convencido de que Karlsruhe debe fijar ya el rumbo para crear una zona comercial e industrial con conexi\u00f3n de hidr\u00f3geno. La proximidad al puerto del Rin es una posible ubicaci\u00f3n.<\/p>\n\n<p>La solicitud incluye la petici\u00f3n de una mayor integraci\u00f3n en la estrategia del hidr\u00f3geno del estado de Baden-W\u00fcrttemberg y la conexi\u00f3n de la regi\u00f3n a la red de hidr\u00f3geno. Los resultados y requisitos recogidos deber\u00edan servir de base para futuros debates y planificaciones sobre el hidr\u00f3geno en F\u00dcR Karlsruhe. El grupo parlamentario tambi\u00e9n desea que la administraci\u00f3n y las empresas municipales de servicios p\u00fablicos se pongan en contacto de forma proactiva con los posibles proveedores de hidr\u00f3geno con el fin de garantizar las necesidades futuras en una fase temprana. Esto tambi\u00e9n permitir\u00e1 a la F\u00dcR Karlsruhe establecerse como emplazamiento de industrias intensivas en hidr\u00f3geno:<br\/>\u00abAlemania est\u00e1 llena de ejemplos positivos de c\u00f3mo un barrio residencial o una zona industrial pueden conectarse a la red de hidr\u00f3geno para abastecerse de energ\u00eda respetuosa con el medio ambiente. Vemos el hidr\u00f3geno como una tecnolog\u00eda de futuro y esperamos que F\u00dcR Karlsruhe no se quede dormida en el futuro. Para nosotros es importante que la administraci\u00f3n municipal act\u00fae y utilice sus opciones. El Estado de Baden-W\u00fcrttemberg tiene una estrategia del hidr\u00f3geno: nosotros tambi\u00e9n la necesitamos. Gracias a la proximidad del puerto del Rin, se dispondr\u00eda de la infraestructura necesaria\u00bb, afirma el concejal Friedemann Kalmbach, comentando la propuesta del grupo parlamentario.<\/p>\n\n<div class=\"wp-block-divi-layout\">[et_pb_section fb_built=\u00bb1&#8243; theme_builder_area=\u00bbpost_content\u00bb _builder_version=\u00bb4.23.1&#8243; _module_preset=\u00bbdefault\u00bb][et_pb_row _builder_version=\u00bb4.23.1&#8243; _module_preset=\u00bbdefault\u00bb theme_builder_area=\u00bbpost_content\u00bb][et_pb_column _builder_version=\u00bb4.23.1&#8243; _module_preset=\u00bbdefault\u00bb type=\u00bb4_4&#8243; theme_builder_area=\u00bbpost_content\u00bb][dipl_faq_page_schema _builder_version=\u00bb4.23.1&#8243; _module_preset=\u00bbdefault\u00bb theme_builder_area=\u00bbpost_content\u00bb title=\u00bbPREGUNTAS FRECUENTES\u00bb hover_enabled=\u00bb0&#8243; sticky_enabled=\u00bb0&#8243;][dipl_faq_page_schema_item _builder_version=\u00bb4.23.1&#8243; _module_preset=\u00bbdefault\u00bb theme_builder_area=\u00bbpost_content\u00bb faq_question=\u00bbWas ist das Ziel des Antrags der Fraktionsgemeinschaft der Freien W\u00e4hler und der W\u00e4hlergruppe F\u00dcR Karlsruhe?\u00bb hover_enabled=\u00bb0&#8243; sticky_enabled=\u00bb0&#8243;]<p>El objetivo de la solicitud es examinar las posibilidades de una zona o distrito comercial o industrial con conexi\u00f3n de hidr\u00f3geno en F\u00dcR Karlsruhe. El objetivo es atraer a Karlsruhe a empresas que necesitan hidr\u00f3geno y reforzar la ciudad como centro de innovaci\u00f3n.<\/p>[\/dipl_faq_page_schema_item][dipl_faq_page_schema_item _builder_version=\u00bb4.23.1&#8243; _module_preset=\u00bbdefault\u00bb theme_builder_area=\u00bbpost_content\u00bb faq_question=\u00bbZukunftstechnologien f\u00fcr Karlsruhe: Wasserstoff f\u00fcr die Industrie in Karlsruhe &#8211; Karlsruhe\u00bb hover_enabled=\u00bb0&#8243; sticky_enabled=\u00bb0&#8243;]<p>El hidr\u00f3geno se considera una de las fuentes de energ\u00eda del futuro y ofrece muchas ventajas, sobre todo para las empresas comerciales e industriales. Puede utilizarse como fuente de energ\u00eda eficiente y respetuosa con el medio ambiente y contribuye a reducir las emisiones de CO2. El hidr\u00f3geno tambi\u00e9n permite un suministro energ\u00e9tico flexible y descentralizado.<\/p>[\/dipl_faq_page_schema_item][dipl_faq_page_schema_item _builder_version=\u00bb4.23.1&#8243; _module_preset=\u00bbdefault\u00bb theme_builder_area=\u00bbpost_content\u00bb faq_question=\u00bbWelche Rolle spielt die N\u00e4he zum Rheinhafen bei der Standortwahl f\u00fcr das Gewerbegebiet mit Wasserstoff-Anschluss?\u00bb hover_enabled=\u00bb0&#8243; sticky_enabled=\u00bb0&#8243;]<p>La proximidad al puerto del Rin se presta como posible ubicaci\u00f3n para el pol\u00edgono industrial con conexi\u00f3n de hidr\u00f3geno, ya que aqu\u00ed ya puede utilizarse la infraestructura existente. Esto puede crear sinergias y facilitar el desarrollo del parque empresarial.<\/p>[\/dipl_faq_page_schema_item][dipl_faq_page_schema_item _builder_version=\u00bb4.23.1&#8243; _module_preset=\u00bbdefault\u00bb theme_builder_area=\u00bbpost_content\u00bb faq_question=\u00bbWie soll die Einbindung in die Wasserstoffstrategie des Landes Baden-W\u00fcrttemberg erfolgen?\u00bb hover_enabled=\u00bb0&#8243; sticky_enabled=\u00bb0&#8243;]<p>El grupo parlamentario de los Votantes Libres y la agrupaci\u00f3n de electores \u00abF\u00dcR Karlsruhe\u00bb piden una mayor implicaci\u00f3n en la estrategia de hidr\u00f3geno del estado de Baden-W\u00fcrttemberg. Con ello se pretende garantizar que los intereses y necesidades de la regi\u00f3n de F\u00dcR Karlsruhe se tengan en cuenta en el desarrollo y aplicaci\u00f3n de la estrategia del hidr\u00f3geno.<\/p>[\/dipl_faq_page_schema_item][dipl_faq_page_schema_item _builder_version=\u00bb4.23.1&#8243; _module_preset=\u00bbdefault\u00bb theme_builder_area=\u00bbpost_content\u00bb faq_question=\u00bbWie sollen zuk\u00fcnftige Bedarfe an Wasserstoff fr\u00fchzeitig gesichert werden?\u00bb hover_enabled=\u00bb0&#8243; sticky_enabled=\u00bb0&#8243;]<p>La administraci\u00f3n y las empresas municipales de servicios p\u00fablicos deber\u00edan dirigirse de forma proactiva a los posibles proveedores y suministradores de hidr\u00f3geno con el fin de garantizar las necesidades futuras en una fase temprana. Gracias a ello, la F\u00dcR Karlsruhe tambi\u00e9n puede establecerse como emplazamiento de industrias intensivas en hidr\u00f3geno y beneficiarse de las ventajas de su uso.<\/p>[\/dipl_faq_page_schema_item][\/dipl_faq_page_schema][\/et_pb_column][\/et_pb_row][\/et_pb_section]<\/div>\n\n<div class=\"wp-block-divi-layout\">[et_pb_section admin_label=\u00bbsection\u00bb][et_pb_row admin_label=\u00bbfila\u00bb][\/et_pb_row][\/et_pb_section]<\/div>\n","protected":false},"excerpt":{"rendered":"<p>El grupo parlamentario de los Votantes Libres y la agrupaci\u00f3n de electores F\u00dcR Karlsruhe est\u00e1n a favor de un pol\u00edgono industrial con conexi\u00f3n de hidr\u00f3geno. El grupo parlamentario de los Freie W\u00e4hler (Votantes Libres) y la agrupaci\u00f3n de electores F\u00dcR Karlsruhe han presentado una solicitud al consejo municipal de Karlsruhe para que estudie las posibilidades [&hellip;]<\/p>\n","protected":false},"author":2,"featured_media":0,"comment_status":"closed","ping_status":"closed","sticky":false,"template":"","format":"standard","meta":{"_acf_changed":false,"_et_pb_use_builder":"","_et_pb_old_content":"","_et_gb_content_width":"","footnotes":"","_links_to":"","_links_to_target":""},"categories":[82],"tags":[],"class_list":["post-7471","post","type-post","status-publish","format-standard","hentry","category-comunicados-prensa"],"acf":[],"yoast_head":"<!-- This site is optimized with the Yoast SEO plugin v27.5 - https:\/\/yoast.com\/product\/yoast-seo-wordpress\/ -->\n<title>Hidr\u00f3geno para la industria en F\u00dcR Karlsruhe - Freie W\u00e4hler | F\u00dcR Karlsruhe en el Consejo Municipal de Karlsruhe<\/title>\n<meta name=\"description\" content=\"Die Pressemeldungen von F\u00dcR Karlsruhe im Gemeinderat der Stadt Karlsruhe. Hier ver\u00f6ffentlichen wir alle News rund um die Entscheidungen der Stadt Karlsruhe, unserer Anfragen und Initiativen im Karlsruher Gemeinderat.\" \/>\n<meta name=\"robots\" content=\"index, follow, max-snippet:-1, max-image-preview:large, max-video-preview:-1\" \/>\n<link rel=\"canonical\" href=\"https:\/\/fwfuer.de\/es\/hidrogeno-para-la-industria-en-fuer-karlsruhe-7471\/\" \/>\n<meta property=\"og:locale\" content=\"es_ES\" \/>\n<meta property=\"og:type\" content=\"article\" \/>\n<meta property=\"og:title\" content=\"Hidr\u00f3geno para la industria en F\u00dcR Karlsruhe - Freie W\u00e4hler | F\u00dcR Karlsruhe en el Consejo Municipal de Karlsruhe\" \/>\n<meta property=\"og:description\" content=\"Die Pressemeldungen von F\u00dcR Karlsruhe im Gemeinderat der Stadt Karlsruhe. Hier ver\u00f6ffentlichen wir alle News rund um die Entscheidungen der Stadt Karlsruhe, unserer Anfragen und Initiativen im Karlsruher Gemeinderat.\" \/>\n<meta property=\"og:url\" content=\"https:\/\/fwfuer.de\/es\/hidrogeno-para-la-industria-en-fuer-karlsruhe-7471\/\" \/>\n<meta property=\"og:site_name\" content=\"Freie W\u00e4hler | F\u00dcR Karlsruhe en el Consejo Municipal de Karlsruhe\" \/>\n<meta property=\"article:publisher\" content=\"https:\/\/www.facebook.com\/fwfuer\" \/>\n<meta property=\"article:published_time\" content=\"2023-11-27T10:22:35+00:00\" \/>\n<meta property=\"article:modified_time\" content=\"2024-06-10T12:36:33+00:00\" \/>\n<meta property=\"og:image\" content=\"https:\/\/fwfuer.de\/wp-content\/uploads\/2022\/10\/FriedemannOnlineSchulung-scaled.jpeg\" \/>\n\t<meta property=\"og:image:width\" content=\"2880\" \/>\n\t<meta property=\"og:image:height\" content=\"2160\" \/>\n\t<meta property=\"og:image:type\" content=\"image\/jpeg\" \/>\n<meta name=\"author\" content=\"F\u00dcR Karlsruhe im Gemeinderat\" \/>\n<meta name=\"twitter:card\" content=\"summary_large_image\" \/>\n<meta name=\"twitter:creator\" content=\"@fwfuer\" \/>\n<meta name=\"twitter:site\" content=\"@fwfuer\" \/>\n<meta name=\"twitter:label1\" content=\"Escrito por\" \/>\n\t<meta name=\"twitter:data1\" content=\"F\u00dcR Karlsruhe im Gemeinderat\" \/>\n\t<meta name=\"twitter:label2\" content=\"Tiempo de lectura\" \/>\n\t<meta name=\"twitter:data2\" content=\"5 minutos\" \/>\n<script type=\"application\/ld+json\" class=\"yoast-schema-graph\">{\"@context\":\"https:\\\/\\\/schema.org\",\"@graph\":[{\"@type\":\"NewsArticle\",\"@id\":\"https:\\\/\\\/fwfuer.de\\\/es\\\/hidrogeno-para-la-industria-en-fuer-karlsruhe-7471\\\/#article\",\"isPartOf\":{\"@id\":\"https:\\\/\\\/fwfuer.de\\\/es\\\/hidrogeno-para-la-industria-en-fuer-karlsruhe-7471\\\/\"},\"author\":{\"name\":\"F\u00dcR Karlsruhe im Gemeinderat\",\"@id\":\"https:\\\/\\\/fwfuer.de\\\/es\\\/#\\\/schema\\\/person\\\/b320b9d84a937dd6e9f2d80be1055c19\"},\"headline\":\"Hidr\u00f3geno para la industria en F\u00dcR Karlsruhe\",\"datePublished\":\"2023-11-27T10:22:35+00:00\",\"dateModified\":\"2024-06-10T12:36:33+00:00\",\"mainEntityOfPage\":{\"@id\":\"https:\\\/\\\/fwfuer.de\\\/es\\\/hidrogeno-para-la-industria-en-fuer-karlsruhe-7471\\\/\"},\"wordCount\":982,\"publisher\":{\"@id\":\"https:\\\/\\\/fwfuer.de\\\/es\\\/#organization\"},\"articleSection\":[\"Comunicados de prensa\"],\"inLanguage\":\"es\"},{\"@type\":\"WebPage\",\"@id\":\"https:\\\/\\\/fwfuer.de\\\/es\\\/hidrogeno-para-la-industria-en-fuer-karlsruhe-7471\\\/\",\"url\":\"https:\\\/\\\/fwfuer.de\\\/es\\\/hidrogeno-para-la-industria-en-fuer-karlsruhe-7471\\\/\",\"name\":\"Hidr\u00f3geno para la industria en F\u00dcR Karlsruhe - Freie W\u00e4hler | F\u00dcR Karlsruhe en el Consejo Municipal de Karlsruhe\",\"isPartOf\":{\"@id\":\"https:\\\/\\\/fwfuer.de\\\/es\\\/#website\"},\"datePublished\":\"2023-11-27T10:22:35+00:00\",\"dateModified\":\"2024-06-10T12:36:33+00:00\",\"description\":\"Die Pressemeldungen von F\u00dcR Karlsruhe im Gemeinderat der Stadt Karlsruhe. Hier ver\u00f6ffentlichen wir alle News rund um die Entscheidungen der Stadt Karlsruhe, unserer Anfragen und Initiativen im Karlsruher Gemeinderat.\",\"breadcrumb\":{\"@id\":\"https:\\\/\\\/fwfuer.de\\\/es\\\/hidrogeno-para-la-industria-en-fuer-karlsruhe-7471\\\/#breadcrumb\"},\"inLanguage\":\"es\",\"potentialAction\":[{\"@type\":\"ReadAction\",\"target\":[\"https:\\\/\\\/fwfuer.de\\\/es\\\/hidrogeno-para-la-industria-en-fuer-karlsruhe-7471\\\/\"]}]},{\"@type\":\"BreadcrumbList\",\"@id\":\"https:\\\/\\\/fwfuer.de\\\/es\\\/hidrogeno-para-la-industria-en-fuer-karlsruhe-7471\\\/#breadcrumb\",\"itemListElement\":[{\"@type\":\"ListItem\",\"position\":1,\"name\":\"Startseite\",\"item\":\"https:\\\/\\\/fwfuer.de\\\/es\\\/casa\\\/\"},{\"@type\":\"ListItem\",\"position\":2,\"name\":\"Hidr\u00f3geno para la industria en F\u00dcR Karlsruhe\"}]},{\"@type\":\"WebSite\",\"@id\":\"https:\\\/\\\/fwfuer.de\\\/es\\\/#website\",\"url\":\"https:\\\/\\\/fwfuer.de\\\/es\\\/\",\"name\":\"Freie W\u00e4hler | F\u00dcR Karlsruhe en el Consejo Municipal de Karlsruhe\",\"description\":\"Grupo libre de concejales en Karlsruhe\",\"publisher\":{\"@id\":\"https:\\\/\\\/fwfuer.de\\\/es\\\/#organization\"},\"alternateName\":\"F\u00dcR KARLSRUHE im Gemeinderat\",\"potentialAction\":[{\"@type\":\"SearchAction\",\"target\":{\"@type\":\"EntryPoint\",\"urlTemplate\":\"https:\\\/\\\/fwfuer.de\\\/es\\\/?s={search_term_string}\"},\"query-input\":{\"@type\":\"PropertyValueSpecification\",\"valueRequired\":true,\"valueName\":\"search_term_string\"}}],\"inLanguage\":\"es\"},{\"@type\":\"Organization\",\"@id\":\"https:\\\/\\\/fwfuer.de\\\/es\\\/#organization\",\"name\":\"F\u00dcR Karlsruhe im Gemeinderat\",\"alternateName\":\"F\u00dcR Karlsruhe mit Stadtrat Friedemann Kalmbach\",\"url\":\"https:\\\/\\\/fwfuer.de\\\/es\\\/\",\"logo\":{\"@type\":\"ImageObject\",\"inLanguage\":\"es\",\"@id\":\"https:\\\/\\\/fwfuer.de\\\/es\\\/#\\\/schema\\\/logo\\\/image\\\/\",\"url\":\"https:\\\/\\\/fwfuer.de\\\/wp-content\\\/uploads\\\/2024\\\/07\\\/cropped-Logo-1.png\",\"contentUrl\":\"https:\\\/\\\/fwfuer.de\\\/wp-content\\\/uploads\\\/2024\\\/07\\\/cropped-Logo-1.png\",\"width\":512,\"height\":512,\"caption\":\"F\u00dcR Karlsruhe im Gemeinderat\"},\"image\":{\"@id\":\"https:\\\/\\\/fwfuer.de\\\/es\\\/#\\\/schema\\\/logo\\\/image\\\/\"},\"sameAs\":[\"https:\\\/\\\/www.facebook.com\\\/fwfuer\",\"https:\\\/\\\/x.com\\\/fwfuer\",\"https:\\\/\\\/www.instagram.com\\\/fuerka.de\",\"https:\\\/\\\/de.linkedin.com\\\/company\\\/fw-fr-karlsruhe-gemeinderatsfraktion\",\"https:\\\/\\\/tiktok.com\\\/@fuerka.de\"]},{\"@type\":\"Person\",\"@id\":\"https:\\\/\\\/fwfuer.de\\\/es\\\/#\\\/schema\\\/person\\\/b320b9d84a937dd6e9f2d80be1055c19\",\"name\":\"F\u00dcR Karlsruhe im Gemeinderat\"}]}<\/script>\n<!-- \/ Yoast SEO plugin. -->","yoast_head_json":{"title":"Hidr\u00f3geno para la industria en F\u00dcR Karlsruhe - Freie W\u00e4hler | F\u00dcR Karlsruhe en el Consejo Municipal de Karlsruhe","description":"Die Pressemeldungen von F\u00dcR Karlsruhe im Gemeinderat der Stadt Karlsruhe. Hier ver\u00f6ffentlichen wir alle News rund um die Entscheidungen der Stadt Karlsruhe, unserer Anfragen und Initiativen im Karlsruher Gemeinderat.","robots":{"index":"index","follow":"follow","max-snippet":"max-snippet:-1","max-image-preview":"max-image-preview:large","max-video-preview":"max-video-preview:-1"},"canonical":"https:\/\/fwfuer.de\/es\/hidrogeno-para-la-industria-en-fuer-karlsruhe-7471\/","og_locale":"es_ES","og_type":"article","og_title":"Hidr\u00f3geno para la industria en F\u00dcR Karlsruhe - Freie W\u00e4hler | F\u00dcR Karlsruhe en el Consejo Municipal de Karlsruhe","og_description":"Die Pressemeldungen von F\u00dcR Karlsruhe im Gemeinderat der Stadt Karlsruhe. Hier ver\u00f6ffentlichen wir alle News rund um die Entscheidungen der Stadt Karlsruhe, unserer Anfragen und Initiativen im Karlsruher Gemeinderat.","og_url":"https:\/\/fwfuer.de\/es\/hidrogeno-para-la-industria-en-fuer-karlsruhe-7471\/","og_site_name":"Freie W\u00e4hler | F\u00dcR Karlsruhe en el Consejo Municipal de Karlsruhe","article_publisher":"https:\/\/www.facebook.com\/fwfuer","article_published_time":"2023-11-27T10:22:35+00:00","article_modified_time":"2024-06-10T12:36:33+00:00","og_image":[{"width":2880,"height":2160,"url":"https:\/\/fwfuer.de\/wp-content\/uploads\/2022\/10\/FriedemannOnlineSchulung-scaled.jpeg","type":"image\/jpeg"}],"author":"F\u00dcR Karlsruhe im Gemeinderat","twitter_card":"summary_large_image","twitter_creator":"@fwfuer","twitter_site":"@fwfuer","twitter_misc":{"Escrito por":"F\u00dcR Karlsruhe im Gemeinderat","Tiempo de lectura":"5 minutos"},"schema":{"@context":"https:\/\/schema.org","@graph":[{"@type":"NewsArticle","@id":"https:\/\/fwfuer.de\/es\/hidrogeno-para-la-industria-en-fuer-karlsruhe-7471\/#article","isPartOf":{"@id":"https:\/\/fwfuer.de\/es\/hidrogeno-para-la-industria-en-fuer-karlsruhe-7471\/"},"author":{"name":"F\u00dcR Karlsruhe im Gemeinderat","@id":"https:\/\/fwfuer.de\/es\/#\/schema\/person\/b320b9d84a937dd6e9f2d80be1055c19"},"headline":"Hidr\u00f3geno para la industria en F\u00dcR Karlsruhe","datePublished":"2023-11-27T10:22:35+00:00","dateModified":"2024-06-10T12:36:33+00:00","mainEntityOfPage":{"@id":"https:\/\/fwfuer.de\/es\/hidrogeno-para-la-industria-en-fuer-karlsruhe-7471\/"},"wordCount":982,"publisher":{"@id":"https:\/\/fwfuer.de\/es\/#organization"},"articleSection":["Comunicados de prensa"],"inLanguage":"es"},{"@type":"WebPage","@id":"https:\/\/fwfuer.de\/es\/hidrogeno-para-la-industria-en-fuer-karlsruhe-7471\/","url":"https:\/\/fwfuer.de\/es\/hidrogeno-para-la-industria-en-fuer-karlsruhe-7471\/","name":"Hidr\u00f3geno para la industria en F\u00dcR Karlsruhe - Freie W\u00e4hler | F\u00dcR Karlsruhe en el Consejo Municipal de Karlsruhe","isPartOf":{"@id":"https:\/\/fwfuer.de\/es\/#website"},"datePublished":"2023-11-27T10:22:35+00:00","dateModified":"2024-06-10T12:36:33+00:00","description":"Die Pressemeldungen von F\u00dcR Karlsruhe im Gemeinderat der Stadt Karlsruhe. Hier ver\u00f6ffentlichen wir alle News rund um die Entscheidungen der Stadt Karlsruhe, unserer Anfragen und Initiativen im Karlsruher Gemeinderat.","breadcrumb":{"@id":"https:\/\/fwfuer.de\/es\/hidrogeno-para-la-industria-en-fuer-karlsruhe-7471\/#breadcrumb"},"inLanguage":"es","potentialAction":[{"@type":"ReadAction","target":["https:\/\/fwfuer.de\/es\/hidrogeno-para-la-industria-en-fuer-karlsruhe-7471\/"]}]},{"@type":"BreadcrumbList","@id":"https:\/\/fwfuer.de\/es\/hidrogeno-para-la-industria-en-fuer-karlsruhe-7471\/#breadcrumb","itemListElement":[{"@type":"ListItem","position":1,"name":"Startseite","item":"https:\/\/fwfuer.de\/es\/casa\/"},{"@type":"ListItem","position":2,"name":"Hidr\u00f3geno para la industria en F\u00dcR Karlsruhe"}]},{"@type":"WebSite","@id":"https:\/\/fwfuer.de\/es\/#website","url":"https:\/\/fwfuer.de\/es\/","name":"Freie W\u00e4hler | F\u00dcR Karlsruhe en el Consejo Municipal de Karlsruhe","description":"Grupo libre de concejales en Karlsruhe","publisher":{"@id":"https:\/\/fwfuer.de\/es\/#organization"},"alternateName":"F\u00dcR KARLSRUHE im Gemeinderat","potentialAction":[{"@type":"SearchAction","target":{"@type":"EntryPoint","urlTemplate":"https:\/\/fwfuer.de\/es\/?s={search_term_string}"},"query-input":{"@type":"PropertyValueSpecification","valueRequired":true,"valueName":"search_term_string"}}],"inLanguage":"es"},{"@type":"Organization","@id":"https:\/\/fwfuer.de\/es\/#organization","name":"F\u00dcR Karlsruhe im Gemeinderat","alternateName":"F\u00dcR Karlsruhe mit Stadtrat Friedemann Kalmbach","url":"https:\/\/fwfuer.de\/es\/","logo":{"@type":"ImageObject","inLanguage":"es","@id":"https:\/\/fwfuer.de\/es\/#\/schema\/logo\/image\/","url":"https:\/\/fwfuer.de\/wp-content\/uploads\/2024\/07\/cropped-Logo-1.png","contentUrl":"https:\/\/fwfuer.de\/wp-content\/uploads\/2024\/07\/cropped-Logo-1.png","width":512,"height":512,"caption":"F\u00dcR Karlsruhe im Gemeinderat"},"image":{"@id":"https:\/\/fwfuer.de\/es\/#\/schema\/logo\/image\/"},"sameAs":["https:\/\/www.facebook.com\/fwfuer","https:\/\/x.com\/fwfuer","https:\/\/www.instagram.com\/fuerka.de","https:\/\/de.linkedin.com\/company\/fw-fr-karlsruhe-gemeinderatsfraktion","https:\/\/tiktok.com\/@fuerka.de"]},{"@type":"Person","@id":"https:\/\/fwfuer.de\/es\/#\/schema\/person\/b320b9d84a937dd6e9f2d80be1055c19","name":"F\u00dcR Karlsruhe im Gemeinderat"}]}},"_links":{"self":[{"href":"https:\/\/fwfuer.de\/es\/wp-json\/wp\/v2\/posts\/7471","targetHints":{"allow":["GET"]}}],"collection":[{"href":"https:\/\/fwfuer.de\/es\/wp-json\/wp\/v2\/posts"}],"about":[{"href":"https:\/\/fwfuer.de\/es\/wp-json\/wp\/v2\/types\/post"}],"author":[{"embeddable":true,"href":"https:\/\/fwfuer.de\/es\/wp-json\/wp\/v2\/users\/2"}],"replies":[{"embeddable":true,"href":"https:\/\/fwfuer.de\/es\/wp-json\/wp\/v2\/comments?post=7471"}],"version-history":[{"count":2,"href":"https:\/\/fwfuer.de\/es\/wp-json\/wp\/v2\/posts\/7471\/revisions"}],"predecessor-version":[{"id":7474,"href":"https:\/\/fwfuer.de\/es\/wp-json\/wp\/v2\/posts\/7471\/revisions\/7474"}],"wp:attachment":[{"href":"https:\/\/fwfuer.de\/es\/wp-json\/wp\/v2\/media?parent=7471"}],"wp:term":[{"taxonomy":"category","embeddable":true,"href":"https:\/\/fwfuer.de\/es\/wp-json\/wp\/v2\/categories?post=7471"},{"taxonomy":"post_tag","embeddable":true,"href":"https:\/\/fwfuer.de\/es\/wp-json\/wp\/v2\/tags?post=7471"}],"curies":[{"name":"wp","href":"https:\/\/api.w.org\/{rel}","templated":true}]}}