{"id":7489,"date":"2023-11-28T06:58:00","date_gmt":"2023-11-28T05:58:00","guid":{"rendered":"https:\/\/fwfuer.de\/en-dialogo-podcast-sobre-hidrogeno-y-calefaccion-en-fuer-karlsruhe-7489\/"},"modified":"2024-07-29T10:50:01","modified_gmt":"2024-07-29T08:50:01","slug":"en-dialogo-podcast-sobre-hidrogeno-y-calefaccion-en-fuer-karlsruhe","status":"publish","type":"post","link":"https:\/\/fwfuer.de\/es\/en-dialogo-podcast-sobre-hidrogeno-y-calefaccion-en-fuer-karlsruhe-7489\/","title":{"rendered":"En di\u00e1logo: Podcast sobre hidr\u00f3geno y calefacci\u00f3n en F\u00dcR Karlsruhe"},"content":{"rendered":"\n<p>En un nuevo <a href=\"https:\/\/podcast.fwfuer.de\">episodio de podcast de \u00abDie Lage in Karlsruhe<\/a> \u00ab, el grupo parlamentario de los Electores Libres y la agrupaci\u00f3n de electores \u00abF\u00dcR Karlsruhe\u00bb hablan sobre \u00abCalefacci\u00f3n de gas, hidr\u00f3geno y la transici\u00f3n de la calefacci\u00f3n\u00bb. A continuaci\u00f3n, la concejala Petra Lorenz y el jefe del grupo parlamentario Micha Schlittenhardt debaten con el invitado Andreas Schick, de Netzen S\u00fcdwest, la <a href=\"https:\/\/fwfuer.de\/es\/?p=7438\">importancia del hidr\u00f3geno<\/a> como elemento b\u00e1sico para la transici\u00f3n energ\u00e9tica y el plan maestro de energ\u00eda de la ciudad de Karlsruhe. El grupo parlamentario subraya la relevancia de este debate para el consejo municipal, que decidir\u00e1 hoy sobre el plan director energ\u00e9tico. Seg\u00fan el grupo del consejo municipal, es importante que el hidr\u00f3geno se considere parte de la hoja de ruta del plan director de energ\u00eda. Si el consejo municipal rechazara esta opci\u00f3n, podr\u00eda tener consecuencias fatales para el futuro suministro energ\u00e9tico de la ciudad. \u00abEl hidr\u00f3geno desempe\u00f1a un papel decisivo en la transformaci\u00f3n del sector energ\u00e9tico\u00bb, afirma el grupo. \u00abAl autorizar el hidr\u00f3geno como componente b\u00e1sico del plan maestro de energ\u00eda, el consejo municipal est\u00e1 permitiendo un suministro de energ\u00eda vers\u00e1til y sostenible para los ciudadanos de F\u00dcR Karlsruhe. De lo contrario, podr\u00edamos perder la oportunidad de aplicar eficazmente la transici\u00f3n energ\u00e9tica y reforzar la localizaci\u00f3n empresarial.\u00bb Por ello, el grupo hace un llamamiento al consejo municipal para que reconozca la importancia del hidr\u00f3geno y lo incluya en el plan director de energ\u00eda. Para ello, las zonas de expansi\u00f3n de la red de hidr\u00f3geno o las zonas de prueba deben estar registradas a m\u00e1s tardar en 2025, y la ciudad puede esperar una conexi\u00f3n de hidr\u00f3geno ya en 2032. Esto es esencial para garantizar un suministro energ\u00e9tico sostenible para la F\u00dcR Karlsruhe y evitar posibles efectos negativos a largo plazo. Estos aspectos son especialmente importantes para los propietarios de viviendas a la hora de sustituir su sistema de calefacci\u00f3n.<\/p>\n\n<figure class=\"wp-block-embed is-type-video is-provider-youtube wp-block-embed-youtube wp-embed-aspect-16-9 wp-has-aspect-ratio\"><div class=\"wp-block-embed__wrapper\"> \n<iframe loading=\"lazy\" title=\"Gasheizung, Wasserstoff &amp; W\u00e4rmewende. Mit Andreas Schick | Podcast-Episode 39\" width=\"1080\" height=\"608\" src=\"https:\/\/www.youtube.com\/embed\/UIv9EGDKv3g?feature=oembed\"  allow=\"accelerometer; autoplay; clipboard-write; encrypted-media; gyroscope; picture-in-picture; web-share\" referrerpolicy=\"strict-origin-when-cross-origin\" allowfullscreen><\/iframe>\n <\/div><\/figure>\n\n<p>El episodio del podcast \u00abCalefacci\u00f3n de gas, hidr\u00f3geno y la transici\u00f3n de la calefacci\u00f3n\u00bb puede verse en la web del grupo y en <a href=\"https:\/\/youtu.be\/UIv9EGDKv3g\">YouTube con v\u00eddeo<\/a>. El grupo parlamentario espera que el debate y las conclusiones del episodio del podcast influyan positivamente en el proceso de toma de decisiones del consejo municipal y conduzcan a una hoja de ruta para el plan director energ\u00e9tico que tambi\u00e9n tenga en cuenta el hidr\u00f3geno como componente importante.<\/p>\n","protected":false},"excerpt":{"rendered":"<p>En un nuevo episodio de podcast de \u00abDie Lage in Karlsruhe \u00ab, el grupo parlamentario de los Electores Libres y la agrupaci\u00f3n de electores \u00abF\u00dcR Karlsruhe\u00bb hablan sobre \u00abCalefacci\u00f3n de gas, hidr\u00f3geno y la transici\u00f3n de la calefacci\u00f3n\u00bb. A continuaci\u00f3n, la concejala Petra Lorenz y el jefe del grupo parlamentario Micha Schlittenhardt debaten con el [&hellip;]<\/p>\n","protected":false},"author":1,"featured_media":0,"comment_status":"closed","ping_status":"closed","sticky":false,"template":"","format":"standard","meta":{"_acf_changed":false,"_et_pb_use_builder":"off","_et_pb_old_content":"","_et_gb_content_width":"","footnotes":"","_links_to":"","_links_to_target":""},"categories":[82],"tags":[],"class_list":["post-7489","post","type-post","status-publish","format-standard","hentry","category-comunicados-prensa"],"acf":[],"yoast_head":"<!-- This site is optimized with the Yoast SEO plugin v27.5 - https:\/\/yoast.com\/product\/yoast-seo-wordpress\/ -->\n<title>En di\u00e1logo: Podcast sobre hidr\u00f3geno y calefacci\u00f3n en F\u00dcR Karlsruhe - Freie W\u00e4hler | F\u00dcR Karlsruhe en el Consejo Municipal de Karlsruhe<\/title>\n<meta name=\"description\" content=\"Die Pressemeldungen von F\u00dcR Karlsruhe im Gemeinderat der Stadt Karlsruhe. Hier ver\u00f6ffentlichen wir alle News rund um die Entscheidungen der Stadt Karlsruhe, unserer Anfragen und Initiativen im Karlsruher Gemeinderat.\" \/>\n<meta name=\"robots\" content=\"index, follow, max-snippet:-1, max-image-preview:large, max-video-preview:-1\" \/>\n<link rel=\"canonical\" href=\"https:\/\/fwfuer.de\/es\/en-dialogo-podcast-sobre-hidrogeno-y-calefaccion-en-fuer-karlsruhe-7489\/\" \/>\n<meta property=\"og:locale\" content=\"es_ES\" \/>\n<meta property=\"og:type\" content=\"article\" \/>\n<meta property=\"og:title\" content=\"En di\u00e1logo: Podcast sobre hidr\u00f3geno y calefacci\u00f3n en F\u00dcR Karlsruhe - Freie W\u00e4hler | F\u00dcR Karlsruhe en el Consejo Municipal de Karlsruhe\" \/>\n<meta property=\"og:description\" content=\"Die Pressemeldungen von F\u00dcR Karlsruhe im Gemeinderat der Stadt Karlsruhe. Hier ver\u00f6ffentlichen wir alle News rund um die Entscheidungen der Stadt Karlsruhe, unserer Anfragen und Initiativen im Karlsruher Gemeinderat.\" \/>\n<meta property=\"og:url\" content=\"https:\/\/fwfuer.de\/es\/en-dialogo-podcast-sobre-hidrogeno-y-calefaccion-en-fuer-karlsruhe-7489\/\" \/>\n<meta property=\"og:site_name\" content=\"Freie W\u00e4hler | F\u00dcR Karlsruhe en el Consejo Municipal de Karlsruhe\" \/>\n<meta property=\"article:publisher\" content=\"https:\/\/www.facebook.com\/fwfuer\" \/>\n<meta property=\"article:author\" content=\"https:\/\/www.facebook.com\/SchlittenhardtM\" \/>\n<meta property=\"article:published_time\" content=\"2023-11-28T05:58:00+00:00\" \/>\n<meta property=\"article:modified_time\" content=\"2024-07-29T08:50:01+00:00\" \/>\n<meta property=\"og:image\" content=\"https:\/\/fwfuer.de\/wp-content\/uploads\/2022\/10\/FriedemannOnlineSchulung-scaled.jpeg\" \/>\n\t<meta property=\"og:image:width\" content=\"2880\" \/>\n\t<meta property=\"og:image:height\" content=\"2160\" \/>\n\t<meta property=\"og:image:type\" content=\"image\/jpeg\" \/>\n<meta name=\"author\" content=\"F\u00dcR Karlsruhe im Gemeinderat\" \/>\n<meta name=\"twitter:card\" content=\"summary_large_image\" \/>\n<meta name=\"twitter:creator\" content=\"@https:\/\/www.twitter.com\/SchlittenhardtM\" \/>\n<meta name=\"twitter:site\" content=\"@fwfuer\" \/>\n<meta name=\"twitter:label1\" content=\"Escrito por\" \/>\n\t<meta name=\"twitter:data1\" content=\"F\u00dcR Karlsruhe im Gemeinderat\" \/>\n\t<meta name=\"twitter:label2\" content=\"Tiempo de lectura\" \/>\n\t<meta name=\"twitter:data2\" content=\"2 minutos\" \/>\n<script type=\"application\/ld+json\" class=\"yoast-schema-graph\">{\"@context\":\"https:\\\/\\\/schema.org\",\"@graph\":[{\"@type\":\"NewsArticle\",\"@id\":\"https:\\\/\\\/fwfuer.de\\\/es\\\/en-dialogo-podcast-sobre-hidrogeno-y-calefaccion-en-fuer-karlsruhe-7489\\\/#article\",\"isPartOf\":{\"@id\":\"https:\\\/\\\/fwfuer.de\\\/es\\\/en-dialogo-podcast-sobre-hidrogeno-y-calefaccion-en-fuer-karlsruhe-7489\\\/\"},\"author\":{\"name\":\"F\u00dcR Karlsruhe im Gemeinderat\",\"@id\":\"https:\\\/\\\/fwfuer.de\\\/es\\\/#\\\/schema\\\/person\\\/84fbd80d001f4b437100c64ef6a47902\"},\"headline\":\"En di\u00e1logo: Podcast sobre hidr\u00f3geno y calefacci\u00f3n en F\u00dcR Karlsruhe\",\"datePublished\":\"2023-11-28T05:58:00+00:00\",\"dateModified\":\"2024-07-29T08:50:01+00:00\",\"mainEntityOfPage\":{\"@id\":\"https:\\\/\\\/fwfuer.de\\\/es\\\/en-dialogo-podcast-sobre-hidrogeno-y-calefaccion-en-fuer-karlsruhe-7489\\\/\"},\"wordCount\":455,\"publisher\":{\"@id\":\"https:\\\/\\\/fwfuer.de\\\/es\\\/#organization\"},\"articleSection\":[\"Comunicados de prensa\"],\"inLanguage\":\"es\"},{\"@type\":\"WebPage\",\"@id\":\"https:\\\/\\\/fwfuer.de\\\/es\\\/en-dialogo-podcast-sobre-hidrogeno-y-calefaccion-en-fuer-karlsruhe-7489\\\/\",\"url\":\"https:\\\/\\\/fwfuer.de\\\/es\\\/en-dialogo-podcast-sobre-hidrogeno-y-calefaccion-en-fuer-karlsruhe-7489\\\/\",\"name\":\"En di\u00e1logo: Podcast sobre hidr\u00f3geno y calefacci\u00f3n en F\u00dcR Karlsruhe - Freie W\u00e4hler | F\u00dcR Karlsruhe en el Consejo Municipal de Karlsruhe\",\"isPartOf\":{\"@id\":\"https:\\\/\\\/fwfuer.de\\\/es\\\/#website\"},\"datePublished\":\"2023-11-28T05:58:00+00:00\",\"dateModified\":\"2024-07-29T08:50:01+00:00\",\"description\":\"Die Pressemeldungen von F\u00dcR Karlsruhe im Gemeinderat der Stadt Karlsruhe. Hier ver\u00f6ffentlichen wir alle News rund um die Entscheidungen der Stadt Karlsruhe, unserer Anfragen und Initiativen im Karlsruher Gemeinderat.\",\"breadcrumb\":{\"@id\":\"https:\\\/\\\/fwfuer.de\\\/es\\\/en-dialogo-podcast-sobre-hidrogeno-y-calefaccion-en-fuer-karlsruhe-7489\\\/#breadcrumb\"},\"inLanguage\":\"es\",\"potentialAction\":[{\"@type\":\"ReadAction\",\"target\":[\"https:\\\/\\\/fwfuer.de\\\/es\\\/en-dialogo-podcast-sobre-hidrogeno-y-calefaccion-en-fuer-karlsruhe-7489\\\/\"]}]},{\"@type\":\"BreadcrumbList\",\"@id\":\"https:\\\/\\\/fwfuer.de\\\/es\\\/en-dialogo-podcast-sobre-hidrogeno-y-calefaccion-en-fuer-karlsruhe-7489\\\/#breadcrumb\",\"itemListElement\":[{\"@type\":\"ListItem\",\"position\":1,\"name\":\"Startseite\",\"item\":\"https:\\\/\\\/fwfuer.de\\\/es\\\/casa\\\/\"},{\"@type\":\"ListItem\",\"position\":2,\"name\":\"En di\u00e1logo: Podcast sobre hidr\u00f3geno y calefacci\u00f3n en F\u00dcR Karlsruhe\"}]},{\"@type\":\"WebSite\",\"@id\":\"https:\\\/\\\/fwfuer.de\\\/es\\\/#website\",\"url\":\"https:\\\/\\\/fwfuer.de\\\/es\\\/\",\"name\":\"Freie W\u00e4hler | F\u00dcR Karlsruhe en el Consejo Municipal de Karlsruhe\",\"description\":\"Grupo libre de concejales en Karlsruhe\",\"publisher\":{\"@id\":\"https:\\\/\\\/fwfuer.de\\\/es\\\/#organization\"},\"alternateName\":\"F\u00dcR KARLSRUHE im Gemeinderat\",\"potentialAction\":[{\"@type\":\"SearchAction\",\"target\":{\"@type\":\"EntryPoint\",\"urlTemplate\":\"https:\\\/\\\/fwfuer.de\\\/es\\\/?s={search_term_string}\"},\"query-input\":{\"@type\":\"PropertyValueSpecification\",\"valueRequired\":true,\"valueName\":\"search_term_string\"}}],\"inLanguage\":\"es\"},{\"@type\":\"Organization\",\"@id\":\"https:\\\/\\\/fwfuer.de\\\/es\\\/#organization\",\"name\":\"F\u00dcR Karlsruhe im Gemeinderat\",\"alternateName\":\"F\u00dcR Karlsruhe mit Stadtrat Friedemann Kalmbach\",\"url\":\"https:\\\/\\\/fwfuer.de\\\/es\\\/\",\"logo\":{\"@type\":\"ImageObject\",\"inLanguage\":\"es\",\"@id\":\"https:\\\/\\\/fwfuer.de\\\/es\\\/#\\\/schema\\\/logo\\\/image\\\/\",\"url\":\"https:\\\/\\\/fwfuer.de\\\/wp-content\\\/uploads\\\/2024\\\/07\\\/cropped-Logo-1.png\",\"contentUrl\":\"https:\\\/\\\/fwfuer.de\\\/wp-content\\\/uploads\\\/2024\\\/07\\\/cropped-Logo-1.png\",\"width\":512,\"height\":512,\"caption\":\"F\u00dcR Karlsruhe im Gemeinderat\"},\"image\":{\"@id\":\"https:\\\/\\\/fwfuer.de\\\/es\\\/#\\\/schema\\\/logo\\\/image\\\/\"},\"sameAs\":[\"https:\\\/\\\/www.facebook.com\\\/fwfuer\",\"https:\\\/\\\/x.com\\\/fwfuer\",\"https:\\\/\\\/www.instagram.com\\\/fuerka.de\",\"https:\\\/\\\/de.linkedin.com\\\/company\\\/fw-fr-karlsruhe-gemeinderatsfraktion\",\"https:\\\/\\\/tiktok.com\\\/@fuerka.de\"]},{\"@type\":\"Person\",\"@id\":\"https:\\\/\\\/fwfuer.de\\\/es\\\/#\\\/schema\\\/person\\\/84fbd80d001f4b437100c64ef6a47902\",\"name\":\"F\u00dcR Karlsruhe im Gemeinderat\",\"description\":\"Fraktionsgesch\u00e4ftsf\u00fchrer der FW|F\u00dcR Fraktion im Karlsruher Gemeinderat.\",\"sameAs\":[\"https:\\\/\\\/www.facebook.com\\\/SchlittenhardtM\",\"https:\\\/\\\/www.instagram.com\\\/SchlittenhardtM\",\"https:\\\/\\\/x.com\\\/https:\\\/\\\/www.twitter.com\\\/SchlittenhardtM\"]}]}<\/script>\n<!-- \/ Yoast SEO plugin. -->","yoast_head_json":{"title":"En di\u00e1logo: Podcast sobre hidr\u00f3geno y calefacci\u00f3n en F\u00dcR Karlsruhe - Freie W\u00e4hler | F\u00dcR Karlsruhe en el Consejo Municipal de Karlsruhe","description":"Die Pressemeldungen von F\u00dcR Karlsruhe im Gemeinderat der Stadt Karlsruhe. Hier ver\u00f6ffentlichen wir alle News rund um die Entscheidungen der Stadt Karlsruhe, unserer Anfragen und Initiativen im Karlsruher Gemeinderat.","robots":{"index":"index","follow":"follow","max-snippet":"max-snippet:-1","max-image-preview":"max-image-preview:large","max-video-preview":"max-video-preview:-1"},"canonical":"https:\/\/fwfuer.de\/es\/en-dialogo-podcast-sobre-hidrogeno-y-calefaccion-en-fuer-karlsruhe-7489\/","og_locale":"es_ES","og_type":"article","og_title":"En di\u00e1logo: Podcast sobre hidr\u00f3geno y calefacci\u00f3n en F\u00dcR Karlsruhe - Freie W\u00e4hler | F\u00dcR Karlsruhe en el Consejo Municipal de Karlsruhe","og_description":"Die Pressemeldungen von F\u00dcR Karlsruhe im Gemeinderat der Stadt Karlsruhe. Hier ver\u00f6ffentlichen wir alle News rund um die Entscheidungen der Stadt Karlsruhe, unserer Anfragen und Initiativen im Karlsruher Gemeinderat.","og_url":"https:\/\/fwfuer.de\/es\/en-dialogo-podcast-sobre-hidrogeno-y-calefaccion-en-fuer-karlsruhe-7489\/","og_site_name":"Freie W\u00e4hler | F\u00dcR Karlsruhe en el Consejo Municipal de Karlsruhe","article_publisher":"https:\/\/www.facebook.com\/fwfuer","article_author":"https:\/\/www.facebook.com\/SchlittenhardtM","article_published_time":"2023-11-28T05:58:00+00:00","article_modified_time":"2024-07-29T08:50:01+00:00","og_image":[{"width":2880,"height":2160,"url":"https:\/\/fwfuer.de\/wp-content\/uploads\/2022\/10\/FriedemannOnlineSchulung-scaled.jpeg","type":"image\/jpeg"}],"author":"F\u00dcR Karlsruhe im Gemeinderat","twitter_card":"summary_large_image","twitter_creator":"@https:\/\/www.twitter.com\/SchlittenhardtM","twitter_site":"@fwfuer","twitter_misc":{"Escrito por":"F\u00dcR Karlsruhe im Gemeinderat","Tiempo de lectura":"2 minutos"},"schema":{"@context":"https:\/\/schema.org","@graph":[{"@type":"NewsArticle","@id":"https:\/\/fwfuer.de\/es\/en-dialogo-podcast-sobre-hidrogeno-y-calefaccion-en-fuer-karlsruhe-7489\/#article","isPartOf":{"@id":"https:\/\/fwfuer.de\/es\/en-dialogo-podcast-sobre-hidrogeno-y-calefaccion-en-fuer-karlsruhe-7489\/"},"author":{"name":"F\u00dcR Karlsruhe im Gemeinderat","@id":"https:\/\/fwfuer.de\/es\/#\/schema\/person\/84fbd80d001f4b437100c64ef6a47902"},"headline":"En di\u00e1logo: Podcast sobre hidr\u00f3geno y calefacci\u00f3n en F\u00dcR Karlsruhe","datePublished":"2023-11-28T05:58:00+00:00","dateModified":"2024-07-29T08:50:01+00:00","mainEntityOfPage":{"@id":"https:\/\/fwfuer.de\/es\/en-dialogo-podcast-sobre-hidrogeno-y-calefaccion-en-fuer-karlsruhe-7489\/"},"wordCount":455,"publisher":{"@id":"https:\/\/fwfuer.de\/es\/#organization"},"articleSection":["Comunicados de prensa"],"inLanguage":"es"},{"@type":"WebPage","@id":"https:\/\/fwfuer.de\/es\/en-dialogo-podcast-sobre-hidrogeno-y-calefaccion-en-fuer-karlsruhe-7489\/","url":"https:\/\/fwfuer.de\/es\/en-dialogo-podcast-sobre-hidrogeno-y-calefaccion-en-fuer-karlsruhe-7489\/","name":"En di\u00e1logo: Podcast sobre hidr\u00f3geno y calefacci\u00f3n en F\u00dcR Karlsruhe - Freie W\u00e4hler | F\u00dcR Karlsruhe en el Consejo Municipal de Karlsruhe","isPartOf":{"@id":"https:\/\/fwfuer.de\/es\/#website"},"datePublished":"2023-11-28T05:58:00+00:00","dateModified":"2024-07-29T08:50:01+00:00","description":"Die Pressemeldungen von F\u00dcR Karlsruhe im Gemeinderat der Stadt Karlsruhe. Hier ver\u00f6ffentlichen wir alle News rund um die Entscheidungen der Stadt Karlsruhe, unserer Anfragen und Initiativen im Karlsruher Gemeinderat.","breadcrumb":{"@id":"https:\/\/fwfuer.de\/es\/en-dialogo-podcast-sobre-hidrogeno-y-calefaccion-en-fuer-karlsruhe-7489\/#breadcrumb"},"inLanguage":"es","potentialAction":[{"@type":"ReadAction","target":["https:\/\/fwfuer.de\/es\/en-dialogo-podcast-sobre-hidrogeno-y-calefaccion-en-fuer-karlsruhe-7489\/"]}]},{"@type":"BreadcrumbList","@id":"https:\/\/fwfuer.de\/es\/en-dialogo-podcast-sobre-hidrogeno-y-calefaccion-en-fuer-karlsruhe-7489\/#breadcrumb","itemListElement":[{"@type":"ListItem","position":1,"name":"Startseite","item":"https:\/\/fwfuer.de\/es\/casa\/"},{"@type":"ListItem","position":2,"name":"En di\u00e1logo: Podcast sobre hidr\u00f3geno y calefacci\u00f3n en F\u00dcR Karlsruhe"}]},{"@type":"WebSite","@id":"https:\/\/fwfuer.de\/es\/#website","url":"https:\/\/fwfuer.de\/es\/","name":"Freie W\u00e4hler | F\u00dcR Karlsruhe en el Consejo Municipal de Karlsruhe","description":"Grupo libre de concejales en Karlsruhe","publisher":{"@id":"https:\/\/fwfuer.de\/es\/#organization"},"alternateName":"F\u00dcR KARLSRUHE im Gemeinderat","potentialAction":[{"@type":"SearchAction","target":{"@type":"EntryPoint","urlTemplate":"https:\/\/fwfuer.de\/es\/?s={search_term_string}"},"query-input":{"@type":"PropertyValueSpecification","valueRequired":true,"valueName":"search_term_string"}}],"inLanguage":"es"},{"@type":"Organization","@id":"https:\/\/fwfuer.de\/es\/#organization","name":"F\u00dcR Karlsruhe im Gemeinderat","alternateName":"F\u00dcR Karlsruhe mit Stadtrat Friedemann Kalmbach","url":"https:\/\/fwfuer.de\/es\/","logo":{"@type":"ImageObject","inLanguage":"es","@id":"https:\/\/fwfuer.de\/es\/#\/schema\/logo\/image\/","url":"https:\/\/fwfuer.de\/wp-content\/uploads\/2024\/07\/cropped-Logo-1.png","contentUrl":"https:\/\/fwfuer.de\/wp-content\/uploads\/2024\/07\/cropped-Logo-1.png","width":512,"height":512,"caption":"F\u00dcR Karlsruhe im Gemeinderat"},"image":{"@id":"https:\/\/fwfuer.de\/es\/#\/schema\/logo\/image\/"},"sameAs":["https:\/\/www.facebook.com\/fwfuer","https:\/\/x.com\/fwfuer","https:\/\/www.instagram.com\/fuerka.de","https:\/\/de.linkedin.com\/company\/fw-fr-karlsruhe-gemeinderatsfraktion","https:\/\/tiktok.com\/@fuerka.de"]},{"@type":"Person","@id":"https:\/\/fwfuer.de\/es\/#\/schema\/person\/84fbd80d001f4b437100c64ef6a47902","name":"F\u00dcR Karlsruhe im Gemeinderat","description":"Fraktionsgesch\u00e4ftsf\u00fchrer der FW|F\u00dcR Fraktion im Karlsruher Gemeinderat.","sameAs":["https:\/\/www.facebook.com\/SchlittenhardtM","https:\/\/www.instagram.com\/SchlittenhardtM","https:\/\/x.com\/https:\/\/www.twitter.com\/SchlittenhardtM"]}]}},"_links":{"self":[{"href":"https:\/\/fwfuer.de\/es\/wp-json\/wp\/v2\/posts\/7489","targetHints":{"allow":["GET"]}}],"collection":[{"href":"https:\/\/fwfuer.de\/es\/wp-json\/wp\/v2\/posts"}],"about":[{"href":"https:\/\/fwfuer.de\/es\/wp-json\/wp\/v2\/types\/post"}],"author":[{"embeddable":true,"href":"https:\/\/fwfuer.de\/es\/wp-json\/wp\/v2\/users\/1"}],"replies":[{"embeddable":true,"href":"https:\/\/fwfuer.de\/es\/wp-json\/wp\/v2\/comments?post=7489"}],"version-history":[{"count":2,"href":"https:\/\/fwfuer.de\/es\/wp-json\/wp\/v2\/posts\/7489\/revisions"}],"predecessor-version":[{"id":7761,"href":"https:\/\/fwfuer.de\/es\/wp-json\/wp\/v2\/posts\/7489\/revisions\/7761"}],"wp:attachment":[{"href":"https:\/\/fwfuer.de\/es\/wp-json\/wp\/v2\/media?parent=7489"}],"wp:term":[{"taxonomy":"category","embeddable":true,"href":"https:\/\/fwfuer.de\/es\/wp-json\/wp\/v2\/categories?post=7489"},{"taxonomy":"post_tag","embeddable":true,"href":"https:\/\/fwfuer.de\/es\/wp-json\/wp\/v2\/tags?post=7489"}],"curies":[{"name":"wp","href":"https:\/\/api.w.org\/{rel}","templated":true}]}}