{"id":7502,"date":"2023-12-07T11:13:36","date_gmt":"2023-12-07T10:13:36","guid":{"rendered":"https:\/\/fwfuer.de\/decisiones-rapidas-en-materia-de-personal-en-la-administracion-municipal-7502\/"},"modified":"2024-07-29T10:49:52","modified_gmt":"2024-07-29T08:49:52","slug":"decisiones-rapidas-en-materia-de-personal-en-la-administracion-municipal","status":"publish","type":"post","link":"https:\/\/fwfuer.de\/es\/decisiones-rapidas-en-materia-de-personal-en-la-administracion-municipal-7502\/","title":{"rendered":"Decisiones r\u00e1pidas en materia de personal en la administraci\u00f3n municipal"},"content":{"rendered":"\n<p>El grupo del consejo municipal de Votantes Libres y F\u00dcR Karlsruhe apuesta por decisiones eficientes en materia de personal en la administraci\u00f3n municipal. Un nuevo concepto en el Comit\u00e9 de Personal pretende agilizar los procesos para que los puestos de personal puedan liberarse m\u00e1s r\u00e1pidamente. La medida se centra en la introducci\u00f3n del procedimiento de circulaci\u00f3n para las decisiones de personal. Esto permite tramitar r\u00e1pidamente las solicitudes y cubrir con prontitud los puestos clave. Antes, los solicitantes ten\u00edan que esperar a menudo varios meses para recibir una respuesta, lo que no s\u00f3lo causaba frustraci\u00f3n, sino tambi\u00e9n incertidumbre. A menudo, esto provocaba que candidatos cualificados retiraran sus solicitudes porque eran aceptados m\u00e1s r\u00e1pidamente en otros lugares.<\/p>\n\n<p>\u00abEsperamos que la introducci\u00f3n de estas medidas mejore significativamente los procesos de dotaci\u00f3n de personal. No s\u00f3lo los solicitantes se benefician de decisiones m\u00e1s r\u00e1pidas, sino tambi\u00e9n la propia administraci\u00f3n municipal, que se beneficia de una mayor eficacia a la hora de cubrir puestos importantes\u00bb, afirma la concejala Petra Lorenz.<\/p>\n\n<p>En el futuro, el Comit\u00e9 de Personal deber\u00e1 ser convocado con poca antelaci\u00f3n, en un plazo de 14 d\u00edas, sobre todo cuando se produzcan nombramientos para puestos de jefe de oficina. Este plazo permite cubrir las vacantes con prontitud y evitar as\u00ed dejar puestos cr\u00edticos sin cubrir durante largos periodos de tiempo.<\/p>\n\n<p>En el marco de las negociaciones presupuestarias, la moci\u00f3n de Freie W\u00e4hler y F\u00dcR Karlsruhe se remiti\u00f3 a la Comisi\u00f3n de Personal, donde se debatir\u00e1 con m\u00e1s detalle.<\/p>\n\n<div class=\"wp-block-divi-layout\">[et_pb_section fb_built=\u00bb1&#8243; theme_builder_area=\u00bbpost_content\u00bb _builder_version=\u00bb4.23.1&#8243; _module_preset=\u00bbdefault\u00bb][et_pb_row _builder_version=\u00bb4.23.1&#8243; _module_preset=\u00bbdefault\u00bb theme_builder_area=\u00bbpost_content\u00bb][et_pb_column _builder_version=\u00bb4.23.1&#8243; _module_preset=\u00bbdefault\u00bb type=\u00bb4_4&#8243; theme_builder_area=\u00bbpost_content\u00bb][dipl_faq_page_schema _builder_version=\u00bb4.23.1&#8243; _module_preset=\u00bbdefault\u00bb theme_builder_area=\u00bbpost_content\u00bb title=\u00bbPREGUNTAS FRECUENTES\u00bb hover_enabled=\u00bb0&#8243; sticky_enabled=\u00bb0&#8243;][dipl_faq_page_schema_item _builder_version=\u00bb4.23.1&#8243; _module_preset=\u00bbdefault\u00bb theme_builder_area=\u00bbpost_content\u00bb faq_question=\u00bbWarum ist eine schnelle Personalentscheidung wichtig?\u00bb hover_enabled=\u00bb0&#8243; sticky_enabled=\u00bb0&#8243;]<p>Las decisiones r\u00e1pidas en materia de personal son importantes para dar una respuesta r\u00e1pida a los candidatos y evitar la incertidumbre. Tambi\u00e9n permiten cubrir eficazmente puestos importantes en la administraci\u00f3n municipal.<\/p>[\/dipl_faq_page_schema_item][dipl_faq_page_schema_item _builder_version=\u00bb4.23.1&#8243; _module_preset=\u00bbdefault\u00bb theme_builder_area=\u00bbpost_content\u00bb faq_question=\u00bbWie wird das Umlaufverfahren f\u00fcr Personalentscheidungen umgesetzt?\u00bb hover_enabled=\u00bb0&#8243; sticky_enabled=\u00bb0&#8243;]<p>El procedimiento de circulaci\u00f3n permite tramitar r\u00e1pidamente las solicitudes y las decisiones. Esto permite al Comit\u00e9 de Personal tomar decisiones r\u00e1pidas sobre los puestos del personal y cubrir r\u00e1pidamente las vacantes.<\/p>[\/dipl_faq_page_schema_item][dipl_faq_page_schema_item _builder_version=\u00bb4.23.1&#8243; _module_preset=\u00bbdefault\u00bb theme_builder_area=\u00bbpost_content\u00bb faq_question=\u00bbWelche Vorteile bringt die beschleunigte Personalentscheidung f\u00fcr die Stadtverwaltung?\u00bb hover_enabled=\u00bb0&#8243; sticky_enabled=\u00bb0&#8243;]<p>La dotaci\u00f3n eficiente de los puestos clave mejora la calidad del trabajo administrativo. Tambi\u00e9n aumenta el atractivo de la ciudad de F\u00dcR Karlsruhe como empleador.<\/p>[\/dipl_faq_page_schema_item][\/dipl_faq_page_schema][\/et_pb_column][\/et_pb_row][\/et_pb_section]<\/div>\n","protected":false},"excerpt":{"rendered":"<p>El grupo del consejo municipal de Votantes Libres y F\u00dcR Karlsruhe apuesta por decisiones eficientes en materia de personal en la administraci\u00f3n municipal. Un nuevo concepto en el Comit\u00e9 de Personal pretende agilizar los procesos para que los puestos de personal puedan liberarse m\u00e1s r\u00e1pidamente. La medida se centra en la introducci\u00f3n del procedimiento de [&hellip;]<\/p>\n","protected":false},"author":2,"featured_media":0,"comment_status":"closed","ping_status":"closed","sticky":false,"template":"","format":"standard","meta":{"_acf_changed":false,"_et_pb_use_builder":"off","_et_pb_old_content":"","_et_gb_content_width":"","footnotes":"","_links_to":"","_links_to_target":""},"categories":[82],"tags":[],"class_list":["post-7502","post","type-post","status-publish","format-standard","hentry","category-comunicados-prensa"],"acf":[],"yoast_head":"<!-- This site is optimized with the Yoast SEO plugin v27.5 - https:\/\/yoast.com\/product\/yoast-seo-wordpress\/ -->\n<title>Decisiones r\u00e1pidas en materia de personal en la administraci\u00f3n municipal - Freie W\u00e4hler | F\u00dcR Karlsruhe en el Consejo Municipal de Karlsruhe<\/title>\n<meta name=\"description\" content=\"Die Pressemeldungen von F\u00dcR Karlsruhe im Gemeinderat der Stadt Karlsruhe. Hier ver\u00f6ffentlichen wir alle News rund um die Entscheidungen der Stadt Karlsruhe, unserer Anfragen und Initiativen im Karlsruher Gemeinderat.\" \/>\n<meta name=\"robots\" content=\"index, follow, max-snippet:-1, max-image-preview:large, max-video-preview:-1\" \/>\n<link rel=\"canonical\" href=\"https:\/\/fwfuer.de\/es\/decisiones-rapidas-en-materia-de-personal-en-la-administracion-municipal-7502\/\" \/>\n<meta property=\"og:locale\" content=\"es_ES\" \/>\n<meta property=\"og:type\" content=\"article\" \/>\n<meta property=\"og:title\" content=\"Decisiones r\u00e1pidas en materia de personal en la administraci\u00f3n municipal - Freie W\u00e4hler | F\u00dcR Karlsruhe en el Consejo Municipal de Karlsruhe\" \/>\n<meta property=\"og:description\" content=\"Die Pressemeldungen von F\u00dcR Karlsruhe im Gemeinderat der Stadt Karlsruhe. Hier ver\u00f6ffentlichen wir alle News rund um die Entscheidungen der Stadt Karlsruhe, unserer Anfragen und Initiativen im Karlsruher Gemeinderat.\" \/>\n<meta property=\"og:url\" content=\"https:\/\/fwfuer.de\/es\/decisiones-rapidas-en-materia-de-personal-en-la-administracion-municipal-7502\/\" \/>\n<meta property=\"og:site_name\" content=\"Freie W\u00e4hler | F\u00dcR Karlsruhe en el Consejo Municipal de Karlsruhe\" \/>\n<meta property=\"article:publisher\" content=\"https:\/\/www.facebook.com\/fwfuer\" \/>\n<meta property=\"article:published_time\" content=\"2023-12-07T10:13:36+00:00\" \/>\n<meta property=\"article:modified_time\" content=\"2024-07-29T08:49:52+00:00\" \/>\n<meta property=\"og:image\" content=\"https:\/\/fwfuer.de\/wp-content\/uploads\/2022\/10\/FriedemannOnlineSchulung-scaled.jpeg\" \/>\n\t<meta property=\"og:image:width\" content=\"2880\" \/>\n\t<meta property=\"og:image:height\" content=\"2160\" \/>\n\t<meta property=\"og:image:type\" content=\"image\/jpeg\" \/>\n<meta name=\"author\" content=\"F\u00dcR Karlsruhe im Gemeinderat\" \/>\n<meta name=\"twitter:card\" content=\"summary_large_image\" \/>\n<meta name=\"twitter:creator\" content=\"@fwfuer\" \/>\n<meta name=\"twitter:site\" content=\"@fwfuer\" \/>\n<meta name=\"twitter:label1\" content=\"Escrito por\" \/>\n\t<meta name=\"twitter:data1\" content=\"F\u00dcR Karlsruhe im Gemeinderat\" \/>\n\t<meta name=\"twitter:label2\" content=\"Tiempo de lectura\" \/>\n\t<meta name=\"twitter:data2\" content=\"3 minutos\" \/>\n<script type=\"application\/ld+json\" class=\"yoast-schema-graph\">{\"@context\":\"https:\\\/\\\/schema.org\",\"@graph\":[{\"@type\":\"NewsArticle\",\"@id\":\"https:\\\/\\\/fwfuer.de\\\/es\\\/decisiones-rapidas-en-materia-de-personal-en-la-administracion-municipal-7502\\\/#article\",\"isPartOf\":{\"@id\":\"https:\\\/\\\/fwfuer.de\\\/es\\\/decisiones-rapidas-en-materia-de-personal-en-la-administracion-municipal-7502\\\/\"},\"author\":{\"name\":\"F\u00dcR Karlsruhe im Gemeinderat\",\"@id\":\"https:\\\/\\\/fwfuer.de\\\/es\\\/#\\\/schema\\\/person\\\/b320b9d84a937dd6e9f2d80be1055c19\"},\"headline\":\"Decisiones r\u00e1pidas en materia de personal en la administraci\u00f3n municipal\",\"datePublished\":\"2023-12-07T10:13:36+00:00\",\"dateModified\":\"2024-07-29T08:49:52+00:00\",\"mainEntityOfPage\":{\"@id\":\"https:\\\/\\\/fwfuer.de\\\/es\\\/decisiones-rapidas-en-materia-de-personal-en-la-administracion-municipal-7502\\\/\"},\"wordCount\":560,\"publisher\":{\"@id\":\"https:\\\/\\\/fwfuer.de\\\/es\\\/#organization\"},\"articleSection\":[\"Comunicados de prensa\"],\"inLanguage\":\"es\"},{\"@type\":\"WebPage\",\"@id\":\"https:\\\/\\\/fwfuer.de\\\/es\\\/decisiones-rapidas-en-materia-de-personal-en-la-administracion-municipal-7502\\\/\",\"url\":\"https:\\\/\\\/fwfuer.de\\\/es\\\/decisiones-rapidas-en-materia-de-personal-en-la-administracion-municipal-7502\\\/\",\"name\":\"Decisiones r\u00e1pidas en materia de personal en la administraci\u00f3n municipal - Freie W\u00e4hler | F\u00dcR Karlsruhe en el Consejo Municipal de Karlsruhe\",\"isPartOf\":{\"@id\":\"https:\\\/\\\/fwfuer.de\\\/es\\\/#website\"},\"datePublished\":\"2023-12-07T10:13:36+00:00\",\"dateModified\":\"2024-07-29T08:49:52+00:00\",\"description\":\"Die Pressemeldungen von F\u00dcR Karlsruhe im Gemeinderat der Stadt Karlsruhe. Hier ver\u00f6ffentlichen wir alle News rund um die Entscheidungen der Stadt Karlsruhe, unserer Anfragen und Initiativen im Karlsruher Gemeinderat.\",\"breadcrumb\":{\"@id\":\"https:\\\/\\\/fwfuer.de\\\/es\\\/decisiones-rapidas-en-materia-de-personal-en-la-administracion-municipal-7502\\\/#breadcrumb\"},\"inLanguage\":\"es\",\"potentialAction\":[{\"@type\":\"ReadAction\",\"target\":[\"https:\\\/\\\/fwfuer.de\\\/es\\\/decisiones-rapidas-en-materia-de-personal-en-la-administracion-municipal-7502\\\/\"]}]},{\"@type\":\"BreadcrumbList\",\"@id\":\"https:\\\/\\\/fwfuer.de\\\/es\\\/decisiones-rapidas-en-materia-de-personal-en-la-administracion-municipal-7502\\\/#breadcrumb\",\"itemListElement\":[{\"@type\":\"ListItem\",\"position\":1,\"name\":\"Startseite\",\"item\":\"https:\\\/\\\/fwfuer.de\\\/es\\\/casa\\\/\"},{\"@type\":\"ListItem\",\"position\":2,\"name\":\"Decisiones r\u00e1pidas en materia de personal en la administraci\u00f3n municipal\"}]},{\"@type\":\"WebSite\",\"@id\":\"https:\\\/\\\/fwfuer.de\\\/es\\\/#website\",\"url\":\"https:\\\/\\\/fwfuer.de\\\/es\\\/\",\"name\":\"Freie W\u00e4hler | F\u00dcR Karlsruhe en el Consejo Municipal de Karlsruhe\",\"description\":\"Grupo libre de concejales en Karlsruhe\",\"publisher\":{\"@id\":\"https:\\\/\\\/fwfuer.de\\\/es\\\/#organization\"},\"alternateName\":\"F\u00dcR KARLSRUHE im Gemeinderat\",\"potentialAction\":[{\"@type\":\"SearchAction\",\"target\":{\"@type\":\"EntryPoint\",\"urlTemplate\":\"https:\\\/\\\/fwfuer.de\\\/es\\\/?s={search_term_string}\"},\"query-input\":{\"@type\":\"PropertyValueSpecification\",\"valueRequired\":true,\"valueName\":\"search_term_string\"}}],\"inLanguage\":\"es\"},{\"@type\":\"Organization\",\"@id\":\"https:\\\/\\\/fwfuer.de\\\/es\\\/#organization\",\"name\":\"F\u00dcR Karlsruhe im Gemeinderat\",\"alternateName\":\"F\u00dcR Karlsruhe mit Stadtrat Friedemann Kalmbach\",\"url\":\"https:\\\/\\\/fwfuer.de\\\/es\\\/\",\"logo\":{\"@type\":\"ImageObject\",\"inLanguage\":\"es\",\"@id\":\"https:\\\/\\\/fwfuer.de\\\/es\\\/#\\\/schema\\\/logo\\\/image\\\/\",\"url\":\"https:\\\/\\\/fwfuer.de\\\/wp-content\\\/uploads\\\/2024\\\/07\\\/cropped-Logo-1.png\",\"contentUrl\":\"https:\\\/\\\/fwfuer.de\\\/wp-content\\\/uploads\\\/2024\\\/07\\\/cropped-Logo-1.png\",\"width\":512,\"height\":512,\"caption\":\"F\u00dcR Karlsruhe im Gemeinderat\"},\"image\":{\"@id\":\"https:\\\/\\\/fwfuer.de\\\/es\\\/#\\\/schema\\\/logo\\\/image\\\/\"},\"sameAs\":[\"https:\\\/\\\/www.facebook.com\\\/fwfuer\",\"https:\\\/\\\/x.com\\\/fwfuer\",\"https:\\\/\\\/www.instagram.com\\\/fuerka.de\",\"https:\\\/\\\/de.linkedin.com\\\/company\\\/fw-fr-karlsruhe-gemeinderatsfraktion\",\"https:\\\/\\\/tiktok.com\\\/@fuerka.de\"]},{\"@type\":\"Person\",\"@id\":\"https:\\\/\\\/fwfuer.de\\\/es\\\/#\\\/schema\\\/person\\\/b320b9d84a937dd6e9f2d80be1055c19\",\"name\":\"F\u00dcR Karlsruhe im Gemeinderat\"}]}<\/script>\n<!-- \/ Yoast SEO plugin. -->","yoast_head_json":{"title":"Decisiones r\u00e1pidas en materia de personal en la administraci\u00f3n municipal - Freie W\u00e4hler | F\u00dcR Karlsruhe en el Consejo Municipal de Karlsruhe","description":"Die Pressemeldungen von F\u00dcR Karlsruhe im Gemeinderat der Stadt Karlsruhe. Hier ver\u00f6ffentlichen wir alle News rund um die Entscheidungen der Stadt Karlsruhe, unserer Anfragen und Initiativen im Karlsruher Gemeinderat.","robots":{"index":"index","follow":"follow","max-snippet":"max-snippet:-1","max-image-preview":"max-image-preview:large","max-video-preview":"max-video-preview:-1"},"canonical":"https:\/\/fwfuer.de\/es\/decisiones-rapidas-en-materia-de-personal-en-la-administracion-municipal-7502\/","og_locale":"es_ES","og_type":"article","og_title":"Decisiones r\u00e1pidas en materia de personal en la administraci\u00f3n municipal - Freie W\u00e4hler | F\u00dcR Karlsruhe en el Consejo Municipal de Karlsruhe","og_description":"Die Pressemeldungen von F\u00dcR Karlsruhe im Gemeinderat der Stadt Karlsruhe. Hier ver\u00f6ffentlichen wir alle News rund um die Entscheidungen der Stadt Karlsruhe, unserer Anfragen und Initiativen im Karlsruher Gemeinderat.","og_url":"https:\/\/fwfuer.de\/es\/decisiones-rapidas-en-materia-de-personal-en-la-administracion-municipal-7502\/","og_site_name":"Freie W\u00e4hler | F\u00dcR Karlsruhe en el Consejo Municipal de Karlsruhe","article_publisher":"https:\/\/www.facebook.com\/fwfuer","article_published_time":"2023-12-07T10:13:36+00:00","article_modified_time":"2024-07-29T08:49:52+00:00","og_image":[{"width":2880,"height":2160,"url":"https:\/\/fwfuer.de\/wp-content\/uploads\/2022\/10\/FriedemannOnlineSchulung-scaled.jpeg","type":"image\/jpeg"}],"author":"F\u00dcR Karlsruhe im Gemeinderat","twitter_card":"summary_large_image","twitter_creator":"@fwfuer","twitter_site":"@fwfuer","twitter_misc":{"Escrito por":"F\u00dcR Karlsruhe im Gemeinderat","Tiempo de lectura":"3 minutos"},"schema":{"@context":"https:\/\/schema.org","@graph":[{"@type":"NewsArticle","@id":"https:\/\/fwfuer.de\/es\/decisiones-rapidas-en-materia-de-personal-en-la-administracion-municipal-7502\/#article","isPartOf":{"@id":"https:\/\/fwfuer.de\/es\/decisiones-rapidas-en-materia-de-personal-en-la-administracion-municipal-7502\/"},"author":{"name":"F\u00dcR Karlsruhe im Gemeinderat","@id":"https:\/\/fwfuer.de\/es\/#\/schema\/person\/b320b9d84a937dd6e9f2d80be1055c19"},"headline":"Decisiones r\u00e1pidas en materia de personal en la administraci\u00f3n municipal","datePublished":"2023-12-07T10:13:36+00:00","dateModified":"2024-07-29T08:49:52+00:00","mainEntityOfPage":{"@id":"https:\/\/fwfuer.de\/es\/decisiones-rapidas-en-materia-de-personal-en-la-administracion-municipal-7502\/"},"wordCount":560,"publisher":{"@id":"https:\/\/fwfuer.de\/es\/#organization"},"articleSection":["Comunicados de prensa"],"inLanguage":"es"},{"@type":"WebPage","@id":"https:\/\/fwfuer.de\/es\/decisiones-rapidas-en-materia-de-personal-en-la-administracion-municipal-7502\/","url":"https:\/\/fwfuer.de\/es\/decisiones-rapidas-en-materia-de-personal-en-la-administracion-municipal-7502\/","name":"Decisiones r\u00e1pidas en materia de personal en la administraci\u00f3n municipal - Freie W\u00e4hler | F\u00dcR Karlsruhe en el Consejo Municipal de Karlsruhe","isPartOf":{"@id":"https:\/\/fwfuer.de\/es\/#website"},"datePublished":"2023-12-07T10:13:36+00:00","dateModified":"2024-07-29T08:49:52+00:00","description":"Die Pressemeldungen von F\u00dcR Karlsruhe im Gemeinderat der Stadt Karlsruhe. Hier ver\u00f6ffentlichen wir alle News rund um die Entscheidungen der Stadt Karlsruhe, unserer Anfragen und Initiativen im Karlsruher Gemeinderat.","breadcrumb":{"@id":"https:\/\/fwfuer.de\/es\/decisiones-rapidas-en-materia-de-personal-en-la-administracion-municipal-7502\/#breadcrumb"},"inLanguage":"es","potentialAction":[{"@type":"ReadAction","target":["https:\/\/fwfuer.de\/es\/decisiones-rapidas-en-materia-de-personal-en-la-administracion-municipal-7502\/"]}]},{"@type":"BreadcrumbList","@id":"https:\/\/fwfuer.de\/es\/decisiones-rapidas-en-materia-de-personal-en-la-administracion-municipal-7502\/#breadcrumb","itemListElement":[{"@type":"ListItem","position":1,"name":"Startseite","item":"https:\/\/fwfuer.de\/es\/casa\/"},{"@type":"ListItem","position":2,"name":"Decisiones r\u00e1pidas en materia de personal en la administraci\u00f3n municipal"}]},{"@type":"WebSite","@id":"https:\/\/fwfuer.de\/es\/#website","url":"https:\/\/fwfuer.de\/es\/","name":"Freie W\u00e4hler | F\u00dcR Karlsruhe en el Consejo Municipal de Karlsruhe","description":"Grupo libre de concejales en Karlsruhe","publisher":{"@id":"https:\/\/fwfuer.de\/es\/#organization"},"alternateName":"F\u00dcR KARLSRUHE im Gemeinderat","potentialAction":[{"@type":"SearchAction","target":{"@type":"EntryPoint","urlTemplate":"https:\/\/fwfuer.de\/es\/?s={search_term_string}"},"query-input":{"@type":"PropertyValueSpecification","valueRequired":true,"valueName":"search_term_string"}}],"inLanguage":"es"},{"@type":"Organization","@id":"https:\/\/fwfuer.de\/es\/#organization","name":"F\u00dcR Karlsruhe im Gemeinderat","alternateName":"F\u00dcR Karlsruhe mit Stadtrat Friedemann Kalmbach","url":"https:\/\/fwfuer.de\/es\/","logo":{"@type":"ImageObject","inLanguage":"es","@id":"https:\/\/fwfuer.de\/es\/#\/schema\/logo\/image\/","url":"https:\/\/fwfuer.de\/wp-content\/uploads\/2024\/07\/cropped-Logo-1.png","contentUrl":"https:\/\/fwfuer.de\/wp-content\/uploads\/2024\/07\/cropped-Logo-1.png","width":512,"height":512,"caption":"F\u00dcR Karlsruhe im Gemeinderat"},"image":{"@id":"https:\/\/fwfuer.de\/es\/#\/schema\/logo\/image\/"},"sameAs":["https:\/\/www.facebook.com\/fwfuer","https:\/\/x.com\/fwfuer","https:\/\/www.instagram.com\/fuerka.de","https:\/\/de.linkedin.com\/company\/fw-fr-karlsruhe-gemeinderatsfraktion","https:\/\/tiktok.com\/@fuerka.de"]},{"@type":"Person","@id":"https:\/\/fwfuer.de\/es\/#\/schema\/person\/b320b9d84a937dd6e9f2d80be1055c19","name":"F\u00dcR Karlsruhe im Gemeinderat"}]}},"_links":{"self":[{"href":"https:\/\/fwfuer.de\/es\/wp-json\/wp\/v2\/posts\/7502","targetHints":{"allow":["GET"]}}],"collection":[{"href":"https:\/\/fwfuer.de\/es\/wp-json\/wp\/v2\/posts"}],"about":[{"href":"https:\/\/fwfuer.de\/es\/wp-json\/wp\/v2\/types\/post"}],"author":[{"embeddable":true,"href":"https:\/\/fwfuer.de\/es\/wp-json\/wp\/v2\/users\/2"}],"replies":[{"embeddable":true,"href":"https:\/\/fwfuer.de\/es\/wp-json\/wp\/v2\/comments?post=7502"}],"version-history":[{"count":3,"href":"https:\/\/fwfuer.de\/es\/wp-json\/wp\/v2\/posts\/7502\/revisions"}],"predecessor-version":[{"id":7751,"href":"https:\/\/fwfuer.de\/es\/wp-json\/wp\/v2\/posts\/7502\/revisions\/7751"}],"wp:attachment":[{"href":"https:\/\/fwfuer.de\/es\/wp-json\/wp\/v2\/media?parent=7502"}],"wp:term":[{"taxonomy":"category","embeddable":true,"href":"https:\/\/fwfuer.de\/es\/wp-json\/wp\/v2\/categories?post=7502"},{"taxonomy":"post_tag","embeddable":true,"href":"https:\/\/fwfuer.de\/es\/wp-json\/wp\/v2\/tags?post=7502"}],"curies":[{"name":"wp","href":"https:\/\/api.w.org\/{rel}","templated":true}]}}