{"id":8892,"date":"2023-12-14T12:26:01","date_gmt":"2023-12-14T11:26:01","guid":{"rendered":"https:\/\/fwfuer.de\/desarrollo-empresarial-eficiente-en-fuer-karlsruhe-8892\/"},"modified":"2026-01-27T16:08:05","modified_gmt":"2026-01-27T15:08:05","slug":"desarrollo-empresarial-eficiente-en-fuer-karlsruhe","status":"publish","type":"post","link":"https:\/\/fwfuer.de\/es\/desarrollo-empresarial-eficiente-en-fuer-karlsruhe-8892\/","title":{"rendered":"Desarrollo empresarial eficiente en F\u00dcR Karlsruhe"},"content":{"rendered":"\n<p><strong><em>El grupo parlamentario de los Votantes Libres y la agrupaci\u00f3n de electores \u00abF\u00dcR Karlsruhe\u00bb est\u00e1n a favor de un desarrollo econ\u00f3mico eficaz.<\/em><\/strong><\/p>\n\n<p>El grupo parlamentario de los Votantes Libres y la agrupaci\u00f3n de electores \u00abF\u00dcR Karlsruhe\u00bb (FW|grupo parlamentario F\u00dcR Karlsruhe) ha presentado una moci\u00f3n al consejo municipal de Karlsruhe para optimizar el desarrollo econ\u00f3mico de la ciudad. El objetivo es crear un punto de contacto central para comerciantes y empresas que deseen cambiar o trasladarse a F\u00dcR Karlsruhe.<\/p>\n\n<p>En los \u00faltimos a\u00f1os, Karlsruhe ha sufrido lamentablemente la p\u00e9rdida de varias empresas importantes.\nUno de los motivos son los largos procesos de b\u00fasqueda y aprobaci\u00f3n de las solicitudes de ampliaci\u00f3n.  Las trabas burocr\u00e1ticas son demasiado elevadas y disuaden a los posibles inversores. En el mundo actual, las empresas se ven obligadas a adaptarse r\u00e1pidamente a los cambios del mercado para seguir siendo competitivas.\nPor eso es muy importante que la administraci\u00f3n ofrezca a las empresas una v\u00eda igualmente r\u00e1pida y sin complicaciones.\nPor tanto, las v\u00edas cortas y los enfoques claros de las soluciones deben estar centralizados en un solo lugar.\nLa actual organizaci\u00f3n de desarrollo empresarial todav\u00eda no cumple estos requisitos.\nPor este motivo, solicitamos que el desarrollo empresarial se conecte en red con las dem\u00e1s oficinas pertinentes y que se establezca como punto central de contacto y contacto para las relaciones de las empresas con las autoridades.    <\/p>\n\n<p>Friedemann Kalmbach, Presidente del grupo parlamentario FW|F\u00dcR Karlsruhe, subraya: \u00abQueremos reforzar Karlsruhe como lugar atractivo para los negocios y ofrecer a las empresas unas condiciones \u00f3ptimas.\nA este respecto, es de crucial importancia un desarrollo empresarial eficiente.\nMediante la creaci\u00f3n de un punto de contacto central, podemos ayudar a las empresas a aclarar sus dudas de forma r\u00e1pida y sencilla, y as\u00ed seguir promoviendo Karlsruhe como lugar de negocios.\u00bb  <\/p>\n\n<div class=\"wp-block-divi-layout\">[et_pb_section fb_built=\u00bb1&#8243; theme_builder_area=\u00bbpost_content\u00bb _builder_version=\u00bb4.23.1&#8243; _module_preset=\u00bbdefault\u00bb][et_pb_row _builder_version=\u00bb4.23.1&#8243; _module_preset=\u00bbdefault\u00bb theme_builder_area=\u00bbpost_content\u00bb][et_pb_column _builder_version=\u00bb4.23.1&#8243; _module_preset=\u00bbdefault\u00bb type=\u00bb4_4&#8243; theme_builder_area=\u00bbpost_content\u00bb][dipl_faq_page_schema _builder_version=\u00bb4.23.1&#8243; _module_preset=\u00bbdefault\u00bb theme_builder_area=\u00bbpost_content\u00bb title=\u00bbPREGUNTAS FRECUENTES\u00bb hover_enabled=\u00bb0&#8243; sticky_enabled=\u00bb0&#8243;][dipl_faq_page_schema_item _builder_version=\u00bb4.23.1&#8243; _module_preset=\u00bbdefault\u00bb theme_builder_area=\u00bbpost_content\u00bb faq_question=\u00bbWarum ist eine effiziente Wirtschaftsf\u00f6rderung wichtig?\u00bb hover_enabled=\u00bb0&#8243; sticky_enabled=\u00bb0&#8243;]<p>Un desarrollo empresarial eficiente es crucial para ayudar a las empresas con sus preocupaciones y hacer atractiva la ubicaci\u00f3n de la empresa.\nUn punto de contacto central permite a las empresas aclarar sus dudas de forma r\u00e1pida y sencilla. <\/p>[\/dipl_faq_page_schema_item][dipl_faq_page_schema_item _builder_version=\u00bb4.23.1&#8243; _module_preset=\u00bbdefault\u00bb theme_builder_area=\u00bbpost_content\u00bb faq_question=\u00bbWie kann die Wirtschaftsf\u00f6rderung verbessert werden?\u00bb hover_enabled=\u00bb0&#8243; sticky_enabled=\u00bb0&#8243;]<p>El desarrollo econ\u00f3mico debe estar conectado en red con las dem\u00e1s oficinas responsables para facilitar caminos cortos y enfoques claros de las soluciones.\nEsto permite a las empresas reaccionar m\u00e1s r\u00e1pidamente a los cambios y reforzar su competitividad. <\/p>[\/dipl_faq_page_schema_item][dipl_faq_page_schema_item _builder_version=\u00bb4.23.1&#8243; _module_preset=\u00bbdefault\u00bb theme_builder_area=\u00bbpost_content\u00bb faq_question=\u00bbWelche Vorteile bringt eine zentrale Anlaufstelle?\u00bb hover_enabled=\u00bb0&#8243; sticky_enabled=\u00bb0&#8243;]<p>Un punto de contacto central permite a las empresas agrupar sus preocupaciones en un solo lugar.\nEsto reduce los obst\u00e1culos burocr\u00e1ticos y acorta los plazos de tramitaci\u00f3n.\nLas empresas reciben ayuda r\u00e1pida y sin complicaciones cuando tratan con las autoridades.  <\/p>[\/dipl_faq_page_schema_item][dipl_faq_page_schema_item _builder_version=\u00bb4.23.1&#8243; _module_preset=\u00bbdefault\u00bb theme_builder_area=\u00bbpost_content\u00bb faq_question=\u00bbWie kann die Wirtschaftsf\u00f6rderung den Wirtschaftsstandort Karlsruhe st\u00e4rken?\u00bb hover_enabled=\u00bb0&#8243; sticky_enabled=\u00bb0&#8243;]<p>Un desarrollo econ\u00f3mico eficiente contribuye a animar a las empresas a instalarse en Karlsruhe o a ampliar las existentes.\nEsto crea puestos de trabajo y refuerza la econom\u00eda de la regi\u00f3n. <\/p>[\/dipl_faq_page_schema_item][\/dipl_faq_page_schema][\/et_pb_column][\/et_pb_row][\/et_pb_section]<\/div>\n","protected":false},"excerpt":{"rendered":"<p>El grupo parlamentario de los Votantes Libres y la agrupaci\u00f3n de electores \u00abF\u00dcR Karlsruhe\u00bb est\u00e1n a favor de un desarrollo econ\u00f3mico eficaz. El grupo parlamentario de los Votantes Libres y la agrupaci\u00f3n de electores \u00abF\u00dcR Karlsruhe\u00bb (FW|grupo parlamentario F\u00dcR Karlsruhe) ha presentado una moci\u00f3n al consejo municipal de Karlsruhe para optimizar el desarrollo econ\u00f3mico de [&hellip;]<\/p>\n","protected":false},"author":2,"featured_media":6675,"comment_status":"closed","ping_status":"closed","sticky":false,"template":"","format":"standard","meta":{"_acf_changed":false,"_et_pb_use_builder":"off","_et_pb_old_content":"","_et_gb_content_width":"","footnotes":"","_links_to":"","_links_to_target":""},"categories":[82],"tags":[],"class_list":["post-8892","post","type-post","status-publish","format-standard","has-post-thumbnail","hentry","category-comunicados-prensa"],"acf":[],"yoast_head":"<!-- This site is optimized with the Yoast SEO plugin v27.4 - https:\/\/yoast.com\/product\/yoast-seo-wordpress\/ -->\n<title>Desarrollo empresarial eficiente en F\u00dcR Karlsruhe - Freie W\u00e4hler | F\u00dcR Karlsruhe en el Consejo Municipal de Karlsruhe<\/title>\n<meta name=\"description\" content=\"Die Pressemeldungen von F\u00dcR Karlsruhe im Gemeinderat der Stadt Karlsruhe. Hier ver\u00f6ffentlichen wir alle News rund um die Entscheidungen der Stadt Karlsruhe, unserer Anfragen und Initiativen im Karlsruher Gemeinderat.\" \/>\n<meta name=\"robots\" content=\"index, follow, max-snippet:-1, max-image-preview:large, max-video-preview:-1\" \/>\n<link rel=\"canonical\" href=\"https:\/\/fwfuer.de\/es\/desarrollo-empresarial-eficiente-en-fuer-karlsruhe-8892\/\" \/>\n<meta property=\"og:locale\" content=\"es_ES\" \/>\n<meta property=\"og:type\" content=\"article\" \/>\n<meta property=\"og:title\" content=\"Desarrollo empresarial eficiente en F\u00dcR Karlsruhe - Freie W\u00e4hler | F\u00dcR Karlsruhe en el Consejo Municipal de Karlsruhe\" \/>\n<meta property=\"og:description\" content=\"Die Pressemeldungen von F\u00dcR Karlsruhe im Gemeinderat der Stadt Karlsruhe. Hier ver\u00f6ffentlichen wir alle News rund um die Entscheidungen der Stadt Karlsruhe, unserer Anfragen und Initiativen im Karlsruher Gemeinderat.\" \/>\n<meta property=\"og:url\" content=\"https:\/\/fwfuer.de\/es\/desarrollo-empresarial-eficiente-en-fuer-karlsruhe-8892\/\" \/>\n<meta property=\"og:site_name\" content=\"Freie W\u00e4hler | F\u00dcR Karlsruhe en el Consejo Municipal de Karlsruhe\" \/>\n<meta property=\"article:publisher\" content=\"https:\/\/www.facebook.com\/fwfuer\" \/>\n<meta property=\"article:published_time\" content=\"2023-12-14T11:26:01+00:00\" \/>\n<meta property=\"article:modified_time\" content=\"2026-01-27T15:08:05+00:00\" \/>\n<meta property=\"og:image\" content=\"https:\/\/fwfuer.de\/wp-content\/uploads\/2023\/12\/Design_ohne_Titel_14.png\" \/>\n\t<meta property=\"og:image:width\" content=\"1920\" \/>\n\t<meta property=\"og:image:height\" content=\"1080\" \/>\n\t<meta property=\"og:image:type\" content=\"image\/png\" \/>\n<meta name=\"author\" content=\"F\u00dcR Karlsruhe im Gemeinderat\" \/>\n<meta name=\"twitter:card\" content=\"summary_large_image\" \/>\n<meta name=\"twitter:creator\" content=\"@fwfuer\" \/>\n<meta name=\"twitter:site\" content=\"@fwfuer\" \/>\n<meta name=\"twitter:label1\" content=\"Escrito por\" \/>\n\t<meta name=\"twitter:data1\" content=\"F\u00dcR Karlsruhe im Gemeinderat\" \/>\n\t<meta name=\"twitter:label2\" content=\"Tiempo de lectura\" \/>\n\t<meta name=\"twitter:data2\" content=\"3 minutos\" \/>\n<script type=\"application\/ld+json\" class=\"yoast-schema-graph\">{\"@context\":\"https:\\\/\\\/schema.org\",\"@graph\":[{\"@type\":\"NewsArticle\",\"@id\":\"https:\\\/\\\/fwfuer.de\\\/es\\\/desarrollo-empresarial-eficiente-en-fuer-karlsruhe-8892\\\/#article\",\"isPartOf\":{\"@id\":\"https:\\\/\\\/fwfuer.de\\\/es\\\/desarrollo-empresarial-eficiente-en-fuer-karlsruhe-8892\\\/\"},\"author\":{\"name\":\"F\u00dcR Karlsruhe im Gemeinderat\",\"@id\":\"https:\\\/\\\/fwfuer.de\\\/es\\\/#\\\/schema\\\/person\\\/b320b9d84a937dd6e9f2d80be1055c19\"},\"headline\":\"Desarrollo empresarial eficiente en F\u00dcR Karlsruhe\",\"datePublished\":\"2023-12-14T11:26:01+00:00\",\"dateModified\":\"2026-01-27T15:08:05+00:00\",\"mainEntityOfPage\":{\"@id\":\"https:\\\/\\\/fwfuer.de\\\/es\\\/desarrollo-empresarial-eficiente-en-fuer-karlsruhe-8892\\\/\"},\"wordCount\":704,\"publisher\":{\"@id\":\"https:\\\/\\\/fwfuer.de\\\/es\\\/#organization\"},\"image\":{\"@id\":\"https:\\\/\\\/fwfuer.de\\\/es\\\/desarrollo-empresarial-eficiente-en-fuer-karlsruhe-8892\\\/#primaryimage\"},\"thumbnailUrl\":\"https:\\\/\\\/fwfuer.de\\\/wp-content\\\/uploads\\\/2023\\\/12\\\/Design_ohne_Titel_14.png\",\"articleSection\":[\"Comunicados de prensa\"],\"inLanguage\":\"es\"},{\"@type\":\"WebPage\",\"@id\":\"https:\\\/\\\/fwfuer.de\\\/es\\\/desarrollo-empresarial-eficiente-en-fuer-karlsruhe-8892\\\/\",\"url\":\"https:\\\/\\\/fwfuer.de\\\/es\\\/desarrollo-empresarial-eficiente-en-fuer-karlsruhe-8892\\\/\",\"name\":\"Desarrollo empresarial eficiente en F\u00dcR Karlsruhe - Freie W\u00e4hler | F\u00dcR Karlsruhe en el Consejo Municipal de Karlsruhe\",\"isPartOf\":{\"@id\":\"https:\\\/\\\/fwfuer.de\\\/es\\\/#website\"},\"primaryImageOfPage\":{\"@id\":\"https:\\\/\\\/fwfuer.de\\\/es\\\/desarrollo-empresarial-eficiente-en-fuer-karlsruhe-8892\\\/#primaryimage\"},\"image\":{\"@id\":\"https:\\\/\\\/fwfuer.de\\\/es\\\/desarrollo-empresarial-eficiente-en-fuer-karlsruhe-8892\\\/#primaryimage\"},\"thumbnailUrl\":\"https:\\\/\\\/fwfuer.de\\\/wp-content\\\/uploads\\\/2023\\\/12\\\/Design_ohne_Titel_14.png\",\"datePublished\":\"2023-12-14T11:26:01+00:00\",\"dateModified\":\"2026-01-27T15:08:05+00:00\",\"description\":\"Die Pressemeldungen von F\u00dcR Karlsruhe im Gemeinderat der Stadt Karlsruhe. Hier ver\u00f6ffentlichen wir alle News rund um die Entscheidungen der Stadt Karlsruhe, unserer Anfragen und Initiativen im Karlsruher Gemeinderat.\",\"breadcrumb\":{\"@id\":\"https:\\\/\\\/fwfuer.de\\\/es\\\/desarrollo-empresarial-eficiente-en-fuer-karlsruhe-8892\\\/#breadcrumb\"},\"inLanguage\":\"es\",\"potentialAction\":[{\"@type\":\"ReadAction\",\"target\":[\"https:\\\/\\\/fwfuer.de\\\/es\\\/desarrollo-empresarial-eficiente-en-fuer-karlsruhe-8892\\\/\"]}]},{\"@type\":\"ImageObject\",\"inLanguage\":\"es\",\"@id\":\"https:\\\/\\\/fwfuer.de\\\/es\\\/desarrollo-empresarial-eficiente-en-fuer-karlsruhe-8892\\\/#primaryimage\",\"url\":\"https:\\\/\\\/fwfuer.de\\\/wp-content\\\/uploads\\\/2023\\\/12\\\/Design_ohne_Titel_14.png\",\"contentUrl\":\"https:\\\/\\\/fwfuer.de\\\/wp-content\\\/uploads\\\/2023\\\/12\\\/Design_ohne_Titel_14.png\",\"width\":1920,\"height\":1080},{\"@type\":\"BreadcrumbList\",\"@id\":\"https:\\\/\\\/fwfuer.de\\\/es\\\/desarrollo-empresarial-eficiente-en-fuer-karlsruhe-8892\\\/#breadcrumb\",\"itemListElement\":[{\"@type\":\"ListItem\",\"position\":1,\"name\":\"Startseite\",\"item\":\"https:\\\/\\\/fwfuer.de\\\/es\\\/casa\\\/\"},{\"@type\":\"ListItem\",\"position\":2,\"name\":\"Desarrollo empresarial eficiente en F\u00dcR Karlsruhe\"}]},{\"@type\":\"WebSite\",\"@id\":\"https:\\\/\\\/fwfuer.de\\\/es\\\/#website\",\"url\":\"https:\\\/\\\/fwfuer.de\\\/es\\\/\",\"name\":\"Freie W\u00e4hler | F\u00dcR Karlsruhe en el Consejo Municipal de Karlsruhe\",\"description\":\"Grupo libre de concejales en Karlsruhe\",\"publisher\":{\"@id\":\"https:\\\/\\\/fwfuer.de\\\/es\\\/#organization\"},\"alternateName\":\"F\u00dcR KARLSRUHE im Gemeinderat\",\"potentialAction\":[{\"@type\":\"SearchAction\",\"target\":{\"@type\":\"EntryPoint\",\"urlTemplate\":\"https:\\\/\\\/fwfuer.de\\\/es\\\/?s={search_term_string}\"},\"query-input\":{\"@type\":\"PropertyValueSpecification\",\"valueRequired\":true,\"valueName\":\"search_term_string\"}}],\"inLanguage\":\"es\"},{\"@type\":\"Organization\",\"@id\":\"https:\\\/\\\/fwfuer.de\\\/es\\\/#organization\",\"name\":\"F\u00dcR Karlsruhe im Gemeinderat\",\"alternateName\":\"F\u00dcR Karlsruhe mit Stadtrat Friedemann Kalmbach\",\"url\":\"https:\\\/\\\/fwfuer.de\\\/es\\\/\",\"logo\":{\"@type\":\"ImageObject\",\"inLanguage\":\"es\",\"@id\":\"https:\\\/\\\/fwfuer.de\\\/es\\\/#\\\/schema\\\/logo\\\/image\\\/\",\"url\":\"https:\\\/\\\/fwfuer.de\\\/wp-content\\\/uploads\\\/2024\\\/07\\\/cropped-Logo-1.png\",\"contentUrl\":\"https:\\\/\\\/fwfuer.de\\\/wp-content\\\/uploads\\\/2024\\\/07\\\/cropped-Logo-1.png\",\"width\":512,\"height\":512,\"caption\":\"F\u00dcR Karlsruhe im Gemeinderat\"},\"image\":{\"@id\":\"https:\\\/\\\/fwfuer.de\\\/es\\\/#\\\/schema\\\/logo\\\/image\\\/\"},\"sameAs\":[\"https:\\\/\\\/www.facebook.com\\\/fwfuer\",\"https:\\\/\\\/x.com\\\/fwfuer\",\"https:\\\/\\\/www.instagram.com\\\/fuerka.de\",\"https:\\\/\\\/de.linkedin.com\\\/company\\\/fw-fr-karlsruhe-gemeinderatsfraktion\",\"https:\\\/\\\/tiktok.com\\\/@fuerka.de\"]},{\"@type\":\"Person\",\"@id\":\"https:\\\/\\\/fwfuer.de\\\/es\\\/#\\\/schema\\\/person\\\/b320b9d84a937dd6e9f2d80be1055c19\",\"name\":\"F\u00dcR Karlsruhe im Gemeinderat\"}]}<\/script>\n<!-- \/ Yoast SEO plugin. -->","yoast_head_json":{"title":"Desarrollo empresarial eficiente en F\u00dcR Karlsruhe - Freie W\u00e4hler | F\u00dcR Karlsruhe en el Consejo Municipal de Karlsruhe","description":"Die Pressemeldungen von F\u00dcR Karlsruhe im Gemeinderat der Stadt Karlsruhe. Hier ver\u00f6ffentlichen wir alle News rund um die Entscheidungen der Stadt Karlsruhe, unserer Anfragen und Initiativen im Karlsruher Gemeinderat.","robots":{"index":"index","follow":"follow","max-snippet":"max-snippet:-1","max-image-preview":"max-image-preview:large","max-video-preview":"max-video-preview:-1"},"canonical":"https:\/\/fwfuer.de\/es\/desarrollo-empresarial-eficiente-en-fuer-karlsruhe-8892\/","og_locale":"es_ES","og_type":"article","og_title":"Desarrollo empresarial eficiente en F\u00dcR Karlsruhe - Freie W\u00e4hler | F\u00dcR Karlsruhe en el Consejo Municipal de Karlsruhe","og_description":"Die Pressemeldungen von F\u00dcR Karlsruhe im Gemeinderat der Stadt Karlsruhe. Hier ver\u00f6ffentlichen wir alle News rund um die Entscheidungen der Stadt Karlsruhe, unserer Anfragen und Initiativen im Karlsruher Gemeinderat.","og_url":"https:\/\/fwfuer.de\/es\/desarrollo-empresarial-eficiente-en-fuer-karlsruhe-8892\/","og_site_name":"Freie W\u00e4hler | F\u00dcR Karlsruhe en el Consejo Municipal de Karlsruhe","article_publisher":"https:\/\/www.facebook.com\/fwfuer","article_published_time":"2023-12-14T11:26:01+00:00","article_modified_time":"2026-01-27T15:08:05+00:00","og_image":[{"width":1920,"height":1080,"url":"https:\/\/fwfuer.de\/wp-content\/uploads\/2023\/12\/Design_ohne_Titel_14.png","type":"image\/png"}],"author":"F\u00dcR Karlsruhe im Gemeinderat","twitter_card":"summary_large_image","twitter_creator":"@fwfuer","twitter_site":"@fwfuer","twitter_misc":{"Escrito por":"F\u00dcR Karlsruhe im Gemeinderat","Tiempo de lectura":"3 minutos"},"schema":{"@context":"https:\/\/schema.org","@graph":[{"@type":"NewsArticle","@id":"https:\/\/fwfuer.de\/es\/desarrollo-empresarial-eficiente-en-fuer-karlsruhe-8892\/#article","isPartOf":{"@id":"https:\/\/fwfuer.de\/es\/desarrollo-empresarial-eficiente-en-fuer-karlsruhe-8892\/"},"author":{"name":"F\u00dcR Karlsruhe im Gemeinderat","@id":"https:\/\/fwfuer.de\/es\/#\/schema\/person\/b320b9d84a937dd6e9f2d80be1055c19"},"headline":"Desarrollo empresarial eficiente en F\u00dcR Karlsruhe","datePublished":"2023-12-14T11:26:01+00:00","dateModified":"2026-01-27T15:08:05+00:00","mainEntityOfPage":{"@id":"https:\/\/fwfuer.de\/es\/desarrollo-empresarial-eficiente-en-fuer-karlsruhe-8892\/"},"wordCount":704,"publisher":{"@id":"https:\/\/fwfuer.de\/es\/#organization"},"image":{"@id":"https:\/\/fwfuer.de\/es\/desarrollo-empresarial-eficiente-en-fuer-karlsruhe-8892\/#primaryimage"},"thumbnailUrl":"https:\/\/fwfuer.de\/wp-content\/uploads\/2023\/12\/Design_ohne_Titel_14.png","articleSection":["Comunicados de prensa"],"inLanguage":"es"},{"@type":"WebPage","@id":"https:\/\/fwfuer.de\/es\/desarrollo-empresarial-eficiente-en-fuer-karlsruhe-8892\/","url":"https:\/\/fwfuer.de\/es\/desarrollo-empresarial-eficiente-en-fuer-karlsruhe-8892\/","name":"Desarrollo empresarial eficiente en F\u00dcR Karlsruhe - Freie W\u00e4hler | F\u00dcR Karlsruhe en el Consejo Municipal de Karlsruhe","isPartOf":{"@id":"https:\/\/fwfuer.de\/es\/#website"},"primaryImageOfPage":{"@id":"https:\/\/fwfuer.de\/es\/desarrollo-empresarial-eficiente-en-fuer-karlsruhe-8892\/#primaryimage"},"image":{"@id":"https:\/\/fwfuer.de\/es\/desarrollo-empresarial-eficiente-en-fuer-karlsruhe-8892\/#primaryimage"},"thumbnailUrl":"https:\/\/fwfuer.de\/wp-content\/uploads\/2023\/12\/Design_ohne_Titel_14.png","datePublished":"2023-12-14T11:26:01+00:00","dateModified":"2026-01-27T15:08:05+00:00","description":"Die Pressemeldungen von F\u00dcR Karlsruhe im Gemeinderat der Stadt Karlsruhe. Hier ver\u00f6ffentlichen wir alle News rund um die Entscheidungen der Stadt Karlsruhe, unserer Anfragen und Initiativen im Karlsruher Gemeinderat.","breadcrumb":{"@id":"https:\/\/fwfuer.de\/es\/desarrollo-empresarial-eficiente-en-fuer-karlsruhe-8892\/#breadcrumb"},"inLanguage":"es","potentialAction":[{"@type":"ReadAction","target":["https:\/\/fwfuer.de\/es\/desarrollo-empresarial-eficiente-en-fuer-karlsruhe-8892\/"]}]},{"@type":"ImageObject","inLanguage":"es","@id":"https:\/\/fwfuer.de\/es\/desarrollo-empresarial-eficiente-en-fuer-karlsruhe-8892\/#primaryimage","url":"https:\/\/fwfuer.de\/wp-content\/uploads\/2023\/12\/Design_ohne_Titel_14.png","contentUrl":"https:\/\/fwfuer.de\/wp-content\/uploads\/2023\/12\/Design_ohne_Titel_14.png","width":1920,"height":1080},{"@type":"BreadcrumbList","@id":"https:\/\/fwfuer.de\/es\/desarrollo-empresarial-eficiente-en-fuer-karlsruhe-8892\/#breadcrumb","itemListElement":[{"@type":"ListItem","position":1,"name":"Startseite","item":"https:\/\/fwfuer.de\/es\/casa\/"},{"@type":"ListItem","position":2,"name":"Desarrollo empresarial eficiente en F\u00dcR Karlsruhe"}]},{"@type":"WebSite","@id":"https:\/\/fwfuer.de\/es\/#website","url":"https:\/\/fwfuer.de\/es\/","name":"Freie W\u00e4hler | F\u00dcR Karlsruhe en el Consejo Municipal de Karlsruhe","description":"Grupo libre de concejales en Karlsruhe","publisher":{"@id":"https:\/\/fwfuer.de\/es\/#organization"},"alternateName":"F\u00dcR KARLSRUHE im Gemeinderat","potentialAction":[{"@type":"SearchAction","target":{"@type":"EntryPoint","urlTemplate":"https:\/\/fwfuer.de\/es\/?s={search_term_string}"},"query-input":{"@type":"PropertyValueSpecification","valueRequired":true,"valueName":"search_term_string"}}],"inLanguage":"es"},{"@type":"Organization","@id":"https:\/\/fwfuer.de\/es\/#organization","name":"F\u00dcR Karlsruhe im Gemeinderat","alternateName":"F\u00dcR Karlsruhe mit Stadtrat Friedemann Kalmbach","url":"https:\/\/fwfuer.de\/es\/","logo":{"@type":"ImageObject","inLanguage":"es","@id":"https:\/\/fwfuer.de\/es\/#\/schema\/logo\/image\/","url":"https:\/\/fwfuer.de\/wp-content\/uploads\/2024\/07\/cropped-Logo-1.png","contentUrl":"https:\/\/fwfuer.de\/wp-content\/uploads\/2024\/07\/cropped-Logo-1.png","width":512,"height":512,"caption":"F\u00dcR Karlsruhe im Gemeinderat"},"image":{"@id":"https:\/\/fwfuer.de\/es\/#\/schema\/logo\/image\/"},"sameAs":["https:\/\/www.facebook.com\/fwfuer","https:\/\/x.com\/fwfuer","https:\/\/www.instagram.com\/fuerka.de","https:\/\/de.linkedin.com\/company\/fw-fr-karlsruhe-gemeinderatsfraktion","https:\/\/tiktok.com\/@fuerka.de"]},{"@type":"Person","@id":"https:\/\/fwfuer.de\/es\/#\/schema\/person\/b320b9d84a937dd6e9f2d80be1055c19","name":"F\u00dcR Karlsruhe im Gemeinderat"}]}},"_links":{"self":[{"href":"https:\/\/fwfuer.de\/es\/wp-json\/wp\/v2\/posts\/8892","targetHints":{"allow":["GET"]}}],"collection":[{"href":"https:\/\/fwfuer.de\/es\/wp-json\/wp\/v2\/posts"}],"about":[{"href":"https:\/\/fwfuer.de\/es\/wp-json\/wp\/v2\/types\/post"}],"author":[{"embeddable":true,"href":"https:\/\/fwfuer.de\/es\/wp-json\/wp\/v2\/users\/2"}],"replies":[{"embeddable":true,"href":"https:\/\/fwfuer.de\/es\/wp-json\/wp\/v2\/comments?post=8892"}],"version-history":[{"count":2,"href":"https:\/\/fwfuer.de\/es\/wp-json\/wp\/v2\/posts\/8892\/revisions"}],"predecessor-version":[{"id":8895,"href":"https:\/\/fwfuer.de\/es\/wp-json\/wp\/v2\/posts\/8892\/revisions\/8895"}],"wp:featuredmedia":[{"embeddable":true,"href":"https:\/\/fwfuer.de\/es\/wp-json\/wp\/v2\/media\/6675"}],"wp:attachment":[{"href":"https:\/\/fwfuer.de\/es\/wp-json\/wp\/v2\/media?parent=8892"}],"wp:term":[{"taxonomy":"category","embeddable":true,"href":"https:\/\/fwfuer.de\/es\/wp-json\/wp\/v2\/categories?post=8892"},{"taxonomy":"post_tag","embeddable":true,"href":"https:\/\/fwfuer.de\/es\/wp-json\/wp\/v2\/tags?post=8892"}],"curies":[{"name":"wp","href":"https:\/\/api.w.org\/{rel}","templated":true}]}}