{"id":8945,"date":"2024-07-19T10:51:29","date_gmt":"2024-07-19T08:51:29","guid":{"rendered":"https:\/\/fwfuer.de\/que-sigue-para-el-grupo-del-consejo-municipal-8945\/"},"modified":"2026-01-27T16:08:51","modified_gmt":"2026-01-27T15:08:51","slug":"que-sigue-para-el-grupo-del-consejo-municipal","status":"publish","type":"post","link":"https:\/\/fwfuer.de\/es\/que-sigue-para-el-grupo-del-consejo-municipal-8945\/","title":{"rendered":"\u00bfQu\u00e9 sigue para el grupo del consejo municipal?"},"content":{"rendered":"\n<p>F\u00dcR Karlsruhe ha votado.\nCon una participaci\u00f3n electoral del 61,4%, los ciudadanos eligieron a los 48 concejales de su ciudad.\nLa concejala Petra Lorenz (Freie W\u00e4hler) y el concejal Friedemann Kalmbach (F\u00dcR Karlsruhe) se presentaron a la reelecci\u00f3n y volvieron a recibir la confianza de los votantes: ambos concejales formar\u00e1n parte del nuevo consejo municipal.\nEl concejal J\u00fcrgen Wenzel (Freie W\u00e4hler), concejal de Karlsruhe desde hace 15 a\u00f1os, no se present\u00f3 a la reelecci\u00f3n.   <br\/>El grupo del consejo municipal est\u00e1 satisfecho de su trabajo en los \u00faltimos cinco a\u00f1os: \u00abNuestra cooperaci\u00f3n orientada a los hechos, constructiva y amistosa como grupo parlamentario se ha traducido directamente en contenido pol\u00edtico. Quer\u00edamos resolver problemas y ser innovadores para buscar lo mejor para F\u00dcR Karlsruhe. Y lo hemos conseguido. Con nuestro enfoque pol\u00edtico, hemos introducido nuevas ideas y hemos sido capaces de dar forma a la pol\u00edtica local de todos los partidos\u00bb, afirma el concejal Kalmbach.<br\/>\u00abMuchas de nuestras ideas han contribuido a caracterizar positivamente nuestro paisaje urbano. Como concejales, queremos seguir haci\u00e9ndolo. Necesitamos una pol\u00edtica c\u00edvica y no ideol\u00f3gica que no imponga restricciones a su propio pensamiento, sino que quiera abordar y resolver los problemas\u00bb, afirma el concejal Lorenz.<br\/>Con un total de dos concejales, no ser\u00e1 posible seguir trabajando como grupo parlamentario formado por Freie W\u00e4hler y F\u00dcR Karlsruhe, ya que se necesitan tres concejales para formar un grupo parlamentario.\nPetra Lorenz unir\u00e1 fuerzas con los concejales del FDP para la pr\u00f3xima legislatura.\nFriedemann Kalmbach asume su trabajo sin estatus de grupo<br\/>.  <\/p>\n\n<h2 class=\"wp-block-heading\">Nuestro trabajo en cifras<\/h2>\n\n<p>El trabajo del grupo del consejo municipal en los \u00faltimos cinco a\u00f1os ha sido intenso y productivo.\nEl grupo parlamentario ha organizado su trabajo en el consejo municipal de forma transparente en varios formatos.\nDestacan especialmente los 45 podcasts, en los que los concejales debatieron la situaci\u00f3n de F\u00dcR Karlsruhe y buscaron el di\u00e1logo con personalidades de la ciudad, expertos en temas muy diversos y colegas del consejo municipal.\nPero se consigui\u00f3 mucho m\u00e1s.\nHe aqu\u00ed nuestro trabajo en cifras:    <\/p>\n\n<figure class=\"wp-block-image size-large\"><img decoding=\"async\" width=\"1024\" height=\"665\" src=\"https:\/\/fwfuer.de\/wp-content\/uploads\/2024\/07\/GRI1-1024x665.png\" alt=\"\" class=\"wp-image-7667\" srcset=\"https:\/\/fwfuer.de\/wp-content\/uploads\/2024\/07\/GRI1-980x637.png 980w, https:\/\/fwfuer.de\/wp-content\/uploads\/2024\/07\/GRI1-480x312.png 480w\" sizes=\"(min-width: 0px) and (max-width: 480px) 480px, (min-width: 481px) and (max-width: 980px) 980px, (min-width: 981px) 1024px, 100vw\" \/><\/figure>\n\n<figure class=\"wp-block-image size-large\"><img decoding=\"async\" width=\"1024\" height=\"734\" src=\"https:\/\/fwfuer.de\/wp-content\/uploads\/2024\/07\/GRI2-1024x734.png\" alt=\"\" class=\"wp-image-7671\" srcset=\"https:\/\/fwfuer.de\/wp-content\/uploads\/2024\/07\/GRI2-980x703.png 980w, https:\/\/fwfuer.de\/wp-content\/uploads\/2024\/07\/GRI2-480x344.png 480w\" sizes=\"(min-width: 0px) and (max-width: 480px) 480px, (min-width: 481px) and (max-width: 980px) 980px, (min-width: 981px) 1024px, 100vw\" \/><\/figure>\n","protected":false},"excerpt":{"rendered":"<p>F\u00dcR Karlsruhe ha votado. Con una participaci\u00f3n electoral del 61,4%, los ciudadanos eligieron a los 48 concejales de su ciudad. La concejala Petra Lorenz (Freie W\u00e4hler) y el concejal Friedemann Kalmbach (F\u00dcR Karlsruhe) se presentaron a la reelecci\u00f3n y volvieron a recibir la confianza de los votantes: ambos concejales formar\u00e1n parte del nuevo consejo municipal. [&hellip;]<\/p>\n","protected":false},"author":2,"featured_media":7687,"comment_status":"closed","ping_status":"closed","sticky":false,"template":"","format":"standard","meta":{"_acf_changed":false,"_et_pb_use_builder":"off","_et_pb_old_content":"","_et_gb_content_width":"","footnotes":"","_links_to":"","_links_to_target":""},"categories":[82],"tags":[],"class_list":["post-8945","post","type-post","status-publish","format-standard","has-post-thumbnail","hentry","category-comunicados-prensa"],"acf":[],"yoast_head":"<!-- This site is optimized with the Yoast SEO plugin v27.4 - https:\/\/yoast.com\/product\/yoast-seo-wordpress\/ -->\n<title>\u00bfQu\u00e9 sigue para el grupo del consejo municipal? - Freie W\u00e4hler | F\u00dcR Karlsruhe en el Consejo Municipal de Karlsruhe<\/title>\n<meta name=\"description\" content=\"Die Pressemeldungen von F\u00dcR Karlsruhe im Gemeinderat der Stadt Karlsruhe. Hier ver\u00f6ffentlichen wir alle News rund um die Entscheidungen der Stadt Karlsruhe, unserer Anfragen und Initiativen im Karlsruher Gemeinderat.\" \/>\n<meta name=\"robots\" content=\"index, follow, max-snippet:-1, max-image-preview:large, max-video-preview:-1\" \/>\n<link rel=\"canonical\" href=\"https:\/\/fwfuer.de\/es\/que-sigue-para-el-grupo-del-consejo-municipal-8945\/\" \/>\n<meta property=\"og:locale\" content=\"es_ES\" \/>\n<meta property=\"og:type\" content=\"article\" \/>\n<meta property=\"og:title\" content=\"\u00bfQu\u00e9 sigue para el grupo del consejo municipal? - Freie W\u00e4hler | F\u00dcR Karlsruhe en el Consejo Municipal de Karlsruhe\" \/>\n<meta property=\"og:description\" content=\"Die Pressemeldungen von F\u00dcR Karlsruhe im Gemeinderat der Stadt Karlsruhe. Hier ver\u00f6ffentlichen wir alle News rund um die Entscheidungen der Stadt Karlsruhe, unserer Anfragen und Initiativen im Karlsruher Gemeinderat.\" \/>\n<meta property=\"og:url\" content=\"https:\/\/fwfuer.de\/es\/que-sigue-para-el-grupo-del-consejo-municipal-8945\/\" \/>\n<meta property=\"og:site_name\" content=\"Freie W\u00e4hler | F\u00dcR Karlsruhe en el Consejo Municipal de Karlsruhe\" \/>\n<meta property=\"article:publisher\" content=\"https:\/\/www.facebook.com\/fwfuer\" \/>\n<meta property=\"article:published_time\" content=\"2024-07-19T08:51:29+00:00\" \/>\n<meta property=\"article:modified_time\" content=\"2026-01-27T15:08:51+00:00\" \/>\n<meta property=\"og:image\" content=\"https:\/\/fwfuer.de\/wp-content\/uploads\/2024\/07\/titelbildweiter-1024x658.png\" \/>\n\t<meta property=\"og:image:width\" content=\"1024\" \/>\n\t<meta property=\"og:image:height\" content=\"658\" \/>\n\t<meta property=\"og:image:type\" content=\"image\/png\" \/>\n<meta name=\"author\" content=\"F\u00dcR Karlsruhe im Gemeinderat\" \/>\n<meta name=\"twitter:card\" content=\"summary_large_image\" \/>\n<meta name=\"twitter:creator\" content=\"@fwfuer\" \/>\n<meta name=\"twitter:site\" content=\"@fwfuer\" \/>\n<meta name=\"twitter:label1\" content=\"Escrito por\" \/>\n\t<meta name=\"twitter:data1\" content=\"F\u00dcR Karlsruhe im Gemeinderat\" \/>\n\t<meta name=\"twitter:label2\" content=\"Tiempo de lectura\" \/>\n\t<meta name=\"twitter:data2\" content=\"2 minutos\" \/>\n<script type=\"application\/ld+json\" class=\"yoast-schema-graph\">{\"@context\":\"https:\\\/\\\/schema.org\",\"@graph\":[{\"@type\":\"NewsArticle\",\"@id\":\"https:\\\/\\\/fwfuer.de\\\/es\\\/que-sigue-para-el-grupo-del-consejo-municipal-8945\\\/#article\",\"isPartOf\":{\"@id\":\"https:\\\/\\\/fwfuer.de\\\/es\\\/que-sigue-para-el-grupo-del-consejo-municipal-8945\\\/\"},\"author\":{\"name\":\"F\u00dcR Karlsruhe im Gemeinderat\",\"@id\":\"https:\\\/\\\/fwfuer.de\\\/es\\\/#\\\/schema\\\/person\\\/b320b9d84a937dd6e9f2d80be1055c19\"},\"headline\":\"\u00bfQu\u00e9 sigue para el grupo del consejo municipal?\",\"datePublished\":\"2024-07-19T08:51:29+00:00\",\"dateModified\":\"2026-01-27T15:08:51+00:00\",\"mainEntityOfPage\":{\"@id\":\"https:\\\/\\\/fwfuer.de\\\/es\\\/que-sigue-para-el-grupo-del-consejo-municipal-8945\\\/\"},\"wordCount\":367,\"publisher\":{\"@id\":\"https:\\\/\\\/fwfuer.de\\\/es\\\/#organization\"},\"image\":{\"@id\":\"https:\\\/\\\/fwfuer.de\\\/es\\\/que-sigue-para-el-grupo-del-consejo-municipal-8945\\\/#primaryimage\"},\"thumbnailUrl\":\"https:\\\/\\\/fwfuer.de\\\/wp-content\\\/uploads\\\/2024\\\/07\\\/titelbildweiter.png\",\"articleSection\":[\"Comunicados de prensa\"],\"inLanguage\":\"es\"},{\"@type\":\"WebPage\",\"@id\":\"https:\\\/\\\/fwfuer.de\\\/es\\\/que-sigue-para-el-grupo-del-consejo-municipal-8945\\\/\",\"url\":\"https:\\\/\\\/fwfuer.de\\\/es\\\/que-sigue-para-el-grupo-del-consejo-municipal-8945\\\/\",\"name\":\"\u00bfQu\u00e9 sigue para el grupo del consejo municipal? - Freie W\u00e4hler | F\u00dcR Karlsruhe en el Consejo Municipal de Karlsruhe\",\"isPartOf\":{\"@id\":\"https:\\\/\\\/fwfuer.de\\\/es\\\/#website\"},\"primaryImageOfPage\":{\"@id\":\"https:\\\/\\\/fwfuer.de\\\/es\\\/que-sigue-para-el-grupo-del-consejo-municipal-8945\\\/#primaryimage\"},\"image\":{\"@id\":\"https:\\\/\\\/fwfuer.de\\\/es\\\/que-sigue-para-el-grupo-del-consejo-municipal-8945\\\/#primaryimage\"},\"thumbnailUrl\":\"https:\\\/\\\/fwfuer.de\\\/wp-content\\\/uploads\\\/2024\\\/07\\\/titelbildweiter.png\",\"datePublished\":\"2024-07-19T08:51:29+00:00\",\"dateModified\":\"2026-01-27T15:08:51+00:00\",\"description\":\"Die Pressemeldungen von F\u00dcR Karlsruhe im Gemeinderat der Stadt Karlsruhe. Hier ver\u00f6ffentlichen wir alle News rund um die Entscheidungen der Stadt Karlsruhe, unserer Anfragen und Initiativen im Karlsruher Gemeinderat.\",\"breadcrumb\":{\"@id\":\"https:\\\/\\\/fwfuer.de\\\/es\\\/que-sigue-para-el-grupo-del-consejo-municipal-8945\\\/#breadcrumb\"},\"inLanguage\":\"es\",\"potentialAction\":[{\"@type\":\"ReadAction\",\"target\":[\"https:\\\/\\\/fwfuer.de\\\/es\\\/que-sigue-para-el-grupo-del-consejo-municipal-8945\\\/\"]}]},{\"@type\":\"ImageObject\",\"inLanguage\":\"es\",\"@id\":\"https:\\\/\\\/fwfuer.de\\\/es\\\/que-sigue-para-el-grupo-del-consejo-municipal-8945\\\/#primaryimage\",\"url\":\"https:\\\/\\\/fwfuer.de\\\/wp-content\\\/uploads\\\/2024\\\/07\\\/titelbildweiter.png\",\"contentUrl\":\"https:\\\/\\\/fwfuer.de\\\/wp-content\\\/uploads\\\/2024\\\/07\\\/titelbildweiter.png\",\"width\":3204,\"height\":2060},{\"@type\":\"BreadcrumbList\",\"@id\":\"https:\\\/\\\/fwfuer.de\\\/es\\\/que-sigue-para-el-grupo-del-consejo-municipal-8945\\\/#breadcrumb\",\"itemListElement\":[{\"@type\":\"ListItem\",\"position\":1,\"name\":\"Startseite\",\"item\":\"https:\\\/\\\/fwfuer.de\\\/es\\\/casa\\\/\"},{\"@type\":\"ListItem\",\"position\":2,\"name\":\"\u00bfQu\u00e9 sigue para el grupo del consejo municipal?\"}]},{\"@type\":\"WebSite\",\"@id\":\"https:\\\/\\\/fwfuer.de\\\/es\\\/#website\",\"url\":\"https:\\\/\\\/fwfuer.de\\\/es\\\/\",\"name\":\"Freie W\u00e4hler | F\u00dcR Karlsruhe en el Consejo Municipal de Karlsruhe\",\"description\":\"Grupo libre de concejales en Karlsruhe\",\"publisher\":{\"@id\":\"https:\\\/\\\/fwfuer.de\\\/es\\\/#organization\"},\"alternateName\":\"F\u00dcR KARLSRUHE im Gemeinderat\",\"potentialAction\":[{\"@type\":\"SearchAction\",\"target\":{\"@type\":\"EntryPoint\",\"urlTemplate\":\"https:\\\/\\\/fwfuer.de\\\/es\\\/?s={search_term_string}\"},\"query-input\":{\"@type\":\"PropertyValueSpecification\",\"valueRequired\":true,\"valueName\":\"search_term_string\"}}],\"inLanguage\":\"es\"},{\"@type\":\"Organization\",\"@id\":\"https:\\\/\\\/fwfuer.de\\\/es\\\/#organization\",\"name\":\"F\u00dcR Karlsruhe im Gemeinderat\",\"alternateName\":\"F\u00dcR Karlsruhe mit Stadtrat Friedemann Kalmbach\",\"url\":\"https:\\\/\\\/fwfuer.de\\\/es\\\/\",\"logo\":{\"@type\":\"ImageObject\",\"inLanguage\":\"es\",\"@id\":\"https:\\\/\\\/fwfuer.de\\\/es\\\/#\\\/schema\\\/logo\\\/image\\\/\",\"url\":\"https:\\\/\\\/fwfuer.de\\\/wp-content\\\/uploads\\\/2024\\\/07\\\/cropped-Logo-1.png\",\"contentUrl\":\"https:\\\/\\\/fwfuer.de\\\/wp-content\\\/uploads\\\/2024\\\/07\\\/cropped-Logo-1.png\",\"width\":512,\"height\":512,\"caption\":\"F\u00dcR Karlsruhe im Gemeinderat\"},\"image\":{\"@id\":\"https:\\\/\\\/fwfuer.de\\\/es\\\/#\\\/schema\\\/logo\\\/image\\\/\"},\"sameAs\":[\"https:\\\/\\\/www.facebook.com\\\/fwfuer\",\"https:\\\/\\\/x.com\\\/fwfuer\",\"https:\\\/\\\/www.instagram.com\\\/fuerka.de\",\"https:\\\/\\\/de.linkedin.com\\\/company\\\/fw-fr-karlsruhe-gemeinderatsfraktion\",\"https:\\\/\\\/tiktok.com\\\/@fuerka.de\"]},{\"@type\":\"Person\",\"@id\":\"https:\\\/\\\/fwfuer.de\\\/es\\\/#\\\/schema\\\/person\\\/b320b9d84a937dd6e9f2d80be1055c19\",\"name\":\"F\u00dcR Karlsruhe im Gemeinderat\"}]}<\/script>\n<!-- \/ Yoast SEO plugin. -->","yoast_head_json":{"title":"\u00bfQu\u00e9 sigue para el grupo del consejo municipal? - Freie W\u00e4hler | F\u00dcR Karlsruhe en el Consejo Municipal de Karlsruhe","description":"Die Pressemeldungen von F\u00dcR Karlsruhe im Gemeinderat der Stadt Karlsruhe. Hier ver\u00f6ffentlichen wir alle News rund um die Entscheidungen der Stadt Karlsruhe, unserer Anfragen und Initiativen im Karlsruher Gemeinderat.","robots":{"index":"index","follow":"follow","max-snippet":"max-snippet:-1","max-image-preview":"max-image-preview:large","max-video-preview":"max-video-preview:-1"},"canonical":"https:\/\/fwfuer.de\/es\/que-sigue-para-el-grupo-del-consejo-municipal-8945\/","og_locale":"es_ES","og_type":"article","og_title":"\u00bfQu\u00e9 sigue para el grupo del consejo municipal? - Freie W\u00e4hler | F\u00dcR Karlsruhe en el Consejo Municipal de Karlsruhe","og_description":"Die Pressemeldungen von F\u00dcR Karlsruhe im Gemeinderat der Stadt Karlsruhe. Hier ver\u00f6ffentlichen wir alle News rund um die Entscheidungen der Stadt Karlsruhe, unserer Anfragen und Initiativen im Karlsruher Gemeinderat.","og_url":"https:\/\/fwfuer.de\/es\/que-sigue-para-el-grupo-del-consejo-municipal-8945\/","og_site_name":"Freie W\u00e4hler | F\u00dcR Karlsruhe en el Consejo Municipal de Karlsruhe","article_publisher":"https:\/\/www.facebook.com\/fwfuer","article_published_time":"2024-07-19T08:51:29+00:00","article_modified_time":"2026-01-27T15:08:51+00:00","og_image":[{"width":1024,"height":658,"url":"https:\/\/fwfuer.de\/wp-content\/uploads\/2024\/07\/titelbildweiter-1024x658.png","type":"image\/png"}],"author":"F\u00dcR Karlsruhe im Gemeinderat","twitter_card":"summary_large_image","twitter_creator":"@fwfuer","twitter_site":"@fwfuer","twitter_misc":{"Escrito por":"F\u00dcR Karlsruhe im Gemeinderat","Tiempo de lectura":"2 minutos"},"schema":{"@context":"https:\/\/schema.org","@graph":[{"@type":"NewsArticle","@id":"https:\/\/fwfuer.de\/es\/que-sigue-para-el-grupo-del-consejo-municipal-8945\/#article","isPartOf":{"@id":"https:\/\/fwfuer.de\/es\/que-sigue-para-el-grupo-del-consejo-municipal-8945\/"},"author":{"name":"F\u00dcR Karlsruhe im Gemeinderat","@id":"https:\/\/fwfuer.de\/es\/#\/schema\/person\/b320b9d84a937dd6e9f2d80be1055c19"},"headline":"\u00bfQu\u00e9 sigue para el grupo del consejo municipal?","datePublished":"2024-07-19T08:51:29+00:00","dateModified":"2026-01-27T15:08:51+00:00","mainEntityOfPage":{"@id":"https:\/\/fwfuer.de\/es\/que-sigue-para-el-grupo-del-consejo-municipal-8945\/"},"wordCount":367,"publisher":{"@id":"https:\/\/fwfuer.de\/es\/#organization"},"image":{"@id":"https:\/\/fwfuer.de\/es\/que-sigue-para-el-grupo-del-consejo-municipal-8945\/#primaryimage"},"thumbnailUrl":"https:\/\/fwfuer.de\/wp-content\/uploads\/2024\/07\/titelbildweiter.png","articleSection":["Comunicados de prensa"],"inLanguage":"es"},{"@type":"WebPage","@id":"https:\/\/fwfuer.de\/es\/que-sigue-para-el-grupo-del-consejo-municipal-8945\/","url":"https:\/\/fwfuer.de\/es\/que-sigue-para-el-grupo-del-consejo-municipal-8945\/","name":"\u00bfQu\u00e9 sigue para el grupo del consejo municipal? - Freie W\u00e4hler | F\u00dcR Karlsruhe en el Consejo Municipal de Karlsruhe","isPartOf":{"@id":"https:\/\/fwfuer.de\/es\/#website"},"primaryImageOfPage":{"@id":"https:\/\/fwfuer.de\/es\/que-sigue-para-el-grupo-del-consejo-municipal-8945\/#primaryimage"},"image":{"@id":"https:\/\/fwfuer.de\/es\/que-sigue-para-el-grupo-del-consejo-municipal-8945\/#primaryimage"},"thumbnailUrl":"https:\/\/fwfuer.de\/wp-content\/uploads\/2024\/07\/titelbildweiter.png","datePublished":"2024-07-19T08:51:29+00:00","dateModified":"2026-01-27T15:08:51+00:00","description":"Die Pressemeldungen von F\u00dcR Karlsruhe im Gemeinderat der Stadt Karlsruhe. Hier ver\u00f6ffentlichen wir alle News rund um die Entscheidungen der Stadt Karlsruhe, unserer Anfragen und Initiativen im Karlsruher Gemeinderat.","breadcrumb":{"@id":"https:\/\/fwfuer.de\/es\/que-sigue-para-el-grupo-del-consejo-municipal-8945\/#breadcrumb"},"inLanguage":"es","potentialAction":[{"@type":"ReadAction","target":["https:\/\/fwfuer.de\/es\/que-sigue-para-el-grupo-del-consejo-municipal-8945\/"]}]},{"@type":"ImageObject","inLanguage":"es","@id":"https:\/\/fwfuer.de\/es\/que-sigue-para-el-grupo-del-consejo-municipal-8945\/#primaryimage","url":"https:\/\/fwfuer.de\/wp-content\/uploads\/2024\/07\/titelbildweiter.png","contentUrl":"https:\/\/fwfuer.de\/wp-content\/uploads\/2024\/07\/titelbildweiter.png","width":3204,"height":2060},{"@type":"BreadcrumbList","@id":"https:\/\/fwfuer.de\/es\/que-sigue-para-el-grupo-del-consejo-municipal-8945\/#breadcrumb","itemListElement":[{"@type":"ListItem","position":1,"name":"Startseite","item":"https:\/\/fwfuer.de\/es\/casa\/"},{"@type":"ListItem","position":2,"name":"\u00bfQu\u00e9 sigue para el grupo del consejo municipal?"}]},{"@type":"WebSite","@id":"https:\/\/fwfuer.de\/es\/#website","url":"https:\/\/fwfuer.de\/es\/","name":"Freie W\u00e4hler | F\u00dcR Karlsruhe en el Consejo Municipal de Karlsruhe","description":"Grupo libre de concejales en Karlsruhe","publisher":{"@id":"https:\/\/fwfuer.de\/es\/#organization"},"alternateName":"F\u00dcR KARLSRUHE im Gemeinderat","potentialAction":[{"@type":"SearchAction","target":{"@type":"EntryPoint","urlTemplate":"https:\/\/fwfuer.de\/es\/?s={search_term_string}"},"query-input":{"@type":"PropertyValueSpecification","valueRequired":true,"valueName":"search_term_string"}}],"inLanguage":"es"},{"@type":"Organization","@id":"https:\/\/fwfuer.de\/es\/#organization","name":"F\u00dcR Karlsruhe im Gemeinderat","alternateName":"F\u00dcR Karlsruhe mit Stadtrat Friedemann Kalmbach","url":"https:\/\/fwfuer.de\/es\/","logo":{"@type":"ImageObject","inLanguage":"es","@id":"https:\/\/fwfuer.de\/es\/#\/schema\/logo\/image\/","url":"https:\/\/fwfuer.de\/wp-content\/uploads\/2024\/07\/cropped-Logo-1.png","contentUrl":"https:\/\/fwfuer.de\/wp-content\/uploads\/2024\/07\/cropped-Logo-1.png","width":512,"height":512,"caption":"F\u00dcR Karlsruhe im Gemeinderat"},"image":{"@id":"https:\/\/fwfuer.de\/es\/#\/schema\/logo\/image\/"},"sameAs":["https:\/\/www.facebook.com\/fwfuer","https:\/\/x.com\/fwfuer","https:\/\/www.instagram.com\/fuerka.de","https:\/\/de.linkedin.com\/company\/fw-fr-karlsruhe-gemeinderatsfraktion","https:\/\/tiktok.com\/@fuerka.de"]},{"@type":"Person","@id":"https:\/\/fwfuer.de\/es\/#\/schema\/person\/b320b9d84a937dd6e9f2d80be1055c19","name":"F\u00dcR Karlsruhe im Gemeinderat"}]}},"_links":{"self":[{"href":"https:\/\/fwfuer.de\/es\/wp-json\/wp\/v2\/posts\/8945","targetHints":{"allow":["GET"]}}],"collection":[{"href":"https:\/\/fwfuer.de\/es\/wp-json\/wp\/v2\/posts"}],"about":[{"href":"https:\/\/fwfuer.de\/es\/wp-json\/wp\/v2\/types\/post"}],"author":[{"embeddable":true,"href":"https:\/\/fwfuer.de\/es\/wp-json\/wp\/v2\/users\/2"}],"replies":[{"embeddable":true,"href":"https:\/\/fwfuer.de\/es\/wp-json\/wp\/v2\/comments?post=8945"}],"version-history":[{"count":2,"href":"https:\/\/fwfuer.de\/es\/wp-json\/wp\/v2\/posts\/8945\/revisions"}],"predecessor-version":[{"id":8949,"href":"https:\/\/fwfuer.de\/es\/wp-json\/wp\/v2\/posts\/8945\/revisions\/8949"}],"wp:featuredmedia":[{"embeddable":true,"href":"https:\/\/fwfuer.de\/es\/wp-json\/wp\/v2\/media\/7687"}],"wp:attachment":[{"href":"https:\/\/fwfuer.de\/es\/wp-json\/wp\/v2\/media?parent=8945"}],"wp:term":[{"taxonomy":"category","embeddable":true,"href":"https:\/\/fwfuer.de\/es\/wp-json\/wp\/v2\/categories?post=8945"},{"taxonomy":"post_tag","embeddable":true,"href":"https:\/\/fwfuer.de\/es\/wp-json\/wp\/v2\/tags?post=8945"}],"curies":[{"name":"wp","href":"https:\/\/api.w.org\/{rel}","templated":true}]}}