{"id":9141,"date":"2024-04-04T12:16:05","date_gmt":"2024-04-04T10:16:05","guid":{"rendered":"https:\/\/fwfuer.de\/hasta-que-punto-es-fuer-karlsruhe-a-prueba-de-crisis-9141\/"},"modified":"2026-01-27T16:09:57","modified_gmt":"2026-01-27T15:09:57","slug":"hasta-que-punto-es-fuer-karlsruhe-a-prueba-de-crisis","status":"publish","type":"post","link":"https:\/\/fwfuer.de\/es\/hasta-que-punto-es-fuer-karlsruhe-a-prueba-de-crisis-9141\/","title":{"rendered":"\u00bfHasta qu\u00e9 punto es F\u00dcR Karlsruhe a prueba de crisis?"},"content":{"rendered":"\n<p>En vista de las crisis mundiales y las guerras, los Votantes Libres y \u00abF\u00dcR Karlsruhe\u00bb han presentado una consulta a la administraci\u00f3n de la ciudad: El grupo del consejo municipal desea recibir informaci\u00f3n sobre el estado actual de la protecci\u00f3n civil en Karlsruhe.\nEl punto de partida es la demanda de la Asociaci\u00f3n Alemana de Ciudades y Municipios (DStGB) y del Ministerio de Defensa sobre la reactivaci\u00f3n de los refugios y la inversi\u00f3n en la seguridad de la poblaci\u00f3n.\nUn inventario del n\u00famero de refugios existentes y de las medidas y conceptos existentes para la seguridad de la poblaci\u00f3n en caso de crisis y emergencias es un paso esencial para fomentar la sensaci\u00f3n de seguridad de muchos ciudadanos de F\u00dcR Karlsruhe.  <\/p>\n\n<p>\u00abEsperamos que nunca se materialice el tipo de emergencia que har\u00eda necesarias estas medidas y refugios.\nSin embargo, por razones de transparencia y seguridad, creemos que es necesario realizar un inventario.\nSi la administraci\u00f3n municipal ya lo ha hecho, ser\u00eda un buen paso publicar hechos y datos concretos sobre la situaci\u00f3n de la seguridad en F\u00dcR Karlsruhe.\nPor eso presentamos esta moci\u00f3n\u00bb, afirma el concejal J\u00fcrgen Wenzel (Freie W\u00e4hler).   <\/p>\n\n<p>El grupo del consejo municipal subraya la importancia de una pol\u00edtica de informaci\u00f3n transparente y completa por parte de la administraci\u00f3n municipal en materia de protecci\u00f3n civil.\nLa seguridad y el bienestar de los ciudadanos est\u00e1n en el centro de este compromiso. <\/p>\n\n<p>El concejal Wenzel subraya: \u00abEn los tiempos que corren, es esencial reflexionar sobre cuestiones de pol\u00edtica de seguridad.\nPor eso queremos saber de la administraci\u00f3n municipal cu\u00e1l es el estado actual de la protecci\u00f3n civil, qu\u00e9 medidas han aplicado los gobiernos federal y estatal y c\u00f3mo se han abordado las iniciativas del Ministerio de Defensa.\u00bb <\/p>\n\n<p>El grupo del consejo municipal espera una respuesta concreta de la administraci\u00f3n municipal que ofrezca una evaluaci\u00f3n honesta de las precauciones de seguridad.<\/p>\n","protected":false},"excerpt":{"rendered":"<p>En vista de las crisis mundiales y las guerras, los Votantes Libres y \u00abF\u00dcR Karlsruhe\u00bb han presentado una consulta a la administraci\u00f3n de la ciudad: El grupo del consejo municipal desea recibir informaci\u00f3n sobre el estado actual de la protecci\u00f3n civil en Karlsruhe. El punto de partida es la demanda de la Asociaci\u00f3n Alemana de [&hellip;]<\/p>\n","protected":false},"author":6,"featured_media":7008,"comment_status":"closed","ping_status":"closed","sticky":false,"template":"","format":"standard","meta":{"_acf_changed":false,"_et_pb_use_builder":"off","_et_pb_old_content":"","_et_gb_content_width":"","footnotes":"","_links_to":"","_links_to_target":""},"categories":[82],"tags":[],"class_list":["post-9141","post","type-post","status-publish","format-standard","has-post-thumbnail","hentry","category-comunicados-prensa"],"acf":[],"yoast_head":"<!-- This site is optimized with the Yoast SEO plugin v27.4 - https:\/\/yoast.com\/product\/yoast-seo-wordpress\/ -->\n<title>\u00bfHasta qu\u00e9 punto es F\u00dcR Karlsruhe a prueba de crisis? - Freie W\u00e4hler | F\u00dcR Karlsruhe en el Consejo Municipal de Karlsruhe<\/title>\n<meta name=\"description\" content=\"Die Pressemeldungen von F\u00dcR Karlsruhe im Gemeinderat der Stadt Karlsruhe. Hier ver\u00f6ffentlichen wir alle News rund um die Entscheidungen der Stadt Karlsruhe, unserer Anfragen und Initiativen im Karlsruher Gemeinderat.\" \/>\n<meta name=\"robots\" content=\"index, follow, max-snippet:-1, max-image-preview:large, max-video-preview:-1\" \/>\n<link rel=\"canonical\" href=\"https:\/\/fwfuer.de\/es\/hasta-que-punto-es-fuer-karlsruhe-a-prueba-de-crisis-9141\/\" \/>\n<meta property=\"og:locale\" content=\"es_ES\" \/>\n<meta property=\"og:type\" content=\"article\" \/>\n<meta property=\"og:title\" content=\"\u00bfHasta qu\u00e9 punto es F\u00dcR Karlsruhe a prueba de crisis? - Freie W\u00e4hler | F\u00dcR Karlsruhe en el Consejo Municipal de Karlsruhe\" \/>\n<meta property=\"og:description\" content=\"Die Pressemeldungen von F\u00dcR Karlsruhe im Gemeinderat der Stadt Karlsruhe. Hier ver\u00f6ffentlichen wir alle News rund um die Entscheidungen der Stadt Karlsruhe, unserer Anfragen und Initiativen im Karlsruher Gemeinderat.\" \/>\n<meta property=\"og:url\" content=\"https:\/\/fwfuer.de\/es\/hasta-que-punto-es-fuer-karlsruhe-a-prueba-de-crisis-9141\/\" \/>\n<meta property=\"og:site_name\" content=\"Freie W\u00e4hler | F\u00dcR Karlsruhe en el Consejo Municipal de Karlsruhe\" \/>\n<meta property=\"article:publisher\" content=\"https:\/\/www.facebook.com\/fwfuer\" \/>\n<meta property=\"article:published_time\" content=\"2024-04-04T10:16:05+00:00\" \/>\n<meta property=\"article:modified_time\" content=\"2026-01-27T15:09:57+00:00\" \/>\n<meta property=\"og:image\" content=\"https:\/\/fwfuer.de\/wp-content\/uploads\/2024\/04\/marcel-eberle-pCHl_wqfr0M-unsplash-scaled.jpg\" \/>\n\t<meta property=\"og:image:width\" content=\"2880\" \/>\n\t<meta property=\"og:image:height\" content=\"1928\" \/>\n\t<meta property=\"og:image:type\" content=\"image\/jpeg\" \/>\n<meta name=\"author\" content=\"F\u00dcR Karlsruhe im Gemeinderat\" \/>\n<meta name=\"twitter:card\" content=\"summary_large_image\" \/>\n<meta name=\"twitter:creator\" content=\"@fwfuer\" \/>\n<meta name=\"twitter:site\" content=\"@fwfuer\" \/>\n<meta name=\"twitter:label1\" content=\"Escrito por\" \/>\n\t<meta name=\"twitter:data1\" content=\"F\u00dcR Karlsruhe im Gemeinderat\" \/>\n\t<meta name=\"twitter:label2\" content=\"Tiempo de lectura\" \/>\n\t<meta name=\"twitter:data2\" content=\"2 minutos\" \/>\n<script type=\"application\/ld+json\" class=\"yoast-schema-graph\">{\"@context\":\"https:\\\/\\\/schema.org\",\"@graph\":[{\"@type\":\"NewsArticle\",\"@id\":\"https:\\\/\\\/fwfuer.de\\\/es\\\/hasta-que-punto-es-fuer-karlsruhe-a-prueba-de-crisis-9141\\\/#article\",\"isPartOf\":{\"@id\":\"https:\\\/\\\/fwfuer.de\\\/es\\\/hasta-que-punto-es-fuer-karlsruhe-a-prueba-de-crisis-9141\\\/\"},\"author\":{\"name\":\"F\u00dcR Karlsruhe im Gemeinderat\",\"@id\":\"https:\\\/\\\/fwfuer.de\\\/es\\\/#\\\/schema\\\/person\\\/f43392225120ae37e95ed36d7b324a19\"},\"headline\":\"\u00bfHasta qu\u00e9 punto es F\u00dcR Karlsruhe a prueba de crisis?\",\"datePublished\":\"2024-04-04T10:16:05+00:00\",\"dateModified\":\"2026-01-27T15:09:57+00:00\",\"mainEntityOfPage\":{\"@id\":\"https:\\\/\\\/fwfuer.de\\\/es\\\/hasta-que-punto-es-fuer-karlsruhe-a-prueba-de-crisis-9141\\\/\"},\"wordCount\":353,\"publisher\":{\"@id\":\"https:\\\/\\\/fwfuer.de\\\/es\\\/#organization\"},\"image\":{\"@id\":\"https:\\\/\\\/fwfuer.de\\\/es\\\/hasta-que-punto-es-fuer-karlsruhe-a-prueba-de-crisis-9141\\\/#primaryimage\"},\"thumbnailUrl\":\"https:\\\/\\\/fwfuer.de\\\/wp-content\\\/uploads\\\/2024\\\/04\\\/marcel-eberle-pCHl_wqfr0M-unsplash-scaled.jpg\",\"articleSection\":[\"Comunicados de prensa\"],\"inLanguage\":\"es\"},{\"@type\":\"WebPage\",\"@id\":\"https:\\\/\\\/fwfuer.de\\\/es\\\/hasta-que-punto-es-fuer-karlsruhe-a-prueba-de-crisis-9141\\\/\",\"url\":\"https:\\\/\\\/fwfuer.de\\\/es\\\/hasta-que-punto-es-fuer-karlsruhe-a-prueba-de-crisis-9141\\\/\",\"name\":\"\u00bfHasta qu\u00e9 punto es F\u00dcR Karlsruhe a prueba de crisis? - Freie W\u00e4hler | F\u00dcR Karlsruhe en el Consejo Municipal de Karlsruhe\",\"isPartOf\":{\"@id\":\"https:\\\/\\\/fwfuer.de\\\/es\\\/#website\"},\"primaryImageOfPage\":{\"@id\":\"https:\\\/\\\/fwfuer.de\\\/es\\\/hasta-que-punto-es-fuer-karlsruhe-a-prueba-de-crisis-9141\\\/#primaryimage\"},\"image\":{\"@id\":\"https:\\\/\\\/fwfuer.de\\\/es\\\/hasta-que-punto-es-fuer-karlsruhe-a-prueba-de-crisis-9141\\\/#primaryimage\"},\"thumbnailUrl\":\"https:\\\/\\\/fwfuer.de\\\/wp-content\\\/uploads\\\/2024\\\/04\\\/marcel-eberle-pCHl_wqfr0M-unsplash-scaled.jpg\",\"datePublished\":\"2024-04-04T10:16:05+00:00\",\"dateModified\":\"2026-01-27T15:09:57+00:00\",\"description\":\"Die Pressemeldungen von F\u00dcR Karlsruhe im Gemeinderat der Stadt Karlsruhe. Hier ver\u00f6ffentlichen wir alle News rund um die Entscheidungen der Stadt Karlsruhe, unserer Anfragen und Initiativen im Karlsruher Gemeinderat.\",\"breadcrumb\":{\"@id\":\"https:\\\/\\\/fwfuer.de\\\/es\\\/hasta-que-punto-es-fuer-karlsruhe-a-prueba-de-crisis-9141\\\/#breadcrumb\"},\"inLanguage\":\"es\",\"potentialAction\":[{\"@type\":\"ReadAction\",\"target\":[\"https:\\\/\\\/fwfuer.de\\\/es\\\/hasta-que-punto-es-fuer-karlsruhe-a-prueba-de-crisis-9141\\\/\"]}]},{\"@type\":\"ImageObject\",\"inLanguage\":\"es\",\"@id\":\"https:\\\/\\\/fwfuer.de\\\/es\\\/hasta-que-punto-es-fuer-karlsruhe-a-prueba-de-crisis-9141\\\/#primaryimage\",\"url\":\"https:\\\/\\\/fwfuer.de\\\/wp-content\\\/uploads\\\/2024\\\/04\\\/marcel-eberle-pCHl_wqfr0M-unsplash-scaled.jpg\",\"contentUrl\":\"https:\\\/\\\/fwfuer.de\\\/wp-content\\\/uploads\\\/2024\\\/04\\\/marcel-eberle-pCHl_wqfr0M-unsplash-scaled.jpg\",\"width\":2880,\"height\":1928},{\"@type\":\"BreadcrumbList\",\"@id\":\"https:\\\/\\\/fwfuer.de\\\/es\\\/hasta-que-punto-es-fuer-karlsruhe-a-prueba-de-crisis-9141\\\/#breadcrumb\",\"itemListElement\":[{\"@type\":\"ListItem\",\"position\":1,\"name\":\"Startseite\",\"item\":\"https:\\\/\\\/fwfuer.de\\\/es\\\/casa\\\/\"},{\"@type\":\"ListItem\",\"position\":2,\"name\":\"\u00bfHasta qu\u00e9 punto es F\u00dcR Karlsruhe a prueba de crisis?\"}]},{\"@type\":\"WebSite\",\"@id\":\"https:\\\/\\\/fwfuer.de\\\/es\\\/#website\",\"url\":\"https:\\\/\\\/fwfuer.de\\\/es\\\/\",\"name\":\"Freie W\u00e4hler | F\u00dcR Karlsruhe en el Consejo Municipal de Karlsruhe\",\"description\":\"Grupo libre de concejales en Karlsruhe\",\"publisher\":{\"@id\":\"https:\\\/\\\/fwfuer.de\\\/es\\\/#organization\"},\"alternateName\":\"F\u00dcR KARLSRUHE im Gemeinderat\",\"potentialAction\":[{\"@type\":\"SearchAction\",\"target\":{\"@type\":\"EntryPoint\",\"urlTemplate\":\"https:\\\/\\\/fwfuer.de\\\/es\\\/?s={search_term_string}\"},\"query-input\":{\"@type\":\"PropertyValueSpecification\",\"valueRequired\":true,\"valueName\":\"search_term_string\"}}],\"inLanguage\":\"es\"},{\"@type\":\"Organization\",\"@id\":\"https:\\\/\\\/fwfuer.de\\\/es\\\/#organization\",\"name\":\"F\u00dcR Karlsruhe im Gemeinderat\",\"alternateName\":\"F\u00dcR Karlsruhe mit Stadtrat Friedemann Kalmbach\",\"url\":\"https:\\\/\\\/fwfuer.de\\\/es\\\/\",\"logo\":{\"@type\":\"ImageObject\",\"inLanguage\":\"es\",\"@id\":\"https:\\\/\\\/fwfuer.de\\\/es\\\/#\\\/schema\\\/logo\\\/image\\\/\",\"url\":\"https:\\\/\\\/fwfuer.de\\\/wp-content\\\/uploads\\\/2024\\\/07\\\/cropped-Logo-1.png\",\"contentUrl\":\"https:\\\/\\\/fwfuer.de\\\/wp-content\\\/uploads\\\/2024\\\/07\\\/cropped-Logo-1.png\",\"width\":512,\"height\":512,\"caption\":\"F\u00dcR Karlsruhe im Gemeinderat\"},\"image\":{\"@id\":\"https:\\\/\\\/fwfuer.de\\\/es\\\/#\\\/schema\\\/logo\\\/image\\\/\"},\"sameAs\":[\"https:\\\/\\\/www.facebook.com\\\/fwfuer\",\"https:\\\/\\\/x.com\\\/fwfuer\",\"https:\\\/\\\/www.instagram.com\\\/fuerka.de\",\"https:\\\/\\\/de.linkedin.com\\\/company\\\/fw-fr-karlsruhe-gemeinderatsfraktion\",\"https:\\\/\\\/tiktok.com\\\/@fuerka.de\"]},{\"@type\":\"Person\",\"@id\":\"https:\\\/\\\/fwfuer.de\\\/es\\\/#\\\/schema\\\/person\\\/f43392225120ae37e95ed36d7b324a19\",\"name\":\"F\u00dcR Karlsruhe im Gemeinderat\"}]}<\/script>\n<!-- \/ Yoast SEO plugin. -->","yoast_head_json":{"title":"\u00bfHasta qu\u00e9 punto es F\u00dcR Karlsruhe a prueba de crisis? - Freie W\u00e4hler | F\u00dcR Karlsruhe en el Consejo Municipal de Karlsruhe","description":"Die Pressemeldungen von F\u00dcR Karlsruhe im Gemeinderat der Stadt Karlsruhe. Hier ver\u00f6ffentlichen wir alle News rund um die Entscheidungen der Stadt Karlsruhe, unserer Anfragen und Initiativen im Karlsruher Gemeinderat.","robots":{"index":"index","follow":"follow","max-snippet":"max-snippet:-1","max-image-preview":"max-image-preview:large","max-video-preview":"max-video-preview:-1"},"canonical":"https:\/\/fwfuer.de\/es\/hasta-que-punto-es-fuer-karlsruhe-a-prueba-de-crisis-9141\/","og_locale":"es_ES","og_type":"article","og_title":"\u00bfHasta qu\u00e9 punto es F\u00dcR Karlsruhe a prueba de crisis? - Freie W\u00e4hler | F\u00dcR Karlsruhe en el Consejo Municipal de Karlsruhe","og_description":"Die Pressemeldungen von F\u00dcR Karlsruhe im Gemeinderat der Stadt Karlsruhe. Hier ver\u00f6ffentlichen wir alle News rund um die Entscheidungen der Stadt Karlsruhe, unserer Anfragen und Initiativen im Karlsruher Gemeinderat.","og_url":"https:\/\/fwfuer.de\/es\/hasta-que-punto-es-fuer-karlsruhe-a-prueba-de-crisis-9141\/","og_site_name":"Freie W\u00e4hler | F\u00dcR Karlsruhe en el Consejo Municipal de Karlsruhe","article_publisher":"https:\/\/www.facebook.com\/fwfuer","article_published_time":"2024-04-04T10:16:05+00:00","article_modified_time":"2026-01-27T15:09:57+00:00","og_image":[{"width":2880,"height":1928,"url":"https:\/\/fwfuer.de\/wp-content\/uploads\/2024\/04\/marcel-eberle-pCHl_wqfr0M-unsplash-scaled.jpg","type":"image\/jpeg"}],"author":"F\u00dcR Karlsruhe im Gemeinderat","twitter_card":"summary_large_image","twitter_creator":"@fwfuer","twitter_site":"@fwfuer","twitter_misc":{"Escrito por":"F\u00dcR Karlsruhe im Gemeinderat","Tiempo de lectura":"2 minutos"},"schema":{"@context":"https:\/\/schema.org","@graph":[{"@type":"NewsArticle","@id":"https:\/\/fwfuer.de\/es\/hasta-que-punto-es-fuer-karlsruhe-a-prueba-de-crisis-9141\/#article","isPartOf":{"@id":"https:\/\/fwfuer.de\/es\/hasta-que-punto-es-fuer-karlsruhe-a-prueba-de-crisis-9141\/"},"author":{"name":"F\u00dcR Karlsruhe im Gemeinderat","@id":"https:\/\/fwfuer.de\/es\/#\/schema\/person\/f43392225120ae37e95ed36d7b324a19"},"headline":"\u00bfHasta qu\u00e9 punto es F\u00dcR Karlsruhe a prueba de crisis?","datePublished":"2024-04-04T10:16:05+00:00","dateModified":"2026-01-27T15:09:57+00:00","mainEntityOfPage":{"@id":"https:\/\/fwfuer.de\/es\/hasta-que-punto-es-fuer-karlsruhe-a-prueba-de-crisis-9141\/"},"wordCount":353,"publisher":{"@id":"https:\/\/fwfuer.de\/es\/#organization"},"image":{"@id":"https:\/\/fwfuer.de\/es\/hasta-que-punto-es-fuer-karlsruhe-a-prueba-de-crisis-9141\/#primaryimage"},"thumbnailUrl":"https:\/\/fwfuer.de\/wp-content\/uploads\/2024\/04\/marcel-eberle-pCHl_wqfr0M-unsplash-scaled.jpg","articleSection":["Comunicados de prensa"],"inLanguage":"es"},{"@type":"WebPage","@id":"https:\/\/fwfuer.de\/es\/hasta-que-punto-es-fuer-karlsruhe-a-prueba-de-crisis-9141\/","url":"https:\/\/fwfuer.de\/es\/hasta-que-punto-es-fuer-karlsruhe-a-prueba-de-crisis-9141\/","name":"\u00bfHasta qu\u00e9 punto es F\u00dcR Karlsruhe a prueba de crisis? - Freie W\u00e4hler | F\u00dcR Karlsruhe en el Consejo Municipal de Karlsruhe","isPartOf":{"@id":"https:\/\/fwfuer.de\/es\/#website"},"primaryImageOfPage":{"@id":"https:\/\/fwfuer.de\/es\/hasta-que-punto-es-fuer-karlsruhe-a-prueba-de-crisis-9141\/#primaryimage"},"image":{"@id":"https:\/\/fwfuer.de\/es\/hasta-que-punto-es-fuer-karlsruhe-a-prueba-de-crisis-9141\/#primaryimage"},"thumbnailUrl":"https:\/\/fwfuer.de\/wp-content\/uploads\/2024\/04\/marcel-eberle-pCHl_wqfr0M-unsplash-scaled.jpg","datePublished":"2024-04-04T10:16:05+00:00","dateModified":"2026-01-27T15:09:57+00:00","description":"Die Pressemeldungen von F\u00dcR Karlsruhe im Gemeinderat der Stadt Karlsruhe. Hier ver\u00f6ffentlichen wir alle News rund um die Entscheidungen der Stadt Karlsruhe, unserer Anfragen und Initiativen im Karlsruher Gemeinderat.","breadcrumb":{"@id":"https:\/\/fwfuer.de\/es\/hasta-que-punto-es-fuer-karlsruhe-a-prueba-de-crisis-9141\/#breadcrumb"},"inLanguage":"es","potentialAction":[{"@type":"ReadAction","target":["https:\/\/fwfuer.de\/es\/hasta-que-punto-es-fuer-karlsruhe-a-prueba-de-crisis-9141\/"]}]},{"@type":"ImageObject","inLanguage":"es","@id":"https:\/\/fwfuer.de\/es\/hasta-que-punto-es-fuer-karlsruhe-a-prueba-de-crisis-9141\/#primaryimage","url":"https:\/\/fwfuer.de\/wp-content\/uploads\/2024\/04\/marcel-eberle-pCHl_wqfr0M-unsplash-scaled.jpg","contentUrl":"https:\/\/fwfuer.de\/wp-content\/uploads\/2024\/04\/marcel-eberle-pCHl_wqfr0M-unsplash-scaled.jpg","width":2880,"height":1928},{"@type":"BreadcrumbList","@id":"https:\/\/fwfuer.de\/es\/hasta-que-punto-es-fuer-karlsruhe-a-prueba-de-crisis-9141\/#breadcrumb","itemListElement":[{"@type":"ListItem","position":1,"name":"Startseite","item":"https:\/\/fwfuer.de\/es\/casa\/"},{"@type":"ListItem","position":2,"name":"\u00bfHasta qu\u00e9 punto es F\u00dcR Karlsruhe a prueba de crisis?"}]},{"@type":"WebSite","@id":"https:\/\/fwfuer.de\/es\/#website","url":"https:\/\/fwfuer.de\/es\/","name":"Freie W\u00e4hler | F\u00dcR Karlsruhe en el Consejo Municipal de Karlsruhe","description":"Grupo libre de concejales en Karlsruhe","publisher":{"@id":"https:\/\/fwfuer.de\/es\/#organization"},"alternateName":"F\u00dcR KARLSRUHE im Gemeinderat","potentialAction":[{"@type":"SearchAction","target":{"@type":"EntryPoint","urlTemplate":"https:\/\/fwfuer.de\/es\/?s={search_term_string}"},"query-input":{"@type":"PropertyValueSpecification","valueRequired":true,"valueName":"search_term_string"}}],"inLanguage":"es"},{"@type":"Organization","@id":"https:\/\/fwfuer.de\/es\/#organization","name":"F\u00dcR Karlsruhe im Gemeinderat","alternateName":"F\u00dcR Karlsruhe mit Stadtrat Friedemann Kalmbach","url":"https:\/\/fwfuer.de\/es\/","logo":{"@type":"ImageObject","inLanguage":"es","@id":"https:\/\/fwfuer.de\/es\/#\/schema\/logo\/image\/","url":"https:\/\/fwfuer.de\/wp-content\/uploads\/2024\/07\/cropped-Logo-1.png","contentUrl":"https:\/\/fwfuer.de\/wp-content\/uploads\/2024\/07\/cropped-Logo-1.png","width":512,"height":512,"caption":"F\u00dcR Karlsruhe im Gemeinderat"},"image":{"@id":"https:\/\/fwfuer.de\/es\/#\/schema\/logo\/image\/"},"sameAs":["https:\/\/www.facebook.com\/fwfuer","https:\/\/x.com\/fwfuer","https:\/\/www.instagram.com\/fuerka.de","https:\/\/de.linkedin.com\/company\/fw-fr-karlsruhe-gemeinderatsfraktion","https:\/\/tiktok.com\/@fuerka.de"]},{"@type":"Person","@id":"https:\/\/fwfuer.de\/es\/#\/schema\/person\/f43392225120ae37e95ed36d7b324a19","name":"F\u00dcR Karlsruhe im Gemeinderat"}]}},"_links":{"self":[{"href":"https:\/\/fwfuer.de\/es\/wp-json\/wp\/v2\/posts\/9141","targetHints":{"allow":["GET"]}}],"collection":[{"href":"https:\/\/fwfuer.de\/es\/wp-json\/wp\/v2\/posts"}],"about":[{"href":"https:\/\/fwfuer.de\/es\/wp-json\/wp\/v2\/types\/post"}],"author":[{"embeddable":true,"href":"https:\/\/fwfuer.de\/es\/wp-json\/wp\/v2\/users\/6"}],"replies":[{"embeddable":true,"href":"https:\/\/fwfuer.de\/es\/wp-json\/wp\/v2\/comments?post=9141"}],"version-history":[{"count":2,"href":"https:\/\/fwfuer.de\/es\/wp-json\/wp\/v2\/posts\/9141\/revisions"}],"predecessor-version":[{"id":9149,"href":"https:\/\/fwfuer.de\/es\/wp-json\/wp\/v2\/posts\/9141\/revisions\/9149"}],"wp:featuredmedia":[{"embeddable":true,"href":"https:\/\/fwfuer.de\/es\/wp-json\/wp\/v2\/media\/7008"}],"wp:attachment":[{"href":"https:\/\/fwfuer.de\/es\/wp-json\/wp\/v2\/media?parent=9141"}],"wp:term":[{"taxonomy":"category","embeddable":true,"href":"https:\/\/fwfuer.de\/es\/wp-json\/wp\/v2\/categories?post=9141"},{"taxonomy":"post_tag","embeddable":true,"href":"https:\/\/fwfuer.de\/es\/wp-json\/wp\/v2\/tags?post=9141"}],"curies":[{"name":"wp","href":"https:\/\/api.w.org\/{rel}","templated":true}]}}