{"id":9397,"date":"2025-02-17T10:58:22","date_gmt":"2025-02-17T09:58:22","guid":{"rendered":"https:\/\/fwfuer.de\/la-fuer-karlsruhe-congela-el-presupuesto-por-primera-vez-9397\/"},"modified":"2026-01-27T16:15:57","modified_gmt":"2026-01-27T15:15:57","slug":"la-fuer-karlsruhe-congela-el-presupuesto-por-primera-vez","status":"publish","type":"post","link":"https:\/\/fwfuer.de\/es\/la-fuer-karlsruhe-congela-el-presupuesto-por-primera-vez-9397\/","title":{"rendered":"La F\u00dcR Karlsruhe congela el presupuesto por primera vez"},"content":{"rendered":"\n<p>Por primera vez en su historia, la ciudad de F\u00dcR Karlsruhe ha tenido que imponer una congelaci\u00f3n presupuestaria. El motivo es la ca\u00edda de los ingresos fiscales como consecuencia del debilitamiento de la econom\u00eda. El ya previsto d\u00e9ficit presupuestario de 44,8 millones de euros aumentar\u00e1 en otros 50,1 millones de euros seg\u00fan la \u00faltima estimaci\u00f3n fiscal. Para contrarrestarlo, los ayuntamientos deben cubrir sus p\u00e9rdidas con sus propias reservas, mientras que la administraci\u00f3n municipal debe ahorrar 15 millones de euros. Las medidas concretas de ahorro se presentar\u00e1n a finales de marzo.    <\/p>\n\n<p>A pesar de estas restricciones, la responsable de Finanzas, Gabriele Luczak-Schwarz, subraya que las inversiones no se ven afectadas. El desequilibrio financiero se debe, entre otras cosas, a los elevados d\u00e9ficits de los sectores hospitalario y de movilidad. <\/p>\n\n<p>Friedemann Kalmbach (agrupaci\u00f3n de electores F\u00dcR Karlsruhe) critica: \u00abLa crisis era previsible. Se han hecho advertencias durante a\u00f1os, pero se actu\u00f3 demasiado tarde y demasiado poco. Ahora no tenemos m\u00e1s remedio que reaccionar con medidas de austeridad, que deber\u00edan haber llegado mucho antes. La verdadera ronda de recortes no llegar\u00e1 hasta el pr\u00f3ximo doble presupuesto. Ah\u00ed habr\u00e1 que hacer muchos ahorros duros. Esto podr\u00eda haberse evitado si la administraci\u00f3n municipal hubiera tomado contramedidas hace a\u00f1os. \u00ab<\/p>\n\n<p><br\/>La congelaci\u00f3n presupuestaria se aplicar\u00e1 de momento hasta la pr\u00f3xima estimaci\u00f3n fiscal de mayo. Entonces se decidir\u00e1 si puede levantarse. <\/p>\n","protected":false},"excerpt":{"rendered":"<p>Por primera vez en su historia, la ciudad de F\u00dcR Karlsruhe ha tenido que imponer una congelaci\u00f3n presupuestaria. El motivo es la ca\u00edda de los ingresos fiscales como consecuencia del debilitamiento de la econom\u00eda. El ya previsto d\u00e9ficit presupuestario de 44,8 millones de euros aumentar\u00e1 en otros 50,1 millones de euros seg\u00fan la \u00faltima estimaci\u00f3n [&hellip;]<\/p>\n","protected":false},"author":6,"featured_media":8219,"comment_status":"closed","ping_status":"closed","sticky":false,"template":"","format":"standard","meta":{"_acf_changed":false,"_et_pb_use_builder":"off","_et_pb_old_content":"","_et_gb_content_width":"","footnotes":"","_links_to":"","_links_to_target":""},"categories":[82],"tags":[],"class_list":["post-9397","post","type-post","status-publish","format-standard","has-post-thumbnail","hentry","category-comunicados-prensa"],"acf":[],"yoast_head":"<!-- This site is optimized with the Yoast SEO plugin v27.4 - https:\/\/yoast.com\/product\/yoast-seo-wordpress\/ -->\n<title>La F\u00dcR Karlsruhe congela el presupuesto por primera vez - Freie W\u00e4hler | F\u00dcR Karlsruhe en el Consejo Municipal de Karlsruhe<\/title>\n<meta name=\"description\" content=\"Die Pressemeldungen von F\u00dcR Karlsruhe im Gemeinderat der Stadt Karlsruhe. Hier ver\u00f6ffentlichen wir alle News rund um die Entscheidungen der Stadt Karlsruhe, unserer Anfragen und Initiativen im Karlsruher Gemeinderat.\" \/>\n<meta name=\"robots\" content=\"index, follow, max-snippet:-1, max-image-preview:large, max-video-preview:-1\" \/>\n<link rel=\"canonical\" href=\"https:\/\/fwfuer.de\/es\/la-fuer-karlsruhe-congela-el-presupuesto-por-primera-vez-9397\/\" \/>\n<meta property=\"og:locale\" content=\"es_ES\" \/>\n<meta property=\"og:type\" content=\"article\" \/>\n<meta property=\"og:title\" content=\"La F\u00dcR Karlsruhe congela el presupuesto por primera vez - Freie W\u00e4hler | F\u00dcR Karlsruhe en el Consejo Municipal de Karlsruhe\" \/>\n<meta property=\"og:description\" content=\"Die Pressemeldungen von F\u00dcR Karlsruhe im Gemeinderat der Stadt Karlsruhe. Hier ver\u00f6ffentlichen wir alle News rund um die Entscheidungen der Stadt Karlsruhe, unserer Anfragen und Initiativen im Karlsruher Gemeinderat.\" \/>\n<meta property=\"og:url\" content=\"https:\/\/fwfuer.de\/es\/la-fuer-karlsruhe-congela-el-presupuesto-por-primera-vez-9397\/\" \/>\n<meta property=\"og:site_name\" content=\"Freie W\u00e4hler | F\u00dcR Karlsruhe en el Consejo Municipal de Karlsruhe\" \/>\n<meta property=\"article:publisher\" content=\"https:\/\/www.facebook.com\/fwfuer\" \/>\n<meta property=\"article:published_time\" content=\"2025-02-17T09:58:22+00:00\" \/>\n<meta property=\"article:modified_time\" content=\"2026-01-27T15:15:57+00:00\" \/>\n<meta property=\"og:image\" content=\"https:\/\/fwfuer.de\/wp-content\/uploads\/2025\/02\/IMG_2710.png\" \/>\n\t<meta property=\"og:image:width\" content=\"512\" \/>\n\t<meta property=\"og:image:height\" content=\"512\" \/>\n\t<meta property=\"og:image:type\" content=\"image\/png\" \/>\n<meta name=\"author\" content=\"F\u00dcR Karlsruhe im Gemeinderat\" \/>\n<meta name=\"twitter:card\" content=\"summary_large_image\" \/>\n<meta name=\"twitter:creator\" content=\"@fwfuer\" \/>\n<meta name=\"twitter:site\" content=\"@fwfuer\" \/>\n<meta name=\"twitter:label1\" content=\"Escrito por\" \/>\n\t<meta name=\"twitter:data1\" content=\"F\u00dcR Karlsruhe im Gemeinderat\" \/>\n\t<meta name=\"twitter:label2\" content=\"Tiempo de lectura\" \/>\n\t<meta name=\"twitter:data2\" content=\"1 minuto\" \/>\n<script type=\"application\/ld+json\" class=\"yoast-schema-graph\">{\"@context\":\"https:\\\/\\\/schema.org\",\"@graph\":[{\"@type\":\"NewsArticle\",\"@id\":\"https:\\\/\\\/fwfuer.de\\\/es\\\/la-fuer-karlsruhe-congela-el-presupuesto-por-primera-vez-9397\\\/#article\",\"isPartOf\":{\"@id\":\"https:\\\/\\\/fwfuer.de\\\/es\\\/la-fuer-karlsruhe-congela-el-presupuesto-por-primera-vez-9397\\\/\"},\"author\":{\"name\":\"F\u00dcR Karlsruhe im Gemeinderat\",\"@id\":\"https:\\\/\\\/fwfuer.de\\\/es\\\/#\\\/schema\\\/person\\\/f43392225120ae37e95ed36d7b324a19\"},\"headline\":\"La F\u00dcR Karlsruhe congela el presupuesto por primera vez\",\"datePublished\":\"2025-02-17T09:58:22+00:00\",\"dateModified\":\"2026-01-27T15:15:57+00:00\",\"mainEntityOfPage\":{\"@id\":\"https:\\\/\\\/fwfuer.de\\\/es\\\/la-fuer-karlsruhe-congela-el-presupuesto-por-primera-vez-9397\\\/\"},\"wordCount\":253,\"publisher\":{\"@id\":\"https:\\\/\\\/fwfuer.de\\\/es\\\/#organization\"},\"image\":{\"@id\":\"https:\\\/\\\/fwfuer.de\\\/es\\\/la-fuer-karlsruhe-congela-el-presupuesto-por-primera-vez-9397\\\/#primaryimage\"},\"thumbnailUrl\":\"https:\\\/\\\/fwfuer.de\\\/wp-content\\\/uploads\\\/2025\\\/02\\\/IMG_2710.png\",\"articleSection\":[\"Comunicados de prensa\"],\"inLanguage\":\"es\"},{\"@type\":\"WebPage\",\"@id\":\"https:\\\/\\\/fwfuer.de\\\/es\\\/la-fuer-karlsruhe-congela-el-presupuesto-por-primera-vez-9397\\\/\",\"url\":\"https:\\\/\\\/fwfuer.de\\\/es\\\/la-fuer-karlsruhe-congela-el-presupuesto-por-primera-vez-9397\\\/\",\"name\":\"La F\u00dcR Karlsruhe congela el presupuesto por primera vez - Freie W\u00e4hler | F\u00dcR Karlsruhe en el Consejo Municipal de Karlsruhe\",\"isPartOf\":{\"@id\":\"https:\\\/\\\/fwfuer.de\\\/es\\\/#website\"},\"primaryImageOfPage\":{\"@id\":\"https:\\\/\\\/fwfuer.de\\\/es\\\/la-fuer-karlsruhe-congela-el-presupuesto-por-primera-vez-9397\\\/#primaryimage\"},\"image\":{\"@id\":\"https:\\\/\\\/fwfuer.de\\\/es\\\/la-fuer-karlsruhe-congela-el-presupuesto-por-primera-vez-9397\\\/#primaryimage\"},\"thumbnailUrl\":\"https:\\\/\\\/fwfuer.de\\\/wp-content\\\/uploads\\\/2025\\\/02\\\/IMG_2710.png\",\"datePublished\":\"2025-02-17T09:58:22+00:00\",\"dateModified\":\"2026-01-27T15:15:57+00:00\",\"description\":\"Die Pressemeldungen von F\u00dcR Karlsruhe im Gemeinderat der Stadt Karlsruhe. Hier ver\u00f6ffentlichen wir alle News rund um die Entscheidungen der Stadt Karlsruhe, unserer Anfragen und Initiativen im Karlsruher Gemeinderat.\",\"breadcrumb\":{\"@id\":\"https:\\\/\\\/fwfuer.de\\\/es\\\/la-fuer-karlsruhe-congela-el-presupuesto-por-primera-vez-9397\\\/#breadcrumb\"},\"inLanguage\":\"es\",\"potentialAction\":[{\"@type\":\"ReadAction\",\"target\":[\"https:\\\/\\\/fwfuer.de\\\/es\\\/la-fuer-karlsruhe-congela-el-presupuesto-por-primera-vez-9397\\\/\"]}]},{\"@type\":\"ImageObject\",\"inLanguage\":\"es\",\"@id\":\"https:\\\/\\\/fwfuer.de\\\/es\\\/la-fuer-karlsruhe-congela-el-presupuesto-por-primera-vez-9397\\\/#primaryimage\",\"url\":\"https:\\\/\\\/fwfuer.de\\\/wp-content\\\/uploads\\\/2025\\\/02\\\/IMG_2710.png\",\"contentUrl\":\"https:\\\/\\\/fwfuer.de\\\/wp-content\\\/uploads\\\/2025\\\/02\\\/IMG_2710.png\",\"width\":512,\"height\":512},{\"@type\":\"BreadcrumbList\",\"@id\":\"https:\\\/\\\/fwfuer.de\\\/es\\\/la-fuer-karlsruhe-congela-el-presupuesto-por-primera-vez-9397\\\/#breadcrumb\",\"itemListElement\":[{\"@type\":\"ListItem\",\"position\":1,\"name\":\"Startseite\",\"item\":\"https:\\\/\\\/fwfuer.de\\\/es\\\/casa\\\/\"},{\"@type\":\"ListItem\",\"position\":2,\"name\":\"La F\u00dcR Karlsruhe congela el presupuesto por primera vez\"}]},{\"@type\":\"WebSite\",\"@id\":\"https:\\\/\\\/fwfuer.de\\\/es\\\/#website\",\"url\":\"https:\\\/\\\/fwfuer.de\\\/es\\\/\",\"name\":\"Freie W\u00e4hler | F\u00dcR Karlsruhe en el Consejo Municipal de Karlsruhe\",\"description\":\"Grupo libre de concejales en Karlsruhe\",\"publisher\":{\"@id\":\"https:\\\/\\\/fwfuer.de\\\/es\\\/#organization\"},\"alternateName\":\"F\u00dcR KARLSRUHE im Gemeinderat\",\"potentialAction\":[{\"@type\":\"SearchAction\",\"target\":{\"@type\":\"EntryPoint\",\"urlTemplate\":\"https:\\\/\\\/fwfuer.de\\\/es\\\/?s={search_term_string}\"},\"query-input\":{\"@type\":\"PropertyValueSpecification\",\"valueRequired\":true,\"valueName\":\"search_term_string\"}}],\"inLanguage\":\"es\"},{\"@type\":\"Organization\",\"@id\":\"https:\\\/\\\/fwfuer.de\\\/es\\\/#organization\",\"name\":\"F\u00dcR Karlsruhe im Gemeinderat\",\"alternateName\":\"F\u00dcR Karlsruhe mit Stadtrat Friedemann Kalmbach\",\"url\":\"https:\\\/\\\/fwfuer.de\\\/es\\\/\",\"logo\":{\"@type\":\"ImageObject\",\"inLanguage\":\"es\",\"@id\":\"https:\\\/\\\/fwfuer.de\\\/es\\\/#\\\/schema\\\/logo\\\/image\\\/\",\"url\":\"https:\\\/\\\/fwfuer.de\\\/wp-content\\\/uploads\\\/2024\\\/07\\\/cropped-Logo-1.png\",\"contentUrl\":\"https:\\\/\\\/fwfuer.de\\\/wp-content\\\/uploads\\\/2024\\\/07\\\/cropped-Logo-1.png\",\"width\":512,\"height\":512,\"caption\":\"F\u00dcR Karlsruhe im Gemeinderat\"},\"image\":{\"@id\":\"https:\\\/\\\/fwfuer.de\\\/es\\\/#\\\/schema\\\/logo\\\/image\\\/\"},\"sameAs\":[\"https:\\\/\\\/www.facebook.com\\\/fwfuer\",\"https:\\\/\\\/x.com\\\/fwfuer\",\"https:\\\/\\\/www.instagram.com\\\/fuerka.de\",\"https:\\\/\\\/de.linkedin.com\\\/company\\\/fw-fr-karlsruhe-gemeinderatsfraktion\",\"https:\\\/\\\/tiktok.com\\\/@fuerka.de\"]},{\"@type\":\"Person\",\"@id\":\"https:\\\/\\\/fwfuer.de\\\/es\\\/#\\\/schema\\\/person\\\/f43392225120ae37e95ed36d7b324a19\",\"name\":\"F\u00dcR Karlsruhe im Gemeinderat\"}]}<\/script>\n<!-- \/ Yoast SEO plugin. -->","yoast_head_json":{"title":"La F\u00dcR Karlsruhe congela el presupuesto por primera vez - Freie W\u00e4hler | F\u00dcR Karlsruhe en el Consejo Municipal de Karlsruhe","description":"Die Pressemeldungen von F\u00dcR Karlsruhe im Gemeinderat der Stadt Karlsruhe. Hier ver\u00f6ffentlichen wir alle News rund um die Entscheidungen der Stadt Karlsruhe, unserer Anfragen und Initiativen im Karlsruher Gemeinderat.","robots":{"index":"index","follow":"follow","max-snippet":"max-snippet:-1","max-image-preview":"max-image-preview:large","max-video-preview":"max-video-preview:-1"},"canonical":"https:\/\/fwfuer.de\/es\/la-fuer-karlsruhe-congela-el-presupuesto-por-primera-vez-9397\/","og_locale":"es_ES","og_type":"article","og_title":"La F\u00dcR Karlsruhe congela el presupuesto por primera vez - Freie W\u00e4hler | F\u00dcR Karlsruhe en el Consejo Municipal de Karlsruhe","og_description":"Die Pressemeldungen von F\u00dcR Karlsruhe im Gemeinderat der Stadt Karlsruhe. Hier ver\u00f6ffentlichen wir alle News rund um die Entscheidungen der Stadt Karlsruhe, unserer Anfragen und Initiativen im Karlsruher Gemeinderat.","og_url":"https:\/\/fwfuer.de\/es\/la-fuer-karlsruhe-congela-el-presupuesto-por-primera-vez-9397\/","og_site_name":"Freie W\u00e4hler | F\u00dcR Karlsruhe en el Consejo Municipal de Karlsruhe","article_publisher":"https:\/\/www.facebook.com\/fwfuer","article_published_time":"2025-02-17T09:58:22+00:00","article_modified_time":"2026-01-27T15:15:57+00:00","og_image":[{"width":512,"height":512,"url":"https:\/\/fwfuer.de\/wp-content\/uploads\/2025\/02\/IMG_2710.png","type":"image\/png"}],"author":"F\u00dcR Karlsruhe im Gemeinderat","twitter_card":"summary_large_image","twitter_creator":"@fwfuer","twitter_site":"@fwfuer","twitter_misc":{"Escrito por":"F\u00dcR Karlsruhe im Gemeinderat","Tiempo de lectura":"1 minuto"},"schema":{"@context":"https:\/\/schema.org","@graph":[{"@type":"NewsArticle","@id":"https:\/\/fwfuer.de\/es\/la-fuer-karlsruhe-congela-el-presupuesto-por-primera-vez-9397\/#article","isPartOf":{"@id":"https:\/\/fwfuer.de\/es\/la-fuer-karlsruhe-congela-el-presupuesto-por-primera-vez-9397\/"},"author":{"name":"F\u00dcR Karlsruhe im Gemeinderat","@id":"https:\/\/fwfuer.de\/es\/#\/schema\/person\/f43392225120ae37e95ed36d7b324a19"},"headline":"La F\u00dcR Karlsruhe congela el presupuesto por primera vez","datePublished":"2025-02-17T09:58:22+00:00","dateModified":"2026-01-27T15:15:57+00:00","mainEntityOfPage":{"@id":"https:\/\/fwfuer.de\/es\/la-fuer-karlsruhe-congela-el-presupuesto-por-primera-vez-9397\/"},"wordCount":253,"publisher":{"@id":"https:\/\/fwfuer.de\/es\/#organization"},"image":{"@id":"https:\/\/fwfuer.de\/es\/la-fuer-karlsruhe-congela-el-presupuesto-por-primera-vez-9397\/#primaryimage"},"thumbnailUrl":"https:\/\/fwfuer.de\/wp-content\/uploads\/2025\/02\/IMG_2710.png","articleSection":["Comunicados de prensa"],"inLanguage":"es"},{"@type":"WebPage","@id":"https:\/\/fwfuer.de\/es\/la-fuer-karlsruhe-congela-el-presupuesto-por-primera-vez-9397\/","url":"https:\/\/fwfuer.de\/es\/la-fuer-karlsruhe-congela-el-presupuesto-por-primera-vez-9397\/","name":"La F\u00dcR Karlsruhe congela el presupuesto por primera vez - Freie W\u00e4hler | F\u00dcR Karlsruhe en el Consejo Municipal de Karlsruhe","isPartOf":{"@id":"https:\/\/fwfuer.de\/es\/#website"},"primaryImageOfPage":{"@id":"https:\/\/fwfuer.de\/es\/la-fuer-karlsruhe-congela-el-presupuesto-por-primera-vez-9397\/#primaryimage"},"image":{"@id":"https:\/\/fwfuer.de\/es\/la-fuer-karlsruhe-congela-el-presupuesto-por-primera-vez-9397\/#primaryimage"},"thumbnailUrl":"https:\/\/fwfuer.de\/wp-content\/uploads\/2025\/02\/IMG_2710.png","datePublished":"2025-02-17T09:58:22+00:00","dateModified":"2026-01-27T15:15:57+00:00","description":"Die Pressemeldungen von F\u00dcR Karlsruhe im Gemeinderat der Stadt Karlsruhe. Hier ver\u00f6ffentlichen wir alle News rund um die Entscheidungen der Stadt Karlsruhe, unserer Anfragen und Initiativen im Karlsruher Gemeinderat.","breadcrumb":{"@id":"https:\/\/fwfuer.de\/es\/la-fuer-karlsruhe-congela-el-presupuesto-por-primera-vez-9397\/#breadcrumb"},"inLanguage":"es","potentialAction":[{"@type":"ReadAction","target":["https:\/\/fwfuer.de\/es\/la-fuer-karlsruhe-congela-el-presupuesto-por-primera-vez-9397\/"]}]},{"@type":"ImageObject","inLanguage":"es","@id":"https:\/\/fwfuer.de\/es\/la-fuer-karlsruhe-congela-el-presupuesto-por-primera-vez-9397\/#primaryimage","url":"https:\/\/fwfuer.de\/wp-content\/uploads\/2025\/02\/IMG_2710.png","contentUrl":"https:\/\/fwfuer.de\/wp-content\/uploads\/2025\/02\/IMG_2710.png","width":512,"height":512},{"@type":"BreadcrumbList","@id":"https:\/\/fwfuer.de\/es\/la-fuer-karlsruhe-congela-el-presupuesto-por-primera-vez-9397\/#breadcrumb","itemListElement":[{"@type":"ListItem","position":1,"name":"Startseite","item":"https:\/\/fwfuer.de\/es\/casa\/"},{"@type":"ListItem","position":2,"name":"La F\u00dcR Karlsruhe congela el presupuesto por primera vez"}]},{"@type":"WebSite","@id":"https:\/\/fwfuer.de\/es\/#website","url":"https:\/\/fwfuer.de\/es\/","name":"Freie W\u00e4hler | F\u00dcR Karlsruhe en el Consejo Municipal de Karlsruhe","description":"Grupo libre de concejales en Karlsruhe","publisher":{"@id":"https:\/\/fwfuer.de\/es\/#organization"},"alternateName":"F\u00dcR KARLSRUHE im Gemeinderat","potentialAction":[{"@type":"SearchAction","target":{"@type":"EntryPoint","urlTemplate":"https:\/\/fwfuer.de\/es\/?s={search_term_string}"},"query-input":{"@type":"PropertyValueSpecification","valueRequired":true,"valueName":"search_term_string"}}],"inLanguage":"es"},{"@type":"Organization","@id":"https:\/\/fwfuer.de\/es\/#organization","name":"F\u00dcR Karlsruhe im Gemeinderat","alternateName":"F\u00dcR Karlsruhe mit Stadtrat Friedemann Kalmbach","url":"https:\/\/fwfuer.de\/es\/","logo":{"@type":"ImageObject","inLanguage":"es","@id":"https:\/\/fwfuer.de\/es\/#\/schema\/logo\/image\/","url":"https:\/\/fwfuer.de\/wp-content\/uploads\/2024\/07\/cropped-Logo-1.png","contentUrl":"https:\/\/fwfuer.de\/wp-content\/uploads\/2024\/07\/cropped-Logo-1.png","width":512,"height":512,"caption":"F\u00dcR Karlsruhe im Gemeinderat"},"image":{"@id":"https:\/\/fwfuer.de\/es\/#\/schema\/logo\/image\/"},"sameAs":["https:\/\/www.facebook.com\/fwfuer","https:\/\/x.com\/fwfuer","https:\/\/www.instagram.com\/fuerka.de","https:\/\/de.linkedin.com\/company\/fw-fr-karlsruhe-gemeinderatsfraktion","https:\/\/tiktok.com\/@fuerka.de"]},{"@type":"Person","@id":"https:\/\/fwfuer.de\/es\/#\/schema\/person\/f43392225120ae37e95ed36d7b324a19","name":"F\u00dcR Karlsruhe im Gemeinderat"}]}},"_links":{"self":[{"href":"https:\/\/fwfuer.de\/es\/wp-json\/wp\/v2\/posts\/9397","targetHints":{"allow":["GET"]}}],"collection":[{"href":"https:\/\/fwfuer.de\/es\/wp-json\/wp\/v2\/posts"}],"about":[{"href":"https:\/\/fwfuer.de\/es\/wp-json\/wp\/v2\/types\/post"}],"author":[{"embeddable":true,"href":"https:\/\/fwfuer.de\/es\/wp-json\/wp\/v2\/users\/6"}],"replies":[{"embeddable":true,"href":"https:\/\/fwfuer.de\/es\/wp-json\/wp\/v2\/comments?post=9397"}],"version-history":[{"count":2,"href":"https:\/\/fwfuer.de\/es\/wp-json\/wp\/v2\/posts\/9397\/revisions"}],"predecessor-version":[{"id":9401,"href":"https:\/\/fwfuer.de\/es\/wp-json\/wp\/v2\/posts\/9397\/revisions\/9401"}],"wp:featuredmedia":[{"embeddable":true,"href":"https:\/\/fwfuer.de\/es\/wp-json\/wp\/v2\/media\/8219"}],"wp:attachment":[{"href":"https:\/\/fwfuer.de\/es\/wp-json\/wp\/v2\/media?parent=9397"}],"wp:term":[{"taxonomy":"category","embeddable":true,"href":"https:\/\/fwfuer.de\/es\/wp-json\/wp\/v2\/categories?post=9397"},{"taxonomy":"post_tag","embeddable":true,"href":"https:\/\/fwfuer.de\/es\/wp-json\/wp\/v2\/tags?post=9397"}],"curies":[{"name":"wp","href":"https:\/\/api.w.org\/{rel}","templated":true}]}}