{"id":9522,"date":"2025-05-23T13:48:27","date_gmt":"2025-05-23T11:48:27","guid":{"rendered":"https:\/\/fwfuer.de\/que-ocurre-con-la-regla-del-hermano-9522\/"},"modified":"2026-01-27T16:17:29","modified_gmt":"2026-01-27T15:17:29","slug":"que-ocurre-con-la-regla-del-hermano","status":"publish","type":"post","link":"https:\/\/fwfuer.de\/es\/que-ocurre-con-la-regla-del-hermano-9522\/","title":{"rendered":"\u00bfQu\u00e9 ocurre con la regla del hermano?"},"content":{"rendered":"\n<p>La cancelaci\u00f3n prevista por el ayuntamiento de la llamada normativa sobre hermanos est\u00e1 provocando acaloradas discusiones entre los padres afectados y los pol\u00edticos de F\u00dcR Karlsruhe. Desde 1998, la normativa alivia la carga econ\u00f3mica de las familias con varios hijos, ya que s\u00f3lo tienen que pagar el servicio de guarder\u00eda m\u00e1s caro por un hijo. Los dem\u00e1s hermanos quedan exentos del pago, independientemente de los ingresos de los padres. La ciudad ahorrar\u00eda unos seis millones de euros al a\u00f1o suprimiendo este servicio voluntario.   <\/p>\n\n<p>En el contexto de una grave crisis presupuestaria, se est\u00e1 debatiendo ahora la supresi\u00f3n de esta normativa sobre la base de una propuesta de la administraci\u00f3n municipal. La ciudad de Karlsruhe prev\u00e9 un d\u00e9ficit estructural adicional de 50 millones de euros en 2025 y de hasta 80 millones de euros en 2026 y 2027, que no podr\u00e1n cubrirse con pr\u00e9stamos. Dado que el ahorro debe realizarse principalmente en el \u00e1mbito de los servicios voluntarios, tambi\u00e9n se est\u00e1 debatiendo la regulaci\u00f3n de los hermanos.   <\/p>\n\n<p>Las familias con varios hijos se ver\u00edan afectadas por una posible cancelaci\u00f3n, sobre todo las que tienen ingresos medios y est\u00e1n justo por encima de la base de evaluaci\u00f3n. Las familias con ingresos bajos por debajo de la base de evaluaci\u00f3n pueden recibir ayudas del programa de asistencia econ\u00f3mica a la juventud de la ciudad.<br\/>La carga para todos se ver\u00e1 incrementada por el aumento de las tarifas de las guarder\u00edas a partir de septiembre de 2025, que aumentar\u00e1n hasta 24 euros al mes en funci\u00f3n de los ingresos y de la cantidad de ni\u00f1os que se cuiden. <\/p>\n\n<p>La decisi\u00f3n sobre el futuro del r\u00e9gimen de hermanos se tomar\u00e1 en junio, cuando los grupos parlamentarios debatan y decidan las medidas de recorte de gastos debido a la congelaci\u00f3n presupuestaria.<\/p>\n\n<p>El F\u00dcR Karlsruhe est\u00e1 a favor de las pol\u00edticas favorables a la familia y a los ni\u00f1os. Hay que apoyar y animar a las familias. Nos esforzaremos por encontrar una soluci\u00f3n que d\u00e9 cabida tanto a las familias con ingresos bajos como a las de ingresos medios, escalonando las tasas. Hay que tener en cuenta a las familias que est\u00e1n por encima de la base imponible y no sobrecargarlas.   <\/p>\n\n<p>No ser\u00e1 posible hacerlo sin hacer recortes, para evitar quedar bajo la administraci\u00f3n del consejo regional y arriesgarse as\u00ed a la cancelaci\u00f3n de todos los servicios voluntarios.<\/p>\n","protected":false},"excerpt":{"rendered":"<p>La cancelaci\u00f3n prevista por el ayuntamiento de la llamada normativa sobre hermanos est\u00e1 provocando acaloradas discusiones entre los padres afectados y los pol\u00edticos de F\u00dcR Karlsruhe. Desde 1998, la normativa alivia la carga econ\u00f3mica de las familias con varios hijos, ya que s\u00f3lo tienen que pagar el servicio de guarder\u00eda m\u00e1s caro por un hijo. [&hellip;]<\/p>\n","protected":false},"author":6,"featured_media":8365,"comment_status":"closed","ping_status":"closed","sticky":false,"template":"","format":"standard","meta":{"_acf_changed":false,"_et_pb_use_builder":"off","_et_pb_old_content":"","_et_gb_content_width":"","footnotes":"","_links_to":"","_links_to_target":""},"categories":[82],"tags":[],"class_list":["post-9522","post","type-post","status-publish","format-standard","has-post-thumbnail","hentry","category-comunicados-prensa"],"acf":[],"yoast_head":"<!-- This site is optimized with the Yoast SEO plugin v27.4 - https:\/\/yoast.com\/product\/yoast-seo-wordpress\/ -->\n<title>\u00bfQu\u00e9 ocurre con la regla del hermano? - Freie W\u00e4hler | F\u00dcR Karlsruhe en el Consejo Municipal de Karlsruhe<\/title>\n<meta name=\"description\" content=\"Die Pressemeldungen von F\u00dcR Karlsruhe im Gemeinderat der Stadt Karlsruhe. Hier ver\u00f6ffentlichen wir alle News rund um die Entscheidungen der Stadt Karlsruhe, unserer Anfragen und Initiativen im Karlsruher Gemeinderat.\" \/>\n<meta name=\"robots\" content=\"index, follow, max-snippet:-1, max-image-preview:large, max-video-preview:-1\" \/>\n<link rel=\"canonical\" href=\"https:\/\/fwfuer.de\/es\/que-ocurre-con-la-regla-del-hermano-9522\/\" \/>\n<meta property=\"og:locale\" content=\"es_ES\" \/>\n<meta property=\"og:type\" content=\"article\" \/>\n<meta property=\"og:title\" content=\"\u00bfQu\u00e9 ocurre con la regla del hermano? - Freie W\u00e4hler | F\u00dcR Karlsruhe en el Consejo Municipal de Karlsruhe\" \/>\n<meta property=\"og:description\" content=\"Die Pressemeldungen von F\u00dcR Karlsruhe im Gemeinderat der Stadt Karlsruhe. Hier ver\u00f6ffentlichen wir alle News rund um die Entscheidungen der Stadt Karlsruhe, unserer Anfragen und Initiativen im Karlsruher Gemeinderat.\" \/>\n<meta property=\"og:url\" content=\"https:\/\/fwfuer.de\/es\/que-ocurre-con-la-regla-del-hermano-9522\/\" \/>\n<meta property=\"og:site_name\" content=\"Freie W\u00e4hler | F\u00dcR Karlsruhe en el Consejo Municipal de Karlsruhe\" \/>\n<meta property=\"article:publisher\" content=\"https:\/\/www.facebook.com\/fwfuer\" \/>\n<meta property=\"article:published_time\" content=\"2025-05-23T11:48:27+00:00\" \/>\n<meta property=\"article:modified_time\" content=\"2026-01-27T15:17:29+00:00\" \/>\n<meta property=\"og:image\" content=\"https:\/\/fwfuer.de\/wp-content\/uploads\/2025\/05\/sigmund-TJxotQTUr8o-unsplash-scaled.jpg\" \/>\n\t<meta property=\"og:image:width\" content=\"2880\" \/>\n\t<meta property=\"og:image:height\" content=\"2070\" \/>\n\t<meta property=\"og:image:type\" content=\"image\/jpeg\" \/>\n<meta name=\"author\" content=\"F\u00dcR Karlsruhe im Gemeinderat\" \/>\n<meta name=\"twitter:card\" content=\"summary_large_image\" \/>\n<meta name=\"twitter:creator\" content=\"@fwfuer\" \/>\n<meta name=\"twitter:site\" content=\"@fwfuer\" \/>\n<meta name=\"twitter:label1\" content=\"Escrito por\" \/>\n\t<meta name=\"twitter:data1\" content=\"F\u00dcR Karlsruhe im Gemeinderat\" \/>\n\t<meta name=\"twitter:label2\" content=\"Tiempo de lectura\" \/>\n\t<meta name=\"twitter:data2\" content=\"2 minutos\" \/>\n<script type=\"application\/ld+json\" class=\"yoast-schema-graph\">{\"@context\":\"https:\\\/\\\/schema.org\",\"@graph\":[{\"@type\":\"NewsArticle\",\"@id\":\"https:\\\/\\\/fwfuer.de\\\/es\\\/que-ocurre-con-la-regla-del-hermano-9522\\\/#article\",\"isPartOf\":{\"@id\":\"https:\\\/\\\/fwfuer.de\\\/es\\\/que-ocurre-con-la-regla-del-hermano-9522\\\/\"},\"author\":{\"name\":\"F\u00dcR Karlsruhe im Gemeinderat\",\"@id\":\"https:\\\/\\\/fwfuer.de\\\/es\\\/#\\\/schema\\\/person\\\/f43392225120ae37e95ed36d7b324a19\"},\"headline\":\"\u00bfQu\u00e9 ocurre con la regla del hermano?\",\"datePublished\":\"2025-05-23T11:48:27+00:00\",\"dateModified\":\"2026-01-27T15:17:29+00:00\",\"mainEntityOfPage\":{\"@id\":\"https:\\\/\\\/fwfuer.de\\\/es\\\/que-ocurre-con-la-regla-del-hermano-9522\\\/\"},\"wordCount\":427,\"publisher\":{\"@id\":\"https:\\\/\\\/fwfuer.de\\\/es\\\/#organization\"},\"image\":{\"@id\":\"https:\\\/\\\/fwfuer.de\\\/es\\\/que-ocurre-con-la-regla-del-hermano-9522\\\/#primaryimage\"},\"thumbnailUrl\":\"https:\\\/\\\/fwfuer.de\\\/wp-content\\\/uploads\\\/2025\\\/05\\\/sigmund-TJxotQTUr8o-unsplash-scaled.jpg\",\"articleSection\":[\"Comunicados de prensa\"],\"inLanguage\":\"es\"},{\"@type\":\"WebPage\",\"@id\":\"https:\\\/\\\/fwfuer.de\\\/es\\\/que-ocurre-con-la-regla-del-hermano-9522\\\/\",\"url\":\"https:\\\/\\\/fwfuer.de\\\/es\\\/que-ocurre-con-la-regla-del-hermano-9522\\\/\",\"name\":\"\u00bfQu\u00e9 ocurre con la regla del hermano? - Freie W\u00e4hler | F\u00dcR Karlsruhe en el Consejo Municipal de Karlsruhe\",\"isPartOf\":{\"@id\":\"https:\\\/\\\/fwfuer.de\\\/es\\\/#website\"},\"primaryImageOfPage\":{\"@id\":\"https:\\\/\\\/fwfuer.de\\\/es\\\/que-ocurre-con-la-regla-del-hermano-9522\\\/#primaryimage\"},\"image\":{\"@id\":\"https:\\\/\\\/fwfuer.de\\\/es\\\/que-ocurre-con-la-regla-del-hermano-9522\\\/#primaryimage\"},\"thumbnailUrl\":\"https:\\\/\\\/fwfuer.de\\\/wp-content\\\/uploads\\\/2025\\\/05\\\/sigmund-TJxotQTUr8o-unsplash-scaled.jpg\",\"datePublished\":\"2025-05-23T11:48:27+00:00\",\"dateModified\":\"2026-01-27T15:17:29+00:00\",\"description\":\"Die Pressemeldungen von F\u00dcR Karlsruhe im Gemeinderat der Stadt Karlsruhe. Hier ver\u00f6ffentlichen wir alle News rund um die Entscheidungen der Stadt Karlsruhe, unserer Anfragen und Initiativen im Karlsruher Gemeinderat.\",\"breadcrumb\":{\"@id\":\"https:\\\/\\\/fwfuer.de\\\/es\\\/que-ocurre-con-la-regla-del-hermano-9522\\\/#breadcrumb\"},\"inLanguage\":\"es\",\"potentialAction\":[{\"@type\":\"ReadAction\",\"target\":[\"https:\\\/\\\/fwfuer.de\\\/es\\\/que-ocurre-con-la-regla-del-hermano-9522\\\/\"]}]},{\"@type\":\"ImageObject\",\"inLanguage\":\"es\",\"@id\":\"https:\\\/\\\/fwfuer.de\\\/es\\\/que-ocurre-con-la-regla-del-hermano-9522\\\/#primaryimage\",\"url\":\"https:\\\/\\\/fwfuer.de\\\/wp-content\\\/uploads\\\/2025\\\/05\\\/sigmund-TJxotQTUr8o-unsplash-scaled.jpg\",\"contentUrl\":\"https:\\\/\\\/fwfuer.de\\\/wp-content\\\/uploads\\\/2025\\\/05\\\/sigmund-TJxotQTUr8o-unsplash-scaled.jpg\",\"width\":2880,\"height\":2070},{\"@type\":\"BreadcrumbList\",\"@id\":\"https:\\\/\\\/fwfuer.de\\\/es\\\/que-ocurre-con-la-regla-del-hermano-9522\\\/#breadcrumb\",\"itemListElement\":[{\"@type\":\"ListItem\",\"position\":1,\"name\":\"Startseite\",\"item\":\"https:\\\/\\\/fwfuer.de\\\/es\\\/casa\\\/\"},{\"@type\":\"ListItem\",\"position\":2,\"name\":\"\u00bfQu\u00e9 ocurre con la regla del hermano?\"}]},{\"@type\":\"WebSite\",\"@id\":\"https:\\\/\\\/fwfuer.de\\\/es\\\/#website\",\"url\":\"https:\\\/\\\/fwfuer.de\\\/es\\\/\",\"name\":\"Freie W\u00e4hler | F\u00dcR Karlsruhe en el Consejo Municipal de Karlsruhe\",\"description\":\"Grupo libre de concejales en Karlsruhe\",\"publisher\":{\"@id\":\"https:\\\/\\\/fwfuer.de\\\/es\\\/#organization\"},\"alternateName\":\"F\u00dcR KARLSRUHE im Gemeinderat\",\"potentialAction\":[{\"@type\":\"SearchAction\",\"target\":{\"@type\":\"EntryPoint\",\"urlTemplate\":\"https:\\\/\\\/fwfuer.de\\\/es\\\/?s={search_term_string}\"},\"query-input\":{\"@type\":\"PropertyValueSpecification\",\"valueRequired\":true,\"valueName\":\"search_term_string\"}}],\"inLanguage\":\"es\"},{\"@type\":\"Organization\",\"@id\":\"https:\\\/\\\/fwfuer.de\\\/es\\\/#organization\",\"name\":\"F\u00dcR Karlsruhe im Gemeinderat\",\"alternateName\":\"F\u00dcR Karlsruhe mit Stadtrat Friedemann Kalmbach\",\"url\":\"https:\\\/\\\/fwfuer.de\\\/es\\\/\",\"logo\":{\"@type\":\"ImageObject\",\"inLanguage\":\"es\",\"@id\":\"https:\\\/\\\/fwfuer.de\\\/es\\\/#\\\/schema\\\/logo\\\/image\\\/\",\"url\":\"https:\\\/\\\/fwfuer.de\\\/wp-content\\\/uploads\\\/2024\\\/07\\\/cropped-Logo-1.png\",\"contentUrl\":\"https:\\\/\\\/fwfuer.de\\\/wp-content\\\/uploads\\\/2024\\\/07\\\/cropped-Logo-1.png\",\"width\":512,\"height\":512,\"caption\":\"F\u00dcR Karlsruhe im Gemeinderat\"},\"image\":{\"@id\":\"https:\\\/\\\/fwfuer.de\\\/es\\\/#\\\/schema\\\/logo\\\/image\\\/\"},\"sameAs\":[\"https:\\\/\\\/www.facebook.com\\\/fwfuer\",\"https:\\\/\\\/x.com\\\/fwfuer\",\"https:\\\/\\\/www.instagram.com\\\/fuerka.de\",\"https:\\\/\\\/de.linkedin.com\\\/company\\\/fw-fr-karlsruhe-gemeinderatsfraktion\",\"https:\\\/\\\/tiktok.com\\\/@fuerka.de\"]},{\"@type\":\"Person\",\"@id\":\"https:\\\/\\\/fwfuer.de\\\/es\\\/#\\\/schema\\\/person\\\/f43392225120ae37e95ed36d7b324a19\",\"name\":\"F\u00dcR Karlsruhe im Gemeinderat\"}]}<\/script>\n<!-- \/ Yoast SEO plugin. -->","yoast_head_json":{"title":"\u00bfQu\u00e9 ocurre con la regla del hermano? - Freie W\u00e4hler | F\u00dcR Karlsruhe en el Consejo Municipal de Karlsruhe","description":"Die Pressemeldungen von F\u00dcR Karlsruhe im Gemeinderat der Stadt Karlsruhe. Hier ver\u00f6ffentlichen wir alle News rund um die Entscheidungen der Stadt Karlsruhe, unserer Anfragen und Initiativen im Karlsruher Gemeinderat.","robots":{"index":"index","follow":"follow","max-snippet":"max-snippet:-1","max-image-preview":"max-image-preview:large","max-video-preview":"max-video-preview:-1"},"canonical":"https:\/\/fwfuer.de\/es\/que-ocurre-con-la-regla-del-hermano-9522\/","og_locale":"es_ES","og_type":"article","og_title":"\u00bfQu\u00e9 ocurre con la regla del hermano? - Freie W\u00e4hler | F\u00dcR Karlsruhe en el Consejo Municipal de Karlsruhe","og_description":"Die Pressemeldungen von F\u00dcR Karlsruhe im Gemeinderat der Stadt Karlsruhe. Hier ver\u00f6ffentlichen wir alle News rund um die Entscheidungen der Stadt Karlsruhe, unserer Anfragen und Initiativen im Karlsruher Gemeinderat.","og_url":"https:\/\/fwfuer.de\/es\/que-ocurre-con-la-regla-del-hermano-9522\/","og_site_name":"Freie W\u00e4hler | F\u00dcR Karlsruhe en el Consejo Municipal de Karlsruhe","article_publisher":"https:\/\/www.facebook.com\/fwfuer","article_published_time":"2025-05-23T11:48:27+00:00","article_modified_time":"2026-01-27T15:17:29+00:00","og_image":[{"width":2880,"height":2070,"url":"https:\/\/fwfuer.de\/wp-content\/uploads\/2025\/05\/sigmund-TJxotQTUr8o-unsplash-scaled.jpg","type":"image\/jpeg"}],"author":"F\u00dcR Karlsruhe im Gemeinderat","twitter_card":"summary_large_image","twitter_creator":"@fwfuer","twitter_site":"@fwfuer","twitter_misc":{"Escrito por":"F\u00dcR Karlsruhe im Gemeinderat","Tiempo de lectura":"2 minutos"},"schema":{"@context":"https:\/\/schema.org","@graph":[{"@type":"NewsArticle","@id":"https:\/\/fwfuer.de\/es\/que-ocurre-con-la-regla-del-hermano-9522\/#article","isPartOf":{"@id":"https:\/\/fwfuer.de\/es\/que-ocurre-con-la-regla-del-hermano-9522\/"},"author":{"name":"F\u00dcR Karlsruhe im Gemeinderat","@id":"https:\/\/fwfuer.de\/es\/#\/schema\/person\/f43392225120ae37e95ed36d7b324a19"},"headline":"\u00bfQu\u00e9 ocurre con la regla del hermano?","datePublished":"2025-05-23T11:48:27+00:00","dateModified":"2026-01-27T15:17:29+00:00","mainEntityOfPage":{"@id":"https:\/\/fwfuer.de\/es\/que-ocurre-con-la-regla-del-hermano-9522\/"},"wordCount":427,"publisher":{"@id":"https:\/\/fwfuer.de\/es\/#organization"},"image":{"@id":"https:\/\/fwfuer.de\/es\/que-ocurre-con-la-regla-del-hermano-9522\/#primaryimage"},"thumbnailUrl":"https:\/\/fwfuer.de\/wp-content\/uploads\/2025\/05\/sigmund-TJxotQTUr8o-unsplash-scaled.jpg","articleSection":["Comunicados de prensa"],"inLanguage":"es"},{"@type":"WebPage","@id":"https:\/\/fwfuer.de\/es\/que-ocurre-con-la-regla-del-hermano-9522\/","url":"https:\/\/fwfuer.de\/es\/que-ocurre-con-la-regla-del-hermano-9522\/","name":"\u00bfQu\u00e9 ocurre con la regla del hermano? - Freie W\u00e4hler | F\u00dcR Karlsruhe en el Consejo Municipal de Karlsruhe","isPartOf":{"@id":"https:\/\/fwfuer.de\/es\/#website"},"primaryImageOfPage":{"@id":"https:\/\/fwfuer.de\/es\/que-ocurre-con-la-regla-del-hermano-9522\/#primaryimage"},"image":{"@id":"https:\/\/fwfuer.de\/es\/que-ocurre-con-la-regla-del-hermano-9522\/#primaryimage"},"thumbnailUrl":"https:\/\/fwfuer.de\/wp-content\/uploads\/2025\/05\/sigmund-TJxotQTUr8o-unsplash-scaled.jpg","datePublished":"2025-05-23T11:48:27+00:00","dateModified":"2026-01-27T15:17:29+00:00","description":"Die Pressemeldungen von F\u00dcR Karlsruhe im Gemeinderat der Stadt Karlsruhe. Hier ver\u00f6ffentlichen wir alle News rund um die Entscheidungen der Stadt Karlsruhe, unserer Anfragen und Initiativen im Karlsruher Gemeinderat.","breadcrumb":{"@id":"https:\/\/fwfuer.de\/es\/que-ocurre-con-la-regla-del-hermano-9522\/#breadcrumb"},"inLanguage":"es","potentialAction":[{"@type":"ReadAction","target":["https:\/\/fwfuer.de\/es\/que-ocurre-con-la-regla-del-hermano-9522\/"]}]},{"@type":"ImageObject","inLanguage":"es","@id":"https:\/\/fwfuer.de\/es\/que-ocurre-con-la-regla-del-hermano-9522\/#primaryimage","url":"https:\/\/fwfuer.de\/wp-content\/uploads\/2025\/05\/sigmund-TJxotQTUr8o-unsplash-scaled.jpg","contentUrl":"https:\/\/fwfuer.de\/wp-content\/uploads\/2025\/05\/sigmund-TJxotQTUr8o-unsplash-scaled.jpg","width":2880,"height":2070},{"@type":"BreadcrumbList","@id":"https:\/\/fwfuer.de\/es\/que-ocurre-con-la-regla-del-hermano-9522\/#breadcrumb","itemListElement":[{"@type":"ListItem","position":1,"name":"Startseite","item":"https:\/\/fwfuer.de\/es\/casa\/"},{"@type":"ListItem","position":2,"name":"\u00bfQu\u00e9 ocurre con la regla del hermano?"}]},{"@type":"WebSite","@id":"https:\/\/fwfuer.de\/es\/#website","url":"https:\/\/fwfuer.de\/es\/","name":"Freie W\u00e4hler | F\u00dcR Karlsruhe en el Consejo Municipal de Karlsruhe","description":"Grupo libre de concejales en Karlsruhe","publisher":{"@id":"https:\/\/fwfuer.de\/es\/#organization"},"alternateName":"F\u00dcR KARLSRUHE im Gemeinderat","potentialAction":[{"@type":"SearchAction","target":{"@type":"EntryPoint","urlTemplate":"https:\/\/fwfuer.de\/es\/?s={search_term_string}"},"query-input":{"@type":"PropertyValueSpecification","valueRequired":true,"valueName":"search_term_string"}}],"inLanguage":"es"},{"@type":"Organization","@id":"https:\/\/fwfuer.de\/es\/#organization","name":"F\u00dcR Karlsruhe im Gemeinderat","alternateName":"F\u00dcR Karlsruhe mit Stadtrat Friedemann Kalmbach","url":"https:\/\/fwfuer.de\/es\/","logo":{"@type":"ImageObject","inLanguage":"es","@id":"https:\/\/fwfuer.de\/es\/#\/schema\/logo\/image\/","url":"https:\/\/fwfuer.de\/wp-content\/uploads\/2024\/07\/cropped-Logo-1.png","contentUrl":"https:\/\/fwfuer.de\/wp-content\/uploads\/2024\/07\/cropped-Logo-1.png","width":512,"height":512,"caption":"F\u00dcR Karlsruhe im Gemeinderat"},"image":{"@id":"https:\/\/fwfuer.de\/es\/#\/schema\/logo\/image\/"},"sameAs":["https:\/\/www.facebook.com\/fwfuer","https:\/\/x.com\/fwfuer","https:\/\/www.instagram.com\/fuerka.de","https:\/\/de.linkedin.com\/company\/fw-fr-karlsruhe-gemeinderatsfraktion","https:\/\/tiktok.com\/@fuerka.de"]},{"@type":"Person","@id":"https:\/\/fwfuer.de\/es\/#\/schema\/person\/f43392225120ae37e95ed36d7b324a19","name":"F\u00dcR Karlsruhe im Gemeinderat"}]}},"_links":{"self":[{"href":"https:\/\/fwfuer.de\/es\/wp-json\/wp\/v2\/posts\/9522","targetHints":{"allow":["GET"]}}],"collection":[{"href":"https:\/\/fwfuer.de\/es\/wp-json\/wp\/v2\/posts"}],"about":[{"href":"https:\/\/fwfuer.de\/es\/wp-json\/wp\/v2\/types\/post"}],"author":[{"embeddable":true,"href":"https:\/\/fwfuer.de\/es\/wp-json\/wp\/v2\/users\/6"}],"replies":[{"embeddable":true,"href":"https:\/\/fwfuer.de\/es\/wp-json\/wp\/v2\/comments?post=9522"}],"version-history":[{"count":2,"href":"https:\/\/fwfuer.de\/es\/wp-json\/wp\/v2\/posts\/9522\/revisions"}],"predecessor-version":[{"id":9526,"href":"https:\/\/fwfuer.de\/es\/wp-json\/wp\/v2\/posts\/9522\/revisions\/9526"}],"wp:featuredmedia":[{"embeddable":true,"href":"https:\/\/fwfuer.de\/es\/wp-json\/wp\/v2\/media\/8365"}],"wp:attachment":[{"href":"https:\/\/fwfuer.de\/es\/wp-json\/wp\/v2\/media?parent=9522"}],"wp:term":[{"taxonomy":"category","embeddable":true,"href":"https:\/\/fwfuer.de\/es\/wp-json\/wp\/v2\/categories?post=9522"},{"taxonomy":"post_tag","embeddable":true,"href":"https:\/\/fwfuer.de\/es\/wp-json\/wp\/v2\/tags?post=9522"}],"curies":[{"name":"wp","href":"https:\/\/api.w.org\/{rel}","templated":true}]}}