{"id":5461,"date":"2023-04-26T10:05:45","date_gmt":"2023-04-26T08:05:45","guid":{"rendered":"https:\/\/fwfuer.de\/lipsa-de-date-amploarea-sportului-scolar-anulat-si-lipsa-personalului-didactic-neclara-5461\/"},"modified":"2023-04-26T10:07:06","modified_gmt":"2023-04-26T08:07:06","slug":"lipsa-de-date-amploarea-sportului-scolar-anulat-si-lipsa-personalului-didactic-neclara","status":"publish","type":"post","link":"https:\/\/fwfuer.de\/ro\/lipsa-de-date-amploarea-sportului-scolar-anulat-si-lipsa-personalului-didactic-neclara-5461\/","title":{"rendered":"Lipsa de date: nu se cunoa\u0219te amploarea sportului \u0219colar anulat \u0219i lipsa personalului didactic"},"content":{"rendered":"\n<p>Ora\u0219ul F\u00dcR Karlsruhe a r\u0103spuns la o \u00eentrebare a grupul municipal aleg\u0103torilor liberi \u0219i al F\u00dcR Karlsruhe privind inactivitatea fizic\u0103, dar f\u0103r\u0103 prea multe preciz\u0103ri. grupul municipal a adresat o \u00eentrebare administra\u021biei ora\u0219ului pentru a afla c\u00e2t de bine este dotat ora\u0219ul cu facilit\u0103\u021bi sportive \u0219i cu personal pentru lec\u021biile \u0219colare, pentru a preveni lipsa de mi\u0219care \u00een r\u00e2ndul elevilor. O analiz\u0103 a inventarului ar trebui s\u0103 ofere claritate.<\/p>\n\n<p>Cu toate acestea, municipalitatea nu are niciun r\u0103spuns cu privire la faptul c\u0103 clasele de sport \u0219i de \u00eenot sunt dotate cu suficient personal didactic calificat &#8211; o cerin\u021b\u0103 de baz\u0103 pentru o activitate fizic\u0103 suficient\u0103 pentru copii. De asemenea, municipalitatea nu are informa\u021bii cu privire la c\u00e2te lec\u021bii de sport au fost anulate \u00een anul \u0219colar trecut. Grupul parlamentar se a\u0219teapt\u0103 la \u00eembun\u0103t\u0103\u021biri semnificative \u00een acest domeniu. \u00cen cadrul \u0219edin\u021bei consiliului municipal, consilierul Friedemann Kalmbach a criticat situa\u021bia slab\u0103 a datelor \u0219i a cerut ora\u0219ului un r\u0103spuns mai precis. Primarul Mentrup a promis c\u0103 va clarifica din nou aceast\u0103 problem\u0103 \u00een cadrul unei discu\u021bii.<br\/>Chiar \u0219i \u00eenainte de pandemie, potrivit mai multor studii, au fost anulate de dou\u0103 ori mai multe lec\u021bii dec\u00e2t au sus\u021binut autorit\u0103\u021bile \u0219i mini\u0219trii educa\u021biei: 5% din toate lec\u021biile de educa\u021bie fizic\u0103 au fost anulate din cauza lipsei de profesori \u0219i de facilit\u0103\u021bi sportive.<\/p>\n\n<p>Cu toate acestea, s\u0103lile de sport, terenurile de atletism \u0219i stadioanele din Karlsruhe sunt solide, potrivit administra\u021biei ora\u0219ului: &#8222;S\u0103lile de sport sunt echipate corespunz\u0103tor pentru practicarea sporturilor \u0219colare. Unele s\u0103li au nevoie de renovare din cauza vechimii lor, dar acest lucru nu limiteaz\u0103 sporturile \u0219colare. M\u0103surile necesare de \u00eentre\u021binere a cl\u0103dirilor sunt efectuate conform cerin\u021belor, la fel ca \u0219i \u00eenlocuirea necesar\u0103 a echipamentelor sportive \u00een timp util&#8221;, se arat\u0103 \u00een r\u0103spunsul municipalit\u0103\u021bii. Cu toate acestea, \u00eent\u00e2rzierile \u00een materie de renovare \u0219i situa\u021bia financiar\u0103 nu permit declara\u021bii mai concrete \u00een ceea ce prive\u0219te punerea \u00een aplicare.<\/p>\n","protected":false},"excerpt":{"rendered":"<p>Ora\u0219ul F\u00dcR Karlsruhe a r\u0103spuns la o \u00eentrebare a grupul municipal aleg\u0103torilor liberi \u0219i al F\u00dcR Karlsruhe privind inactivitatea fizic\u0103, dar f\u0103r\u0103 prea multe preciz\u0103ri. grupul municipal a adresat o \u00eentrebare administra\u021biei ora\u0219ului pentru a afla c\u00e2t de bine este dotat ora\u0219ul cu facilit\u0103\u021bi sportive \u0219i cu personal pentru lec\u021biile \u0219colare, pentru a preveni lipsa [&hellip;]<\/p>\n","protected":false},"author":1,"featured_media":0,"comment_status":"closed","ping_status":"closed","sticky":false,"template":"","format":"standard","meta":{"_acf_changed":false,"_et_pb_use_builder":"off","_et_pb_old_content":"","_et_gb_content_width":"","footnotes":"","_links_to":"","_links_to_target":""},"categories":[83],"tags":[265,266,268],"class_list":["post-5461","post","type-post","status-publish","format-standard","hentry","category-comunicate-presa","tag-copii-si-tineret","tag-scoala","tag-sport-ro"],"acf":[],"yoast_head":"<!-- This site is optimized with the Yoast SEO plugin v27.5 - https:\/\/yoast.com\/product\/yoast-seo-wordpress\/ -->\n<title>Lipsa de date: nu se cunoa\u0219te amploarea sportului \u0219colar anulat \u0219i lipsa personalului didactic - Freie W\u00e4hler | F\u00dcR Karlsruhe \u00een Consiliul Municipal Karlsruhe<\/title>\n<meta name=\"description\" content=\"Die Pressemeldungen von F\u00dcR Karlsruhe im Gemeinderat der Stadt Karlsruhe. Hier ver\u00f6ffentlichen wir alle News rund um die Entscheidungen der Stadt Karlsruhe, unserer Anfragen und Initiativen im Karlsruher Gemeinderat.\" \/>\n<meta name=\"robots\" content=\"index, follow, max-snippet:-1, max-image-preview:large, max-video-preview:-1\" \/>\n<link rel=\"canonical\" href=\"https:\/\/fwfuer.de\/ro\/lipsa-de-date-amploarea-sportului-scolar-anulat-si-lipsa-personalului-didactic-neclara-5461\/\" \/>\n<meta property=\"og:locale\" content=\"ro_RO\" \/>\n<meta property=\"og:type\" content=\"article\" \/>\n<meta property=\"og:title\" content=\"Lipsa de date: nu se cunoa\u0219te amploarea sportului \u0219colar anulat \u0219i lipsa personalului didactic - Freie W\u00e4hler | F\u00dcR Karlsruhe \u00een Consiliul Municipal Karlsruhe\" \/>\n<meta property=\"og:description\" content=\"Die Pressemeldungen von F\u00dcR Karlsruhe im Gemeinderat der Stadt Karlsruhe. Hier ver\u00f6ffentlichen wir alle News rund um die Entscheidungen der Stadt Karlsruhe, unserer Anfragen und Initiativen im Karlsruher Gemeinderat.\" \/>\n<meta property=\"og:url\" content=\"https:\/\/fwfuer.de\/ro\/lipsa-de-date-amploarea-sportului-scolar-anulat-si-lipsa-personalului-didactic-neclara-5461\/\" \/>\n<meta property=\"og:site_name\" content=\"Freie W\u00e4hler | F\u00dcR Karlsruhe \u00een Consiliul Municipal Karlsruhe\" \/>\n<meta property=\"article:publisher\" content=\"https:\/\/www.facebook.com\/fwfuer\" \/>\n<meta property=\"article:author\" content=\"https:\/\/www.facebook.com\/SchlittenhardtM\" \/>\n<meta property=\"article:published_time\" content=\"2023-04-26T08:05:45+00:00\" \/>\n<meta property=\"article:modified_time\" content=\"2023-04-26T08:07:06+00:00\" \/>\n<meta property=\"og:image\" content=\"https:\/\/fwfuer.de\/wp-content\/uploads\/2022\/10\/FriedemannOnlineSchulung-scaled.jpeg\" \/>\n\t<meta property=\"og:image:width\" content=\"2880\" \/>\n\t<meta property=\"og:image:height\" content=\"2160\" \/>\n\t<meta property=\"og:image:type\" content=\"image\/jpeg\" \/>\n<meta name=\"author\" content=\"F\u00dcR Karlsruhe im Gemeinderat\" \/>\n<meta name=\"twitter:card\" content=\"summary_large_image\" \/>\n<meta name=\"twitter:creator\" content=\"@https:\/\/www.twitter.com\/SchlittenhardtM\" \/>\n<meta name=\"twitter:site\" content=\"@fwfuer\" \/>\n<meta name=\"twitter:label1\" content=\"Scris de\" \/>\n\t<meta name=\"twitter:data1\" content=\"F\u00dcR Karlsruhe im Gemeinderat\" \/>\n\t<meta name=\"twitter:label2\" content=\"Timp estimat pentru citire\" \/>\n\t<meta name=\"twitter:data2\" content=\"2 minute\" \/>\n<script type=\"application\/ld+json\" class=\"yoast-schema-graph\">{\"@context\":\"https:\\\/\\\/schema.org\",\"@graph\":[{\"@type\":\"NewsArticle\",\"@id\":\"https:\\\/\\\/fwfuer.de\\\/ro\\\/lipsa-de-date-amploarea-sportului-scolar-anulat-si-lipsa-personalului-didactic-neclara-5461\\\/#article\",\"isPartOf\":{\"@id\":\"https:\\\/\\\/fwfuer.de\\\/ro\\\/lipsa-de-date-amploarea-sportului-scolar-anulat-si-lipsa-personalului-didactic-neclara-5461\\\/\"},\"author\":{\"name\":\"F\u00dcR Karlsruhe im Gemeinderat\",\"@id\":\"https:\\\/\\\/fwfuer.de\\\/ro\\\/#\\\/schema\\\/person\\\/84fbd80d001f4b437100c64ef6a47902\"},\"headline\":\"Lipsa de date: nu se cunoa\u0219te amploarea sportului \u0219colar anulat \u0219i lipsa personalului didactic\",\"datePublished\":\"2023-04-26T08:05:45+00:00\",\"dateModified\":\"2023-04-26T08:07:06+00:00\",\"mainEntityOfPage\":{\"@id\":\"https:\\\/\\\/fwfuer.de\\\/ro\\\/lipsa-de-date-amploarea-sportului-scolar-anulat-si-lipsa-personalului-didactic-neclara-5461\\\/\"},\"wordCount\":379,\"publisher\":{\"@id\":\"https:\\\/\\\/fwfuer.de\\\/ro\\\/#organization\"},\"keywords\":[\"Copii \u0219i tineret\",\"\u0218coala\",\"Sport\"],\"articleSection\":[\"Comunicate de pres\u0103\"],\"inLanguage\":\"ro-RO\"},{\"@type\":\"WebPage\",\"@id\":\"https:\\\/\\\/fwfuer.de\\\/ro\\\/lipsa-de-date-amploarea-sportului-scolar-anulat-si-lipsa-personalului-didactic-neclara-5461\\\/\",\"url\":\"https:\\\/\\\/fwfuer.de\\\/ro\\\/lipsa-de-date-amploarea-sportului-scolar-anulat-si-lipsa-personalului-didactic-neclara-5461\\\/\",\"name\":\"Lipsa de date: nu se cunoa\u0219te amploarea sportului \u0219colar anulat \u0219i lipsa personalului didactic - Freie W\u00e4hler | F\u00dcR Karlsruhe \u00een Consiliul Municipal Karlsruhe\",\"isPartOf\":{\"@id\":\"https:\\\/\\\/fwfuer.de\\\/ro\\\/#website\"},\"datePublished\":\"2023-04-26T08:05:45+00:00\",\"dateModified\":\"2023-04-26T08:07:06+00:00\",\"description\":\"Die Pressemeldungen von F\u00dcR Karlsruhe im Gemeinderat der Stadt Karlsruhe. Hier ver\u00f6ffentlichen wir alle News rund um die Entscheidungen der Stadt Karlsruhe, unserer Anfragen und Initiativen im Karlsruher Gemeinderat.\",\"breadcrumb\":{\"@id\":\"https:\\\/\\\/fwfuer.de\\\/ro\\\/lipsa-de-date-amploarea-sportului-scolar-anulat-si-lipsa-personalului-didactic-neclara-5461\\\/#breadcrumb\"},\"inLanguage\":\"ro-RO\",\"potentialAction\":[{\"@type\":\"ReadAction\",\"target\":[\"https:\\\/\\\/fwfuer.de\\\/ro\\\/lipsa-de-date-amploarea-sportului-scolar-anulat-si-lipsa-personalului-didactic-neclara-5461\\\/\"]}]},{\"@type\":\"BreadcrumbList\",\"@id\":\"https:\\\/\\\/fwfuer.de\\\/ro\\\/lipsa-de-date-amploarea-sportului-scolar-anulat-si-lipsa-personalului-didactic-neclara-5461\\\/#breadcrumb\",\"itemListElement\":[{\"@type\":\"ListItem\",\"position\":1,\"name\":\"Startseite\",\"item\":\"https:\\\/\\\/fwfuer.de\\\/ro\\\/acasa\\\/\"},{\"@type\":\"ListItem\",\"position\":2,\"name\":\"Lipsa de date: nu se cunoa\u0219te amploarea sportului \u0219colar anulat \u0219i lipsa personalului didactic\"}]},{\"@type\":\"WebSite\",\"@id\":\"https:\\\/\\\/fwfuer.de\\\/ro\\\/#website\",\"url\":\"https:\\\/\\\/fwfuer.de\\\/ro\\\/\",\"name\":\"Freie W\u00e4hler | F\u00dcR Karlsruhe \u00een Consiliul Municipal Karlsruhe\",\"description\":\"Grupul liber al consilierilor din Karlsruhe\",\"publisher\":{\"@id\":\"https:\\\/\\\/fwfuer.de\\\/ro\\\/#organization\"},\"alternateName\":\"F\u00dcR KARLSRUHE im Gemeinderat\",\"potentialAction\":[{\"@type\":\"SearchAction\",\"target\":{\"@type\":\"EntryPoint\",\"urlTemplate\":\"https:\\\/\\\/fwfuer.de\\\/ro\\\/?s={search_term_string}\"},\"query-input\":{\"@type\":\"PropertyValueSpecification\",\"valueRequired\":true,\"valueName\":\"search_term_string\"}}],\"inLanguage\":\"ro-RO\"},{\"@type\":\"Organization\",\"@id\":\"https:\\\/\\\/fwfuer.de\\\/ro\\\/#organization\",\"name\":\"F\u00dcR Karlsruhe im Gemeinderat\",\"alternateName\":\"F\u00dcR Karlsruhe mit Stadtrat Friedemann Kalmbach\",\"url\":\"https:\\\/\\\/fwfuer.de\\\/ro\\\/\",\"logo\":{\"@type\":\"ImageObject\",\"inLanguage\":\"ro-RO\",\"@id\":\"https:\\\/\\\/fwfuer.de\\\/ro\\\/#\\\/schema\\\/logo\\\/image\\\/\",\"url\":\"https:\\\/\\\/fwfuer.de\\\/wp-content\\\/uploads\\\/2024\\\/07\\\/cropped-Logo-1.png\",\"contentUrl\":\"https:\\\/\\\/fwfuer.de\\\/wp-content\\\/uploads\\\/2024\\\/07\\\/cropped-Logo-1.png\",\"width\":512,\"height\":512,\"caption\":\"F\u00dcR Karlsruhe im Gemeinderat\"},\"image\":{\"@id\":\"https:\\\/\\\/fwfuer.de\\\/ro\\\/#\\\/schema\\\/logo\\\/image\\\/\"},\"sameAs\":[\"https:\\\/\\\/www.facebook.com\\\/fwfuer\",\"https:\\\/\\\/x.com\\\/fwfuer\",\"https:\\\/\\\/www.instagram.com\\\/fuerka.de\",\"https:\\\/\\\/de.linkedin.com\\\/company\\\/fw-fr-karlsruhe-gemeinderatsfraktion\",\"https:\\\/\\\/tiktok.com\\\/@fuerka.de\"]},{\"@type\":\"Person\",\"@id\":\"https:\\\/\\\/fwfuer.de\\\/ro\\\/#\\\/schema\\\/person\\\/84fbd80d001f4b437100c64ef6a47902\",\"name\":\"F\u00dcR Karlsruhe im Gemeinderat\",\"description\":\"Fraktionsgesch\u00e4ftsf\u00fchrer der FW|F\u00dcR Fraktion im Karlsruher Gemeinderat.\",\"sameAs\":[\"https:\\\/\\\/www.facebook.com\\\/SchlittenhardtM\",\"https:\\\/\\\/www.instagram.com\\\/SchlittenhardtM\",\"https:\\\/\\\/x.com\\\/https:\\\/\\\/www.twitter.com\\\/SchlittenhardtM\"]}]}<\/script>\n<!-- \/ Yoast SEO plugin. -->","yoast_head_json":{"title":"Lipsa de date: nu se cunoa\u0219te amploarea sportului \u0219colar anulat \u0219i lipsa personalului didactic - Freie W\u00e4hler | F\u00dcR Karlsruhe \u00een Consiliul Municipal Karlsruhe","description":"Die Pressemeldungen von F\u00dcR Karlsruhe im Gemeinderat der Stadt Karlsruhe. Hier ver\u00f6ffentlichen wir alle News rund um die Entscheidungen der Stadt Karlsruhe, unserer Anfragen und Initiativen im Karlsruher Gemeinderat.","robots":{"index":"index","follow":"follow","max-snippet":"max-snippet:-1","max-image-preview":"max-image-preview:large","max-video-preview":"max-video-preview:-1"},"canonical":"https:\/\/fwfuer.de\/ro\/lipsa-de-date-amploarea-sportului-scolar-anulat-si-lipsa-personalului-didactic-neclara-5461\/","og_locale":"ro_RO","og_type":"article","og_title":"Lipsa de date: nu se cunoa\u0219te amploarea sportului \u0219colar anulat \u0219i lipsa personalului didactic - Freie W\u00e4hler | F\u00dcR Karlsruhe \u00een Consiliul Municipal Karlsruhe","og_description":"Die Pressemeldungen von F\u00dcR Karlsruhe im Gemeinderat der Stadt Karlsruhe. Hier ver\u00f6ffentlichen wir alle News rund um die Entscheidungen der Stadt Karlsruhe, unserer Anfragen und Initiativen im Karlsruher Gemeinderat.","og_url":"https:\/\/fwfuer.de\/ro\/lipsa-de-date-amploarea-sportului-scolar-anulat-si-lipsa-personalului-didactic-neclara-5461\/","og_site_name":"Freie W\u00e4hler | F\u00dcR Karlsruhe \u00een Consiliul Municipal Karlsruhe","article_publisher":"https:\/\/www.facebook.com\/fwfuer","article_author":"https:\/\/www.facebook.com\/SchlittenhardtM","article_published_time":"2023-04-26T08:05:45+00:00","article_modified_time":"2023-04-26T08:07:06+00:00","og_image":[{"width":2880,"height":2160,"url":"https:\/\/fwfuer.de\/wp-content\/uploads\/2022\/10\/FriedemannOnlineSchulung-scaled.jpeg","type":"image\/jpeg"}],"author":"F\u00dcR Karlsruhe im Gemeinderat","twitter_card":"summary_large_image","twitter_creator":"@https:\/\/www.twitter.com\/SchlittenhardtM","twitter_site":"@fwfuer","twitter_misc":{"Scris de":"F\u00dcR Karlsruhe im Gemeinderat","Timp estimat pentru citire":"2 minute"},"schema":{"@context":"https:\/\/schema.org","@graph":[{"@type":"NewsArticle","@id":"https:\/\/fwfuer.de\/ro\/lipsa-de-date-amploarea-sportului-scolar-anulat-si-lipsa-personalului-didactic-neclara-5461\/#article","isPartOf":{"@id":"https:\/\/fwfuer.de\/ro\/lipsa-de-date-amploarea-sportului-scolar-anulat-si-lipsa-personalului-didactic-neclara-5461\/"},"author":{"name":"F\u00dcR Karlsruhe im Gemeinderat","@id":"https:\/\/fwfuer.de\/ro\/#\/schema\/person\/84fbd80d001f4b437100c64ef6a47902"},"headline":"Lipsa de date: nu se cunoa\u0219te amploarea sportului \u0219colar anulat \u0219i lipsa personalului didactic","datePublished":"2023-04-26T08:05:45+00:00","dateModified":"2023-04-26T08:07:06+00:00","mainEntityOfPage":{"@id":"https:\/\/fwfuer.de\/ro\/lipsa-de-date-amploarea-sportului-scolar-anulat-si-lipsa-personalului-didactic-neclara-5461\/"},"wordCount":379,"publisher":{"@id":"https:\/\/fwfuer.de\/ro\/#organization"},"keywords":["Copii \u0219i tineret","\u0218coala","Sport"],"articleSection":["Comunicate de pres\u0103"],"inLanguage":"ro-RO"},{"@type":"WebPage","@id":"https:\/\/fwfuer.de\/ro\/lipsa-de-date-amploarea-sportului-scolar-anulat-si-lipsa-personalului-didactic-neclara-5461\/","url":"https:\/\/fwfuer.de\/ro\/lipsa-de-date-amploarea-sportului-scolar-anulat-si-lipsa-personalului-didactic-neclara-5461\/","name":"Lipsa de date: nu se cunoa\u0219te amploarea sportului \u0219colar anulat \u0219i lipsa personalului didactic - Freie W\u00e4hler | F\u00dcR Karlsruhe \u00een Consiliul Municipal Karlsruhe","isPartOf":{"@id":"https:\/\/fwfuer.de\/ro\/#website"},"datePublished":"2023-04-26T08:05:45+00:00","dateModified":"2023-04-26T08:07:06+00:00","description":"Die Pressemeldungen von F\u00dcR Karlsruhe im Gemeinderat der Stadt Karlsruhe. Hier ver\u00f6ffentlichen wir alle News rund um die Entscheidungen der Stadt Karlsruhe, unserer Anfragen und Initiativen im Karlsruher Gemeinderat.","breadcrumb":{"@id":"https:\/\/fwfuer.de\/ro\/lipsa-de-date-amploarea-sportului-scolar-anulat-si-lipsa-personalului-didactic-neclara-5461\/#breadcrumb"},"inLanguage":"ro-RO","potentialAction":[{"@type":"ReadAction","target":["https:\/\/fwfuer.de\/ro\/lipsa-de-date-amploarea-sportului-scolar-anulat-si-lipsa-personalului-didactic-neclara-5461\/"]}]},{"@type":"BreadcrumbList","@id":"https:\/\/fwfuer.de\/ro\/lipsa-de-date-amploarea-sportului-scolar-anulat-si-lipsa-personalului-didactic-neclara-5461\/#breadcrumb","itemListElement":[{"@type":"ListItem","position":1,"name":"Startseite","item":"https:\/\/fwfuer.de\/ro\/acasa\/"},{"@type":"ListItem","position":2,"name":"Lipsa de date: nu se cunoa\u0219te amploarea sportului \u0219colar anulat \u0219i lipsa personalului didactic"}]},{"@type":"WebSite","@id":"https:\/\/fwfuer.de\/ro\/#website","url":"https:\/\/fwfuer.de\/ro\/","name":"Freie W\u00e4hler | F\u00dcR Karlsruhe \u00een Consiliul Municipal Karlsruhe","description":"Grupul liber al consilierilor din Karlsruhe","publisher":{"@id":"https:\/\/fwfuer.de\/ro\/#organization"},"alternateName":"F\u00dcR KARLSRUHE im Gemeinderat","potentialAction":[{"@type":"SearchAction","target":{"@type":"EntryPoint","urlTemplate":"https:\/\/fwfuer.de\/ro\/?s={search_term_string}"},"query-input":{"@type":"PropertyValueSpecification","valueRequired":true,"valueName":"search_term_string"}}],"inLanguage":"ro-RO"},{"@type":"Organization","@id":"https:\/\/fwfuer.de\/ro\/#organization","name":"F\u00dcR Karlsruhe im Gemeinderat","alternateName":"F\u00dcR Karlsruhe mit Stadtrat Friedemann Kalmbach","url":"https:\/\/fwfuer.de\/ro\/","logo":{"@type":"ImageObject","inLanguage":"ro-RO","@id":"https:\/\/fwfuer.de\/ro\/#\/schema\/logo\/image\/","url":"https:\/\/fwfuer.de\/wp-content\/uploads\/2024\/07\/cropped-Logo-1.png","contentUrl":"https:\/\/fwfuer.de\/wp-content\/uploads\/2024\/07\/cropped-Logo-1.png","width":512,"height":512,"caption":"F\u00dcR Karlsruhe im Gemeinderat"},"image":{"@id":"https:\/\/fwfuer.de\/ro\/#\/schema\/logo\/image\/"},"sameAs":["https:\/\/www.facebook.com\/fwfuer","https:\/\/x.com\/fwfuer","https:\/\/www.instagram.com\/fuerka.de","https:\/\/de.linkedin.com\/company\/fw-fr-karlsruhe-gemeinderatsfraktion","https:\/\/tiktok.com\/@fuerka.de"]},{"@type":"Person","@id":"https:\/\/fwfuer.de\/ro\/#\/schema\/person\/84fbd80d001f4b437100c64ef6a47902","name":"F\u00dcR Karlsruhe im Gemeinderat","description":"Fraktionsgesch\u00e4ftsf\u00fchrer der FW|F\u00dcR Fraktion im Karlsruher Gemeinderat.","sameAs":["https:\/\/www.facebook.com\/SchlittenhardtM","https:\/\/www.instagram.com\/SchlittenhardtM","https:\/\/x.com\/https:\/\/www.twitter.com\/SchlittenhardtM"]}]}},"_links":{"self":[{"href":"https:\/\/fwfuer.de\/ro\/wp-json\/wp\/v2\/posts\/5461","targetHints":{"allow":["GET"]}}],"collection":[{"href":"https:\/\/fwfuer.de\/ro\/wp-json\/wp\/v2\/posts"}],"about":[{"href":"https:\/\/fwfuer.de\/ro\/wp-json\/wp\/v2\/types\/post"}],"author":[{"embeddable":true,"href":"https:\/\/fwfuer.de\/ro\/wp-json\/wp\/v2\/users\/1"}],"replies":[{"embeddable":true,"href":"https:\/\/fwfuer.de\/ro\/wp-json\/wp\/v2\/comments?post=5461"}],"version-history":[{"count":5,"href":"https:\/\/fwfuer.de\/ro\/wp-json\/wp\/v2\/posts\/5461\/revisions"}],"predecessor-version":[{"id":5477,"href":"https:\/\/fwfuer.de\/ro\/wp-json\/wp\/v2\/posts\/5461\/revisions\/5477"}],"wp:attachment":[{"href":"https:\/\/fwfuer.de\/ro\/wp-json\/wp\/v2\/media?parent=5461"}],"wp:term":[{"taxonomy":"category","embeddable":true,"href":"https:\/\/fwfuer.de\/ro\/wp-json\/wp\/v2\/categories?post=5461"},{"taxonomy":"post_tag","embeddable":true,"href":"https:\/\/fwfuer.de\/ro\/wp-json\/wp\/v2\/tags?post=5461"}],"curies":[{"name":"wp","href":"https:\/\/api.w.org\/{rel}","templated":true}]}}