{"id":5844,"date":"2023-06-23T10:49:02","date_gmt":"2023-06-23T08:49:02","guid":{"rendered":"https:\/\/fwfuer.de\/semnalizare-mai-buna-pentru-karlsruhe-5844\/"},"modified":"2023-08-15T12:56:51","modified_gmt":"2023-08-15T10:56:51","slug":"semnalizare-mai-buna-pentru-karlsruhe","status":"publish","type":"post","link":"https:\/\/fwfuer.de\/ro\/semnalizare-mai-buna-pentru-karlsruhe-5844\/","title":{"rendered":"Semnalizare mai bun\u0103 pentru Karlsruhe"},"content":{"rendered":"\n<p>grupul municipal Freie W\u00e4hler \u0219i F\u00dcR Karlsruhe lsruhe (FW|F\u00dcR Karlsruhe Fraktion) a depus o mo\u021biune la Consiliul municipal Karlsruhe prin care solicit\u0103 o mai bun\u0103 semnalizare pentru turism \u00een centrul ora\u0219ului. \u00cen cooperare cu Karlsruhe Tourismus GmbH, urmeaz\u0103 s\u0103 se dezvolte un concept de amplasare a unor indicatoare \u00een pia\u021b\u0103 \u0219i \u00een intersec\u021biile importante, pentru a indica punctele de atrac\u021bie ale ora\u0219ului \u0219i pentru a semnaliza traseele pietonale cu marcaje metrice.<\/p>\n\n<p>Fiind un ora\u0219 locuibil \u0219i atractiv, cu aproape 1 milion de \u00eennopt\u0103ri pe an, este important ca orientarea \u0219i experien\u021ba \u00een ora\u0219 s\u0103 fie \u00eembun\u0103t\u0103\u021bite. O mai bun\u0103 semnalizare \u00een centrul ora\u0219ului \u0219i indicatoare \u00een pia\u021b\u0103 \u0219i \u00een intersec\u021biile importante reprezint\u0103 un pas important pentru a cre\u0219te atractivitatea ora\u0219ului pentru turi\u0219ti.<\/p>\n\n<p>Liderul grupului parlamentar Friedemann Kalmbach, consilierii J\u00fcrgen Wenzel \u0219i Petra Lorenz, precum \u0219i liderul grupului parlamentar Micha Schlittenhardt se angajeaz\u0103 pentru un ora\u0219 locuibil \u0219i atractiv \u0219i a\u0219teapt\u0103 cu ner\u0103bdare s\u0103 prezinte aceast\u0103 idee consiliului municipal.<\/p>\n\n<h2 class=\"wp-block-heading\"><strong>\u00ceNTREB\u0102RI FRECVENTE<\/strong><\/h2>\n\n<p><strong><em>Care este scopul aplica\u021biei?<\/em><\/strong><br\/>Scopul mo\u021biunii este de a crea o mai bun\u0103 semnalizare pentru turism \u00een centrul ora\u0219ului Karlsruhe. \u00cen cooperare cu KTG Karlsruhe Tourismus GmbH, urmeaz\u0103 s\u0103 se dezvolte un concept de amplasare a unor indicatoare \u00een pia\u021ba pie\u021bei \u0219i \u00een intersec\u021biile importante, pentru a eviden\u021bia punctele de atrac\u021bie ale ora\u0219ului \u0219i pentru a indica traseele pietonale cu marcaje metrice.<\/p>\n\n<p><em><strong>De ce este important\u0103 o semnalizare mai bun\u0103?<\/strong><\/em><br\/>Fiind un ora\u0219 locuibil \u0219i atractiv, cu aproape 1 milion de \u00eennopt\u0103ri pe an, este important ca \u0219i offline s\u0103 se \u00eembun\u0103t\u0103\u021beasc\u0103 conducerea \u0219i experien\u021ba \u00een ora\u0219. O mai bun\u0103 semnalizare \u00een centrul ora\u0219ului \u0219i indicatoare \u00een pia\u021b\u0103 \u0219i \u00een intersec\u021biile importante reprezint\u0103 un pas important pentru a cre\u0219te atractivitatea ora\u0219ului pentru turi\u0219ti.<\/p>\n","protected":false},"excerpt":{"rendered":"<p>grupul municipal Freie W\u00e4hler \u0219i F\u00dcR Karlsruhe lsruhe (FW|F\u00dcR Karlsruhe Fraktion) a depus o mo\u021biune la Consiliul municipal Karlsruhe prin care solicit\u0103 o mai bun\u0103 semnalizare pentru turism \u00een centrul ora\u0219ului. \u00cen cooperare cu Karlsruhe Tourismus GmbH, urmeaz\u0103 s\u0103 se dezvolte un concept de amplasare a unor indicatoare \u00een pia\u021b\u0103 \u0219i \u00een intersec\u021biile importante, pentru [&hellip;]<\/p>\n","protected":false},"author":6,"featured_media":0,"comment_status":"closed","ping_status":"closed","sticky":false,"template":"","format":"standard","meta":{"_acf_changed":false,"_et_pb_use_builder":"off","_et_pb_old_content":"","_et_gb_content_width":"","footnotes":"","_links_to":"","_links_to_target":""},"categories":[83],"tags":[],"class_list":["post-5844","post","type-post","status-publish","format-standard","hentry","category-comunicate-presa"],"acf":[],"yoast_head":"<!-- This site is optimized with the Yoast SEO plugin v27.5 - https:\/\/yoast.com\/product\/yoast-seo-wordpress\/ -->\n<title>Semnalizare mai bun\u0103 pentru Karlsruhe - Freie W\u00e4hler | F\u00dcR Karlsruhe \u00een Consiliul Municipal Karlsruhe<\/title>\n<meta name=\"description\" content=\"Die Pressemeldungen von F\u00dcR Karlsruhe im Gemeinderat der Stadt Karlsruhe. Hier ver\u00f6ffentlichen wir alle News rund um die Entscheidungen der Stadt Karlsruhe, unserer Anfragen und Initiativen im Karlsruher Gemeinderat.\" \/>\n<meta name=\"robots\" content=\"index, follow, max-snippet:-1, max-image-preview:large, max-video-preview:-1\" \/>\n<link rel=\"canonical\" href=\"https:\/\/fwfuer.de\/ro\/semnalizare-mai-buna-pentru-karlsruhe-5844\/\" \/>\n<meta property=\"og:locale\" content=\"ro_RO\" \/>\n<meta property=\"og:type\" content=\"article\" \/>\n<meta property=\"og:title\" content=\"Semnalizare mai bun\u0103 pentru Karlsruhe - Freie W\u00e4hler | F\u00dcR Karlsruhe \u00een Consiliul Municipal Karlsruhe\" \/>\n<meta property=\"og:description\" content=\"Die Pressemeldungen von F\u00dcR Karlsruhe im Gemeinderat der Stadt Karlsruhe. Hier ver\u00f6ffentlichen wir alle News rund um die Entscheidungen der Stadt Karlsruhe, unserer Anfragen und Initiativen im Karlsruher Gemeinderat.\" \/>\n<meta property=\"og:url\" content=\"https:\/\/fwfuer.de\/ro\/semnalizare-mai-buna-pentru-karlsruhe-5844\/\" \/>\n<meta property=\"og:site_name\" content=\"Freie W\u00e4hler | F\u00dcR Karlsruhe \u00een Consiliul Municipal Karlsruhe\" \/>\n<meta property=\"article:publisher\" content=\"https:\/\/www.facebook.com\/fwfuer\" \/>\n<meta property=\"article:published_time\" content=\"2023-06-23T08:49:02+00:00\" \/>\n<meta property=\"article:modified_time\" content=\"2023-08-15T10:56:51+00:00\" \/>\n<meta property=\"og:image\" content=\"https:\/\/fwfuer.de\/wp-content\/uploads\/2022\/10\/FriedemannOnlineSchulung-scaled.jpeg\" \/>\n\t<meta property=\"og:image:width\" content=\"2880\" \/>\n\t<meta property=\"og:image:height\" content=\"2160\" \/>\n\t<meta property=\"og:image:type\" content=\"image\/jpeg\" \/>\n<meta name=\"author\" content=\"F\u00dcR Karlsruhe im Gemeinderat\" \/>\n<meta name=\"twitter:card\" content=\"summary_large_image\" \/>\n<meta name=\"twitter:creator\" content=\"@fwfuer\" \/>\n<meta name=\"twitter:site\" content=\"@fwfuer\" \/>\n<meta name=\"twitter:label1\" content=\"Scris de\" \/>\n\t<meta name=\"twitter:data1\" content=\"F\u00dcR Karlsruhe im Gemeinderat\" \/>\n\t<meta name=\"twitter:label2\" content=\"Timp estimat pentru citire\" \/>\n\t<meta name=\"twitter:data2\" content=\"2 minute\" \/>\n<script type=\"application\/ld+json\" class=\"yoast-schema-graph\">{\"@context\":\"https:\\\/\\\/schema.org\",\"@graph\":[{\"@type\":\"NewsArticle\",\"@id\":\"https:\\\/\\\/fwfuer.de\\\/ro\\\/semnalizare-mai-buna-pentru-karlsruhe-5844\\\/#article\",\"isPartOf\":{\"@id\":\"https:\\\/\\\/fwfuer.de\\\/ro\\\/semnalizare-mai-buna-pentru-karlsruhe-5844\\\/\"},\"author\":{\"name\":\"F\u00dcR Karlsruhe im Gemeinderat\",\"@id\":\"https:\\\/\\\/fwfuer.de\\\/ro\\\/#\\\/schema\\\/person\\\/f43392225120ae37e95ed36d7b324a19\"},\"headline\":\"Semnalizare mai bun\u0103 pentru Karlsruhe\",\"datePublished\":\"2023-06-23T08:49:02+00:00\",\"dateModified\":\"2023-08-15T10:56:51+00:00\",\"mainEntityOfPage\":{\"@id\":\"https:\\\/\\\/fwfuer.de\\\/ro\\\/semnalizare-mai-buna-pentru-karlsruhe-5844\\\/\"},\"wordCount\":326,\"publisher\":{\"@id\":\"https:\\\/\\\/fwfuer.de\\\/ro\\\/#organization\"},\"articleSection\":[\"Comunicate de pres\u0103\"],\"inLanguage\":\"ro-RO\"},{\"@type\":\"WebPage\",\"@id\":\"https:\\\/\\\/fwfuer.de\\\/ro\\\/semnalizare-mai-buna-pentru-karlsruhe-5844\\\/\",\"url\":\"https:\\\/\\\/fwfuer.de\\\/ro\\\/semnalizare-mai-buna-pentru-karlsruhe-5844\\\/\",\"name\":\"Semnalizare mai bun\u0103 pentru Karlsruhe - Freie W\u00e4hler | F\u00dcR Karlsruhe \u00een Consiliul Municipal Karlsruhe\",\"isPartOf\":{\"@id\":\"https:\\\/\\\/fwfuer.de\\\/ro\\\/#website\"},\"datePublished\":\"2023-06-23T08:49:02+00:00\",\"dateModified\":\"2023-08-15T10:56:51+00:00\",\"description\":\"Die Pressemeldungen von F\u00dcR Karlsruhe im Gemeinderat der Stadt Karlsruhe. Hier ver\u00f6ffentlichen wir alle News rund um die Entscheidungen der Stadt Karlsruhe, unserer Anfragen und Initiativen im Karlsruher Gemeinderat.\",\"breadcrumb\":{\"@id\":\"https:\\\/\\\/fwfuer.de\\\/ro\\\/semnalizare-mai-buna-pentru-karlsruhe-5844\\\/#breadcrumb\"},\"inLanguage\":\"ro-RO\",\"potentialAction\":[{\"@type\":\"ReadAction\",\"target\":[\"https:\\\/\\\/fwfuer.de\\\/ro\\\/semnalizare-mai-buna-pentru-karlsruhe-5844\\\/\"]}]},{\"@type\":\"BreadcrumbList\",\"@id\":\"https:\\\/\\\/fwfuer.de\\\/ro\\\/semnalizare-mai-buna-pentru-karlsruhe-5844\\\/#breadcrumb\",\"itemListElement\":[{\"@type\":\"ListItem\",\"position\":1,\"name\":\"Startseite\",\"item\":\"https:\\\/\\\/fwfuer.de\\\/ro\\\/acasa\\\/\"},{\"@type\":\"ListItem\",\"position\":2,\"name\":\"Semnalizare mai bun\u0103 pentru Karlsruhe\"}]},{\"@type\":\"WebSite\",\"@id\":\"https:\\\/\\\/fwfuer.de\\\/ro\\\/#website\",\"url\":\"https:\\\/\\\/fwfuer.de\\\/ro\\\/\",\"name\":\"Freie W\u00e4hler | F\u00dcR Karlsruhe \u00een Consiliul Municipal Karlsruhe\",\"description\":\"Grupul liber al consilierilor din Karlsruhe\",\"publisher\":{\"@id\":\"https:\\\/\\\/fwfuer.de\\\/ro\\\/#organization\"},\"alternateName\":\"F\u00dcR KARLSRUHE im Gemeinderat\",\"potentialAction\":[{\"@type\":\"SearchAction\",\"target\":{\"@type\":\"EntryPoint\",\"urlTemplate\":\"https:\\\/\\\/fwfuer.de\\\/ro\\\/?s={search_term_string}\"},\"query-input\":{\"@type\":\"PropertyValueSpecification\",\"valueRequired\":true,\"valueName\":\"search_term_string\"}}],\"inLanguage\":\"ro-RO\"},{\"@type\":\"Organization\",\"@id\":\"https:\\\/\\\/fwfuer.de\\\/ro\\\/#organization\",\"name\":\"F\u00dcR Karlsruhe im Gemeinderat\",\"alternateName\":\"F\u00dcR Karlsruhe mit Stadtrat Friedemann Kalmbach\",\"url\":\"https:\\\/\\\/fwfuer.de\\\/ro\\\/\",\"logo\":{\"@type\":\"ImageObject\",\"inLanguage\":\"ro-RO\",\"@id\":\"https:\\\/\\\/fwfuer.de\\\/ro\\\/#\\\/schema\\\/logo\\\/image\\\/\",\"url\":\"https:\\\/\\\/fwfuer.de\\\/wp-content\\\/uploads\\\/2024\\\/07\\\/cropped-Logo-1.png\",\"contentUrl\":\"https:\\\/\\\/fwfuer.de\\\/wp-content\\\/uploads\\\/2024\\\/07\\\/cropped-Logo-1.png\",\"width\":512,\"height\":512,\"caption\":\"F\u00dcR Karlsruhe im Gemeinderat\"},\"image\":{\"@id\":\"https:\\\/\\\/fwfuer.de\\\/ro\\\/#\\\/schema\\\/logo\\\/image\\\/\"},\"sameAs\":[\"https:\\\/\\\/www.facebook.com\\\/fwfuer\",\"https:\\\/\\\/x.com\\\/fwfuer\",\"https:\\\/\\\/www.instagram.com\\\/fuerka.de\",\"https:\\\/\\\/de.linkedin.com\\\/company\\\/fw-fr-karlsruhe-gemeinderatsfraktion\",\"https:\\\/\\\/tiktok.com\\\/@fuerka.de\"]},{\"@type\":\"Person\",\"@id\":\"https:\\\/\\\/fwfuer.de\\\/ro\\\/#\\\/schema\\\/person\\\/f43392225120ae37e95ed36d7b324a19\",\"name\":\"F\u00dcR Karlsruhe im Gemeinderat\"}]}<\/script>\n<!-- \/ Yoast SEO plugin. -->","yoast_head_json":{"title":"Semnalizare mai bun\u0103 pentru Karlsruhe - Freie W\u00e4hler | F\u00dcR Karlsruhe \u00een Consiliul Municipal Karlsruhe","description":"Die Pressemeldungen von F\u00dcR Karlsruhe im Gemeinderat der Stadt Karlsruhe. Hier ver\u00f6ffentlichen wir alle News rund um die Entscheidungen der Stadt Karlsruhe, unserer Anfragen und Initiativen im Karlsruher Gemeinderat.","robots":{"index":"index","follow":"follow","max-snippet":"max-snippet:-1","max-image-preview":"max-image-preview:large","max-video-preview":"max-video-preview:-1"},"canonical":"https:\/\/fwfuer.de\/ro\/semnalizare-mai-buna-pentru-karlsruhe-5844\/","og_locale":"ro_RO","og_type":"article","og_title":"Semnalizare mai bun\u0103 pentru Karlsruhe - Freie W\u00e4hler | F\u00dcR Karlsruhe \u00een Consiliul Municipal Karlsruhe","og_description":"Die Pressemeldungen von F\u00dcR Karlsruhe im Gemeinderat der Stadt Karlsruhe. Hier ver\u00f6ffentlichen wir alle News rund um die Entscheidungen der Stadt Karlsruhe, unserer Anfragen und Initiativen im Karlsruher Gemeinderat.","og_url":"https:\/\/fwfuer.de\/ro\/semnalizare-mai-buna-pentru-karlsruhe-5844\/","og_site_name":"Freie W\u00e4hler | F\u00dcR Karlsruhe \u00een Consiliul Municipal Karlsruhe","article_publisher":"https:\/\/www.facebook.com\/fwfuer","article_published_time":"2023-06-23T08:49:02+00:00","article_modified_time":"2023-08-15T10:56:51+00:00","og_image":[{"width":2880,"height":2160,"url":"https:\/\/fwfuer.de\/wp-content\/uploads\/2022\/10\/FriedemannOnlineSchulung-scaled.jpeg","type":"image\/jpeg"}],"author":"F\u00dcR Karlsruhe im Gemeinderat","twitter_card":"summary_large_image","twitter_creator":"@fwfuer","twitter_site":"@fwfuer","twitter_misc":{"Scris de":"F\u00dcR Karlsruhe im Gemeinderat","Timp estimat pentru citire":"2 minute"},"schema":{"@context":"https:\/\/schema.org","@graph":[{"@type":"NewsArticle","@id":"https:\/\/fwfuer.de\/ro\/semnalizare-mai-buna-pentru-karlsruhe-5844\/#article","isPartOf":{"@id":"https:\/\/fwfuer.de\/ro\/semnalizare-mai-buna-pentru-karlsruhe-5844\/"},"author":{"name":"F\u00dcR Karlsruhe im Gemeinderat","@id":"https:\/\/fwfuer.de\/ro\/#\/schema\/person\/f43392225120ae37e95ed36d7b324a19"},"headline":"Semnalizare mai bun\u0103 pentru Karlsruhe","datePublished":"2023-06-23T08:49:02+00:00","dateModified":"2023-08-15T10:56:51+00:00","mainEntityOfPage":{"@id":"https:\/\/fwfuer.de\/ro\/semnalizare-mai-buna-pentru-karlsruhe-5844\/"},"wordCount":326,"publisher":{"@id":"https:\/\/fwfuer.de\/ro\/#organization"},"articleSection":["Comunicate de pres\u0103"],"inLanguage":"ro-RO"},{"@type":"WebPage","@id":"https:\/\/fwfuer.de\/ro\/semnalizare-mai-buna-pentru-karlsruhe-5844\/","url":"https:\/\/fwfuer.de\/ro\/semnalizare-mai-buna-pentru-karlsruhe-5844\/","name":"Semnalizare mai bun\u0103 pentru Karlsruhe - Freie W\u00e4hler | F\u00dcR Karlsruhe \u00een Consiliul Municipal Karlsruhe","isPartOf":{"@id":"https:\/\/fwfuer.de\/ro\/#website"},"datePublished":"2023-06-23T08:49:02+00:00","dateModified":"2023-08-15T10:56:51+00:00","description":"Die Pressemeldungen von F\u00dcR Karlsruhe im Gemeinderat der Stadt Karlsruhe. Hier ver\u00f6ffentlichen wir alle News rund um die Entscheidungen der Stadt Karlsruhe, unserer Anfragen und Initiativen im Karlsruher Gemeinderat.","breadcrumb":{"@id":"https:\/\/fwfuer.de\/ro\/semnalizare-mai-buna-pentru-karlsruhe-5844\/#breadcrumb"},"inLanguage":"ro-RO","potentialAction":[{"@type":"ReadAction","target":["https:\/\/fwfuer.de\/ro\/semnalizare-mai-buna-pentru-karlsruhe-5844\/"]}]},{"@type":"BreadcrumbList","@id":"https:\/\/fwfuer.de\/ro\/semnalizare-mai-buna-pentru-karlsruhe-5844\/#breadcrumb","itemListElement":[{"@type":"ListItem","position":1,"name":"Startseite","item":"https:\/\/fwfuer.de\/ro\/acasa\/"},{"@type":"ListItem","position":2,"name":"Semnalizare mai bun\u0103 pentru Karlsruhe"}]},{"@type":"WebSite","@id":"https:\/\/fwfuer.de\/ro\/#website","url":"https:\/\/fwfuer.de\/ro\/","name":"Freie W\u00e4hler | F\u00dcR Karlsruhe \u00een Consiliul Municipal Karlsruhe","description":"Grupul liber al consilierilor din Karlsruhe","publisher":{"@id":"https:\/\/fwfuer.de\/ro\/#organization"},"alternateName":"F\u00dcR KARLSRUHE im Gemeinderat","potentialAction":[{"@type":"SearchAction","target":{"@type":"EntryPoint","urlTemplate":"https:\/\/fwfuer.de\/ro\/?s={search_term_string}"},"query-input":{"@type":"PropertyValueSpecification","valueRequired":true,"valueName":"search_term_string"}}],"inLanguage":"ro-RO"},{"@type":"Organization","@id":"https:\/\/fwfuer.de\/ro\/#organization","name":"F\u00dcR Karlsruhe im Gemeinderat","alternateName":"F\u00dcR Karlsruhe mit Stadtrat Friedemann Kalmbach","url":"https:\/\/fwfuer.de\/ro\/","logo":{"@type":"ImageObject","inLanguage":"ro-RO","@id":"https:\/\/fwfuer.de\/ro\/#\/schema\/logo\/image\/","url":"https:\/\/fwfuer.de\/wp-content\/uploads\/2024\/07\/cropped-Logo-1.png","contentUrl":"https:\/\/fwfuer.de\/wp-content\/uploads\/2024\/07\/cropped-Logo-1.png","width":512,"height":512,"caption":"F\u00dcR Karlsruhe im Gemeinderat"},"image":{"@id":"https:\/\/fwfuer.de\/ro\/#\/schema\/logo\/image\/"},"sameAs":["https:\/\/www.facebook.com\/fwfuer","https:\/\/x.com\/fwfuer","https:\/\/www.instagram.com\/fuerka.de","https:\/\/de.linkedin.com\/company\/fw-fr-karlsruhe-gemeinderatsfraktion","https:\/\/tiktok.com\/@fuerka.de"]},{"@type":"Person","@id":"https:\/\/fwfuer.de\/ro\/#\/schema\/person\/f43392225120ae37e95ed36d7b324a19","name":"F\u00dcR Karlsruhe im Gemeinderat"}]}},"_links":{"self":[{"href":"https:\/\/fwfuer.de\/ro\/wp-json\/wp\/v2\/posts\/5844","targetHints":{"allow":["GET"]}}],"collection":[{"href":"https:\/\/fwfuer.de\/ro\/wp-json\/wp\/v2\/posts"}],"about":[{"href":"https:\/\/fwfuer.de\/ro\/wp-json\/wp\/v2\/types\/post"}],"author":[{"embeddable":true,"href":"https:\/\/fwfuer.de\/ro\/wp-json\/wp\/v2\/users\/6"}],"replies":[{"embeddable":true,"href":"https:\/\/fwfuer.de\/ro\/wp-json\/wp\/v2\/comments?post=5844"}],"version-history":[{"count":5,"href":"https:\/\/fwfuer.de\/ro\/wp-json\/wp\/v2\/posts\/5844\/revisions"}],"predecessor-version":[{"id":6270,"href":"https:\/\/fwfuer.de\/ro\/wp-json\/wp\/v2\/posts\/5844\/revisions\/6270"}],"wp:attachment":[{"href":"https:\/\/fwfuer.de\/ro\/wp-json\/wp\/v2\/media?parent=5844"}],"wp:term":[{"taxonomy":"category","embeddable":true,"href":"https:\/\/fwfuer.de\/ro\/wp-json\/wp\/v2\/categories?post=5844"},{"taxonomy":"post_tag","embeddable":true,"href":"https:\/\/fwfuer.de\/ro\/wp-json\/wp\/v2\/tags?post=5844"}],"curies":[{"name":"wp","href":"https:\/\/api.w.org\/{rel}","templated":true}]}}