{"id":5903,"date":"2023-06-24T11:11:00","date_gmt":"2023-06-24T09:11:00","guid":{"rendered":"https:\/\/fwfuer.de\/cati-copaci-au-fost-taiati-in-karlsruhe-5903\/"},"modified":"2023-06-24T11:11:23","modified_gmt":"2023-06-24T09:11:23","slug":"cati-copaci-au-fost-taiati-in-karlsruhe","status":"publish","type":"post","link":"https:\/\/fwfuer.de\/ro\/cati-copaci-au-fost-taiati-in-karlsruhe-5903\/","title":{"rendered":"C\u00e2\u021bi copaci au fost t\u0103ia\u021bi \u00een Karlsruhe?"},"content":{"rendered":"\n<p>grupul municipal Aleg\u0103torilor Liberi \u0219i Grupul aleg\u0103torilor F\u00dcR Karlsruhe a \u00eenaintat o cerere c\u0103tre Consiliul municipal Karlsruhe pentru a ob\u021bine informa\u021bii privind t\u0103ierile de copaci \u0219i noile plant\u0103ri de la introducerea strategiei de adaptare la schimb\u0103rile climatice \u00een 2013. R\u0103spunsul la aceste \u00eentreb\u0103ri va ajuta la o mai bun\u0103 \u00een\u021belegere a m\u0103surilor de t\u0103iere \u0219i restaurare a copacilor din Karlsruhe.<\/p>\n\n\n\n<p>&#8222;Adaptarea la schimb\u0103rile climatice este un element important \u00een vederea schimb\u0103rilor climatice. Acest lucru este, de asemenea, reflectat \u00een mod clar \u00een dorin\u021ba exprimat\u0103 de cet\u0103\u021beni de a avea mai mul\u021bi copaci \u0219i mai mult\u0103 umbr\u0103 \u00een sondajul ora\u0219ului 2022. Copacii joac\u0103 un rol important \u00een microclimat, oferind umbr\u0103 \u0219i r\u0103coare \u00een zilele c\u0103lduroase&#8221;, spune liderul grupului parlamentar Friedemann KalmbachF\u00dcR Karlsruhe).<\/p>\n\n\n\n<p>\u00centrebarea cuprinde cinci \u00eentreb\u0103ri referitoare la num\u0103rul de arbori t\u0103ia\u021bi \u0219i planta\u021bi din 2013 p\u00e2n\u0103 la actualizarea din 2021, la num\u0103rul de arbori t\u0103ia\u021bi din 2021, la num\u0103rul de arbori t\u0103ia\u021bi planifica\u021bi p\u00e2n\u0103 \u00een 2030, precum \u0219i la implementarea \u0219i planificarea de noi plant\u0103ri de arbori din 2021 p\u00e2n\u0103 \u00een 2030.<\/p>\n\n\n\n<p>grupul municipal Aleg\u0103torilor Liberi \u0219i F\u00dcR Karlsruhe subliniaz\u0103 importan\u021ba lu\u0103rii unor m\u0103suri adecvate pentru a \u00eembun\u0103t\u0103\u021bi climatul ora\u0219ului \u0219i pentru a cre\u0219te calitatea vie\u021bii locuitorilor din Karlsruhe.<\/p>\n","protected":false},"excerpt":{"rendered":"<p>grupul municipal Aleg\u0103torilor Liberi \u0219i Grupul aleg\u0103torilor F\u00dcR Karlsruhe a \u00eenaintat o cerere c\u0103tre Consiliul municipal Karlsruhe pentru a ob\u021bine informa\u021bii privind t\u0103ierile de copaci \u0219i noile plant\u0103ri de la introducerea strategiei de adaptare la schimb\u0103rile climatice \u00een 2013. R\u0103spunsul la aceste \u00eentreb\u0103ri va ajuta la o mai bun\u0103 \u00een\u021belegere a m\u0103surilor de t\u0103iere \u0219i [&hellip;]<\/p>\n","protected":false},"author":6,"featured_media":0,"comment_status":"closed","ping_status":"closed","sticky":false,"template":"","format":"standard","meta":{"_acf_changed":false,"_et_pb_use_builder":"","_et_pb_old_content":"","_et_gb_content_width":"","footnotes":"","_links_to":"","_links_to_target":""},"categories":[83],"tags":[],"class_list":["post-5903","post","type-post","status-publish","format-standard","hentry","category-comunicate-presa"],"acf":[],"yoast_head":"<!-- This site is optimized with the Yoast SEO plugin v27.5 - https:\/\/yoast.com\/product\/yoast-seo-wordpress\/ -->\n<title>C\u00e2\u021bi copaci au fost t\u0103ia\u021bi \u00een Karlsruhe? - Freie W\u00e4hler | F\u00dcR Karlsruhe \u00een Consiliul Municipal Karlsruhe<\/title>\n<meta name=\"description\" content=\"Die Pressemeldungen von F\u00dcR Karlsruhe im Gemeinderat der Stadt Karlsruhe. Hier ver\u00f6ffentlichen wir alle News rund um die Entscheidungen der Stadt Karlsruhe, unserer Anfragen und Initiativen im Karlsruher Gemeinderat.\" \/>\n<meta name=\"robots\" content=\"index, follow, max-snippet:-1, max-image-preview:large, max-video-preview:-1\" \/>\n<link rel=\"canonical\" href=\"https:\/\/fwfuer.de\/ro\/cati-copaci-au-fost-taiati-in-karlsruhe-5903\/\" \/>\n<meta property=\"og:locale\" content=\"ro_RO\" \/>\n<meta property=\"og:type\" content=\"article\" \/>\n<meta property=\"og:title\" content=\"C\u00e2\u021bi copaci au fost t\u0103ia\u021bi \u00een Karlsruhe? - Freie W\u00e4hler | F\u00dcR Karlsruhe \u00een Consiliul Municipal Karlsruhe\" \/>\n<meta property=\"og:description\" content=\"Die Pressemeldungen von F\u00dcR Karlsruhe im Gemeinderat der Stadt Karlsruhe. Hier ver\u00f6ffentlichen wir alle News rund um die Entscheidungen der Stadt Karlsruhe, unserer Anfragen und Initiativen im Karlsruher Gemeinderat.\" \/>\n<meta property=\"og:url\" content=\"https:\/\/fwfuer.de\/ro\/cati-copaci-au-fost-taiati-in-karlsruhe-5903\/\" \/>\n<meta property=\"og:site_name\" content=\"Freie W\u00e4hler | F\u00dcR Karlsruhe \u00een Consiliul Municipal Karlsruhe\" \/>\n<meta property=\"article:publisher\" content=\"https:\/\/www.facebook.com\/fwfuer\" \/>\n<meta property=\"article:published_time\" content=\"2023-06-24T09:11:00+00:00\" \/>\n<meta property=\"article:modified_time\" content=\"2023-06-24T09:11:23+00:00\" \/>\n<meta property=\"og:image\" content=\"https:\/\/fwfuer.de\/wp-content\/uploads\/2022\/10\/FriedemannOnlineSchulung-scaled.jpeg\" \/>\n\t<meta property=\"og:image:width\" content=\"2880\" \/>\n\t<meta property=\"og:image:height\" content=\"2160\" \/>\n\t<meta property=\"og:image:type\" content=\"image\/jpeg\" \/>\n<meta name=\"author\" content=\"F\u00dcR Karlsruhe im Gemeinderat\" \/>\n<meta name=\"twitter:card\" content=\"summary_large_image\" \/>\n<meta name=\"twitter:creator\" content=\"@fwfuer\" \/>\n<meta name=\"twitter:site\" content=\"@fwfuer\" \/>\n<meta name=\"twitter:label1\" content=\"Scris de\" \/>\n\t<meta name=\"twitter:data1\" content=\"F\u00dcR Karlsruhe im Gemeinderat\" \/>\n\t<meta name=\"twitter:label2\" content=\"Timp estimat pentru citire\" \/>\n\t<meta name=\"twitter:data2\" content=\"1 minut\" \/>\n<script type=\"application\/ld+json\" class=\"yoast-schema-graph\">{\"@context\":\"https:\\\/\\\/schema.org\",\"@graph\":[{\"@type\":\"NewsArticle\",\"@id\":\"https:\\\/\\\/fwfuer.de\\\/ro\\\/cati-copaci-au-fost-taiati-in-karlsruhe-5903\\\/#article\",\"isPartOf\":{\"@id\":\"https:\\\/\\\/fwfuer.de\\\/ro\\\/cati-copaci-au-fost-taiati-in-karlsruhe-5903\\\/\"},\"author\":{\"name\":\"F\u00dcR Karlsruhe im Gemeinderat\",\"@id\":\"https:\\\/\\\/fwfuer.de\\\/ro\\\/#\\\/schema\\\/person\\\/f43392225120ae37e95ed36d7b324a19\"},\"headline\":\"C\u00e2\u021bi copaci au fost t\u0103ia\u021bi \u00een Karlsruhe?\",\"datePublished\":\"2023-06-24T09:11:00+00:00\",\"dateModified\":\"2023-06-24T09:11:23+00:00\",\"mainEntityOfPage\":{\"@id\":\"https:\\\/\\\/fwfuer.de\\\/ro\\\/cati-copaci-au-fost-taiati-in-karlsruhe-5903\\\/\"},\"wordCount\":250,\"publisher\":{\"@id\":\"https:\\\/\\\/fwfuer.de\\\/ro\\\/#organization\"},\"articleSection\":[\"Comunicate de pres\u0103\"],\"inLanguage\":\"ro-RO\"},{\"@type\":\"WebPage\",\"@id\":\"https:\\\/\\\/fwfuer.de\\\/ro\\\/cati-copaci-au-fost-taiati-in-karlsruhe-5903\\\/\",\"url\":\"https:\\\/\\\/fwfuer.de\\\/ro\\\/cati-copaci-au-fost-taiati-in-karlsruhe-5903\\\/\",\"name\":\"C\u00e2\u021bi copaci au fost t\u0103ia\u021bi \u00een Karlsruhe? - Freie W\u00e4hler | F\u00dcR Karlsruhe \u00een Consiliul Municipal Karlsruhe\",\"isPartOf\":{\"@id\":\"https:\\\/\\\/fwfuer.de\\\/ro\\\/#website\"},\"datePublished\":\"2023-06-24T09:11:00+00:00\",\"dateModified\":\"2023-06-24T09:11:23+00:00\",\"description\":\"Die Pressemeldungen von F\u00dcR Karlsruhe im Gemeinderat der Stadt Karlsruhe. Hier ver\u00f6ffentlichen wir alle News rund um die Entscheidungen der Stadt Karlsruhe, unserer Anfragen und Initiativen im Karlsruher Gemeinderat.\",\"breadcrumb\":{\"@id\":\"https:\\\/\\\/fwfuer.de\\\/ro\\\/cati-copaci-au-fost-taiati-in-karlsruhe-5903\\\/#breadcrumb\"},\"inLanguage\":\"ro-RO\",\"potentialAction\":[{\"@type\":\"ReadAction\",\"target\":[\"https:\\\/\\\/fwfuer.de\\\/ro\\\/cati-copaci-au-fost-taiati-in-karlsruhe-5903\\\/\"]}]},{\"@type\":\"BreadcrumbList\",\"@id\":\"https:\\\/\\\/fwfuer.de\\\/ro\\\/cati-copaci-au-fost-taiati-in-karlsruhe-5903\\\/#breadcrumb\",\"itemListElement\":[{\"@type\":\"ListItem\",\"position\":1,\"name\":\"Startseite\",\"item\":\"https:\\\/\\\/fwfuer.de\\\/ro\\\/acasa\\\/\"},{\"@type\":\"ListItem\",\"position\":2,\"name\":\"C\u00e2\u021bi copaci au fost t\u0103ia\u021bi \u00een Karlsruhe?\"}]},{\"@type\":\"WebSite\",\"@id\":\"https:\\\/\\\/fwfuer.de\\\/ro\\\/#website\",\"url\":\"https:\\\/\\\/fwfuer.de\\\/ro\\\/\",\"name\":\"Freie W\u00e4hler | F\u00dcR Karlsruhe \u00een Consiliul Municipal Karlsruhe\",\"description\":\"Grupul liber al consilierilor din Karlsruhe\",\"publisher\":{\"@id\":\"https:\\\/\\\/fwfuer.de\\\/ro\\\/#organization\"},\"alternateName\":\"F\u00dcR KARLSRUHE im Gemeinderat\",\"potentialAction\":[{\"@type\":\"SearchAction\",\"target\":{\"@type\":\"EntryPoint\",\"urlTemplate\":\"https:\\\/\\\/fwfuer.de\\\/ro\\\/?s={search_term_string}\"},\"query-input\":{\"@type\":\"PropertyValueSpecification\",\"valueRequired\":true,\"valueName\":\"search_term_string\"}}],\"inLanguage\":\"ro-RO\"},{\"@type\":\"Organization\",\"@id\":\"https:\\\/\\\/fwfuer.de\\\/ro\\\/#organization\",\"name\":\"F\u00dcR Karlsruhe im Gemeinderat\",\"alternateName\":\"F\u00dcR Karlsruhe mit Stadtrat Friedemann Kalmbach\",\"url\":\"https:\\\/\\\/fwfuer.de\\\/ro\\\/\",\"logo\":{\"@type\":\"ImageObject\",\"inLanguage\":\"ro-RO\",\"@id\":\"https:\\\/\\\/fwfuer.de\\\/ro\\\/#\\\/schema\\\/logo\\\/image\\\/\",\"url\":\"https:\\\/\\\/fwfuer.de\\\/wp-content\\\/uploads\\\/2024\\\/07\\\/cropped-Logo-1.png\",\"contentUrl\":\"https:\\\/\\\/fwfuer.de\\\/wp-content\\\/uploads\\\/2024\\\/07\\\/cropped-Logo-1.png\",\"width\":512,\"height\":512,\"caption\":\"F\u00dcR Karlsruhe im Gemeinderat\"},\"image\":{\"@id\":\"https:\\\/\\\/fwfuer.de\\\/ro\\\/#\\\/schema\\\/logo\\\/image\\\/\"},\"sameAs\":[\"https:\\\/\\\/www.facebook.com\\\/fwfuer\",\"https:\\\/\\\/x.com\\\/fwfuer\",\"https:\\\/\\\/www.instagram.com\\\/fuerka.de\",\"https:\\\/\\\/de.linkedin.com\\\/company\\\/fw-fr-karlsruhe-gemeinderatsfraktion\",\"https:\\\/\\\/tiktok.com\\\/@fuerka.de\"]},{\"@type\":\"Person\",\"@id\":\"https:\\\/\\\/fwfuer.de\\\/ro\\\/#\\\/schema\\\/person\\\/f43392225120ae37e95ed36d7b324a19\",\"name\":\"F\u00dcR Karlsruhe im Gemeinderat\"}]}<\/script>\n<!-- \/ Yoast SEO plugin. -->","yoast_head_json":{"title":"C\u00e2\u021bi copaci au fost t\u0103ia\u021bi \u00een Karlsruhe? - Freie W\u00e4hler | F\u00dcR Karlsruhe \u00een Consiliul Municipal Karlsruhe","description":"Die Pressemeldungen von F\u00dcR Karlsruhe im Gemeinderat der Stadt Karlsruhe. Hier ver\u00f6ffentlichen wir alle News rund um die Entscheidungen der Stadt Karlsruhe, unserer Anfragen und Initiativen im Karlsruher Gemeinderat.","robots":{"index":"index","follow":"follow","max-snippet":"max-snippet:-1","max-image-preview":"max-image-preview:large","max-video-preview":"max-video-preview:-1"},"canonical":"https:\/\/fwfuer.de\/ro\/cati-copaci-au-fost-taiati-in-karlsruhe-5903\/","og_locale":"ro_RO","og_type":"article","og_title":"C\u00e2\u021bi copaci au fost t\u0103ia\u021bi \u00een Karlsruhe? - Freie W\u00e4hler | F\u00dcR Karlsruhe \u00een Consiliul Municipal Karlsruhe","og_description":"Die Pressemeldungen von F\u00dcR Karlsruhe im Gemeinderat der Stadt Karlsruhe. Hier ver\u00f6ffentlichen wir alle News rund um die Entscheidungen der Stadt Karlsruhe, unserer Anfragen und Initiativen im Karlsruher Gemeinderat.","og_url":"https:\/\/fwfuer.de\/ro\/cati-copaci-au-fost-taiati-in-karlsruhe-5903\/","og_site_name":"Freie W\u00e4hler | F\u00dcR Karlsruhe \u00een Consiliul Municipal Karlsruhe","article_publisher":"https:\/\/www.facebook.com\/fwfuer","article_published_time":"2023-06-24T09:11:00+00:00","article_modified_time":"2023-06-24T09:11:23+00:00","og_image":[{"width":2880,"height":2160,"url":"https:\/\/fwfuer.de\/wp-content\/uploads\/2022\/10\/FriedemannOnlineSchulung-scaled.jpeg","type":"image\/jpeg"}],"author":"F\u00dcR Karlsruhe im Gemeinderat","twitter_card":"summary_large_image","twitter_creator":"@fwfuer","twitter_site":"@fwfuer","twitter_misc":{"Scris de":"F\u00dcR Karlsruhe im Gemeinderat","Timp estimat pentru citire":"1 minut"},"schema":{"@context":"https:\/\/schema.org","@graph":[{"@type":"NewsArticle","@id":"https:\/\/fwfuer.de\/ro\/cati-copaci-au-fost-taiati-in-karlsruhe-5903\/#article","isPartOf":{"@id":"https:\/\/fwfuer.de\/ro\/cati-copaci-au-fost-taiati-in-karlsruhe-5903\/"},"author":{"name":"F\u00dcR Karlsruhe im Gemeinderat","@id":"https:\/\/fwfuer.de\/ro\/#\/schema\/person\/f43392225120ae37e95ed36d7b324a19"},"headline":"C\u00e2\u021bi copaci au fost t\u0103ia\u021bi \u00een Karlsruhe?","datePublished":"2023-06-24T09:11:00+00:00","dateModified":"2023-06-24T09:11:23+00:00","mainEntityOfPage":{"@id":"https:\/\/fwfuer.de\/ro\/cati-copaci-au-fost-taiati-in-karlsruhe-5903\/"},"wordCount":250,"publisher":{"@id":"https:\/\/fwfuer.de\/ro\/#organization"},"articleSection":["Comunicate de pres\u0103"],"inLanguage":"ro-RO"},{"@type":"WebPage","@id":"https:\/\/fwfuer.de\/ro\/cati-copaci-au-fost-taiati-in-karlsruhe-5903\/","url":"https:\/\/fwfuer.de\/ro\/cati-copaci-au-fost-taiati-in-karlsruhe-5903\/","name":"C\u00e2\u021bi copaci au fost t\u0103ia\u021bi \u00een Karlsruhe? - Freie W\u00e4hler | F\u00dcR Karlsruhe \u00een Consiliul Municipal Karlsruhe","isPartOf":{"@id":"https:\/\/fwfuer.de\/ro\/#website"},"datePublished":"2023-06-24T09:11:00+00:00","dateModified":"2023-06-24T09:11:23+00:00","description":"Die Pressemeldungen von F\u00dcR Karlsruhe im Gemeinderat der Stadt Karlsruhe. Hier ver\u00f6ffentlichen wir alle News rund um die Entscheidungen der Stadt Karlsruhe, unserer Anfragen und Initiativen im Karlsruher Gemeinderat.","breadcrumb":{"@id":"https:\/\/fwfuer.de\/ro\/cati-copaci-au-fost-taiati-in-karlsruhe-5903\/#breadcrumb"},"inLanguage":"ro-RO","potentialAction":[{"@type":"ReadAction","target":["https:\/\/fwfuer.de\/ro\/cati-copaci-au-fost-taiati-in-karlsruhe-5903\/"]}]},{"@type":"BreadcrumbList","@id":"https:\/\/fwfuer.de\/ro\/cati-copaci-au-fost-taiati-in-karlsruhe-5903\/#breadcrumb","itemListElement":[{"@type":"ListItem","position":1,"name":"Startseite","item":"https:\/\/fwfuer.de\/ro\/acasa\/"},{"@type":"ListItem","position":2,"name":"C\u00e2\u021bi copaci au fost t\u0103ia\u021bi \u00een Karlsruhe?"}]},{"@type":"WebSite","@id":"https:\/\/fwfuer.de\/ro\/#website","url":"https:\/\/fwfuer.de\/ro\/","name":"Freie W\u00e4hler | F\u00dcR Karlsruhe \u00een Consiliul Municipal Karlsruhe","description":"Grupul liber al consilierilor din Karlsruhe","publisher":{"@id":"https:\/\/fwfuer.de\/ro\/#organization"},"alternateName":"F\u00dcR KARLSRUHE im Gemeinderat","potentialAction":[{"@type":"SearchAction","target":{"@type":"EntryPoint","urlTemplate":"https:\/\/fwfuer.de\/ro\/?s={search_term_string}"},"query-input":{"@type":"PropertyValueSpecification","valueRequired":true,"valueName":"search_term_string"}}],"inLanguage":"ro-RO"},{"@type":"Organization","@id":"https:\/\/fwfuer.de\/ro\/#organization","name":"F\u00dcR Karlsruhe im Gemeinderat","alternateName":"F\u00dcR Karlsruhe mit Stadtrat Friedemann Kalmbach","url":"https:\/\/fwfuer.de\/ro\/","logo":{"@type":"ImageObject","inLanguage":"ro-RO","@id":"https:\/\/fwfuer.de\/ro\/#\/schema\/logo\/image\/","url":"https:\/\/fwfuer.de\/wp-content\/uploads\/2024\/07\/cropped-Logo-1.png","contentUrl":"https:\/\/fwfuer.de\/wp-content\/uploads\/2024\/07\/cropped-Logo-1.png","width":512,"height":512,"caption":"F\u00dcR Karlsruhe im Gemeinderat"},"image":{"@id":"https:\/\/fwfuer.de\/ro\/#\/schema\/logo\/image\/"},"sameAs":["https:\/\/www.facebook.com\/fwfuer","https:\/\/x.com\/fwfuer","https:\/\/www.instagram.com\/fuerka.de","https:\/\/de.linkedin.com\/company\/fw-fr-karlsruhe-gemeinderatsfraktion","https:\/\/tiktok.com\/@fuerka.de"]},{"@type":"Person","@id":"https:\/\/fwfuer.de\/ro\/#\/schema\/person\/f43392225120ae37e95ed36d7b324a19","name":"F\u00dcR Karlsruhe im Gemeinderat"}]}},"_links":{"self":[{"href":"https:\/\/fwfuer.de\/ro\/wp-json\/wp\/v2\/posts\/5903","targetHints":{"allow":["GET"]}}],"collection":[{"href":"https:\/\/fwfuer.de\/ro\/wp-json\/wp\/v2\/posts"}],"about":[{"href":"https:\/\/fwfuer.de\/ro\/wp-json\/wp\/v2\/types\/post"}],"author":[{"embeddable":true,"href":"https:\/\/fwfuer.de\/ro\/wp-json\/wp\/v2\/users\/6"}],"replies":[{"embeddable":true,"href":"https:\/\/fwfuer.de\/ro\/wp-json\/wp\/v2\/comments?post=5903"}],"version-history":[{"count":1,"href":"https:\/\/fwfuer.de\/ro\/wp-json\/wp\/v2\/posts\/5903\/revisions"}],"predecessor-version":[{"id":5906,"href":"https:\/\/fwfuer.de\/ro\/wp-json\/wp\/v2\/posts\/5903\/revisions\/5906"}],"wp:attachment":[{"href":"https:\/\/fwfuer.de\/ro\/wp-json\/wp\/v2\/media?parent=5903"}],"wp:term":[{"taxonomy":"category","embeddable":true,"href":"https:\/\/fwfuer.de\/ro\/wp-json\/wp\/v2\/categories?post=5903"},{"taxonomy":"post_tag","embeddable":true,"href":"https:\/\/fwfuer.de\/ro\/wp-json\/wp\/v2\/tags?post=5903"}],"curies":[{"name":"wp","href":"https:\/\/api.w.org\/{rel}","templated":true}]}}