{"id":7447,"date":"2023-11-21T12:09:25","date_gmt":"2023-11-21T11:09:25","guid":{"rendered":"https:\/\/fwfuer.de\/sophienstrasse-trebuie-sa-ramana-libera-pentru-toti-7447\/"},"modified":"2024-07-29T10:50:10","modified_gmt":"2024-07-29T08:50:10","slug":"sophienstrasse-trebuie-sa-ramana-libera-pentru-toti","status":"publish","type":"post","link":"https:\/\/fwfuer.de\/ro\/sophienstrasse-trebuie-sa-ramana-libera-pentru-toti-7447\/","title":{"rendered":"Sophienstra\u00dfe trebuie s\u0103 r\u0103m\u00e2n\u0103 liber\u0103 pentru to\u021bi"},"content":{"rendered":"\n<p>Mul\u021bi locuitori de pe Sophienstra\u00dfe sunt foarte nemul\u021bumi\u021bi: conform planurilor prim\u0103riei, strada va fi \u00eenchis\u0103 traficului motorizat \u0219i adaptat\u0103 la &#8222;solu\u021bia model a re\u021belei de biciclete din Baden-W\u00fcrttemberg&#8221;. Parc\u0103rile care nu mai pot fi utilizate din cauza modific\u0103rilor sunt acum ocupate de scaune temporare, plante \u0219i suporturi pentru biciclete care sunt rareori folosite. Freie W\u00e4hler Karlsruhe \u0219i grupul de aleg\u0103tori F\u00dcR Karlsruhe \u00eemp\u0103rt\u0103\u0219esc scepticismul locuitorilor din zon\u0103 \u00een ceea ce prive\u0219te modific\u0103rile \u0219i m\u0103surile de construc\u021bie care urmeaz\u0103 s\u0103 \u00eenceap\u0103 anul viitor:<\/p>\n\n<p>&#8222;Motiva\u021biile administra\u021biei ora\u0219ului pentru m\u0103surile de trafic \u0219i de construc\u021bie de pe Sophienstra\u00dfe nu sunt clare: de unde provine ipoteza ora\u0219ului de a adapta traficul de pe Sophienstra\u00dfe la &#8222;solu\u021bia model a re\u021belei de biciclete din Baden-W\u00fcrttemberg&#8221;, f\u0103r\u0103 a informa suficient de mult locuitorii \u0219i cu at\u00e2t mai pu\u021bin de a-i implica \u00een procesul de luare a deciziilor? Administra\u021bia ora\u0219ului trebuie acum s\u0103 se adreseze locuitorilor \u0219i s\u0103 se explice. Prin urmare, prezent\u0103m un catalog de \u00eentreb\u0103ri administra\u021biei ora\u0219ului pentru a clarifica cele mai urgente preocup\u0103ri. P\u00e2n\u0103 acum, \u00eentregul proiect a fost perceput ca fiind foarte discutabil \u0219i nu a fost sus\u021binut de B.&#8221;, spune consilierul municipal Petra Lorenz de la Aleg\u0103torii Liberi, care a f\u0103cut deja un schimb de opinii cu locuitorii din Sophienstra\u00dfe cu privire la schimb\u0103rile din Sophienstra\u00dfe.<\/p>\n\n<p>Se a\u0219teapt\u0103 ca administra\u021bia ora\u0219ului s\u0103 ia \u00een serios \u00eentreb\u0103rile cet\u0103\u021benilor \u0219i s\u0103 r\u0103spund\u0103 la catalogul de \u00eentreb\u0103ri \u00een detaliu \u0219i clar. Iat\u0103 catalogul complet al \u00eentreb\u0103rilor pentru administra\u021bia ora\u0219ului Karlsruhe:<\/p>\n\n<ul class=\"wp-block-list\">\n<li>De ce consider\u0103 municipalitatea din Karlsruhe c\u0103 este necesar s\u0103 realizeze m\u0103suri de remodelare \u00een Sophienstra\u00dfe?<\/li>\n\n\n\n<li>Care sunt adapt\u0103rile specifice la &#8222;solu\u021bia model a re\u021belei de biciclete din Baden-W\u00fcrttemberg&#8221;?<\/li>\n\n\n\n<li>De unde provine ipoteza ora\u0219ului de a adapta traficul din Sophienstra\u00dfe la &#8222;solu\u021bia model a re\u021belei de biciclete din Baden-W\u00fcrttemberg&#8221;?<\/li>\n\n\n\n<li>Au fost locuitorii \u0219i comercian\u021bii suficient de informa\u021bi?<\/li>\n\n\n\n<li>Cum au fost informa\u021bi locuitorii \u0219i \u00eentreprinderile?<\/li>\n\n\n\n<li>De unde pot ob\u021bine mai multe informa\u021bii despre m\u0103surile de remodelare planificate?<\/li>\n\n\n\n<li>Conform planurilor prim\u0103riei, c\u00e2nd vor \u00eencepe anul viitor lucr\u0103rile de renovare a Sophienstra\u00dfe?<\/li>\n\n\n\n<li>C\u00e2t timp vor dura aceste m\u0103suri de remodelare?<\/li>\n\n\n\n<li>Scaunele temporare \u0219i suporturile pentru biciclete sunt foarte pu\u021bin folosite. Exist\u0103 alte modalit\u0103\u021bi de utilizare a spa\u021biului devenit disponibil?<\/li>\n\n\n\n<li>Cum s-a ajuns la decizia de a umple spa\u021biile libere cu scaune, plante \u0219i suporturi pentru biciclete?<\/li>\n\n\n\n<li>Pe ce temei juridic s-a stabilit c\u0103 parc\u0103rile ocupate \u00een prezent nu sunt sigure pentru pietoni, bicicli\u0219ti \u0219i traficul motorizat?<\/li>\n<\/ul>\n","protected":false},"excerpt":{"rendered":"<p>Mul\u021bi locuitori de pe Sophienstra\u00dfe sunt foarte nemul\u021bumi\u021bi: conform planurilor prim\u0103riei, strada va fi \u00eenchis\u0103 traficului motorizat \u0219i adaptat\u0103 la &#8222;solu\u021bia model a re\u021belei de biciclete din Baden-W\u00fcrttemberg&#8221;. Parc\u0103rile care nu mai pot fi utilizate din cauza modific\u0103rilor sunt acum ocupate de scaune temporare, plante \u0219i suporturi pentru biciclete care sunt rareori folosite. Freie W\u00e4hler [&hellip;]<\/p>\n","protected":false},"author":2,"featured_media":0,"comment_status":"closed","ping_status":"closed","sticky":false,"template":"","format":"standard","meta":{"_acf_changed":false,"_et_pb_use_builder":"off","_et_pb_old_content":"","_et_gb_content_width":"","footnotes":"","_links_to":"","_links_to_target":""},"categories":[83],"tags":[],"class_list":["post-7447","post","type-post","status-publish","format-standard","hentry","category-comunicate-presa"],"acf":[],"yoast_head":"<!-- This site is optimized with the Yoast SEO plugin v27.5 - https:\/\/yoast.com\/product\/yoast-seo-wordpress\/ -->\n<title>Sophienstra\u00dfe trebuie s\u0103 r\u0103m\u00e2n\u0103 liber\u0103 pentru to\u021bi - Freie W\u00e4hler | F\u00dcR Karlsruhe \u00een Consiliul Municipal Karlsruhe<\/title>\n<meta name=\"description\" content=\"Die Pressemeldungen von F\u00dcR Karlsruhe im Gemeinderat der Stadt Karlsruhe. Hier ver\u00f6ffentlichen wir alle News rund um die Entscheidungen der Stadt Karlsruhe, unserer Anfragen und Initiativen im Karlsruher Gemeinderat.\" \/>\n<meta name=\"robots\" content=\"index, follow, max-snippet:-1, max-image-preview:large, max-video-preview:-1\" \/>\n<link rel=\"canonical\" href=\"https:\/\/fwfuer.de\/ro\/sophienstrasse-trebuie-sa-ramana-libera-pentru-toti-7447\/\" \/>\n<meta property=\"og:locale\" content=\"ro_RO\" \/>\n<meta property=\"og:type\" content=\"article\" \/>\n<meta property=\"og:title\" content=\"Sophienstra\u00dfe trebuie s\u0103 r\u0103m\u00e2n\u0103 liber\u0103 pentru to\u021bi - Freie W\u00e4hler | F\u00dcR Karlsruhe \u00een Consiliul Municipal Karlsruhe\" \/>\n<meta property=\"og:description\" content=\"Die Pressemeldungen von F\u00dcR Karlsruhe im Gemeinderat der Stadt Karlsruhe. Hier ver\u00f6ffentlichen wir alle News rund um die Entscheidungen der Stadt Karlsruhe, unserer Anfragen und Initiativen im Karlsruher Gemeinderat.\" \/>\n<meta property=\"og:url\" content=\"https:\/\/fwfuer.de\/ro\/sophienstrasse-trebuie-sa-ramana-libera-pentru-toti-7447\/\" \/>\n<meta property=\"og:site_name\" content=\"Freie W\u00e4hler | F\u00dcR Karlsruhe \u00een Consiliul Municipal Karlsruhe\" \/>\n<meta property=\"article:publisher\" content=\"https:\/\/www.facebook.com\/fwfuer\" \/>\n<meta property=\"article:published_time\" content=\"2023-11-21T11:09:25+00:00\" \/>\n<meta property=\"article:modified_time\" content=\"2024-07-29T08:50:10+00:00\" \/>\n<meta property=\"og:image\" content=\"https:\/\/fwfuer.de\/wp-content\/uploads\/2022\/10\/FriedemannOnlineSchulung-scaled.jpeg\" \/>\n\t<meta property=\"og:image:width\" content=\"2880\" \/>\n\t<meta property=\"og:image:height\" content=\"2160\" \/>\n\t<meta property=\"og:image:type\" content=\"image\/jpeg\" \/>\n<meta name=\"author\" content=\"F\u00dcR Karlsruhe im Gemeinderat\" \/>\n<meta name=\"twitter:card\" content=\"summary_large_image\" \/>\n<meta name=\"twitter:creator\" content=\"@fwfuer\" \/>\n<meta name=\"twitter:site\" content=\"@fwfuer\" \/>\n<meta name=\"twitter:label1\" content=\"Scris de\" \/>\n\t<meta name=\"twitter:data1\" content=\"F\u00dcR Karlsruhe im Gemeinderat\" \/>\n\t<meta name=\"twitter:label2\" content=\"Timp estimat pentru citire\" \/>\n\t<meta name=\"twitter:data2\" content=\"2 minute\" \/>\n<script type=\"application\/ld+json\" class=\"yoast-schema-graph\">{\"@context\":\"https:\\\/\\\/schema.org\",\"@graph\":[{\"@type\":\"NewsArticle\",\"@id\":\"https:\\\/\\\/fwfuer.de\\\/ro\\\/sophienstrasse-trebuie-sa-ramana-libera-pentru-toti-7447\\\/#article\",\"isPartOf\":{\"@id\":\"https:\\\/\\\/fwfuer.de\\\/ro\\\/sophienstrasse-trebuie-sa-ramana-libera-pentru-toti-7447\\\/\"},\"author\":{\"name\":\"F\u00dcR Karlsruhe im Gemeinderat\",\"@id\":\"https:\\\/\\\/fwfuer.de\\\/ro\\\/#\\\/schema\\\/person\\\/b320b9d84a937dd6e9f2d80be1055c19\"},\"headline\":\"Sophienstra\u00dfe trebuie s\u0103 r\u0103m\u00e2n\u0103 liber\u0103 pentru to\u021bi\",\"datePublished\":\"2023-11-21T11:09:25+00:00\",\"dateModified\":\"2024-07-29T08:50:10+00:00\",\"mainEntityOfPage\":{\"@id\":\"https:\\\/\\\/fwfuer.de\\\/ro\\\/sophienstrasse-trebuie-sa-ramana-libera-pentru-toti-7447\\\/\"},\"wordCount\":494,\"publisher\":{\"@id\":\"https:\\\/\\\/fwfuer.de\\\/ro\\\/#organization\"},\"articleSection\":[\"Comunicate de pres\u0103\"],\"inLanguage\":\"ro-RO\"},{\"@type\":\"WebPage\",\"@id\":\"https:\\\/\\\/fwfuer.de\\\/ro\\\/sophienstrasse-trebuie-sa-ramana-libera-pentru-toti-7447\\\/\",\"url\":\"https:\\\/\\\/fwfuer.de\\\/ro\\\/sophienstrasse-trebuie-sa-ramana-libera-pentru-toti-7447\\\/\",\"name\":\"Sophienstra\u00dfe trebuie s\u0103 r\u0103m\u00e2n\u0103 liber\u0103 pentru to\u021bi - Freie W\u00e4hler | F\u00dcR Karlsruhe \u00een Consiliul Municipal Karlsruhe\",\"isPartOf\":{\"@id\":\"https:\\\/\\\/fwfuer.de\\\/ro\\\/#website\"},\"datePublished\":\"2023-11-21T11:09:25+00:00\",\"dateModified\":\"2024-07-29T08:50:10+00:00\",\"description\":\"Die Pressemeldungen von F\u00dcR Karlsruhe im Gemeinderat der Stadt Karlsruhe. Hier ver\u00f6ffentlichen wir alle News rund um die Entscheidungen der Stadt Karlsruhe, unserer Anfragen und Initiativen im Karlsruher Gemeinderat.\",\"breadcrumb\":{\"@id\":\"https:\\\/\\\/fwfuer.de\\\/ro\\\/sophienstrasse-trebuie-sa-ramana-libera-pentru-toti-7447\\\/#breadcrumb\"},\"inLanguage\":\"ro-RO\",\"potentialAction\":[{\"@type\":\"ReadAction\",\"target\":[\"https:\\\/\\\/fwfuer.de\\\/ro\\\/sophienstrasse-trebuie-sa-ramana-libera-pentru-toti-7447\\\/\"]}]},{\"@type\":\"BreadcrumbList\",\"@id\":\"https:\\\/\\\/fwfuer.de\\\/ro\\\/sophienstrasse-trebuie-sa-ramana-libera-pentru-toti-7447\\\/#breadcrumb\",\"itemListElement\":[{\"@type\":\"ListItem\",\"position\":1,\"name\":\"Startseite\",\"item\":\"https:\\\/\\\/fwfuer.de\\\/ro\\\/acasa\\\/\"},{\"@type\":\"ListItem\",\"position\":2,\"name\":\"Sophienstra\u00dfe trebuie s\u0103 r\u0103m\u00e2n\u0103 liber\u0103 pentru to\u021bi\"}]},{\"@type\":\"WebSite\",\"@id\":\"https:\\\/\\\/fwfuer.de\\\/ro\\\/#website\",\"url\":\"https:\\\/\\\/fwfuer.de\\\/ro\\\/\",\"name\":\"Freie W\u00e4hler | F\u00dcR Karlsruhe \u00een Consiliul Municipal Karlsruhe\",\"description\":\"Grupul liber al consilierilor din Karlsruhe\",\"publisher\":{\"@id\":\"https:\\\/\\\/fwfuer.de\\\/ro\\\/#organization\"},\"alternateName\":\"F\u00dcR KARLSRUHE im Gemeinderat\",\"potentialAction\":[{\"@type\":\"SearchAction\",\"target\":{\"@type\":\"EntryPoint\",\"urlTemplate\":\"https:\\\/\\\/fwfuer.de\\\/ro\\\/?s={search_term_string}\"},\"query-input\":{\"@type\":\"PropertyValueSpecification\",\"valueRequired\":true,\"valueName\":\"search_term_string\"}}],\"inLanguage\":\"ro-RO\"},{\"@type\":\"Organization\",\"@id\":\"https:\\\/\\\/fwfuer.de\\\/ro\\\/#organization\",\"name\":\"F\u00dcR Karlsruhe im Gemeinderat\",\"alternateName\":\"F\u00dcR Karlsruhe mit Stadtrat Friedemann Kalmbach\",\"url\":\"https:\\\/\\\/fwfuer.de\\\/ro\\\/\",\"logo\":{\"@type\":\"ImageObject\",\"inLanguage\":\"ro-RO\",\"@id\":\"https:\\\/\\\/fwfuer.de\\\/ro\\\/#\\\/schema\\\/logo\\\/image\\\/\",\"url\":\"https:\\\/\\\/fwfuer.de\\\/wp-content\\\/uploads\\\/2024\\\/07\\\/cropped-Logo-1.png\",\"contentUrl\":\"https:\\\/\\\/fwfuer.de\\\/wp-content\\\/uploads\\\/2024\\\/07\\\/cropped-Logo-1.png\",\"width\":512,\"height\":512,\"caption\":\"F\u00dcR Karlsruhe im Gemeinderat\"},\"image\":{\"@id\":\"https:\\\/\\\/fwfuer.de\\\/ro\\\/#\\\/schema\\\/logo\\\/image\\\/\"},\"sameAs\":[\"https:\\\/\\\/www.facebook.com\\\/fwfuer\",\"https:\\\/\\\/x.com\\\/fwfuer\",\"https:\\\/\\\/www.instagram.com\\\/fuerka.de\",\"https:\\\/\\\/de.linkedin.com\\\/company\\\/fw-fr-karlsruhe-gemeinderatsfraktion\",\"https:\\\/\\\/tiktok.com\\\/@fuerka.de\"]},{\"@type\":\"Person\",\"@id\":\"https:\\\/\\\/fwfuer.de\\\/ro\\\/#\\\/schema\\\/person\\\/b320b9d84a937dd6e9f2d80be1055c19\",\"name\":\"F\u00dcR Karlsruhe im Gemeinderat\"}]}<\/script>\n<!-- \/ Yoast SEO plugin. -->","yoast_head_json":{"title":"Sophienstra\u00dfe trebuie s\u0103 r\u0103m\u00e2n\u0103 liber\u0103 pentru to\u021bi - Freie W\u00e4hler | F\u00dcR Karlsruhe \u00een Consiliul Municipal Karlsruhe","description":"Die Pressemeldungen von F\u00dcR Karlsruhe im Gemeinderat der Stadt Karlsruhe. Hier ver\u00f6ffentlichen wir alle News rund um die Entscheidungen der Stadt Karlsruhe, unserer Anfragen und Initiativen im Karlsruher Gemeinderat.","robots":{"index":"index","follow":"follow","max-snippet":"max-snippet:-1","max-image-preview":"max-image-preview:large","max-video-preview":"max-video-preview:-1"},"canonical":"https:\/\/fwfuer.de\/ro\/sophienstrasse-trebuie-sa-ramana-libera-pentru-toti-7447\/","og_locale":"ro_RO","og_type":"article","og_title":"Sophienstra\u00dfe trebuie s\u0103 r\u0103m\u00e2n\u0103 liber\u0103 pentru to\u021bi - Freie W\u00e4hler | F\u00dcR Karlsruhe \u00een Consiliul Municipal Karlsruhe","og_description":"Die Pressemeldungen von F\u00dcR Karlsruhe im Gemeinderat der Stadt Karlsruhe. Hier ver\u00f6ffentlichen wir alle News rund um die Entscheidungen der Stadt Karlsruhe, unserer Anfragen und Initiativen im Karlsruher Gemeinderat.","og_url":"https:\/\/fwfuer.de\/ro\/sophienstrasse-trebuie-sa-ramana-libera-pentru-toti-7447\/","og_site_name":"Freie W\u00e4hler | F\u00dcR Karlsruhe \u00een Consiliul Municipal Karlsruhe","article_publisher":"https:\/\/www.facebook.com\/fwfuer","article_published_time":"2023-11-21T11:09:25+00:00","article_modified_time":"2024-07-29T08:50:10+00:00","og_image":[{"width":2880,"height":2160,"url":"https:\/\/fwfuer.de\/wp-content\/uploads\/2022\/10\/FriedemannOnlineSchulung-scaled.jpeg","type":"image\/jpeg"}],"author":"F\u00dcR Karlsruhe im Gemeinderat","twitter_card":"summary_large_image","twitter_creator":"@fwfuer","twitter_site":"@fwfuer","twitter_misc":{"Scris de":"F\u00dcR Karlsruhe im Gemeinderat","Timp estimat pentru citire":"2 minute"},"schema":{"@context":"https:\/\/schema.org","@graph":[{"@type":"NewsArticle","@id":"https:\/\/fwfuer.de\/ro\/sophienstrasse-trebuie-sa-ramana-libera-pentru-toti-7447\/#article","isPartOf":{"@id":"https:\/\/fwfuer.de\/ro\/sophienstrasse-trebuie-sa-ramana-libera-pentru-toti-7447\/"},"author":{"name":"F\u00dcR Karlsruhe im Gemeinderat","@id":"https:\/\/fwfuer.de\/ro\/#\/schema\/person\/b320b9d84a937dd6e9f2d80be1055c19"},"headline":"Sophienstra\u00dfe trebuie s\u0103 r\u0103m\u00e2n\u0103 liber\u0103 pentru to\u021bi","datePublished":"2023-11-21T11:09:25+00:00","dateModified":"2024-07-29T08:50:10+00:00","mainEntityOfPage":{"@id":"https:\/\/fwfuer.de\/ro\/sophienstrasse-trebuie-sa-ramana-libera-pentru-toti-7447\/"},"wordCount":494,"publisher":{"@id":"https:\/\/fwfuer.de\/ro\/#organization"},"articleSection":["Comunicate de pres\u0103"],"inLanguage":"ro-RO"},{"@type":"WebPage","@id":"https:\/\/fwfuer.de\/ro\/sophienstrasse-trebuie-sa-ramana-libera-pentru-toti-7447\/","url":"https:\/\/fwfuer.de\/ro\/sophienstrasse-trebuie-sa-ramana-libera-pentru-toti-7447\/","name":"Sophienstra\u00dfe trebuie s\u0103 r\u0103m\u00e2n\u0103 liber\u0103 pentru to\u021bi - Freie W\u00e4hler | F\u00dcR Karlsruhe \u00een Consiliul Municipal Karlsruhe","isPartOf":{"@id":"https:\/\/fwfuer.de\/ro\/#website"},"datePublished":"2023-11-21T11:09:25+00:00","dateModified":"2024-07-29T08:50:10+00:00","description":"Die Pressemeldungen von F\u00dcR Karlsruhe im Gemeinderat der Stadt Karlsruhe. Hier ver\u00f6ffentlichen wir alle News rund um die Entscheidungen der Stadt Karlsruhe, unserer Anfragen und Initiativen im Karlsruher Gemeinderat.","breadcrumb":{"@id":"https:\/\/fwfuer.de\/ro\/sophienstrasse-trebuie-sa-ramana-libera-pentru-toti-7447\/#breadcrumb"},"inLanguage":"ro-RO","potentialAction":[{"@type":"ReadAction","target":["https:\/\/fwfuer.de\/ro\/sophienstrasse-trebuie-sa-ramana-libera-pentru-toti-7447\/"]}]},{"@type":"BreadcrumbList","@id":"https:\/\/fwfuer.de\/ro\/sophienstrasse-trebuie-sa-ramana-libera-pentru-toti-7447\/#breadcrumb","itemListElement":[{"@type":"ListItem","position":1,"name":"Startseite","item":"https:\/\/fwfuer.de\/ro\/acasa\/"},{"@type":"ListItem","position":2,"name":"Sophienstra\u00dfe trebuie s\u0103 r\u0103m\u00e2n\u0103 liber\u0103 pentru to\u021bi"}]},{"@type":"WebSite","@id":"https:\/\/fwfuer.de\/ro\/#website","url":"https:\/\/fwfuer.de\/ro\/","name":"Freie W\u00e4hler | F\u00dcR Karlsruhe \u00een Consiliul Municipal Karlsruhe","description":"Grupul liber al consilierilor din Karlsruhe","publisher":{"@id":"https:\/\/fwfuer.de\/ro\/#organization"},"alternateName":"F\u00dcR KARLSRUHE im Gemeinderat","potentialAction":[{"@type":"SearchAction","target":{"@type":"EntryPoint","urlTemplate":"https:\/\/fwfuer.de\/ro\/?s={search_term_string}"},"query-input":{"@type":"PropertyValueSpecification","valueRequired":true,"valueName":"search_term_string"}}],"inLanguage":"ro-RO"},{"@type":"Organization","@id":"https:\/\/fwfuer.de\/ro\/#organization","name":"F\u00dcR Karlsruhe im Gemeinderat","alternateName":"F\u00dcR Karlsruhe mit Stadtrat Friedemann Kalmbach","url":"https:\/\/fwfuer.de\/ro\/","logo":{"@type":"ImageObject","inLanguage":"ro-RO","@id":"https:\/\/fwfuer.de\/ro\/#\/schema\/logo\/image\/","url":"https:\/\/fwfuer.de\/wp-content\/uploads\/2024\/07\/cropped-Logo-1.png","contentUrl":"https:\/\/fwfuer.de\/wp-content\/uploads\/2024\/07\/cropped-Logo-1.png","width":512,"height":512,"caption":"F\u00dcR Karlsruhe im Gemeinderat"},"image":{"@id":"https:\/\/fwfuer.de\/ro\/#\/schema\/logo\/image\/"},"sameAs":["https:\/\/www.facebook.com\/fwfuer","https:\/\/x.com\/fwfuer","https:\/\/www.instagram.com\/fuerka.de","https:\/\/de.linkedin.com\/company\/fw-fr-karlsruhe-gemeinderatsfraktion","https:\/\/tiktok.com\/@fuerka.de"]},{"@type":"Person","@id":"https:\/\/fwfuer.de\/ro\/#\/schema\/person\/b320b9d84a937dd6e9f2d80be1055c19","name":"F\u00dcR Karlsruhe im Gemeinderat"}]}},"_links":{"self":[{"href":"https:\/\/fwfuer.de\/ro\/wp-json\/wp\/v2\/posts\/7447","targetHints":{"allow":["GET"]}}],"collection":[{"href":"https:\/\/fwfuer.de\/ro\/wp-json\/wp\/v2\/posts"}],"about":[{"href":"https:\/\/fwfuer.de\/ro\/wp-json\/wp\/v2\/types\/post"}],"author":[{"embeddable":true,"href":"https:\/\/fwfuer.de\/ro\/wp-json\/wp\/v2\/users\/2"}],"replies":[{"embeddable":true,"href":"https:\/\/fwfuer.de\/ro\/wp-json\/wp\/v2\/comments?post=7447"}],"version-history":[{"count":2,"href":"https:\/\/fwfuer.de\/ro\/wp-json\/wp\/v2\/posts\/7447\/revisions"}],"predecessor-version":[{"id":7767,"href":"https:\/\/fwfuer.de\/ro\/wp-json\/wp\/v2\/posts\/7447\/revisions\/7767"}],"wp:attachment":[{"href":"https:\/\/fwfuer.de\/ro\/wp-json\/wp\/v2\/media?parent=7447"}],"wp:term":[{"taxonomy":"category","embeddable":true,"href":"https:\/\/fwfuer.de\/ro\/wp-json\/wp\/v2\/categories?post=7447"},{"taxonomy":"post_tag","embeddable":true,"href":"https:\/\/fwfuer.de\/ro\/wp-json\/wp\/v2\/tags?post=7447"}],"curies":[{"name":"wp","href":"https:\/\/api.w.org\/{rel}","templated":true}]}}