{"id":7476,"date":"2023-11-27T11:22:35","date_gmt":"2023-11-27T10:22:35","guid":{"rendered":"https:\/\/fwfuer.de\/hidrogen-pentru-industrie-la-karlsruhe-7476\/"},"modified":"2024-06-10T14:36:34","modified_gmt":"2024-06-10T12:36:34","slug":"hidrogen-pentru-industrie-la-karlsruhe","status":"publish","type":"post","link":"https:\/\/fwfuer.de\/ro\/hidrogen-pentru-industrie-la-karlsruhe-7476\/","title":{"rendered":"Hidrogen pentru industrie la Karlsruhe"},"content":{"rendered":"\n<p><strong>Grupul parlamentar al Aleg\u0103torilor Liberi \u0219i grupul de aleg\u0103tori F\u00dcR Karlsruhe este \u00een favoarea unei zone industriale cu o conexiune la hidrogen.<\/strong><\/p>\n\n<p>Grupul parlamentar al Freie W\u00e4hler (aleg\u0103torii liberi) \u0219i grupul de aleg\u0103tori F\u00dcR Karlsruhe lsruhe a depus o cerere la consiliul municipal din Karlsruhe pentru a examina posibilit\u0103\u021bile unei zone sau ale unui cartier comercial sau industrial cu o conexiune cu hidrogenul. Scopul este de a atrage \u00een Karlsruhe companii care au nevoie de hidrogen \u0219i de a consolida \u00een continuare Karlsruhe ca centru de inovare. Hidrogenul va fi una dintre sursele de energie ale viitorului, \u00een special pentru opera\u021biunile comerciale \u0219i industriale. Grupul parlamentar este convins c\u0103 Karlsruhe ar trebui s\u0103 se preg\u0103teasc\u0103 acum pentru a crea o zon\u0103 comercial\u0103 \u0219i industrial\u0103 cu o conexiune cu hidrogenul. Apropierea de portul Rinului este o posibil\u0103 loca\u021bie aici.<\/p>\n\n<p>Cererea include solicitarea unei integr\u0103ri mai puternice \u00een strategia privind hidrogenul a landului Baden-W\u00fcrttemberg \u0219i o conectare a regiunii la re\u021beaua de hidrogen. Constat\u0103rile \u0219i cerin\u021bele adunate ar trebui s\u0103 contribuie la discu\u021biile \u0219i planificarea viitoare cu privire la hidrogenul din Karlsruhe. \u00cen plus, grupul parlamentar ar dori ca administra\u021bia \u0219i serviciile comunale s\u0103 abordeze \u00een mod proactiv poten\u021bialii furnizori \u0219i prestatori de hidrogen pentru a asigura din timp cerin\u021bele viitoare. Acest lucru va permite, de asemenea, ca Karlsruhe s\u0103 se afirme ca loca\u021bie pentru industriile care utilizeaz\u0103 intensiv hidrogenul:<br\/>&#8222;Germania este plin\u0103 de exemple pozitive despre cum un cartier reziden\u021bial sau o zon\u0103 industrial\u0103 poate fi conectat la re\u021beaua de hidrogen pentru a fi alimentat cu energie ecologic\u0103. Vedem hidrogenul ca pe o tehnologie a viitorului \u0219i sper\u0103m c\u0103 Karlsruhe nu va dormi prea mult \u00een viitor. Este important pentru noi ca administra\u021bia ora\u0219ului s\u0103 ia m\u0103suri \u0219i s\u0103 \u00ee\u0219i foloseasc\u0103 op\u021biunile. Landul Baden-W\u00fcrttemberg are o strategie privind hidrogenul &#8211; \u0219i noi avem nevoie de una. Infrastructura necesar\u0103 ar fi disponibil\u0103 datorit\u0103 proximit\u0103\u021bii portului Rinului&#8221;, a declarat consilierul municipal Friedemann Kalmbach, coment\u00e2nd propunerea grupului parlamentar.<\/p>\n\n<div class=\"wp-block-divi-layout\">[et_pb_section fb_built=&#8221;1&#8243; theme_builder_area=&#8221;post_content&#8221; _builder_version=&#8221;4.23.1&#8243; _module_preset=&#8221;default&#8221;][et_pb_row _builder_version=&#8221;4.23.1&#8243; _module_preset=&#8221;default&#8221; theme_builder_area=&#8221;post_content&#8221;][et_pb_column _builder_version=&#8221;4.23.1&#8243; _module_preset=&#8221;default&#8221; type=&#8221;4_4&#8243; theme_builder_area=&#8221;post_content&#8221;][dipl_faq_page_schema _builder_version=&#8221;4.23.1&#8243; _module_preset=&#8221;default&#8221; theme_builder_area=&#8221;post_content&#8221; title=&#8221;\u00ceNTREB\u0102RI FRECVENTE&#8221; hover_enabled=&#8221;0&#8243; sticky_enabled=&#8221;0&#8243;][dipl_faq_page_schema_item _builder_version=&#8221;4.23.1&#8243; _module_preset=&#8221;default&#8221; theme_builder_area=&#8221;post_content&#8221; faq_question=&#8221;Was ist das Ziel des Antrags der Fraktionsgemeinschaft der Freien W\u00e4hler und der W\u00e4hlergruppe F\u00dcR Karlsruhe?&#8221; hover_enabled=&#8221;0&#8243; sticky_enabled=&#8221;0&#8243;]<p>Scopul cererii este de a examina posibilit\u0103\u021bile unei zone sau ale unui cartier comercial sau industrial cu o conexiune la hidrogen \u00een Karlsruhe. Scopul este de a atrage \u00een Karlsruhe companii care au nevoie de hidrogen \u0219i de a consolida ora\u0219ul ca centru de inovare.<\/p>[\/dipl_faq_page_schema_item][dipl_faq_page_schema_item _builder_version=&#8221;4.23.1&#8243; _module_preset=&#8221;default&#8221; theme_builder_area=&#8221;post_content&#8221; faq_question=&#8221;Zukunftstechnologien f\u00fcr Karlsruhe: Wasserstoff f\u00fcr die Industrie in Karlsruhe &#8211; Karlsruhe&#8221; hover_enabled=&#8221;0&#8243; sticky_enabled=&#8221;0&#8243;]<p>Hidrogenul este considerat una dintre sursele de energie ale viitorului \u0219i ofer\u0103 numeroase avantaje, \u00een special pentru companiile comerciale \u0219i industriale. Acesta poate fi utilizat ca surs\u0103 de energie eficient\u0103 \u0219i ecologic\u0103 \u0219i contribuie la reducerea emisiilor de CO2. Hidrogenul permite, de asemenea, o aprovizionare flexibil\u0103 \u0219i descentralizat\u0103 cu energie.<\/p>[\/dipl_faq_page_schema_item][dipl_faq_page_schema_item _builder_version=&#8221;4.23.1&#8243; _module_preset=&#8221;default&#8221; theme_builder_area=&#8221;post_content&#8221; faq_question=&#8221;Welche Rolle spielt die N\u00e4he zum Rheinhafen bei der Standortwahl f\u00fcr das Gewerbegebiet mit Wasserstoff-Anschluss?&#8221; hover_enabled=&#8221;0&#8243; sticky_enabled=&#8221;0&#8243;]<p>Apropierea de portul Rinului se preteaz\u0103 ca posibil\u0103 loca\u021bie pentru zona industrial\u0103 cu conexiune la hidrogen, deoarece infrastructura existent\u0103 poate fi deja utilizat\u0103 aici. Acest lucru poate crea sinergii \u0219i poate facilita dezvoltarea parcului de afaceri.<\/p>[\/dipl_faq_page_schema_item][dipl_faq_page_schema_item _builder_version=&#8221;4.23.1&#8243; _module_preset=&#8221;default&#8221; theme_builder_area=&#8221;post_content&#8221; faq_question=&#8221;Wie soll die Einbindung in die Wasserstoffstrategie des Landes Baden-W\u00fcrttemberg erfolgen?&#8221; hover_enabled=&#8221;0&#8243; sticky_enabled=&#8221;0&#8243;]<p>Grupul parlamentar al Aleg\u0103torilor Liberi \u0219i grupul de aleg\u0103toriF\u00dcR Karlsruhe&#8221; solicit\u0103 o mai mare implicare \u00een strategia privind hidrogenul a landului Baden-W\u00fcrttemberg. Acest lucru este menit s\u0103 asigure c\u0103 interesele \u0219i nevoile regiunii Karlsruhe sunt luate \u00een considerare \u00een dezvoltarea \u0219i punerea \u00een aplicare a strategiei privind hidrogenul.<\/p>[\/dipl_faq_page_schema_item][dipl_faq_page_schema_item _builder_version=&#8221;4.23.1&#8243; _module_preset=&#8221;default&#8221; theme_builder_area=&#8221;post_content&#8221; faq_question=&#8221;Wie sollen zuk\u00fcnftige Bedarfe an Wasserstoff fr\u00fchzeitig gesichert werden?&#8221; hover_enabled=&#8221;0&#8243; sticky_enabled=&#8221;0&#8243;]<p>Administra\u021bia \u0219i serviciile comunale de utilit\u0103\u021bi ar trebui s\u0103 abordeze \u00een mod proactiv poten\u021bialii furnizori \u0219i prestatori de hidrogen pentru a asigura din timp cerin\u021bele viitoare. Prin urmare, Karlsruhe se poate stabili, de asemenea, ca loca\u021bie pentru industriile cu utilizare intensiv\u0103 a hidrogenului \u0219i poate beneficia de avantajele utiliz\u0103rii hidrogenului.<\/p>[\/dipl_faq_page_schema_item][\/dipl_faq_page_schema][\/et_pb_column][\/et_pb_row][\/et_pb_section]<\/div>\n\n<div class=\"wp-block-divi-layout\">[et_pb_section admin_label=&#8221;section&#8221;][et_pb_row admin_label=&#8221;r\u00e2nd&#8221;][\/et_pb_row][\/et_pb_section]<\/div>\n","protected":false},"excerpt":{"rendered":"<p>Grupul parlamentar al Aleg\u0103torilor Liberi \u0219i grupul de aleg\u0103tori F\u00dcR Karlsruhe este \u00een favoarea unei zone industriale cu o conexiune la hidrogen. Grupul parlamentar al Freie W\u00e4hler (aleg\u0103torii liberi) \u0219i grupul de aleg\u0103tori F\u00dcR Karlsruhe lsruhe a depus o cerere la consiliul municipal din Karlsruhe pentru a examina posibilit\u0103\u021bile unei zone sau ale unui cartier [&hellip;]<\/p>\n","protected":false},"author":2,"featured_media":0,"comment_status":"closed","ping_status":"closed","sticky":false,"template":"","format":"standard","meta":{"_acf_changed":false,"_et_pb_use_builder":"","_et_pb_old_content":"","_et_gb_content_width":"","footnotes":"","_links_to":"","_links_to_target":""},"categories":[83],"tags":[],"class_list":["post-7476","post","type-post","status-publish","format-standard","hentry","category-comunicate-presa"],"acf":[],"yoast_head":"<!-- This site is optimized with the Yoast SEO plugin v27.5 - https:\/\/yoast.com\/product\/yoast-seo-wordpress\/ -->\n<title>Hidrogen pentru industrie la Karlsruhe - Freie W\u00e4hler | F\u00dcR Karlsruhe \u00een Consiliul Municipal Karlsruhe<\/title>\n<meta name=\"description\" content=\"Die Pressemeldungen von F\u00dcR Karlsruhe im Gemeinderat der Stadt Karlsruhe. Hier ver\u00f6ffentlichen wir alle News rund um die Entscheidungen der Stadt Karlsruhe, unserer Anfragen und Initiativen im Karlsruher Gemeinderat.\" \/>\n<meta name=\"robots\" content=\"index, follow, max-snippet:-1, max-image-preview:large, max-video-preview:-1\" \/>\n<link rel=\"canonical\" href=\"https:\/\/fwfuer.de\/ro\/hidrogen-pentru-industrie-la-karlsruhe-7476\/\" \/>\n<meta property=\"og:locale\" content=\"ro_RO\" \/>\n<meta property=\"og:type\" content=\"article\" \/>\n<meta property=\"og:title\" content=\"Hidrogen pentru industrie la Karlsruhe - Freie W\u00e4hler | F\u00dcR Karlsruhe \u00een Consiliul Municipal Karlsruhe\" \/>\n<meta property=\"og:description\" content=\"Die Pressemeldungen von F\u00dcR Karlsruhe im Gemeinderat der Stadt Karlsruhe. Hier ver\u00f6ffentlichen wir alle News rund um die Entscheidungen der Stadt Karlsruhe, unserer Anfragen und Initiativen im Karlsruher Gemeinderat.\" \/>\n<meta property=\"og:url\" content=\"https:\/\/fwfuer.de\/ro\/hidrogen-pentru-industrie-la-karlsruhe-7476\/\" \/>\n<meta property=\"og:site_name\" content=\"Freie W\u00e4hler | F\u00dcR Karlsruhe \u00een Consiliul Municipal Karlsruhe\" \/>\n<meta property=\"article:publisher\" content=\"https:\/\/www.facebook.com\/fwfuer\" \/>\n<meta property=\"article:published_time\" content=\"2023-11-27T10:22:35+00:00\" \/>\n<meta property=\"article:modified_time\" content=\"2024-06-10T12:36:34+00:00\" \/>\n<meta property=\"og:image\" content=\"https:\/\/fwfuer.de\/wp-content\/uploads\/2022\/10\/FriedemannOnlineSchulung-scaled.jpeg\" \/>\n\t<meta property=\"og:image:width\" content=\"2880\" \/>\n\t<meta property=\"og:image:height\" content=\"2160\" \/>\n\t<meta property=\"og:image:type\" content=\"image\/jpeg\" \/>\n<meta name=\"author\" content=\"F\u00dcR Karlsruhe im Gemeinderat\" \/>\n<meta name=\"twitter:card\" content=\"summary_large_image\" \/>\n<meta name=\"twitter:creator\" content=\"@fwfuer\" \/>\n<meta name=\"twitter:site\" content=\"@fwfuer\" \/>\n<meta name=\"twitter:label1\" content=\"Scris de\" \/>\n\t<meta name=\"twitter:data1\" content=\"F\u00dcR Karlsruhe im Gemeinderat\" \/>\n\t<meta name=\"twitter:label2\" content=\"Timp estimat pentru citire\" \/>\n\t<meta name=\"twitter:data2\" content=\"4 minute\" \/>\n<script type=\"application\/ld+json\" class=\"yoast-schema-graph\">{\"@context\":\"https:\\\/\\\/schema.org\",\"@graph\":[{\"@type\":\"NewsArticle\",\"@id\":\"https:\\\/\\\/fwfuer.de\\\/ro\\\/hidrogen-pentru-industrie-la-karlsruhe-7476\\\/#article\",\"isPartOf\":{\"@id\":\"https:\\\/\\\/fwfuer.de\\\/ro\\\/hidrogen-pentru-industrie-la-karlsruhe-7476\\\/\"},\"author\":{\"name\":\"F\u00dcR Karlsruhe im Gemeinderat\",\"@id\":\"https:\\\/\\\/fwfuer.de\\\/ro\\\/#\\\/schema\\\/person\\\/b320b9d84a937dd6e9f2d80be1055c19\"},\"headline\":\"Hidrogen pentru industrie la Karlsruhe\",\"datePublished\":\"2023-11-27T10:22:35+00:00\",\"dateModified\":\"2024-06-10T12:36:34+00:00\",\"mainEntityOfPage\":{\"@id\":\"https:\\\/\\\/fwfuer.de\\\/ro\\\/hidrogen-pentru-industrie-la-karlsruhe-7476\\\/\"},\"wordCount\":900,\"publisher\":{\"@id\":\"https:\\\/\\\/fwfuer.de\\\/ro\\\/#organization\"},\"articleSection\":[\"Comunicate de pres\u0103\"],\"inLanguage\":\"ro-RO\"},{\"@type\":\"WebPage\",\"@id\":\"https:\\\/\\\/fwfuer.de\\\/ro\\\/hidrogen-pentru-industrie-la-karlsruhe-7476\\\/\",\"url\":\"https:\\\/\\\/fwfuer.de\\\/ro\\\/hidrogen-pentru-industrie-la-karlsruhe-7476\\\/\",\"name\":\"Hidrogen pentru industrie la Karlsruhe - Freie W\u00e4hler | F\u00dcR Karlsruhe \u00een Consiliul Municipal Karlsruhe\",\"isPartOf\":{\"@id\":\"https:\\\/\\\/fwfuer.de\\\/ro\\\/#website\"},\"datePublished\":\"2023-11-27T10:22:35+00:00\",\"dateModified\":\"2024-06-10T12:36:34+00:00\",\"description\":\"Die Pressemeldungen von F\u00dcR Karlsruhe im Gemeinderat der Stadt Karlsruhe. Hier ver\u00f6ffentlichen wir alle News rund um die Entscheidungen der Stadt Karlsruhe, unserer Anfragen und Initiativen im Karlsruher Gemeinderat.\",\"breadcrumb\":{\"@id\":\"https:\\\/\\\/fwfuer.de\\\/ro\\\/hidrogen-pentru-industrie-la-karlsruhe-7476\\\/#breadcrumb\"},\"inLanguage\":\"ro-RO\",\"potentialAction\":[{\"@type\":\"ReadAction\",\"target\":[\"https:\\\/\\\/fwfuer.de\\\/ro\\\/hidrogen-pentru-industrie-la-karlsruhe-7476\\\/\"]}]},{\"@type\":\"BreadcrumbList\",\"@id\":\"https:\\\/\\\/fwfuer.de\\\/ro\\\/hidrogen-pentru-industrie-la-karlsruhe-7476\\\/#breadcrumb\",\"itemListElement\":[{\"@type\":\"ListItem\",\"position\":1,\"name\":\"Startseite\",\"item\":\"https:\\\/\\\/fwfuer.de\\\/ro\\\/acasa\\\/\"},{\"@type\":\"ListItem\",\"position\":2,\"name\":\"Hidrogen pentru industrie la Karlsruhe\"}]},{\"@type\":\"WebSite\",\"@id\":\"https:\\\/\\\/fwfuer.de\\\/ro\\\/#website\",\"url\":\"https:\\\/\\\/fwfuer.de\\\/ro\\\/\",\"name\":\"Freie W\u00e4hler | F\u00dcR Karlsruhe \u00een Consiliul Municipal Karlsruhe\",\"description\":\"Grupul liber al consilierilor din Karlsruhe\",\"publisher\":{\"@id\":\"https:\\\/\\\/fwfuer.de\\\/ro\\\/#organization\"},\"alternateName\":\"F\u00dcR KARLSRUHE im Gemeinderat\",\"potentialAction\":[{\"@type\":\"SearchAction\",\"target\":{\"@type\":\"EntryPoint\",\"urlTemplate\":\"https:\\\/\\\/fwfuer.de\\\/ro\\\/?s={search_term_string}\"},\"query-input\":{\"@type\":\"PropertyValueSpecification\",\"valueRequired\":true,\"valueName\":\"search_term_string\"}}],\"inLanguage\":\"ro-RO\"},{\"@type\":\"Organization\",\"@id\":\"https:\\\/\\\/fwfuer.de\\\/ro\\\/#organization\",\"name\":\"F\u00dcR Karlsruhe im Gemeinderat\",\"alternateName\":\"F\u00dcR Karlsruhe mit Stadtrat Friedemann Kalmbach\",\"url\":\"https:\\\/\\\/fwfuer.de\\\/ro\\\/\",\"logo\":{\"@type\":\"ImageObject\",\"inLanguage\":\"ro-RO\",\"@id\":\"https:\\\/\\\/fwfuer.de\\\/ro\\\/#\\\/schema\\\/logo\\\/image\\\/\",\"url\":\"https:\\\/\\\/fwfuer.de\\\/wp-content\\\/uploads\\\/2024\\\/07\\\/cropped-Logo-1.png\",\"contentUrl\":\"https:\\\/\\\/fwfuer.de\\\/wp-content\\\/uploads\\\/2024\\\/07\\\/cropped-Logo-1.png\",\"width\":512,\"height\":512,\"caption\":\"F\u00dcR Karlsruhe im Gemeinderat\"},\"image\":{\"@id\":\"https:\\\/\\\/fwfuer.de\\\/ro\\\/#\\\/schema\\\/logo\\\/image\\\/\"},\"sameAs\":[\"https:\\\/\\\/www.facebook.com\\\/fwfuer\",\"https:\\\/\\\/x.com\\\/fwfuer\",\"https:\\\/\\\/www.instagram.com\\\/fuerka.de\",\"https:\\\/\\\/de.linkedin.com\\\/company\\\/fw-fr-karlsruhe-gemeinderatsfraktion\",\"https:\\\/\\\/tiktok.com\\\/@fuerka.de\"]},{\"@type\":\"Person\",\"@id\":\"https:\\\/\\\/fwfuer.de\\\/ro\\\/#\\\/schema\\\/person\\\/b320b9d84a937dd6e9f2d80be1055c19\",\"name\":\"F\u00dcR Karlsruhe im Gemeinderat\"}]}<\/script>\n<!-- \/ Yoast SEO plugin. -->","yoast_head_json":{"title":"Hidrogen pentru industrie la Karlsruhe - Freie W\u00e4hler | F\u00dcR Karlsruhe \u00een Consiliul Municipal Karlsruhe","description":"Die Pressemeldungen von F\u00dcR Karlsruhe im Gemeinderat der Stadt Karlsruhe. Hier ver\u00f6ffentlichen wir alle News rund um die Entscheidungen der Stadt Karlsruhe, unserer Anfragen und Initiativen im Karlsruher Gemeinderat.","robots":{"index":"index","follow":"follow","max-snippet":"max-snippet:-1","max-image-preview":"max-image-preview:large","max-video-preview":"max-video-preview:-1"},"canonical":"https:\/\/fwfuer.de\/ro\/hidrogen-pentru-industrie-la-karlsruhe-7476\/","og_locale":"ro_RO","og_type":"article","og_title":"Hidrogen pentru industrie la Karlsruhe - Freie W\u00e4hler | F\u00dcR Karlsruhe \u00een Consiliul Municipal Karlsruhe","og_description":"Die Pressemeldungen von F\u00dcR Karlsruhe im Gemeinderat der Stadt Karlsruhe. Hier ver\u00f6ffentlichen wir alle News rund um die Entscheidungen der Stadt Karlsruhe, unserer Anfragen und Initiativen im Karlsruher Gemeinderat.","og_url":"https:\/\/fwfuer.de\/ro\/hidrogen-pentru-industrie-la-karlsruhe-7476\/","og_site_name":"Freie W\u00e4hler | F\u00dcR Karlsruhe \u00een Consiliul Municipal Karlsruhe","article_publisher":"https:\/\/www.facebook.com\/fwfuer","article_published_time":"2023-11-27T10:22:35+00:00","article_modified_time":"2024-06-10T12:36:34+00:00","og_image":[{"width":2880,"height":2160,"url":"https:\/\/fwfuer.de\/wp-content\/uploads\/2022\/10\/FriedemannOnlineSchulung-scaled.jpeg","type":"image\/jpeg"}],"author":"F\u00dcR Karlsruhe im Gemeinderat","twitter_card":"summary_large_image","twitter_creator":"@fwfuer","twitter_site":"@fwfuer","twitter_misc":{"Scris de":"F\u00dcR Karlsruhe im Gemeinderat","Timp estimat pentru citire":"4 minute"},"schema":{"@context":"https:\/\/schema.org","@graph":[{"@type":"NewsArticle","@id":"https:\/\/fwfuer.de\/ro\/hidrogen-pentru-industrie-la-karlsruhe-7476\/#article","isPartOf":{"@id":"https:\/\/fwfuer.de\/ro\/hidrogen-pentru-industrie-la-karlsruhe-7476\/"},"author":{"name":"F\u00dcR Karlsruhe im Gemeinderat","@id":"https:\/\/fwfuer.de\/ro\/#\/schema\/person\/b320b9d84a937dd6e9f2d80be1055c19"},"headline":"Hidrogen pentru industrie la Karlsruhe","datePublished":"2023-11-27T10:22:35+00:00","dateModified":"2024-06-10T12:36:34+00:00","mainEntityOfPage":{"@id":"https:\/\/fwfuer.de\/ro\/hidrogen-pentru-industrie-la-karlsruhe-7476\/"},"wordCount":900,"publisher":{"@id":"https:\/\/fwfuer.de\/ro\/#organization"},"articleSection":["Comunicate de pres\u0103"],"inLanguage":"ro-RO"},{"@type":"WebPage","@id":"https:\/\/fwfuer.de\/ro\/hidrogen-pentru-industrie-la-karlsruhe-7476\/","url":"https:\/\/fwfuer.de\/ro\/hidrogen-pentru-industrie-la-karlsruhe-7476\/","name":"Hidrogen pentru industrie la Karlsruhe - Freie W\u00e4hler | F\u00dcR Karlsruhe \u00een Consiliul Municipal Karlsruhe","isPartOf":{"@id":"https:\/\/fwfuer.de\/ro\/#website"},"datePublished":"2023-11-27T10:22:35+00:00","dateModified":"2024-06-10T12:36:34+00:00","description":"Die Pressemeldungen von F\u00dcR Karlsruhe im Gemeinderat der Stadt Karlsruhe. Hier ver\u00f6ffentlichen wir alle News rund um die Entscheidungen der Stadt Karlsruhe, unserer Anfragen und Initiativen im Karlsruher Gemeinderat.","breadcrumb":{"@id":"https:\/\/fwfuer.de\/ro\/hidrogen-pentru-industrie-la-karlsruhe-7476\/#breadcrumb"},"inLanguage":"ro-RO","potentialAction":[{"@type":"ReadAction","target":["https:\/\/fwfuer.de\/ro\/hidrogen-pentru-industrie-la-karlsruhe-7476\/"]}]},{"@type":"BreadcrumbList","@id":"https:\/\/fwfuer.de\/ro\/hidrogen-pentru-industrie-la-karlsruhe-7476\/#breadcrumb","itemListElement":[{"@type":"ListItem","position":1,"name":"Startseite","item":"https:\/\/fwfuer.de\/ro\/acasa\/"},{"@type":"ListItem","position":2,"name":"Hidrogen pentru industrie la Karlsruhe"}]},{"@type":"WebSite","@id":"https:\/\/fwfuer.de\/ro\/#website","url":"https:\/\/fwfuer.de\/ro\/","name":"Freie W\u00e4hler | F\u00dcR Karlsruhe \u00een Consiliul Municipal Karlsruhe","description":"Grupul liber al consilierilor din Karlsruhe","publisher":{"@id":"https:\/\/fwfuer.de\/ro\/#organization"},"alternateName":"F\u00dcR KARLSRUHE im Gemeinderat","potentialAction":[{"@type":"SearchAction","target":{"@type":"EntryPoint","urlTemplate":"https:\/\/fwfuer.de\/ro\/?s={search_term_string}"},"query-input":{"@type":"PropertyValueSpecification","valueRequired":true,"valueName":"search_term_string"}}],"inLanguage":"ro-RO"},{"@type":"Organization","@id":"https:\/\/fwfuer.de\/ro\/#organization","name":"F\u00dcR Karlsruhe im Gemeinderat","alternateName":"F\u00dcR Karlsruhe mit Stadtrat Friedemann Kalmbach","url":"https:\/\/fwfuer.de\/ro\/","logo":{"@type":"ImageObject","inLanguage":"ro-RO","@id":"https:\/\/fwfuer.de\/ro\/#\/schema\/logo\/image\/","url":"https:\/\/fwfuer.de\/wp-content\/uploads\/2024\/07\/cropped-Logo-1.png","contentUrl":"https:\/\/fwfuer.de\/wp-content\/uploads\/2024\/07\/cropped-Logo-1.png","width":512,"height":512,"caption":"F\u00dcR Karlsruhe im Gemeinderat"},"image":{"@id":"https:\/\/fwfuer.de\/ro\/#\/schema\/logo\/image\/"},"sameAs":["https:\/\/www.facebook.com\/fwfuer","https:\/\/x.com\/fwfuer","https:\/\/www.instagram.com\/fuerka.de","https:\/\/de.linkedin.com\/company\/fw-fr-karlsruhe-gemeinderatsfraktion","https:\/\/tiktok.com\/@fuerka.de"]},{"@type":"Person","@id":"https:\/\/fwfuer.de\/ro\/#\/schema\/person\/b320b9d84a937dd6e9f2d80be1055c19","name":"F\u00dcR Karlsruhe im Gemeinderat"}]}},"_links":{"self":[{"href":"https:\/\/fwfuer.de\/ro\/wp-json\/wp\/v2\/posts\/7476","targetHints":{"allow":["GET"]}}],"collection":[{"href":"https:\/\/fwfuer.de\/ro\/wp-json\/wp\/v2\/posts"}],"about":[{"href":"https:\/\/fwfuer.de\/ro\/wp-json\/wp\/v2\/types\/post"}],"author":[{"embeddable":true,"href":"https:\/\/fwfuer.de\/ro\/wp-json\/wp\/v2\/users\/2"}],"replies":[{"embeddable":true,"href":"https:\/\/fwfuer.de\/ro\/wp-json\/wp\/v2\/comments?post=7476"}],"version-history":[{"count":2,"href":"https:\/\/fwfuer.de\/ro\/wp-json\/wp\/v2\/posts\/7476\/revisions"}],"predecessor-version":[{"id":7480,"href":"https:\/\/fwfuer.de\/ro\/wp-json\/wp\/v2\/posts\/7476\/revisions\/7480"}],"wp:attachment":[{"href":"https:\/\/fwfuer.de\/ro\/wp-json\/wp\/v2\/media?parent=7476"}],"wp:term":[{"taxonomy":"category","embeddable":true,"href":"https:\/\/fwfuer.de\/ro\/wp-json\/wp\/v2\/categories?post=7476"},{"taxonomy":"post_tag","embeddable":true,"href":"https:\/\/fwfuer.de\/ro\/wp-json\/wp\/v2\/tags?post=7476"}],"curies":[{"name":"wp","href":"https:\/\/api.w.org\/{rel}","templated":true}]}}