{"id":7493,"date":"2023-11-28T06:58:00","date_gmt":"2023-11-28T05:58:00","guid":{"rendered":"https:\/\/fwfuer.de\/in-dialog-podcast-despre-hidrogen-si-incalzire-in-karlsruhe-7493\/"},"modified":"2024-07-29T10:50:01","modified_gmt":"2024-07-29T08:50:01","slug":"in-dialog-podcast-despre-hidrogen-si-incalzire-in-karlsruhe","status":"publish","type":"post","link":"https:\/\/fwfuer.de\/ro\/in-dialog-podcast-despre-hidrogen-si-incalzire-in-karlsruhe-7493\/","title":{"rendered":"\u00cen dialog: Podcast despre hidrogen \u0219i \u00eenc\u0103lzire \u00een Karlsruhe"},"content":{"rendered":"\n<p>\u00centr-un nou <a href=\"https:\/\/podcast.fwfuer.de\">episod podcast al emisiunii &#8222;Die Lage in Kar<\/a> lsruhe&#8221;, grupul parlamentar al aleg\u0103torilor liberi \u0219i grupul de aleg\u0103toriF\u00dcR Karlsruhe&#8221; vorbe\u0219te despre &#8222;\u00cenc\u0103lzirea cu gaz, hidrogenul \u0219i tranzi\u021bia termic\u0103&#8221;. Dup\u0103 aceea, consilierul municipal Petra Lorenz \u0219i liderul grupului parlamentar Micha Schlittenhardt discut\u0103 despre <a href=\"https:\/\/fwfuer.de\/ro\/?p=7441\">importan\u021ba hidrogenului ca element de baz\u0103<\/a> pentru tranzi\u021bia energetic\u0103 \u0219i despre masterplanul energetic al ora\u0219ului Karlsruhe cu invitatul Andreas Schick de la Netzen S\u00fcdwest. Grupul parlamentar subliniaz\u0103 relevan\u021ba acestei discu\u021bii pentru consiliul municipal, care va lua ast\u0103zi o decizie cu privire la masterplanul energetic. Potrivit grupului parlamentar, este important ca hidrogenul s\u0103 fie considerat ca parte a unei foi de parcurs pentru masterplanul energetic. \u00cen cazul \u00een care consiliul municipal ar respinge aceast\u0103 op\u021biune, aceasta ar putea avea consecin\u021be fatale pentru viitoarea aprovizionare cu energie a ora\u0219ului. &#8222;Hidrogenul joac\u0103 un rol decisiv \u00een transformarea sectorului energetic&#8221;, afirm\u0103 grupul. &#8222;Prin autorizarea hidrogenului ca element constitutiv al planului general de energie, consiliul municipal permite o aprovizionare cu energie versatil\u0103 \u0219i durabil\u0103 pentru cet\u0103\u021benii din Karlsruhe. \u00cen caz contrar, am putea rata o oportunitate de a implementa \u00een mod eficient tranzi\u021bia energetic\u0103 \u0219i de a consolida loca\u021bia de afaceri.&#8221; Prin urmare, grupul face apel la consiliul municipal s\u0103 recunoasc\u0103 importan\u021ba hidrogenului \u0219i s\u0103 \u00eel includ\u0103 \u00een planul general energetic. \u00cen acest scop, zonele de extindere a re\u021belei de hidrogen sau zonele de testare trebuie s\u0103 fie \u00eenregistrate p\u00e2n\u0103 cel t\u00e2rziu \u00een 2025, iar ora\u0219ul se poate a\u0219tepta la o conexiune la hidrogen \u00eenc\u0103 din 2032. Acest lucru este esen\u021bial pentru a asigura o aprovizionare durabil\u0103 cu energie pentru Karlsruhe \u0219i pentru a evita poten\u021bialele efecte negative pe termen lung. Aceste aspecte sunt deosebit de importante pentru proprietarii de locuin\u021be atunci c\u00e2nd vine vorba de \u00eenlocuirea sistemului de \u00eenc\u0103lzire.<\/p>\n\n<figure class=\"wp-block-embed is-type-video is-provider-youtube wp-block-embed-youtube wp-embed-aspect-16-9 wp-has-aspect-ratio\"><div class=\"wp-block-embed__wrapper\"> \n<iframe loading=\"lazy\" title=\"Gasheizung, Wasserstoff &amp; W\u00e4rmewende. Mit Andreas Schick | Podcast-Episode 39\" width=\"1080\" height=\"608\" src=\"https:\/\/www.youtube.com\/embed\/UIv9EGDKv3g?feature=oembed\"  allow=\"accelerometer; autoplay; clipboard-write; encrypted-media; gyroscope; picture-in-picture; web-share\" referrerpolicy=\"strict-origin-when-cross-origin\" allowfullscreen><\/iframe>\n <\/div><\/figure>\n\n<p>Episodul podcast &#8222;\u00cenc\u0103lzirea cu gaz, hidrogenul \u0219i tranzi\u021bia \u00een domeniul \u00eenc\u0103lzirii&#8221; poate fi vizualizat pe site-ul grupului \u0219i pe <a href=\"https:\/\/youtu.be\/UIv9EGDKv3g\">YouTube cu videoclip<\/a>. Grupul parlamentar sper\u0103 c\u0103 discu\u021biile \u0219i concluziile din episodul podcast vor influen\u021ba pozitiv procesul decizional al consiliului municipal \u0219i vor conduce la o foaie de parcurs pentru planul general de energie care s\u0103 ia \u00een considerare \u0219i hidrogenul ca o component\u0103 important\u0103.<\/p>\n","protected":false},"excerpt":{"rendered":"<p>\u00centr-un nou episod podcast al emisiunii &#8222;Die Lage in Kar lsruhe&#8221;, grupul parlamentar al aleg\u0103torilor liberi \u0219i grupul de aleg\u0103toriF\u00dcR Karlsruhe&#8221; vorbe\u0219te despre &#8222;\u00cenc\u0103lzirea cu gaz, hidrogenul \u0219i tranzi\u021bia termic\u0103&#8221;. Dup\u0103 aceea, consilierul municipal Petra Lorenz \u0219i liderul grupului parlamentar Micha Schlittenhardt discut\u0103 despre importan\u021ba hidrogenului ca element de baz\u0103 pentru tranzi\u021bia energetic\u0103 \u0219i despre [&hellip;]<\/p>\n","protected":false},"author":1,"featured_media":0,"comment_status":"closed","ping_status":"closed","sticky":false,"template":"","format":"standard","meta":{"_acf_changed":false,"_et_pb_use_builder":"off","_et_pb_old_content":"","_et_gb_content_width":"","footnotes":"","_links_to":"","_links_to_target":""},"categories":[83],"tags":[],"class_list":["post-7493","post","type-post","status-publish","format-standard","hentry","category-comunicate-presa"],"acf":[],"yoast_head":"<!-- This site is optimized with the Yoast SEO plugin v27.5 - https:\/\/yoast.com\/product\/yoast-seo-wordpress\/ -->\n<title>\u00cen dialog: Podcast despre hidrogen \u0219i \u00eenc\u0103lzire \u00een Karlsruhe - Freie W\u00e4hler | F\u00dcR Karlsruhe \u00een Consiliul Municipal Karlsruhe<\/title>\n<meta name=\"description\" content=\"Die Pressemeldungen von F\u00dcR Karlsruhe im Gemeinderat der Stadt Karlsruhe. Hier ver\u00f6ffentlichen wir alle News rund um die Entscheidungen der Stadt Karlsruhe, unserer Anfragen und Initiativen im Karlsruher Gemeinderat.\" \/>\n<meta name=\"robots\" content=\"index, follow, max-snippet:-1, max-image-preview:large, max-video-preview:-1\" \/>\n<link rel=\"canonical\" href=\"https:\/\/fwfuer.de\/ro\/in-dialog-podcast-despre-hidrogen-si-incalzire-in-karlsruhe-7493\/\" \/>\n<meta property=\"og:locale\" content=\"ro_RO\" \/>\n<meta property=\"og:type\" content=\"article\" \/>\n<meta property=\"og:title\" content=\"\u00cen dialog: Podcast despre hidrogen \u0219i \u00eenc\u0103lzire \u00een Karlsruhe - Freie W\u00e4hler | F\u00dcR Karlsruhe \u00een Consiliul Municipal Karlsruhe\" \/>\n<meta property=\"og:description\" content=\"Die Pressemeldungen von F\u00dcR Karlsruhe im Gemeinderat der Stadt Karlsruhe. Hier ver\u00f6ffentlichen wir alle News rund um die Entscheidungen der Stadt Karlsruhe, unserer Anfragen und Initiativen im Karlsruher Gemeinderat.\" \/>\n<meta property=\"og:url\" content=\"https:\/\/fwfuer.de\/ro\/in-dialog-podcast-despre-hidrogen-si-incalzire-in-karlsruhe-7493\/\" \/>\n<meta property=\"og:site_name\" content=\"Freie W\u00e4hler | F\u00dcR Karlsruhe \u00een Consiliul Municipal Karlsruhe\" \/>\n<meta property=\"article:publisher\" content=\"https:\/\/www.facebook.com\/fwfuer\" \/>\n<meta property=\"article:author\" content=\"https:\/\/www.facebook.com\/SchlittenhardtM\" \/>\n<meta property=\"article:published_time\" content=\"2023-11-28T05:58:00+00:00\" \/>\n<meta property=\"article:modified_time\" content=\"2024-07-29T08:50:01+00:00\" \/>\n<meta property=\"og:image\" content=\"https:\/\/fwfuer.de\/wp-content\/uploads\/2022\/10\/FriedemannOnlineSchulung-scaled.jpeg\" \/>\n\t<meta property=\"og:image:width\" content=\"2880\" \/>\n\t<meta property=\"og:image:height\" content=\"2160\" \/>\n\t<meta property=\"og:image:type\" content=\"image\/jpeg\" \/>\n<meta name=\"author\" content=\"F\u00dcR Karlsruhe im Gemeinderat\" \/>\n<meta name=\"twitter:card\" content=\"summary_large_image\" \/>\n<meta name=\"twitter:creator\" content=\"@https:\/\/www.twitter.com\/SchlittenhardtM\" \/>\n<meta name=\"twitter:site\" content=\"@fwfuer\" \/>\n<meta name=\"twitter:label1\" content=\"Scris de\" \/>\n\t<meta name=\"twitter:data1\" content=\"F\u00dcR Karlsruhe im Gemeinderat\" \/>\n\t<meta name=\"twitter:label2\" content=\"Timp estimat pentru citire\" \/>\n\t<meta name=\"twitter:data2\" content=\"2 minute\" \/>\n<script type=\"application\/ld+json\" class=\"yoast-schema-graph\">{\"@context\":\"https:\\\/\\\/schema.org\",\"@graph\":[{\"@type\":\"NewsArticle\",\"@id\":\"https:\\\/\\\/fwfuer.de\\\/ro\\\/in-dialog-podcast-despre-hidrogen-si-incalzire-in-karlsruhe-7493\\\/#article\",\"isPartOf\":{\"@id\":\"https:\\\/\\\/fwfuer.de\\\/ro\\\/in-dialog-podcast-despre-hidrogen-si-incalzire-in-karlsruhe-7493\\\/\"},\"author\":{\"name\":\"F\u00dcR Karlsruhe im Gemeinderat\",\"@id\":\"https:\\\/\\\/fwfuer.de\\\/ro\\\/#\\\/schema\\\/person\\\/84fbd80d001f4b437100c64ef6a47902\"},\"headline\":\"\u00cen dialog: Podcast despre hidrogen \u0219i \u00eenc\u0103lzire \u00een Karlsruhe\",\"datePublished\":\"2023-11-28T05:58:00+00:00\",\"dateModified\":\"2024-07-29T08:50:01+00:00\",\"mainEntityOfPage\":{\"@id\":\"https:\\\/\\\/fwfuer.de\\\/ro\\\/in-dialog-podcast-despre-hidrogen-si-incalzire-in-karlsruhe-7493\\\/\"},\"wordCount\":402,\"publisher\":{\"@id\":\"https:\\\/\\\/fwfuer.de\\\/ro\\\/#organization\"},\"articleSection\":[\"Comunicate de pres\u0103\"],\"inLanguage\":\"ro-RO\"},{\"@type\":\"WebPage\",\"@id\":\"https:\\\/\\\/fwfuer.de\\\/ro\\\/in-dialog-podcast-despre-hidrogen-si-incalzire-in-karlsruhe-7493\\\/\",\"url\":\"https:\\\/\\\/fwfuer.de\\\/ro\\\/in-dialog-podcast-despre-hidrogen-si-incalzire-in-karlsruhe-7493\\\/\",\"name\":\"\u00cen dialog: Podcast despre hidrogen \u0219i \u00eenc\u0103lzire \u00een Karlsruhe - Freie W\u00e4hler | F\u00dcR Karlsruhe \u00een Consiliul Municipal Karlsruhe\",\"isPartOf\":{\"@id\":\"https:\\\/\\\/fwfuer.de\\\/ro\\\/#website\"},\"datePublished\":\"2023-11-28T05:58:00+00:00\",\"dateModified\":\"2024-07-29T08:50:01+00:00\",\"description\":\"Die Pressemeldungen von F\u00dcR Karlsruhe im Gemeinderat der Stadt Karlsruhe. Hier ver\u00f6ffentlichen wir alle News rund um die Entscheidungen der Stadt Karlsruhe, unserer Anfragen und Initiativen im Karlsruher Gemeinderat.\",\"breadcrumb\":{\"@id\":\"https:\\\/\\\/fwfuer.de\\\/ro\\\/in-dialog-podcast-despre-hidrogen-si-incalzire-in-karlsruhe-7493\\\/#breadcrumb\"},\"inLanguage\":\"ro-RO\",\"potentialAction\":[{\"@type\":\"ReadAction\",\"target\":[\"https:\\\/\\\/fwfuer.de\\\/ro\\\/in-dialog-podcast-despre-hidrogen-si-incalzire-in-karlsruhe-7493\\\/\"]}]},{\"@type\":\"BreadcrumbList\",\"@id\":\"https:\\\/\\\/fwfuer.de\\\/ro\\\/in-dialog-podcast-despre-hidrogen-si-incalzire-in-karlsruhe-7493\\\/#breadcrumb\",\"itemListElement\":[{\"@type\":\"ListItem\",\"position\":1,\"name\":\"Startseite\",\"item\":\"https:\\\/\\\/fwfuer.de\\\/ro\\\/acasa\\\/\"},{\"@type\":\"ListItem\",\"position\":2,\"name\":\"\u00cen dialog: Podcast despre hidrogen \u0219i \u00eenc\u0103lzire \u00een Karlsruhe\"}]},{\"@type\":\"WebSite\",\"@id\":\"https:\\\/\\\/fwfuer.de\\\/ro\\\/#website\",\"url\":\"https:\\\/\\\/fwfuer.de\\\/ro\\\/\",\"name\":\"Freie W\u00e4hler | F\u00dcR Karlsruhe \u00een Consiliul Municipal Karlsruhe\",\"description\":\"Grupul liber al consilierilor din Karlsruhe\",\"publisher\":{\"@id\":\"https:\\\/\\\/fwfuer.de\\\/ro\\\/#organization\"},\"alternateName\":\"F\u00dcR KARLSRUHE im Gemeinderat\",\"potentialAction\":[{\"@type\":\"SearchAction\",\"target\":{\"@type\":\"EntryPoint\",\"urlTemplate\":\"https:\\\/\\\/fwfuer.de\\\/ro\\\/?s={search_term_string}\"},\"query-input\":{\"@type\":\"PropertyValueSpecification\",\"valueRequired\":true,\"valueName\":\"search_term_string\"}}],\"inLanguage\":\"ro-RO\"},{\"@type\":\"Organization\",\"@id\":\"https:\\\/\\\/fwfuer.de\\\/ro\\\/#organization\",\"name\":\"F\u00dcR Karlsruhe im Gemeinderat\",\"alternateName\":\"F\u00dcR Karlsruhe mit Stadtrat Friedemann Kalmbach\",\"url\":\"https:\\\/\\\/fwfuer.de\\\/ro\\\/\",\"logo\":{\"@type\":\"ImageObject\",\"inLanguage\":\"ro-RO\",\"@id\":\"https:\\\/\\\/fwfuer.de\\\/ro\\\/#\\\/schema\\\/logo\\\/image\\\/\",\"url\":\"https:\\\/\\\/fwfuer.de\\\/wp-content\\\/uploads\\\/2024\\\/07\\\/cropped-Logo-1.png\",\"contentUrl\":\"https:\\\/\\\/fwfuer.de\\\/wp-content\\\/uploads\\\/2024\\\/07\\\/cropped-Logo-1.png\",\"width\":512,\"height\":512,\"caption\":\"F\u00dcR Karlsruhe im Gemeinderat\"},\"image\":{\"@id\":\"https:\\\/\\\/fwfuer.de\\\/ro\\\/#\\\/schema\\\/logo\\\/image\\\/\"},\"sameAs\":[\"https:\\\/\\\/www.facebook.com\\\/fwfuer\",\"https:\\\/\\\/x.com\\\/fwfuer\",\"https:\\\/\\\/www.instagram.com\\\/fuerka.de\",\"https:\\\/\\\/de.linkedin.com\\\/company\\\/fw-fr-karlsruhe-gemeinderatsfraktion\",\"https:\\\/\\\/tiktok.com\\\/@fuerka.de\"]},{\"@type\":\"Person\",\"@id\":\"https:\\\/\\\/fwfuer.de\\\/ro\\\/#\\\/schema\\\/person\\\/84fbd80d001f4b437100c64ef6a47902\",\"name\":\"F\u00dcR Karlsruhe im Gemeinderat\",\"description\":\"Fraktionsgesch\u00e4ftsf\u00fchrer der FW|F\u00dcR Fraktion im Karlsruher Gemeinderat.\",\"sameAs\":[\"https:\\\/\\\/www.facebook.com\\\/SchlittenhardtM\",\"https:\\\/\\\/www.instagram.com\\\/SchlittenhardtM\",\"https:\\\/\\\/x.com\\\/https:\\\/\\\/www.twitter.com\\\/SchlittenhardtM\"]}]}<\/script>\n<!-- \/ Yoast SEO plugin. -->","yoast_head_json":{"title":"\u00cen dialog: Podcast despre hidrogen \u0219i \u00eenc\u0103lzire \u00een Karlsruhe - Freie W\u00e4hler | F\u00dcR Karlsruhe \u00een Consiliul Municipal Karlsruhe","description":"Die Pressemeldungen von F\u00dcR Karlsruhe im Gemeinderat der Stadt Karlsruhe. Hier ver\u00f6ffentlichen wir alle News rund um die Entscheidungen der Stadt Karlsruhe, unserer Anfragen und Initiativen im Karlsruher Gemeinderat.","robots":{"index":"index","follow":"follow","max-snippet":"max-snippet:-1","max-image-preview":"max-image-preview:large","max-video-preview":"max-video-preview:-1"},"canonical":"https:\/\/fwfuer.de\/ro\/in-dialog-podcast-despre-hidrogen-si-incalzire-in-karlsruhe-7493\/","og_locale":"ro_RO","og_type":"article","og_title":"\u00cen dialog: Podcast despre hidrogen \u0219i \u00eenc\u0103lzire \u00een Karlsruhe - Freie W\u00e4hler | F\u00dcR Karlsruhe \u00een Consiliul Municipal Karlsruhe","og_description":"Die Pressemeldungen von F\u00dcR Karlsruhe im Gemeinderat der Stadt Karlsruhe. Hier ver\u00f6ffentlichen wir alle News rund um die Entscheidungen der Stadt Karlsruhe, unserer Anfragen und Initiativen im Karlsruher Gemeinderat.","og_url":"https:\/\/fwfuer.de\/ro\/in-dialog-podcast-despre-hidrogen-si-incalzire-in-karlsruhe-7493\/","og_site_name":"Freie W\u00e4hler | F\u00dcR Karlsruhe \u00een Consiliul Municipal Karlsruhe","article_publisher":"https:\/\/www.facebook.com\/fwfuer","article_author":"https:\/\/www.facebook.com\/SchlittenhardtM","article_published_time":"2023-11-28T05:58:00+00:00","article_modified_time":"2024-07-29T08:50:01+00:00","og_image":[{"width":2880,"height":2160,"url":"https:\/\/fwfuer.de\/wp-content\/uploads\/2022\/10\/FriedemannOnlineSchulung-scaled.jpeg","type":"image\/jpeg"}],"author":"F\u00dcR Karlsruhe im Gemeinderat","twitter_card":"summary_large_image","twitter_creator":"@https:\/\/www.twitter.com\/SchlittenhardtM","twitter_site":"@fwfuer","twitter_misc":{"Scris de":"F\u00dcR Karlsruhe im Gemeinderat","Timp estimat pentru citire":"2 minute"},"schema":{"@context":"https:\/\/schema.org","@graph":[{"@type":"NewsArticle","@id":"https:\/\/fwfuer.de\/ro\/in-dialog-podcast-despre-hidrogen-si-incalzire-in-karlsruhe-7493\/#article","isPartOf":{"@id":"https:\/\/fwfuer.de\/ro\/in-dialog-podcast-despre-hidrogen-si-incalzire-in-karlsruhe-7493\/"},"author":{"name":"F\u00dcR Karlsruhe im Gemeinderat","@id":"https:\/\/fwfuer.de\/ro\/#\/schema\/person\/84fbd80d001f4b437100c64ef6a47902"},"headline":"\u00cen dialog: Podcast despre hidrogen \u0219i \u00eenc\u0103lzire \u00een Karlsruhe","datePublished":"2023-11-28T05:58:00+00:00","dateModified":"2024-07-29T08:50:01+00:00","mainEntityOfPage":{"@id":"https:\/\/fwfuer.de\/ro\/in-dialog-podcast-despre-hidrogen-si-incalzire-in-karlsruhe-7493\/"},"wordCount":402,"publisher":{"@id":"https:\/\/fwfuer.de\/ro\/#organization"},"articleSection":["Comunicate de pres\u0103"],"inLanguage":"ro-RO"},{"@type":"WebPage","@id":"https:\/\/fwfuer.de\/ro\/in-dialog-podcast-despre-hidrogen-si-incalzire-in-karlsruhe-7493\/","url":"https:\/\/fwfuer.de\/ro\/in-dialog-podcast-despre-hidrogen-si-incalzire-in-karlsruhe-7493\/","name":"\u00cen dialog: Podcast despre hidrogen \u0219i \u00eenc\u0103lzire \u00een Karlsruhe - Freie W\u00e4hler | F\u00dcR Karlsruhe \u00een Consiliul Municipal Karlsruhe","isPartOf":{"@id":"https:\/\/fwfuer.de\/ro\/#website"},"datePublished":"2023-11-28T05:58:00+00:00","dateModified":"2024-07-29T08:50:01+00:00","description":"Die Pressemeldungen von F\u00dcR Karlsruhe im Gemeinderat der Stadt Karlsruhe. Hier ver\u00f6ffentlichen wir alle News rund um die Entscheidungen der Stadt Karlsruhe, unserer Anfragen und Initiativen im Karlsruher Gemeinderat.","breadcrumb":{"@id":"https:\/\/fwfuer.de\/ro\/in-dialog-podcast-despre-hidrogen-si-incalzire-in-karlsruhe-7493\/#breadcrumb"},"inLanguage":"ro-RO","potentialAction":[{"@type":"ReadAction","target":["https:\/\/fwfuer.de\/ro\/in-dialog-podcast-despre-hidrogen-si-incalzire-in-karlsruhe-7493\/"]}]},{"@type":"BreadcrumbList","@id":"https:\/\/fwfuer.de\/ro\/in-dialog-podcast-despre-hidrogen-si-incalzire-in-karlsruhe-7493\/#breadcrumb","itemListElement":[{"@type":"ListItem","position":1,"name":"Startseite","item":"https:\/\/fwfuer.de\/ro\/acasa\/"},{"@type":"ListItem","position":2,"name":"\u00cen dialog: Podcast despre hidrogen \u0219i \u00eenc\u0103lzire \u00een Karlsruhe"}]},{"@type":"WebSite","@id":"https:\/\/fwfuer.de\/ro\/#website","url":"https:\/\/fwfuer.de\/ro\/","name":"Freie W\u00e4hler | F\u00dcR Karlsruhe \u00een Consiliul Municipal Karlsruhe","description":"Grupul liber al consilierilor din Karlsruhe","publisher":{"@id":"https:\/\/fwfuer.de\/ro\/#organization"},"alternateName":"F\u00dcR KARLSRUHE im Gemeinderat","potentialAction":[{"@type":"SearchAction","target":{"@type":"EntryPoint","urlTemplate":"https:\/\/fwfuer.de\/ro\/?s={search_term_string}"},"query-input":{"@type":"PropertyValueSpecification","valueRequired":true,"valueName":"search_term_string"}}],"inLanguage":"ro-RO"},{"@type":"Organization","@id":"https:\/\/fwfuer.de\/ro\/#organization","name":"F\u00dcR Karlsruhe im Gemeinderat","alternateName":"F\u00dcR Karlsruhe mit Stadtrat Friedemann Kalmbach","url":"https:\/\/fwfuer.de\/ro\/","logo":{"@type":"ImageObject","inLanguage":"ro-RO","@id":"https:\/\/fwfuer.de\/ro\/#\/schema\/logo\/image\/","url":"https:\/\/fwfuer.de\/wp-content\/uploads\/2024\/07\/cropped-Logo-1.png","contentUrl":"https:\/\/fwfuer.de\/wp-content\/uploads\/2024\/07\/cropped-Logo-1.png","width":512,"height":512,"caption":"F\u00dcR Karlsruhe im Gemeinderat"},"image":{"@id":"https:\/\/fwfuer.de\/ro\/#\/schema\/logo\/image\/"},"sameAs":["https:\/\/www.facebook.com\/fwfuer","https:\/\/x.com\/fwfuer","https:\/\/www.instagram.com\/fuerka.de","https:\/\/de.linkedin.com\/company\/fw-fr-karlsruhe-gemeinderatsfraktion","https:\/\/tiktok.com\/@fuerka.de"]},{"@type":"Person","@id":"https:\/\/fwfuer.de\/ro\/#\/schema\/person\/84fbd80d001f4b437100c64ef6a47902","name":"F\u00dcR Karlsruhe im Gemeinderat","description":"Fraktionsgesch\u00e4ftsf\u00fchrer der FW|F\u00dcR Fraktion im Karlsruher Gemeinderat.","sameAs":["https:\/\/www.facebook.com\/SchlittenhardtM","https:\/\/www.instagram.com\/SchlittenhardtM","https:\/\/x.com\/https:\/\/www.twitter.com\/SchlittenhardtM"]}]}},"_links":{"self":[{"href":"https:\/\/fwfuer.de\/ro\/wp-json\/wp\/v2\/posts\/7493","targetHints":{"allow":["GET"]}}],"collection":[{"href":"https:\/\/fwfuer.de\/ro\/wp-json\/wp\/v2\/posts"}],"about":[{"href":"https:\/\/fwfuer.de\/ro\/wp-json\/wp\/v2\/types\/post"}],"author":[{"embeddable":true,"href":"https:\/\/fwfuer.de\/ro\/wp-json\/wp\/v2\/users\/1"}],"replies":[{"embeddable":true,"href":"https:\/\/fwfuer.de\/ro\/wp-json\/wp\/v2\/comments?post=7493"}],"version-history":[{"count":2,"href":"https:\/\/fwfuer.de\/ro\/wp-json\/wp\/v2\/posts\/7493\/revisions"}],"predecessor-version":[{"id":7762,"href":"https:\/\/fwfuer.de\/ro\/wp-json\/wp\/v2\/posts\/7493\/revisions\/7762"}],"wp:attachment":[{"href":"https:\/\/fwfuer.de\/ro\/wp-json\/wp\/v2\/media?parent=7493"}],"wp:term":[{"taxonomy":"category","embeddable":true,"href":"https:\/\/fwfuer.de\/ro\/wp-json\/wp\/v2\/categories?post=7493"},{"taxonomy":"post_tag","embeddable":true,"href":"https:\/\/fwfuer.de\/ro\/wp-json\/wp\/v2\/tags?post=7493"}],"curies":[{"name":"wp","href":"https:\/\/api.w.org\/{rel}","templated":true}]}}