{"id":7508,"date":"2023-12-07T11:13:36","date_gmt":"2023-12-07T10:13:36","guid":{"rendered":"https:\/\/fwfuer.de\/decizii-rapide-de-personal-in-administratia-orasului-7508\/"},"modified":"2024-07-29T10:49:52","modified_gmt":"2024-07-29T08:49:52","slug":"decizii-rapide-de-personal-in-administratia-orasului","status":"publish","type":"post","link":"https:\/\/fwfuer.de\/ro\/decizii-rapide-de-personal-in-administratia-orasului-7508\/","title":{"rendered":"Decizii rapide de personal \u00een administra\u021bia ora\u0219ului"},"content":{"rendered":"\n<p>Grupul parlamentar al Aleg\u0103torilor Liberi \u0219i F\u00dcR Karlsruhe se angajeaz\u0103 s\u0103 ia decizii eficiente privind personalul din administra\u021bia ora\u0219ului. Un nou concept \u00een cadrul Comitetului pentru personal are ca scop accelerarea proceselor, astfel \u00eenc\u00e2t posturile de personal s\u0103 poat\u0103 fi eliberate mai repede. M\u0103sura se axeaz\u0103 pe introducerea procedurii de circula\u021bie a deciziilor de personal. Acest lucru permite procesarea rapid\u0103 a cererilor \u0219i ocuparea prompt\u0103 a posturilor cheie. Anterior, solicitan\u021bii trebuiau adesea s\u0103 a\u0219tepte mai multe luni pentru a primi un r\u0103spuns, ceea ce provoca nu numai frustrare, ci \u0219i incertitudine. Acest lucru a dus adesea la retragerea candidaturilor de c\u0103tre candida\u021bii califica\u021bi, deoarece au fost accepta\u021bi mai repede \u00een alt\u0103 parte.<\/p>\n\n<p>&#8222;Ne a\u0219tept\u0103m ca introducerea acestor m\u0103suri s\u0103 \u00eembun\u0103t\u0103\u021beasc\u0103 semnificativ procesele noastre de recrutare a personalului. Nu numai candida\u021bii beneficiaz\u0103 de decizii mai rapide, ci \u0219i administra\u021bia ora\u0219ului, care beneficiaz\u0103 de o ocupare mai eficient\u0103 a posturilor importante&#8221;, spune consilierul municipal Petra Lorenz.<\/p>\n\n<p>\u00cen viitor, Comitetul pentru personal va fi convocat \u00een termen scurt, \u00een termen de 14 zile, \u00een special atunci c\u00e2nd se fac numiri \u00een posturi de \u0219ef de birou. Acest interval de timp face posibil\u0103 ocuparea prompt\u0103 a posturilor vacante \u0219i, astfel, se evit\u0103 ca posturile critice s\u0103 r\u0103m\u00e2n\u0103 neocupate pentru perioade lungi de timp.<\/p>\n\n<p>\u00cen cadrul negocierilor bugetare, mo\u021biunea depus\u0103 de Freie W\u00e4hler \u0219i F\u00dcR Karlsruhe a fost trimis\u0103 la Comisia pentru personal, unde va fi discutat\u0103 mai \u00een detaliu.<\/p>\n\n<div class=\"wp-block-divi-layout\">[et_pb_section fb_built=&#8221;1&#8243; theme_builder_area=&#8221;post_content&#8221; _builder_version=&#8221;4.23.1&#8243; _module_preset=&#8221;default&#8221;][et_pb_row _builder_version=&#8221;4.23.1&#8243; _module_preset=&#8221;default&#8221; theme_builder_area=&#8221;post_content&#8221;][et_pb_column _builder_version=&#8221;4.23.1&#8243; _module_preset=&#8221;default&#8221; type=&#8221;4_4&#8243; theme_builder_area=&#8221;post_content&#8221;][dipl_faq_page_schema _builder_version=&#8221;4.23.1&#8243; _module_preset=&#8221;default&#8221; theme_builder_area=&#8221;post_content&#8221; title=&#8221;\u00ceNTREB\u0102RI FRECVENTE&#8221; hover_enabled=&#8221;0&#8243; sticky_enabled=&#8221;0&#8243;][dipl_faq_page_schema_item _builder_version=&#8221;4.23.1&#8243; _module_preset=&#8221;default&#8221; theme_builder_area=&#8221;post_content&#8221; faq_question=&#8221;Warum ist eine schnelle Personalentscheidung wichtig?&#8221; hover_enabled=&#8221;0&#8243; sticky_enabled=&#8221;0&#8243;]<p>Deciziile rapide \u00een materie de personal sunt importante pentru a oferi solicitan\u021bilor un feedback prompt \u0219i pentru a evita incertitudinea. De asemenea, acestea permit ocuparea eficient\u0103 a posturilor importante din administra\u021bia ora\u0219ului.<\/p>[\/dipl_faq_page_schema_item][dipl_faq_page_schema_item _builder_version=&#8221;4.23.1&#8243; _module_preset=&#8221;default&#8221; theme_builder_area=&#8221;post_content&#8221; faq_question=&#8221;Wie wird das Umlaufverfahren f\u00fcr Personalentscheidungen umgesetzt?&#8221; hover_enabled=&#8221;0&#8243; sticky_enabled=&#8221;0&#8243;]<p>Procedura de circula\u021bie permite procesarea rapid\u0103 a cererilor \u0219i a deciziilor. Acest lucru permite Comitetului pentru personal s\u0103 ia decizii prompte cu privire la posturile de personal \u0219i s\u0103 ocupe rapid posturile vacante.<\/p>[\/dipl_faq_page_schema_item][dipl_faq_page_schema_item _builder_version=&#8221;4.23.1&#8243; _module_preset=&#8221;default&#8221; theme_builder_area=&#8221;post_content&#8221; faq_question=&#8221;Welche Vorteile bringt die beschleunigte Personalentscheidung f\u00fcr die Stadtverwaltung?&#8221; hover_enabled=&#8221;0&#8243; sticky_enabled=&#8221;0&#8243;]<p>Dotarea eficient\u0103 a posturilor-cheie \u00eembun\u0103t\u0103\u021be\u0219te calitatea activit\u0103\u021bii administrative. De asemenea, cre\u0219te atractivitatea ora\u0219ului Karlsruhe ca angajator.<\/p>[\/dipl_faq_page_schema_item][\/dipl_faq_page_schema][\/et_pb_column][\/et_pb_row][\/et_pb_section]<\/div>\n","protected":false},"excerpt":{"rendered":"<p>Grupul parlamentar al Aleg\u0103torilor Liberi \u0219i F\u00dcR Karlsruhe se angajeaz\u0103 s\u0103 ia decizii eficiente privind personalul din administra\u021bia ora\u0219ului. Un nou concept \u00een cadrul Comitetului pentru personal are ca scop accelerarea proceselor, astfel \u00eenc\u00e2t posturile de personal s\u0103 poat\u0103 fi eliberate mai repede. M\u0103sura se axeaz\u0103 pe introducerea procedurii de circula\u021bie a deciziilor de personal. [&hellip;]<\/p>\n","protected":false},"author":2,"featured_media":0,"comment_status":"closed","ping_status":"closed","sticky":false,"template":"","format":"standard","meta":{"_acf_changed":false,"_et_pb_use_builder":"off","_et_pb_old_content":"","_et_gb_content_width":"","footnotes":"","_links_to":"","_links_to_target":""},"categories":[83],"tags":[],"class_list":["post-7508","post","type-post","status-publish","format-standard","hentry","category-comunicate-presa"],"acf":[],"yoast_head":"<!-- This site is optimized with the Yoast SEO plugin v27.5 - https:\/\/yoast.com\/product\/yoast-seo-wordpress\/ -->\n<title>Decizii rapide de personal \u00een administra\u021bia ora\u0219ului - Freie W\u00e4hler | F\u00dcR Karlsruhe \u00een Consiliul Municipal Karlsruhe<\/title>\n<meta name=\"description\" content=\"Die Pressemeldungen von F\u00dcR Karlsruhe im Gemeinderat der Stadt Karlsruhe. Hier ver\u00f6ffentlichen wir alle News rund um die Entscheidungen der Stadt Karlsruhe, unserer Anfragen und Initiativen im Karlsruher Gemeinderat.\" \/>\n<meta name=\"robots\" content=\"index, follow, max-snippet:-1, max-image-preview:large, max-video-preview:-1\" \/>\n<link rel=\"canonical\" href=\"https:\/\/fwfuer.de\/ro\/decizii-rapide-de-personal-in-administratia-orasului-7508\/\" \/>\n<meta property=\"og:locale\" content=\"ro_RO\" \/>\n<meta property=\"og:type\" content=\"article\" \/>\n<meta property=\"og:title\" content=\"Decizii rapide de personal \u00een administra\u021bia ora\u0219ului - Freie W\u00e4hler | F\u00dcR Karlsruhe \u00een Consiliul Municipal Karlsruhe\" \/>\n<meta property=\"og:description\" content=\"Die Pressemeldungen von F\u00dcR Karlsruhe im Gemeinderat der Stadt Karlsruhe. Hier ver\u00f6ffentlichen wir alle News rund um die Entscheidungen der Stadt Karlsruhe, unserer Anfragen und Initiativen im Karlsruher Gemeinderat.\" \/>\n<meta property=\"og:url\" content=\"https:\/\/fwfuer.de\/ro\/decizii-rapide-de-personal-in-administratia-orasului-7508\/\" \/>\n<meta property=\"og:site_name\" content=\"Freie W\u00e4hler | F\u00dcR Karlsruhe \u00een Consiliul Municipal Karlsruhe\" \/>\n<meta property=\"article:publisher\" content=\"https:\/\/www.facebook.com\/fwfuer\" \/>\n<meta property=\"article:published_time\" content=\"2023-12-07T10:13:36+00:00\" \/>\n<meta property=\"article:modified_time\" content=\"2024-07-29T08:49:52+00:00\" \/>\n<meta property=\"og:image\" content=\"https:\/\/fwfuer.de\/wp-content\/uploads\/2022\/10\/FriedemannOnlineSchulung-scaled.jpeg\" \/>\n\t<meta property=\"og:image:width\" content=\"2880\" \/>\n\t<meta property=\"og:image:height\" content=\"2160\" \/>\n\t<meta property=\"og:image:type\" content=\"image\/jpeg\" \/>\n<meta name=\"author\" content=\"F\u00dcR Karlsruhe im Gemeinderat\" \/>\n<meta name=\"twitter:card\" content=\"summary_large_image\" \/>\n<meta name=\"twitter:creator\" content=\"@fwfuer\" \/>\n<meta name=\"twitter:site\" content=\"@fwfuer\" \/>\n<meta name=\"twitter:label1\" content=\"Scris de\" \/>\n\t<meta name=\"twitter:data1\" content=\"F\u00dcR Karlsruhe im Gemeinderat\" \/>\n\t<meta name=\"twitter:label2\" content=\"Timp estimat pentru citire\" \/>\n\t<meta name=\"twitter:data2\" content=\"3 minute\" \/>\n<script type=\"application\/ld+json\" class=\"yoast-schema-graph\">{\"@context\":\"https:\\\/\\\/schema.org\",\"@graph\":[{\"@type\":\"NewsArticle\",\"@id\":\"https:\\\/\\\/fwfuer.de\\\/ro\\\/decizii-rapide-de-personal-in-administratia-orasului-7508\\\/#article\",\"isPartOf\":{\"@id\":\"https:\\\/\\\/fwfuer.de\\\/ro\\\/decizii-rapide-de-personal-in-administratia-orasului-7508\\\/\"},\"author\":{\"name\":\"F\u00dcR Karlsruhe im Gemeinderat\",\"@id\":\"https:\\\/\\\/fwfuer.de\\\/ro\\\/#\\\/schema\\\/person\\\/b320b9d84a937dd6e9f2d80be1055c19\"},\"headline\":\"Decizii rapide de personal \u00een administra\u021bia ora\u0219ului\",\"datePublished\":\"2023-12-07T10:13:36+00:00\",\"dateModified\":\"2024-07-29T08:49:52+00:00\",\"mainEntityOfPage\":{\"@id\":\"https:\\\/\\\/fwfuer.de\\\/ro\\\/decizii-rapide-de-personal-in-administratia-orasului-7508\\\/\"},\"wordCount\":541,\"publisher\":{\"@id\":\"https:\\\/\\\/fwfuer.de\\\/ro\\\/#organization\"},\"articleSection\":[\"Comunicate de pres\u0103\"],\"inLanguage\":\"ro-RO\"},{\"@type\":\"WebPage\",\"@id\":\"https:\\\/\\\/fwfuer.de\\\/ro\\\/decizii-rapide-de-personal-in-administratia-orasului-7508\\\/\",\"url\":\"https:\\\/\\\/fwfuer.de\\\/ro\\\/decizii-rapide-de-personal-in-administratia-orasului-7508\\\/\",\"name\":\"Decizii rapide de personal \u00een administra\u021bia ora\u0219ului - Freie W\u00e4hler | F\u00dcR Karlsruhe \u00een Consiliul Municipal Karlsruhe\",\"isPartOf\":{\"@id\":\"https:\\\/\\\/fwfuer.de\\\/ro\\\/#website\"},\"datePublished\":\"2023-12-07T10:13:36+00:00\",\"dateModified\":\"2024-07-29T08:49:52+00:00\",\"description\":\"Die Pressemeldungen von F\u00dcR Karlsruhe im Gemeinderat der Stadt Karlsruhe. Hier ver\u00f6ffentlichen wir alle News rund um die Entscheidungen der Stadt Karlsruhe, unserer Anfragen und Initiativen im Karlsruher Gemeinderat.\",\"breadcrumb\":{\"@id\":\"https:\\\/\\\/fwfuer.de\\\/ro\\\/decizii-rapide-de-personal-in-administratia-orasului-7508\\\/#breadcrumb\"},\"inLanguage\":\"ro-RO\",\"potentialAction\":[{\"@type\":\"ReadAction\",\"target\":[\"https:\\\/\\\/fwfuer.de\\\/ro\\\/decizii-rapide-de-personal-in-administratia-orasului-7508\\\/\"]}]},{\"@type\":\"BreadcrumbList\",\"@id\":\"https:\\\/\\\/fwfuer.de\\\/ro\\\/decizii-rapide-de-personal-in-administratia-orasului-7508\\\/#breadcrumb\",\"itemListElement\":[{\"@type\":\"ListItem\",\"position\":1,\"name\":\"Startseite\",\"item\":\"https:\\\/\\\/fwfuer.de\\\/ro\\\/acasa\\\/\"},{\"@type\":\"ListItem\",\"position\":2,\"name\":\"Decizii rapide de personal \u00een administra\u021bia ora\u0219ului\"}]},{\"@type\":\"WebSite\",\"@id\":\"https:\\\/\\\/fwfuer.de\\\/ro\\\/#website\",\"url\":\"https:\\\/\\\/fwfuer.de\\\/ro\\\/\",\"name\":\"Freie W\u00e4hler | F\u00dcR Karlsruhe \u00een Consiliul Municipal Karlsruhe\",\"description\":\"Grupul liber al consilierilor din Karlsruhe\",\"publisher\":{\"@id\":\"https:\\\/\\\/fwfuer.de\\\/ro\\\/#organization\"},\"alternateName\":\"F\u00dcR KARLSRUHE im Gemeinderat\",\"potentialAction\":[{\"@type\":\"SearchAction\",\"target\":{\"@type\":\"EntryPoint\",\"urlTemplate\":\"https:\\\/\\\/fwfuer.de\\\/ro\\\/?s={search_term_string}\"},\"query-input\":{\"@type\":\"PropertyValueSpecification\",\"valueRequired\":true,\"valueName\":\"search_term_string\"}}],\"inLanguage\":\"ro-RO\"},{\"@type\":\"Organization\",\"@id\":\"https:\\\/\\\/fwfuer.de\\\/ro\\\/#organization\",\"name\":\"F\u00dcR Karlsruhe im Gemeinderat\",\"alternateName\":\"F\u00dcR Karlsruhe mit Stadtrat Friedemann Kalmbach\",\"url\":\"https:\\\/\\\/fwfuer.de\\\/ro\\\/\",\"logo\":{\"@type\":\"ImageObject\",\"inLanguage\":\"ro-RO\",\"@id\":\"https:\\\/\\\/fwfuer.de\\\/ro\\\/#\\\/schema\\\/logo\\\/image\\\/\",\"url\":\"https:\\\/\\\/fwfuer.de\\\/wp-content\\\/uploads\\\/2024\\\/07\\\/cropped-Logo-1.png\",\"contentUrl\":\"https:\\\/\\\/fwfuer.de\\\/wp-content\\\/uploads\\\/2024\\\/07\\\/cropped-Logo-1.png\",\"width\":512,\"height\":512,\"caption\":\"F\u00dcR Karlsruhe im Gemeinderat\"},\"image\":{\"@id\":\"https:\\\/\\\/fwfuer.de\\\/ro\\\/#\\\/schema\\\/logo\\\/image\\\/\"},\"sameAs\":[\"https:\\\/\\\/www.facebook.com\\\/fwfuer\",\"https:\\\/\\\/x.com\\\/fwfuer\",\"https:\\\/\\\/www.instagram.com\\\/fuerka.de\",\"https:\\\/\\\/de.linkedin.com\\\/company\\\/fw-fr-karlsruhe-gemeinderatsfraktion\",\"https:\\\/\\\/tiktok.com\\\/@fuerka.de\"]},{\"@type\":\"Person\",\"@id\":\"https:\\\/\\\/fwfuer.de\\\/ro\\\/#\\\/schema\\\/person\\\/b320b9d84a937dd6e9f2d80be1055c19\",\"name\":\"F\u00dcR Karlsruhe im Gemeinderat\"}]}<\/script>\n<!-- \/ Yoast SEO plugin. -->","yoast_head_json":{"title":"Decizii rapide de personal \u00een administra\u021bia ora\u0219ului - Freie W\u00e4hler | F\u00dcR Karlsruhe \u00een Consiliul Municipal Karlsruhe","description":"Die Pressemeldungen von F\u00dcR Karlsruhe im Gemeinderat der Stadt Karlsruhe. Hier ver\u00f6ffentlichen wir alle News rund um die Entscheidungen der Stadt Karlsruhe, unserer Anfragen und Initiativen im Karlsruher Gemeinderat.","robots":{"index":"index","follow":"follow","max-snippet":"max-snippet:-1","max-image-preview":"max-image-preview:large","max-video-preview":"max-video-preview:-1"},"canonical":"https:\/\/fwfuer.de\/ro\/decizii-rapide-de-personal-in-administratia-orasului-7508\/","og_locale":"ro_RO","og_type":"article","og_title":"Decizii rapide de personal \u00een administra\u021bia ora\u0219ului - Freie W\u00e4hler | F\u00dcR Karlsruhe \u00een Consiliul Municipal Karlsruhe","og_description":"Die Pressemeldungen von F\u00dcR Karlsruhe im Gemeinderat der Stadt Karlsruhe. Hier ver\u00f6ffentlichen wir alle News rund um die Entscheidungen der Stadt Karlsruhe, unserer Anfragen und Initiativen im Karlsruher Gemeinderat.","og_url":"https:\/\/fwfuer.de\/ro\/decizii-rapide-de-personal-in-administratia-orasului-7508\/","og_site_name":"Freie W\u00e4hler | F\u00dcR Karlsruhe \u00een Consiliul Municipal Karlsruhe","article_publisher":"https:\/\/www.facebook.com\/fwfuer","article_published_time":"2023-12-07T10:13:36+00:00","article_modified_time":"2024-07-29T08:49:52+00:00","og_image":[{"width":2880,"height":2160,"url":"https:\/\/fwfuer.de\/wp-content\/uploads\/2022\/10\/FriedemannOnlineSchulung-scaled.jpeg","type":"image\/jpeg"}],"author":"F\u00dcR Karlsruhe im Gemeinderat","twitter_card":"summary_large_image","twitter_creator":"@fwfuer","twitter_site":"@fwfuer","twitter_misc":{"Scris de":"F\u00dcR Karlsruhe im Gemeinderat","Timp estimat pentru citire":"3 minute"},"schema":{"@context":"https:\/\/schema.org","@graph":[{"@type":"NewsArticle","@id":"https:\/\/fwfuer.de\/ro\/decizii-rapide-de-personal-in-administratia-orasului-7508\/#article","isPartOf":{"@id":"https:\/\/fwfuer.de\/ro\/decizii-rapide-de-personal-in-administratia-orasului-7508\/"},"author":{"name":"F\u00dcR Karlsruhe im Gemeinderat","@id":"https:\/\/fwfuer.de\/ro\/#\/schema\/person\/b320b9d84a937dd6e9f2d80be1055c19"},"headline":"Decizii rapide de personal \u00een administra\u021bia ora\u0219ului","datePublished":"2023-12-07T10:13:36+00:00","dateModified":"2024-07-29T08:49:52+00:00","mainEntityOfPage":{"@id":"https:\/\/fwfuer.de\/ro\/decizii-rapide-de-personal-in-administratia-orasului-7508\/"},"wordCount":541,"publisher":{"@id":"https:\/\/fwfuer.de\/ro\/#organization"},"articleSection":["Comunicate de pres\u0103"],"inLanguage":"ro-RO"},{"@type":"WebPage","@id":"https:\/\/fwfuer.de\/ro\/decizii-rapide-de-personal-in-administratia-orasului-7508\/","url":"https:\/\/fwfuer.de\/ro\/decizii-rapide-de-personal-in-administratia-orasului-7508\/","name":"Decizii rapide de personal \u00een administra\u021bia ora\u0219ului - Freie W\u00e4hler | F\u00dcR Karlsruhe \u00een Consiliul Municipal Karlsruhe","isPartOf":{"@id":"https:\/\/fwfuer.de\/ro\/#website"},"datePublished":"2023-12-07T10:13:36+00:00","dateModified":"2024-07-29T08:49:52+00:00","description":"Die Pressemeldungen von F\u00dcR Karlsruhe im Gemeinderat der Stadt Karlsruhe. Hier ver\u00f6ffentlichen wir alle News rund um die Entscheidungen der Stadt Karlsruhe, unserer Anfragen und Initiativen im Karlsruher Gemeinderat.","breadcrumb":{"@id":"https:\/\/fwfuer.de\/ro\/decizii-rapide-de-personal-in-administratia-orasului-7508\/#breadcrumb"},"inLanguage":"ro-RO","potentialAction":[{"@type":"ReadAction","target":["https:\/\/fwfuer.de\/ro\/decizii-rapide-de-personal-in-administratia-orasului-7508\/"]}]},{"@type":"BreadcrumbList","@id":"https:\/\/fwfuer.de\/ro\/decizii-rapide-de-personal-in-administratia-orasului-7508\/#breadcrumb","itemListElement":[{"@type":"ListItem","position":1,"name":"Startseite","item":"https:\/\/fwfuer.de\/ro\/acasa\/"},{"@type":"ListItem","position":2,"name":"Decizii rapide de personal \u00een administra\u021bia ora\u0219ului"}]},{"@type":"WebSite","@id":"https:\/\/fwfuer.de\/ro\/#website","url":"https:\/\/fwfuer.de\/ro\/","name":"Freie W\u00e4hler | F\u00dcR Karlsruhe \u00een Consiliul Municipal Karlsruhe","description":"Grupul liber al consilierilor din Karlsruhe","publisher":{"@id":"https:\/\/fwfuer.de\/ro\/#organization"},"alternateName":"F\u00dcR KARLSRUHE im Gemeinderat","potentialAction":[{"@type":"SearchAction","target":{"@type":"EntryPoint","urlTemplate":"https:\/\/fwfuer.de\/ro\/?s={search_term_string}"},"query-input":{"@type":"PropertyValueSpecification","valueRequired":true,"valueName":"search_term_string"}}],"inLanguage":"ro-RO"},{"@type":"Organization","@id":"https:\/\/fwfuer.de\/ro\/#organization","name":"F\u00dcR Karlsruhe im Gemeinderat","alternateName":"F\u00dcR Karlsruhe mit Stadtrat Friedemann Kalmbach","url":"https:\/\/fwfuer.de\/ro\/","logo":{"@type":"ImageObject","inLanguage":"ro-RO","@id":"https:\/\/fwfuer.de\/ro\/#\/schema\/logo\/image\/","url":"https:\/\/fwfuer.de\/wp-content\/uploads\/2024\/07\/cropped-Logo-1.png","contentUrl":"https:\/\/fwfuer.de\/wp-content\/uploads\/2024\/07\/cropped-Logo-1.png","width":512,"height":512,"caption":"F\u00dcR Karlsruhe im Gemeinderat"},"image":{"@id":"https:\/\/fwfuer.de\/ro\/#\/schema\/logo\/image\/"},"sameAs":["https:\/\/www.facebook.com\/fwfuer","https:\/\/x.com\/fwfuer","https:\/\/www.instagram.com\/fuerka.de","https:\/\/de.linkedin.com\/company\/fw-fr-karlsruhe-gemeinderatsfraktion","https:\/\/tiktok.com\/@fuerka.de"]},{"@type":"Person","@id":"https:\/\/fwfuer.de\/ro\/#\/schema\/person\/b320b9d84a937dd6e9f2d80be1055c19","name":"F\u00dcR Karlsruhe im Gemeinderat"}]}},"_links":{"self":[{"href":"https:\/\/fwfuer.de\/ro\/wp-json\/wp\/v2\/posts\/7508","targetHints":{"allow":["GET"]}}],"collection":[{"href":"https:\/\/fwfuer.de\/ro\/wp-json\/wp\/v2\/posts"}],"about":[{"href":"https:\/\/fwfuer.de\/ro\/wp-json\/wp\/v2\/types\/post"}],"author":[{"embeddable":true,"href":"https:\/\/fwfuer.de\/ro\/wp-json\/wp\/v2\/users\/2"}],"replies":[{"embeddable":true,"href":"https:\/\/fwfuer.de\/ro\/wp-json\/wp\/v2\/comments?post=7508"}],"version-history":[{"count":3,"href":"https:\/\/fwfuer.de\/ro\/wp-json\/wp\/v2\/posts\/7508\/revisions"}],"predecessor-version":[{"id":7753,"href":"https:\/\/fwfuer.de\/ro\/wp-json\/wp\/v2\/posts\/7508\/revisions\/7753"}],"wp:attachment":[{"href":"https:\/\/fwfuer.de\/ro\/wp-json\/wp\/v2\/media?parent=7508"}],"wp:term":[{"taxonomy":"category","embeddable":true,"href":"https:\/\/fwfuer.de\/ro\/wp-json\/wp\/v2\/categories?post=7508"},{"taxonomy":"post_tag","embeddable":true,"href":"https:\/\/fwfuer.de\/ro\/wp-json\/wp\/v2\/tags?post=7508"}],"curies":[{"name":"wp","href":"https:\/\/api.w.org\/{rel}","templated":true}]}}