{"id":7527,"date":"2023-12-06T14:31:44","date_gmt":"2023-12-06T13:31:44","guid":{"rendered":"https:\/\/fwfuer.de\/semnalizare-noua-pentru-karlsruhe-7527\/"},"modified":"2026-01-27T16:11:44","modified_gmt":"2026-01-27T15:11:44","slug":"semnalizare-noua-pentru-karlsruhe","status":"publish","type":"post","link":"https:\/\/fwfuer.de\/ro\/semnalizare-noua-pentru-karlsruhe-7527\/","title":{"rendered":"Semnalizare nou\u0103 pentru Karlsruhe"},"content":{"rendered":"\n<p>Va exista \u00een cur\u00e2nd o nou\u0103 semnalizare a traseului c\u0103tre obiectivele turistice din Karlsruhe? Grupul parlamentar format din Aleg\u0103torii Liberi \u0219i grupul de aleg\u0103tori F\u00dcR Karlsruhe a depus o mo\u021biune la consiliul municipal. Administra\u021bia a fost convins\u0103 de aceast\u0103 idee \u0219i a acceptat cererea. Un sistem de semnalizare nou \u0219i \u00eembun\u0103t\u0103\u021bit urmeaz\u0103 s\u0103 urmeze lucr\u0103rile de remodelare urban\u0103.<\/p>\n\n<p>Consilierul Petra Lorenz (Freie W\u00e4hler) este \u00eenc\u00e2ntat\u0103 de r\u0103spunsul pozitiv al consiliului municipal la propunerea grupului municipal:<br\/>&#8222;Fiind un ora\u0219 atractiv \u0219i locuibil, cu aproape 1 milion de \u00eennopt\u0103ri pe an, este important ca traseul \u0219i experien\u021ba \u00een ora\u0219 s\u0103 fie \u00eembun\u0103t\u0103\u021bite. O mai bun\u0103 semnalizare \u00een centrul ora\u0219ului \u0219i indicatoare \u00een pia\u021ba \u0219i \u00een intersec\u021biile centrale reprezint\u0103 un pas important pentru a face ora\u0219ul mai atractiv pentru turi\u0219ti \u0219i cred c\u0103 mul\u021bi locuitori vor fi, de asemenea, mul\u021bumi\u021bi.&#8221;<\/p>\n\n<div class=\"wp-block-divi-layout\">[et_pb_section fb_built=&#8221;1&#8243; theme_builder_area=&#8221;post_content&#8221; _builder_version=&#8221;4.23.1&#8243; _module_preset=&#8221;default&#8221;][et_pb_row _builder_version=&#8221;4.23.1&#8243; _module_preset=&#8221;default&#8221; theme_builder_area=&#8221;post_content&#8221;][et_pb_column _builder_version=&#8221;4.23.1&#8243; _module_preset=&#8221;default&#8221; type=&#8221;4_4&#8243; theme_builder_area=&#8221;post_content&#8221;][dipl_faq_page_schema _builder_version=&#8221;4.23.1&#8243; _module_preset=&#8221;default&#8221; theme_builder_area=&#8221;post_content&#8221; title=&#8221;\u00ceNTREB\u0102RI FRECVENTE&#8221; hover_enabled=&#8221;0&#8243; sticky_enabled=&#8221;0&#8243;][dipl_faq_page_schema_item _builder_version=&#8221;4.23.1&#8243; _module_preset=&#8221;default&#8221; theme_builder_area=&#8221;post_content&#8221; faq_question=&#8221;Was ist das Ziel des Antrags?&#8221; hover_enabled=&#8221;0&#8243; sticky_enabled=&#8221;0&#8243;]<p>Scopul mo\u021biunii este de a crea o mai bun\u0103 semnalizare pentru turism \u00een centrul ora\u0219ului Karlsruhe. \u00cen cooperare cu KTG Karlsruhe Tourismus GmbH, urmeaz\u0103 s\u0103 se dezvolte un concept de amplasare a unor indicatoare \u00een pia\u021ba pie\u021bei \u0219i \u00een intersec\u021biile importante, pentru a eviden\u021bia punctele de atrac\u021bie ale ora\u0219ului \u0219i pentru a indica traseele pietonale cu marcaje metrice.<\/p>[\/dipl_faq_page_schema_item][dipl_faq_page_schema_item _builder_version=&#8221;4.23.1&#8243; _module_preset=&#8221;default&#8221; theme_builder_area=&#8221;post_content&#8221; faq_question=&#8221;Warum ist eine bessere Beschilderung wichtig?&#8221; hover_enabled=&#8221;0&#8243; sticky_enabled=&#8221;0&#8243;]<p>Karlsruhe este o destina\u021bie popular\u0103 pentru turi\u0219ti \u0219i vizitatori. Prin urmare, este important ca leadershipul ora\u0219ului s\u0103 fie \u00eembun\u0103t\u0103\u021bit \u0219i offline \u00een ora\u0219. O semnalizare simpl\u0103 \u00een centrul ora\u0219ului \u0219i indicatoare \u00een pia\u021b\u0103 \u0219i \u00een intersec\u021biile majore reprezint\u0103 un pas corect pentru a cre\u0219te atractivitatea ora\u0219ului pentru turi\u0219ti.<\/p>[\/dipl_faq_page_schema_item][\/dipl_faq_page_schema][\/et_pb_column][\/et_pb_row][\/et_pb_section]<\/div>\n","protected":false},"excerpt":{"rendered":"<p>Va exista \u00een cur\u00e2nd o nou\u0103 semnalizare a traseului c\u0103tre obiectivele turistice din Karlsruhe? Grupul parlamentar format din Aleg\u0103torii Liberi \u0219i grupul de aleg\u0103tori F\u00dcR Karlsruhe a depus o mo\u021biune la consiliul municipal. Administra\u021bia a fost convins\u0103 de aceast\u0103 idee \u0219i a acceptat cererea. Un sistem de semnalizare nou \u0219i \u00eembun\u0103t\u0103\u021bit urmeaz\u0103 s\u0103 urmeze lucr\u0103rile [&hellip;]<\/p>\n","protected":false},"author":2,"featured_media":6630,"comment_status":"closed","ping_status":"closed","sticky":false,"template":"","format":"standard","meta":{"_acf_changed":false,"_et_pb_use_builder":"off","_et_pb_old_content":"","_et_gb_content_width":"","footnotes":"","_links_to":"","_links_to_target":""},"categories":[83],"tags":[],"class_list":["post-7527","post","type-post","status-publish","format-standard","has-post-thumbnail","hentry","category-comunicate-presa"],"acf":[],"yoast_head":"<!-- This site is optimized with the Yoast SEO plugin v27.4 - https:\/\/yoast.com\/product\/yoast-seo-wordpress\/ -->\n<title>Semnalizare nou\u0103 pentru Karlsruhe - Freie W\u00e4hler | F\u00dcR Karlsruhe \u00een Consiliul Municipal Karlsruhe<\/title>\n<meta name=\"description\" content=\"Die Pressemeldungen von F\u00dcR Karlsruhe im Gemeinderat der Stadt Karlsruhe. Hier ver\u00f6ffentlichen wir alle News rund um die Entscheidungen der Stadt Karlsruhe, unserer Anfragen und Initiativen im Karlsruher Gemeinderat.\" \/>\n<meta name=\"robots\" content=\"index, follow, max-snippet:-1, max-image-preview:large, max-video-preview:-1\" \/>\n<link rel=\"canonical\" href=\"https:\/\/fwfuer.de\/ro\/semnalizare-noua-pentru-karlsruhe-7527\/\" \/>\n<meta property=\"og:locale\" content=\"ro_RO\" \/>\n<meta property=\"og:type\" content=\"article\" \/>\n<meta property=\"og:title\" content=\"Semnalizare nou\u0103 pentru Karlsruhe - Freie W\u00e4hler | F\u00dcR Karlsruhe \u00een Consiliul Municipal Karlsruhe\" \/>\n<meta property=\"og:description\" content=\"Die Pressemeldungen von F\u00dcR Karlsruhe im Gemeinderat der Stadt Karlsruhe. Hier ver\u00f6ffentlichen wir alle News rund um die Entscheidungen der Stadt Karlsruhe, unserer Anfragen und Initiativen im Karlsruher Gemeinderat.\" \/>\n<meta property=\"og:url\" content=\"https:\/\/fwfuer.de\/ro\/semnalizare-noua-pentru-karlsruhe-7527\/\" \/>\n<meta property=\"og:site_name\" content=\"Freie W\u00e4hler | F\u00dcR Karlsruhe \u00een Consiliul Municipal Karlsruhe\" \/>\n<meta property=\"article:publisher\" content=\"https:\/\/www.facebook.com\/fwfuer\" \/>\n<meta property=\"article:published_time\" content=\"2023-12-06T13:31:44+00:00\" \/>\n<meta property=\"article:modified_time\" content=\"2026-01-27T15:11:44+00:00\" \/>\n<meta property=\"og:image\" content=\"https:\/\/fwfuer.de\/wp-content\/uploads\/2023\/12\/wegweiser.jpg\" \/>\n\t<meta property=\"og:image:width\" content=\"772\" \/>\n\t<meta property=\"og:image:height\" content=\"759\" \/>\n\t<meta property=\"og:image:type\" content=\"image\/jpeg\" \/>\n<meta name=\"author\" content=\"F\u00dcR Karlsruhe im Gemeinderat\" \/>\n<meta name=\"twitter:card\" content=\"summary_large_image\" \/>\n<meta name=\"twitter:creator\" content=\"@fwfuer\" \/>\n<meta name=\"twitter:site\" content=\"@fwfuer\" \/>\n<meta name=\"twitter:label1\" content=\"Scris de\" \/>\n\t<meta name=\"twitter:data1\" content=\"F\u00dcR Karlsruhe im Gemeinderat\" \/>\n\t<meta name=\"twitter:label2\" content=\"Timp estimat pentru citire\" \/>\n\t<meta name=\"twitter:data2\" content=\"2 minute\" \/>\n<script type=\"application\/ld+json\" class=\"yoast-schema-graph\">{\"@context\":\"https:\\\/\\\/schema.org\",\"@graph\":[{\"@type\":\"NewsArticle\",\"@id\":\"https:\\\/\\\/fwfuer.de\\\/ro\\\/semnalizare-noua-pentru-karlsruhe-7527\\\/#article\",\"isPartOf\":{\"@id\":\"https:\\\/\\\/fwfuer.de\\\/ro\\\/semnalizare-noua-pentru-karlsruhe-7527\\\/\"},\"author\":{\"name\":\"F\u00dcR Karlsruhe im Gemeinderat\",\"@id\":\"https:\\\/\\\/fwfuer.de\\\/ro\\\/#\\\/schema\\\/person\\\/b320b9d84a937dd6e9f2d80be1055c19\"},\"headline\":\"Semnalizare nou\u0103 pentru Karlsruhe\",\"datePublished\":\"2023-12-06T13:31:44+00:00\",\"dateModified\":\"2026-01-27T15:11:44+00:00\",\"mainEntityOfPage\":{\"@id\":\"https:\\\/\\\/fwfuer.de\\\/ro\\\/semnalizare-noua-pentru-karlsruhe-7527\\\/\"},\"wordCount\":430,\"publisher\":{\"@id\":\"https:\\\/\\\/fwfuer.de\\\/ro\\\/#organization\"},\"image\":{\"@id\":\"https:\\\/\\\/fwfuer.de\\\/ro\\\/semnalizare-noua-pentru-karlsruhe-7527\\\/#primaryimage\"},\"thumbnailUrl\":\"https:\\\/\\\/fwfuer.de\\\/wp-content\\\/uploads\\\/2023\\\/12\\\/wegweiser.jpg\",\"articleSection\":[\"Comunicate de pres\u0103\"],\"inLanguage\":\"ro-RO\"},{\"@type\":\"WebPage\",\"@id\":\"https:\\\/\\\/fwfuer.de\\\/ro\\\/semnalizare-noua-pentru-karlsruhe-7527\\\/\",\"url\":\"https:\\\/\\\/fwfuer.de\\\/ro\\\/semnalizare-noua-pentru-karlsruhe-7527\\\/\",\"name\":\"Semnalizare nou\u0103 pentru Karlsruhe - Freie W\u00e4hler | F\u00dcR Karlsruhe \u00een Consiliul Municipal Karlsruhe\",\"isPartOf\":{\"@id\":\"https:\\\/\\\/fwfuer.de\\\/ro\\\/#website\"},\"primaryImageOfPage\":{\"@id\":\"https:\\\/\\\/fwfuer.de\\\/ro\\\/semnalizare-noua-pentru-karlsruhe-7527\\\/#primaryimage\"},\"image\":{\"@id\":\"https:\\\/\\\/fwfuer.de\\\/ro\\\/semnalizare-noua-pentru-karlsruhe-7527\\\/#primaryimage\"},\"thumbnailUrl\":\"https:\\\/\\\/fwfuer.de\\\/wp-content\\\/uploads\\\/2023\\\/12\\\/wegweiser.jpg\",\"datePublished\":\"2023-12-06T13:31:44+00:00\",\"dateModified\":\"2026-01-27T15:11:44+00:00\",\"description\":\"Die Pressemeldungen von F\u00dcR Karlsruhe im Gemeinderat der Stadt Karlsruhe. Hier ver\u00f6ffentlichen wir alle News rund um die Entscheidungen der Stadt Karlsruhe, unserer Anfragen und Initiativen im Karlsruher Gemeinderat.\",\"breadcrumb\":{\"@id\":\"https:\\\/\\\/fwfuer.de\\\/ro\\\/semnalizare-noua-pentru-karlsruhe-7527\\\/#breadcrumb\"},\"inLanguage\":\"ro-RO\",\"potentialAction\":[{\"@type\":\"ReadAction\",\"target\":[\"https:\\\/\\\/fwfuer.de\\\/ro\\\/semnalizare-noua-pentru-karlsruhe-7527\\\/\"]}]},{\"@type\":\"ImageObject\",\"inLanguage\":\"ro-RO\",\"@id\":\"https:\\\/\\\/fwfuer.de\\\/ro\\\/semnalizare-noua-pentru-karlsruhe-7527\\\/#primaryimage\",\"url\":\"https:\\\/\\\/fwfuer.de\\\/wp-content\\\/uploads\\\/2023\\\/12\\\/wegweiser.jpg\",\"contentUrl\":\"https:\\\/\\\/fwfuer.de\\\/wp-content\\\/uploads\\\/2023\\\/12\\\/wegweiser.jpg\",\"width\":772,\"height\":759},{\"@type\":\"BreadcrumbList\",\"@id\":\"https:\\\/\\\/fwfuer.de\\\/ro\\\/semnalizare-noua-pentru-karlsruhe-7527\\\/#breadcrumb\",\"itemListElement\":[{\"@type\":\"ListItem\",\"position\":1,\"name\":\"Startseite\",\"item\":\"https:\\\/\\\/fwfuer.de\\\/ro\\\/acasa\\\/\"},{\"@type\":\"ListItem\",\"position\":2,\"name\":\"Semnalizare nou\u0103 pentru Karlsruhe\"}]},{\"@type\":\"WebSite\",\"@id\":\"https:\\\/\\\/fwfuer.de\\\/ro\\\/#website\",\"url\":\"https:\\\/\\\/fwfuer.de\\\/ro\\\/\",\"name\":\"Freie W\u00e4hler | F\u00dcR Karlsruhe \u00een Consiliul Municipal Karlsruhe\",\"description\":\"Grupul liber al consilierilor din Karlsruhe\",\"publisher\":{\"@id\":\"https:\\\/\\\/fwfuer.de\\\/ro\\\/#organization\"},\"alternateName\":\"F\u00dcR KARLSRUHE im Gemeinderat\",\"potentialAction\":[{\"@type\":\"SearchAction\",\"target\":{\"@type\":\"EntryPoint\",\"urlTemplate\":\"https:\\\/\\\/fwfuer.de\\\/ro\\\/?s={search_term_string}\"},\"query-input\":{\"@type\":\"PropertyValueSpecification\",\"valueRequired\":true,\"valueName\":\"search_term_string\"}}],\"inLanguage\":\"ro-RO\"},{\"@type\":\"Organization\",\"@id\":\"https:\\\/\\\/fwfuer.de\\\/ro\\\/#organization\",\"name\":\"F\u00dcR Karlsruhe im Gemeinderat\",\"alternateName\":\"F\u00dcR Karlsruhe mit Stadtrat Friedemann Kalmbach\",\"url\":\"https:\\\/\\\/fwfuer.de\\\/ro\\\/\",\"logo\":{\"@type\":\"ImageObject\",\"inLanguage\":\"ro-RO\",\"@id\":\"https:\\\/\\\/fwfuer.de\\\/ro\\\/#\\\/schema\\\/logo\\\/image\\\/\",\"url\":\"https:\\\/\\\/fwfuer.de\\\/wp-content\\\/uploads\\\/2024\\\/07\\\/cropped-Logo-1.png\",\"contentUrl\":\"https:\\\/\\\/fwfuer.de\\\/wp-content\\\/uploads\\\/2024\\\/07\\\/cropped-Logo-1.png\",\"width\":512,\"height\":512,\"caption\":\"F\u00dcR Karlsruhe im Gemeinderat\"},\"image\":{\"@id\":\"https:\\\/\\\/fwfuer.de\\\/ro\\\/#\\\/schema\\\/logo\\\/image\\\/\"},\"sameAs\":[\"https:\\\/\\\/www.facebook.com\\\/fwfuer\",\"https:\\\/\\\/x.com\\\/fwfuer\",\"https:\\\/\\\/www.instagram.com\\\/fuerka.de\",\"https:\\\/\\\/de.linkedin.com\\\/company\\\/fw-fr-karlsruhe-gemeinderatsfraktion\",\"https:\\\/\\\/tiktok.com\\\/@fuerka.de\"]},{\"@type\":\"Person\",\"@id\":\"https:\\\/\\\/fwfuer.de\\\/ro\\\/#\\\/schema\\\/person\\\/b320b9d84a937dd6e9f2d80be1055c19\",\"name\":\"F\u00dcR Karlsruhe im Gemeinderat\"}]}<\/script>\n<!-- \/ Yoast SEO plugin. -->","yoast_head_json":{"title":"Semnalizare nou\u0103 pentru Karlsruhe - Freie W\u00e4hler | F\u00dcR Karlsruhe \u00een Consiliul Municipal Karlsruhe","description":"Die Pressemeldungen von F\u00dcR Karlsruhe im Gemeinderat der Stadt Karlsruhe. Hier ver\u00f6ffentlichen wir alle News rund um die Entscheidungen der Stadt Karlsruhe, unserer Anfragen und Initiativen im Karlsruher Gemeinderat.","robots":{"index":"index","follow":"follow","max-snippet":"max-snippet:-1","max-image-preview":"max-image-preview:large","max-video-preview":"max-video-preview:-1"},"canonical":"https:\/\/fwfuer.de\/ro\/semnalizare-noua-pentru-karlsruhe-7527\/","og_locale":"ro_RO","og_type":"article","og_title":"Semnalizare nou\u0103 pentru Karlsruhe - Freie W\u00e4hler | F\u00dcR Karlsruhe \u00een Consiliul Municipal Karlsruhe","og_description":"Die Pressemeldungen von F\u00dcR Karlsruhe im Gemeinderat der Stadt Karlsruhe. Hier ver\u00f6ffentlichen wir alle News rund um die Entscheidungen der Stadt Karlsruhe, unserer Anfragen und Initiativen im Karlsruher Gemeinderat.","og_url":"https:\/\/fwfuer.de\/ro\/semnalizare-noua-pentru-karlsruhe-7527\/","og_site_name":"Freie W\u00e4hler | F\u00dcR Karlsruhe \u00een Consiliul Municipal Karlsruhe","article_publisher":"https:\/\/www.facebook.com\/fwfuer","article_published_time":"2023-12-06T13:31:44+00:00","article_modified_time":"2026-01-27T15:11:44+00:00","og_image":[{"width":772,"height":759,"url":"https:\/\/fwfuer.de\/wp-content\/uploads\/2023\/12\/wegweiser.jpg","type":"image\/jpeg"}],"author":"F\u00dcR Karlsruhe im Gemeinderat","twitter_card":"summary_large_image","twitter_creator":"@fwfuer","twitter_site":"@fwfuer","twitter_misc":{"Scris de":"F\u00dcR Karlsruhe im Gemeinderat","Timp estimat pentru citire":"2 minute"},"schema":{"@context":"https:\/\/schema.org","@graph":[{"@type":"NewsArticle","@id":"https:\/\/fwfuer.de\/ro\/semnalizare-noua-pentru-karlsruhe-7527\/#article","isPartOf":{"@id":"https:\/\/fwfuer.de\/ro\/semnalizare-noua-pentru-karlsruhe-7527\/"},"author":{"name":"F\u00dcR Karlsruhe im Gemeinderat","@id":"https:\/\/fwfuer.de\/ro\/#\/schema\/person\/b320b9d84a937dd6e9f2d80be1055c19"},"headline":"Semnalizare nou\u0103 pentru Karlsruhe","datePublished":"2023-12-06T13:31:44+00:00","dateModified":"2026-01-27T15:11:44+00:00","mainEntityOfPage":{"@id":"https:\/\/fwfuer.de\/ro\/semnalizare-noua-pentru-karlsruhe-7527\/"},"wordCount":430,"publisher":{"@id":"https:\/\/fwfuer.de\/ro\/#organization"},"image":{"@id":"https:\/\/fwfuer.de\/ro\/semnalizare-noua-pentru-karlsruhe-7527\/#primaryimage"},"thumbnailUrl":"https:\/\/fwfuer.de\/wp-content\/uploads\/2023\/12\/wegweiser.jpg","articleSection":["Comunicate de pres\u0103"],"inLanguage":"ro-RO"},{"@type":"WebPage","@id":"https:\/\/fwfuer.de\/ro\/semnalizare-noua-pentru-karlsruhe-7527\/","url":"https:\/\/fwfuer.de\/ro\/semnalizare-noua-pentru-karlsruhe-7527\/","name":"Semnalizare nou\u0103 pentru Karlsruhe - Freie W\u00e4hler | F\u00dcR Karlsruhe \u00een Consiliul Municipal Karlsruhe","isPartOf":{"@id":"https:\/\/fwfuer.de\/ro\/#website"},"primaryImageOfPage":{"@id":"https:\/\/fwfuer.de\/ro\/semnalizare-noua-pentru-karlsruhe-7527\/#primaryimage"},"image":{"@id":"https:\/\/fwfuer.de\/ro\/semnalizare-noua-pentru-karlsruhe-7527\/#primaryimage"},"thumbnailUrl":"https:\/\/fwfuer.de\/wp-content\/uploads\/2023\/12\/wegweiser.jpg","datePublished":"2023-12-06T13:31:44+00:00","dateModified":"2026-01-27T15:11:44+00:00","description":"Die Pressemeldungen von F\u00dcR Karlsruhe im Gemeinderat der Stadt Karlsruhe. Hier ver\u00f6ffentlichen wir alle News rund um die Entscheidungen der Stadt Karlsruhe, unserer Anfragen und Initiativen im Karlsruher Gemeinderat.","breadcrumb":{"@id":"https:\/\/fwfuer.de\/ro\/semnalizare-noua-pentru-karlsruhe-7527\/#breadcrumb"},"inLanguage":"ro-RO","potentialAction":[{"@type":"ReadAction","target":["https:\/\/fwfuer.de\/ro\/semnalizare-noua-pentru-karlsruhe-7527\/"]}]},{"@type":"ImageObject","inLanguage":"ro-RO","@id":"https:\/\/fwfuer.de\/ro\/semnalizare-noua-pentru-karlsruhe-7527\/#primaryimage","url":"https:\/\/fwfuer.de\/wp-content\/uploads\/2023\/12\/wegweiser.jpg","contentUrl":"https:\/\/fwfuer.de\/wp-content\/uploads\/2023\/12\/wegweiser.jpg","width":772,"height":759},{"@type":"BreadcrumbList","@id":"https:\/\/fwfuer.de\/ro\/semnalizare-noua-pentru-karlsruhe-7527\/#breadcrumb","itemListElement":[{"@type":"ListItem","position":1,"name":"Startseite","item":"https:\/\/fwfuer.de\/ro\/acasa\/"},{"@type":"ListItem","position":2,"name":"Semnalizare nou\u0103 pentru Karlsruhe"}]},{"@type":"WebSite","@id":"https:\/\/fwfuer.de\/ro\/#website","url":"https:\/\/fwfuer.de\/ro\/","name":"Freie W\u00e4hler | F\u00dcR Karlsruhe \u00een Consiliul Municipal Karlsruhe","description":"Grupul liber al consilierilor din Karlsruhe","publisher":{"@id":"https:\/\/fwfuer.de\/ro\/#organization"},"alternateName":"F\u00dcR KARLSRUHE im Gemeinderat","potentialAction":[{"@type":"SearchAction","target":{"@type":"EntryPoint","urlTemplate":"https:\/\/fwfuer.de\/ro\/?s={search_term_string}"},"query-input":{"@type":"PropertyValueSpecification","valueRequired":true,"valueName":"search_term_string"}}],"inLanguage":"ro-RO"},{"@type":"Organization","@id":"https:\/\/fwfuer.de\/ro\/#organization","name":"F\u00dcR Karlsruhe im Gemeinderat","alternateName":"F\u00dcR Karlsruhe mit Stadtrat Friedemann Kalmbach","url":"https:\/\/fwfuer.de\/ro\/","logo":{"@type":"ImageObject","inLanguage":"ro-RO","@id":"https:\/\/fwfuer.de\/ro\/#\/schema\/logo\/image\/","url":"https:\/\/fwfuer.de\/wp-content\/uploads\/2024\/07\/cropped-Logo-1.png","contentUrl":"https:\/\/fwfuer.de\/wp-content\/uploads\/2024\/07\/cropped-Logo-1.png","width":512,"height":512,"caption":"F\u00dcR Karlsruhe im Gemeinderat"},"image":{"@id":"https:\/\/fwfuer.de\/ro\/#\/schema\/logo\/image\/"},"sameAs":["https:\/\/www.facebook.com\/fwfuer","https:\/\/x.com\/fwfuer","https:\/\/www.instagram.com\/fuerka.de","https:\/\/de.linkedin.com\/company\/fw-fr-karlsruhe-gemeinderatsfraktion","https:\/\/tiktok.com\/@fuerka.de"]},{"@type":"Person","@id":"https:\/\/fwfuer.de\/ro\/#\/schema\/person\/b320b9d84a937dd6e9f2d80be1055c19","name":"F\u00dcR Karlsruhe im Gemeinderat"}]}},"_links":{"self":[{"href":"https:\/\/fwfuer.de\/ro\/wp-json\/wp\/v2\/posts\/7527","targetHints":{"allow":["GET"]}}],"collection":[{"href":"https:\/\/fwfuer.de\/ro\/wp-json\/wp\/v2\/posts"}],"about":[{"href":"https:\/\/fwfuer.de\/ro\/wp-json\/wp\/v2\/types\/post"}],"author":[{"embeddable":true,"href":"https:\/\/fwfuer.de\/ro\/wp-json\/wp\/v2\/users\/2"}],"replies":[{"embeddable":true,"href":"https:\/\/fwfuer.de\/ro\/wp-json\/wp\/v2\/comments?post=7527"}],"version-history":[{"count":3,"href":"https:\/\/fwfuer.de\/ro\/wp-json\/wp\/v2\/posts\/7527\/revisions"}],"predecessor-version":[{"id":9201,"href":"https:\/\/fwfuer.de\/ro\/wp-json\/wp\/v2\/posts\/7527\/revisions\/9201"}],"wp:featuredmedia":[{"embeddable":true,"href":"https:\/\/fwfuer.de\/ro\/wp-json\/wp\/v2\/media\/6630"}],"wp:attachment":[{"href":"https:\/\/fwfuer.de\/ro\/wp-json\/wp\/v2\/media?parent=7527"}],"wp:term":[{"taxonomy":"category","embeddable":true,"href":"https:\/\/fwfuer.de\/ro\/wp-json\/wp\/v2\/categories?post=7527"},{"taxonomy":"post_tag","embeddable":true,"href":"https:\/\/fwfuer.de\/ro\/wp-json\/wp\/v2\/tags?post=7527"}],"curies":[{"name":"wp","href":"https:\/\/api.w.org\/{rel}","templated":true}]}}