{"id":8741,"date":"2024-03-22T10:37:03","date_gmt":"2024-03-22T09:37:03","guid":{"rendered":"https:\/\/fwfuer.de\/dezastrul-deseurilor-devine-un-subiect-in-consiliul-municipal-8741\/"},"modified":"2026-01-27T16:06:55","modified_gmt":"2026-01-27T15:06:55","slug":"dezastrul-deseurilor-devine-un-subiect-in-consiliul-municipal","status":"publish","type":"post","link":"https:\/\/fwfuer.de\/ro\/dezastrul-deseurilor-devine-un-subiect-in-consiliul-municipal-8741\/","title":{"rendered":"Dezastrul de\u0219eurilor devine un subiect \u00een consiliul municipal"},"content":{"rendered":"\n<p>De la \u00eenceputul anului, colectarea \u0219i eliminarea de\u0219eurilor \u00een F\u00dcR Karlsruhe a fost responsabilitatea companiei &#8222;Knettenbrech + Gurdulic&#8221; (K+G).\nCu toate acestea, externalizarea c\u0103tre un furnizor privat a cauzat p\u00e2n\u0103 acum mai multe probleme dec\u00e2t u\u0219urarea sperat\u0103.\n\u00cen special, containerele de reciclare care se aflau la mai mult de 15 metri distan\u021b\u0103 de vehiculul de colectare a de\u0219eurilor nu erau adesea golite &#8211; o situa\u021bie care este \u00een conformitate cu orient\u0103rile municipale, care prev\u0103d o raz\u0103 de colectare de 15 metri.\nEchipa Clean F\u00dcR Karlsruhe a furnizat un serviciu complet \u0219i a golit, de asemenea, pubelele din afara razei de colectare, chiar dac\u0103 acest lucru contravenea propriilor orient\u0103ri.   <br\/>&#8222;Knettenbrech + Gurdulic&#8221; (K+G) ader\u0103 la regulamentele municipale, ceea ce provoac\u0103 confuzie \u0219i nemul\u021bumire \u00een r\u00e2ndul multor cet\u0103\u021beni.<\/p>\n\n<p>Consilierul municipal Friedemann Kalmbach (F\u00dcR Karlsruhe) d\u0103 vina pe contractul prost negociat cu &#8222;Knettenbrech + Gurdulic&#8221; pentru dezastrul de\u0219eurilor: &#8222;Noi, ca ora\u0219, am e\u0219uat aici.\nEchipa noastr\u0103 Clean F\u00dcR Karlsruhe nu a respectat propriile noastre specifica\u021bii \u0219i a servit fiecare loca\u021bie cu un co\u0219 de gunoi.\nAcum suntem surprin\u0219i c\u0103 un operator privat respect\u0103 cu stricte\u021be regulamentele noastre \u0219i nu elimin\u0103 de\u0219eurile dac\u0103 acestea sunt prea departe, conform normelor noastre.&#8221;  <\/p>\n\n<p>Consiliul local a luat acum m\u0103suri pentru a contracara dezastrul de\u0219eurilor.\nO plat\u0103 suplimentar\u0103 de un milion de euro c\u0103tre &#8222;Knettenbrech + Gurdulic&#8221; (K+G) este destinat\u0103 restabilirii serviciului complet. <\/p>\n\n<p>&#8222;Acest lucru \u00eenseamn\u0103 o cre\u0219tere a taxelor pentru mul\u021bi cet\u0103\u021beni &#8211; indiferent dac\u0103 pubela de reciclare este colectat\u0103 sau nu.\nPentru c\u0103 \u00eenc\u0103 nu exist\u0103 o solu\u021bie pentru 6.000 de loca\u021bii.\nAcesta este motivul pentru care grupul nostru parlamentar nu a fost de acord cu propunerea consiliului municipal&#8221;, a declarat consilierul municipal Petra Lorenz (Aleg\u0103tori liberi)  <\/p>\n","protected":false},"excerpt":{"rendered":"<p>De la \u00eenceputul anului, colectarea \u0219i eliminarea de\u0219eurilor \u00een F\u00dcR Karlsruhe a fost responsabilitatea companiei &#8222;Knettenbrech + Gurdulic&#8221; (K+G). Cu toate acestea, externalizarea c\u0103tre un furnizor privat a cauzat p\u00e2n\u0103 acum mai multe probleme dec\u00e2t u\u0219urarea sperat\u0103. \u00cen special, containerele de reciclare care se aflau la mai mult de 15 metri distan\u021b\u0103 de vehiculul de [&hellip;]<\/p>\n","protected":false},"author":6,"featured_media":6984,"comment_status":"closed","ping_status":"closed","sticky":false,"template":"","format":"standard","meta":{"_acf_changed":false,"_et_pb_use_builder":"off","_et_pb_old_content":"","_et_gb_content_width":"","footnotes":"","_links_to":"","_links_to_target":""},"categories":[83],"tags":[],"class_list":["post-8741","post","type-post","status-publish","format-standard","has-post-thumbnail","hentry","category-comunicate-presa"],"acf":[],"yoast_head":"<!-- This site is optimized with the Yoast SEO plugin v27.4 - https:\/\/yoast.com\/product\/yoast-seo-wordpress\/ -->\n<title>Dezastrul de\u0219eurilor devine un subiect \u00een consiliul municipal - Freie W\u00e4hler | F\u00dcR Karlsruhe \u00een Consiliul Municipal Karlsruhe<\/title>\n<meta name=\"description\" content=\"Die Pressemeldungen von F\u00dcR Karlsruhe im Gemeinderat der Stadt Karlsruhe. Hier ver\u00f6ffentlichen wir alle News rund um die Entscheidungen der Stadt Karlsruhe, unserer Anfragen und Initiativen im Karlsruher Gemeinderat.\" \/>\n<meta name=\"robots\" content=\"index, follow, max-snippet:-1, max-image-preview:large, max-video-preview:-1\" \/>\n<link rel=\"canonical\" href=\"https:\/\/fwfuer.de\/ro\/dezastrul-deseurilor-devine-un-subiect-in-consiliul-municipal-8741\/\" \/>\n<meta property=\"og:locale\" content=\"ro_RO\" \/>\n<meta property=\"og:type\" content=\"article\" \/>\n<meta property=\"og:title\" content=\"Dezastrul de\u0219eurilor devine un subiect \u00een consiliul municipal - Freie W\u00e4hler | F\u00dcR Karlsruhe \u00een Consiliul Municipal Karlsruhe\" \/>\n<meta property=\"og:description\" content=\"Die Pressemeldungen von F\u00dcR Karlsruhe im Gemeinderat der Stadt Karlsruhe. Hier ver\u00f6ffentlichen wir alle News rund um die Entscheidungen der Stadt Karlsruhe, unserer Anfragen und Initiativen im Karlsruher Gemeinderat.\" \/>\n<meta property=\"og:url\" content=\"https:\/\/fwfuer.de\/ro\/dezastrul-deseurilor-devine-un-subiect-in-consiliul-municipal-8741\/\" \/>\n<meta property=\"og:site_name\" content=\"Freie W\u00e4hler | F\u00dcR Karlsruhe \u00een Consiliul Municipal Karlsruhe\" \/>\n<meta property=\"article:publisher\" content=\"https:\/\/www.facebook.com\/fwfuer\" \/>\n<meta property=\"article:published_time\" content=\"2024-03-22T09:37:03+00:00\" \/>\n<meta property=\"article:modified_time\" content=\"2026-01-27T15:06:55+00:00\" \/>\n<meta property=\"og:image\" content=\"https:\/\/fwfuer.de\/wp-content\/uploads\/2024\/03\/IMG_0450-scaled.jpeg\" \/>\n\t<meta property=\"og:image:width\" content=\"2880\" \/>\n\t<meta property=\"og:image:height\" content=\"2160\" \/>\n\t<meta property=\"og:image:type\" content=\"image\/jpeg\" \/>\n<meta name=\"author\" content=\"F\u00dcR Karlsruhe im Gemeinderat\" \/>\n<meta name=\"twitter:card\" content=\"summary_large_image\" \/>\n<meta name=\"twitter:creator\" content=\"@fwfuer\" \/>\n<meta name=\"twitter:site\" content=\"@fwfuer\" \/>\n<meta name=\"twitter:label1\" content=\"Scris de\" \/>\n\t<meta name=\"twitter:data1\" content=\"F\u00dcR Karlsruhe im Gemeinderat\" \/>\n\t<meta name=\"twitter:label2\" content=\"Timp estimat pentru citire\" \/>\n\t<meta name=\"twitter:data2\" content=\"2 minute\" \/>\n<script type=\"application\/ld+json\" class=\"yoast-schema-graph\">{\"@context\":\"https:\\\/\\\/schema.org\",\"@graph\":[{\"@type\":\"NewsArticle\",\"@id\":\"https:\\\/\\\/fwfuer.de\\\/ro\\\/dezastrul-deseurilor-devine-un-subiect-in-consiliul-municipal-8741\\\/#article\",\"isPartOf\":{\"@id\":\"https:\\\/\\\/fwfuer.de\\\/ro\\\/dezastrul-deseurilor-devine-un-subiect-in-consiliul-municipal-8741\\\/\"},\"author\":{\"name\":\"F\u00dcR Karlsruhe im Gemeinderat\",\"@id\":\"https:\\\/\\\/fwfuer.de\\\/ro\\\/#\\\/schema\\\/person\\\/f43392225120ae37e95ed36d7b324a19\"},\"headline\":\"Dezastrul de\u0219eurilor devine un subiect \u00een consiliul municipal\",\"datePublished\":\"2024-03-22T09:37:03+00:00\",\"dateModified\":\"2026-01-27T15:06:55+00:00\",\"mainEntityOfPage\":{\"@id\":\"https:\\\/\\\/fwfuer.de\\\/ro\\\/dezastrul-deseurilor-devine-un-subiect-in-consiliul-municipal-8741\\\/\"},\"wordCount\":319,\"publisher\":{\"@id\":\"https:\\\/\\\/fwfuer.de\\\/ro\\\/#organization\"},\"image\":{\"@id\":\"https:\\\/\\\/fwfuer.de\\\/ro\\\/dezastrul-deseurilor-devine-un-subiect-in-consiliul-municipal-8741\\\/#primaryimage\"},\"thumbnailUrl\":\"https:\\\/\\\/fwfuer.de\\\/wp-content\\\/uploads\\\/2024\\\/03\\\/IMG_0450-scaled.jpeg\",\"articleSection\":[\"Comunicate de pres\u0103\"],\"inLanguage\":\"ro-RO\"},{\"@type\":\"WebPage\",\"@id\":\"https:\\\/\\\/fwfuer.de\\\/ro\\\/dezastrul-deseurilor-devine-un-subiect-in-consiliul-municipal-8741\\\/\",\"url\":\"https:\\\/\\\/fwfuer.de\\\/ro\\\/dezastrul-deseurilor-devine-un-subiect-in-consiliul-municipal-8741\\\/\",\"name\":\"Dezastrul de\u0219eurilor devine un subiect \u00een consiliul municipal - Freie W\u00e4hler | F\u00dcR Karlsruhe \u00een Consiliul Municipal Karlsruhe\",\"isPartOf\":{\"@id\":\"https:\\\/\\\/fwfuer.de\\\/ro\\\/#website\"},\"primaryImageOfPage\":{\"@id\":\"https:\\\/\\\/fwfuer.de\\\/ro\\\/dezastrul-deseurilor-devine-un-subiect-in-consiliul-municipal-8741\\\/#primaryimage\"},\"image\":{\"@id\":\"https:\\\/\\\/fwfuer.de\\\/ro\\\/dezastrul-deseurilor-devine-un-subiect-in-consiliul-municipal-8741\\\/#primaryimage\"},\"thumbnailUrl\":\"https:\\\/\\\/fwfuer.de\\\/wp-content\\\/uploads\\\/2024\\\/03\\\/IMG_0450-scaled.jpeg\",\"datePublished\":\"2024-03-22T09:37:03+00:00\",\"dateModified\":\"2026-01-27T15:06:55+00:00\",\"description\":\"Die Pressemeldungen von F\u00dcR Karlsruhe im Gemeinderat der Stadt Karlsruhe. Hier ver\u00f6ffentlichen wir alle News rund um die Entscheidungen der Stadt Karlsruhe, unserer Anfragen und Initiativen im Karlsruher Gemeinderat.\",\"breadcrumb\":{\"@id\":\"https:\\\/\\\/fwfuer.de\\\/ro\\\/dezastrul-deseurilor-devine-un-subiect-in-consiliul-municipal-8741\\\/#breadcrumb\"},\"inLanguage\":\"ro-RO\",\"potentialAction\":[{\"@type\":\"ReadAction\",\"target\":[\"https:\\\/\\\/fwfuer.de\\\/ro\\\/dezastrul-deseurilor-devine-un-subiect-in-consiliul-municipal-8741\\\/\"]}]},{\"@type\":\"ImageObject\",\"inLanguage\":\"ro-RO\",\"@id\":\"https:\\\/\\\/fwfuer.de\\\/ro\\\/dezastrul-deseurilor-devine-un-subiect-in-consiliul-municipal-8741\\\/#primaryimage\",\"url\":\"https:\\\/\\\/fwfuer.de\\\/wp-content\\\/uploads\\\/2024\\\/03\\\/IMG_0450-scaled.jpeg\",\"contentUrl\":\"https:\\\/\\\/fwfuer.de\\\/wp-content\\\/uploads\\\/2024\\\/03\\\/IMG_0450-scaled.jpeg\",\"width\":2880,\"height\":2160},{\"@type\":\"BreadcrumbList\",\"@id\":\"https:\\\/\\\/fwfuer.de\\\/ro\\\/dezastrul-deseurilor-devine-un-subiect-in-consiliul-municipal-8741\\\/#breadcrumb\",\"itemListElement\":[{\"@type\":\"ListItem\",\"position\":1,\"name\":\"Startseite\",\"item\":\"https:\\\/\\\/fwfuer.de\\\/ro\\\/acasa\\\/\"},{\"@type\":\"ListItem\",\"position\":2,\"name\":\"Dezastrul de\u0219eurilor devine un subiect \u00een consiliul municipal\"}]},{\"@type\":\"WebSite\",\"@id\":\"https:\\\/\\\/fwfuer.de\\\/ro\\\/#website\",\"url\":\"https:\\\/\\\/fwfuer.de\\\/ro\\\/\",\"name\":\"Freie W\u00e4hler | F\u00dcR Karlsruhe \u00een Consiliul Municipal Karlsruhe\",\"description\":\"Grupul liber al consilierilor din Karlsruhe\",\"publisher\":{\"@id\":\"https:\\\/\\\/fwfuer.de\\\/ro\\\/#organization\"},\"alternateName\":\"F\u00dcR KARLSRUHE im Gemeinderat\",\"potentialAction\":[{\"@type\":\"SearchAction\",\"target\":{\"@type\":\"EntryPoint\",\"urlTemplate\":\"https:\\\/\\\/fwfuer.de\\\/ro\\\/?s={search_term_string}\"},\"query-input\":{\"@type\":\"PropertyValueSpecification\",\"valueRequired\":true,\"valueName\":\"search_term_string\"}}],\"inLanguage\":\"ro-RO\"},{\"@type\":\"Organization\",\"@id\":\"https:\\\/\\\/fwfuer.de\\\/ro\\\/#organization\",\"name\":\"F\u00dcR Karlsruhe im Gemeinderat\",\"alternateName\":\"F\u00dcR Karlsruhe mit Stadtrat Friedemann Kalmbach\",\"url\":\"https:\\\/\\\/fwfuer.de\\\/ro\\\/\",\"logo\":{\"@type\":\"ImageObject\",\"inLanguage\":\"ro-RO\",\"@id\":\"https:\\\/\\\/fwfuer.de\\\/ro\\\/#\\\/schema\\\/logo\\\/image\\\/\",\"url\":\"https:\\\/\\\/fwfuer.de\\\/wp-content\\\/uploads\\\/2024\\\/07\\\/cropped-Logo-1.png\",\"contentUrl\":\"https:\\\/\\\/fwfuer.de\\\/wp-content\\\/uploads\\\/2024\\\/07\\\/cropped-Logo-1.png\",\"width\":512,\"height\":512,\"caption\":\"F\u00dcR Karlsruhe im Gemeinderat\"},\"image\":{\"@id\":\"https:\\\/\\\/fwfuer.de\\\/ro\\\/#\\\/schema\\\/logo\\\/image\\\/\"},\"sameAs\":[\"https:\\\/\\\/www.facebook.com\\\/fwfuer\",\"https:\\\/\\\/x.com\\\/fwfuer\",\"https:\\\/\\\/www.instagram.com\\\/fuerka.de\",\"https:\\\/\\\/de.linkedin.com\\\/company\\\/fw-fr-karlsruhe-gemeinderatsfraktion\",\"https:\\\/\\\/tiktok.com\\\/@fuerka.de\"]},{\"@type\":\"Person\",\"@id\":\"https:\\\/\\\/fwfuer.de\\\/ro\\\/#\\\/schema\\\/person\\\/f43392225120ae37e95ed36d7b324a19\",\"name\":\"F\u00dcR Karlsruhe im Gemeinderat\"}]}<\/script>\n<!-- \/ Yoast SEO plugin. -->","yoast_head_json":{"title":"Dezastrul de\u0219eurilor devine un subiect \u00een consiliul municipal - Freie W\u00e4hler | F\u00dcR Karlsruhe \u00een Consiliul Municipal Karlsruhe","description":"Die Pressemeldungen von F\u00dcR Karlsruhe im Gemeinderat der Stadt Karlsruhe. Hier ver\u00f6ffentlichen wir alle News rund um die Entscheidungen der Stadt Karlsruhe, unserer Anfragen und Initiativen im Karlsruher Gemeinderat.","robots":{"index":"index","follow":"follow","max-snippet":"max-snippet:-1","max-image-preview":"max-image-preview:large","max-video-preview":"max-video-preview:-1"},"canonical":"https:\/\/fwfuer.de\/ro\/dezastrul-deseurilor-devine-un-subiect-in-consiliul-municipal-8741\/","og_locale":"ro_RO","og_type":"article","og_title":"Dezastrul de\u0219eurilor devine un subiect \u00een consiliul municipal - Freie W\u00e4hler | F\u00dcR Karlsruhe \u00een Consiliul Municipal Karlsruhe","og_description":"Die Pressemeldungen von F\u00dcR Karlsruhe im Gemeinderat der Stadt Karlsruhe. Hier ver\u00f6ffentlichen wir alle News rund um die Entscheidungen der Stadt Karlsruhe, unserer Anfragen und Initiativen im Karlsruher Gemeinderat.","og_url":"https:\/\/fwfuer.de\/ro\/dezastrul-deseurilor-devine-un-subiect-in-consiliul-municipal-8741\/","og_site_name":"Freie W\u00e4hler | F\u00dcR Karlsruhe \u00een Consiliul Municipal Karlsruhe","article_publisher":"https:\/\/www.facebook.com\/fwfuer","article_published_time":"2024-03-22T09:37:03+00:00","article_modified_time":"2026-01-27T15:06:55+00:00","og_image":[{"width":2880,"height":2160,"url":"https:\/\/fwfuer.de\/wp-content\/uploads\/2024\/03\/IMG_0450-scaled.jpeg","type":"image\/jpeg"}],"author":"F\u00dcR Karlsruhe im Gemeinderat","twitter_card":"summary_large_image","twitter_creator":"@fwfuer","twitter_site":"@fwfuer","twitter_misc":{"Scris de":"F\u00dcR Karlsruhe im Gemeinderat","Timp estimat pentru citire":"2 minute"},"schema":{"@context":"https:\/\/schema.org","@graph":[{"@type":"NewsArticle","@id":"https:\/\/fwfuer.de\/ro\/dezastrul-deseurilor-devine-un-subiect-in-consiliul-municipal-8741\/#article","isPartOf":{"@id":"https:\/\/fwfuer.de\/ro\/dezastrul-deseurilor-devine-un-subiect-in-consiliul-municipal-8741\/"},"author":{"name":"F\u00dcR Karlsruhe im Gemeinderat","@id":"https:\/\/fwfuer.de\/ro\/#\/schema\/person\/f43392225120ae37e95ed36d7b324a19"},"headline":"Dezastrul de\u0219eurilor devine un subiect \u00een consiliul municipal","datePublished":"2024-03-22T09:37:03+00:00","dateModified":"2026-01-27T15:06:55+00:00","mainEntityOfPage":{"@id":"https:\/\/fwfuer.de\/ro\/dezastrul-deseurilor-devine-un-subiect-in-consiliul-municipal-8741\/"},"wordCount":319,"publisher":{"@id":"https:\/\/fwfuer.de\/ro\/#organization"},"image":{"@id":"https:\/\/fwfuer.de\/ro\/dezastrul-deseurilor-devine-un-subiect-in-consiliul-municipal-8741\/#primaryimage"},"thumbnailUrl":"https:\/\/fwfuer.de\/wp-content\/uploads\/2024\/03\/IMG_0450-scaled.jpeg","articleSection":["Comunicate de pres\u0103"],"inLanguage":"ro-RO"},{"@type":"WebPage","@id":"https:\/\/fwfuer.de\/ro\/dezastrul-deseurilor-devine-un-subiect-in-consiliul-municipal-8741\/","url":"https:\/\/fwfuer.de\/ro\/dezastrul-deseurilor-devine-un-subiect-in-consiliul-municipal-8741\/","name":"Dezastrul de\u0219eurilor devine un subiect \u00een consiliul municipal - Freie W\u00e4hler | F\u00dcR Karlsruhe \u00een Consiliul Municipal Karlsruhe","isPartOf":{"@id":"https:\/\/fwfuer.de\/ro\/#website"},"primaryImageOfPage":{"@id":"https:\/\/fwfuer.de\/ro\/dezastrul-deseurilor-devine-un-subiect-in-consiliul-municipal-8741\/#primaryimage"},"image":{"@id":"https:\/\/fwfuer.de\/ro\/dezastrul-deseurilor-devine-un-subiect-in-consiliul-municipal-8741\/#primaryimage"},"thumbnailUrl":"https:\/\/fwfuer.de\/wp-content\/uploads\/2024\/03\/IMG_0450-scaled.jpeg","datePublished":"2024-03-22T09:37:03+00:00","dateModified":"2026-01-27T15:06:55+00:00","description":"Die Pressemeldungen von F\u00dcR Karlsruhe im Gemeinderat der Stadt Karlsruhe. Hier ver\u00f6ffentlichen wir alle News rund um die Entscheidungen der Stadt Karlsruhe, unserer Anfragen und Initiativen im Karlsruher Gemeinderat.","breadcrumb":{"@id":"https:\/\/fwfuer.de\/ro\/dezastrul-deseurilor-devine-un-subiect-in-consiliul-municipal-8741\/#breadcrumb"},"inLanguage":"ro-RO","potentialAction":[{"@type":"ReadAction","target":["https:\/\/fwfuer.de\/ro\/dezastrul-deseurilor-devine-un-subiect-in-consiliul-municipal-8741\/"]}]},{"@type":"ImageObject","inLanguage":"ro-RO","@id":"https:\/\/fwfuer.de\/ro\/dezastrul-deseurilor-devine-un-subiect-in-consiliul-municipal-8741\/#primaryimage","url":"https:\/\/fwfuer.de\/wp-content\/uploads\/2024\/03\/IMG_0450-scaled.jpeg","contentUrl":"https:\/\/fwfuer.de\/wp-content\/uploads\/2024\/03\/IMG_0450-scaled.jpeg","width":2880,"height":2160},{"@type":"BreadcrumbList","@id":"https:\/\/fwfuer.de\/ro\/dezastrul-deseurilor-devine-un-subiect-in-consiliul-municipal-8741\/#breadcrumb","itemListElement":[{"@type":"ListItem","position":1,"name":"Startseite","item":"https:\/\/fwfuer.de\/ro\/acasa\/"},{"@type":"ListItem","position":2,"name":"Dezastrul de\u0219eurilor devine un subiect \u00een consiliul municipal"}]},{"@type":"WebSite","@id":"https:\/\/fwfuer.de\/ro\/#website","url":"https:\/\/fwfuer.de\/ro\/","name":"Freie W\u00e4hler | F\u00dcR Karlsruhe \u00een Consiliul Municipal Karlsruhe","description":"Grupul liber al consilierilor din Karlsruhe","publisher":{"@id":"https:\/\/fwfuer.de\/ro\/#organization"},"alternateName":"F\u00dcR KARLSRUHE im Gemeinderat","potentialAction":[{"@type":"SearchAction","target":{"@type":"EntryPoint","urlTemplate":"https:\/\/fwfuer.de\/ro\/?s={search_term_string}"},"query-input":{"@type":"PropertyValueSpecification","valueRequired":true,"valueName":"search_term_string"}}],"inLanguage":"ro-RO"},{"@type":"Organization","@id":"https:\/\/fwfuer.de\/ro\/#organization","name":"F\u00dcR Karlsruhe im Gemeinderat","alternateName":"F\u00dcR Karlsruhe mit Stadtrat Friedemann Kalmbach","url":"https:\/\/fwfuer.de\/ro\/","logo":{"@type":"ImageObject","inLanguage":"ro-RO","@id":"https:\/\/fwfuer.de\/ro\/#\/schema\/logo\/image\/","url":"https:\/\/fwfuer.de\/wp-content\/uploads\/2024\/07\/cropped-Logo-1.png","contentUrl":"https:\/\/fwfuer.de\/wp-content\/uploads\/2024\/07\/cropped-Logo-1.png","width":512,"height":512,"caption":"F\u00dcR Karlsruhe im Gemeinderat"},"image":{"@id":"https:\/\/fwfuer.de\/ro\/#\/schema\/logo\/image\/"},"sameAs":["https:\/\/www.facebook.com\/fwfuer","https:\/\/x.com\/fwfuer","https:\/\/www.instagram.com\/fuerka.de","https:\/\/de.linkedin.com\/company\/fw-fr-karlsruhe-gemeinderatsfraktion","https:\/\/tiktok.com\/@fuerka.de"]},{"@type":"Person","@id":"https:\/\/fwfuer.de\/ro\/#\/schema\/person\/f43392225120ae37e95ed36d7b324a19","name":"F\u00dcR Karlsruhe im Gemeinderat"}]}},"_links":{"self":[{"href":"https:\/\/fwfuer.de\/ro\/wp-json\/wp\/v2\/posts\/8741","targetHints":{"allow":["GET"]}}],"collection":[{"href":"https:\/\/fwfuer.de\/ro\/wp-json\/wp\/v2\/posts"}],"about":[{"href":"https:\/\/fwfuer.de\/ro\/wp-json\/wp\/v2\/types\/post"}],"author":[{"embeddable":true,"href":"https:\/\/fwfuer.de\/ro\/wp-json\/wp\/v2\/users\/6"}],"replies":[{"embeddable":true,"href":"https:\/\/fwfuer.de\/ro\/wp-json\/wp\/v2\/comments?post=8741"}],"version-history":[{"count":2,"href":"https:\/\/fwfuer.de\/ro\/wp-json\/wp\/v2\/posts\/8741\/revisions"}],"predecessor-version":[{"id":8745,"href":"https:\/\/fwfuer.de\/ro\/wp-json\/wp\/v2\/posts\/8741\/revisions\/8745"}],"wp:featuredmedia":[{"embeddable":true,"href":"https:\/\/fwfuer.de\/ro\/wp-json\/wp\/v2\/media\/6984"}],"wp:attachment":[{"href":"https:\/\/fwfuer.de\/ro\/wp-json\/wp\/v2\/media?parent=8741"}],"wp:term":[{"taxonomy":"category","embeddable":true,"href":"https:\/\/fwfuer.de\/ro\/wp-json\/wp\/v2\/categories?post=8741"},{"taxonomy":"post_tag","embeddable":true,"href":"https:\/\/fwfuer.de\/ro\/wp-json\/wp\/v2\/tags?post=8741"}],"curies":[{"name":"wp","href":"https:\/\/api.w.org\/{rel}","templated":true}]}}