{"id":8761,"date":"2024-03-15T12:04:32","date_gmt":"2024-03-15T11:04:32","guid":{"rendered":"https:\/\/fwfuer.de\/un-concept-de-piata-sociala-pentru-fuer-karlsruhe-8761\/"},"modified":"2026-01-27T16:07:08","modified_gmt":"2026-01-27T15:07:08","slug":"un-concept-de-piata-sociala-pentru-fuer-karlsruhe","status":"publish","type":"post","link":"https:\/\/fwfuer.de\/ro\/un-concept-de-piata-sociala-pentru-fuer-karlsruhe-8761\/","title":{"rendered":"Un concept de pia\u021b\u0103 social\u0103 pentru F\u00dcR Karlsruhe"},"content":{"rendered":"\n<p><strong>Grupul municipal al aleg\u0103torilor liberi \u0219i grupul de aleg\u0103tori &#8222;F\u00dcR Karlsruhe&#8221; prezint\u0103 un amendament la conceptul de pia\u021b\u0103 social\u0103<\/strong><\/p>\n\n<p>Grupul municipal al Aleg\u0103torilor Liberi \u0219i grupul de aleg\u0103tori &#8222;F\u00dcR Karlsruhe&#8221; au depus o mo\u021biune suplimentar\u0103 la Consiliul Municipal Karlsruhe \u00een favoarea unui concept de pia\u021b\u0103 social\u0103.\nSitua\u021bia din pie\u021bele publice precum Werderplatz din districtul S\u00fcdstadt a ajuns la un punct critic.\nAt\u00e2t de mult \u00eenc\u00e2t asocia\u021bia cet\u0103\u021benilor s-a adresat consiliului ora\u0219ului F\u00dcR Karlsruhe pentru a atrage aten\u021bia asupra \u00eenr\u0103ut\u0103\u021birii situa\u021biei.  <\/p>\n\n<p>Scopul propunerii este de a reduce povara asupra locurilor aglomerate din F\u00dcR Karlsruhe prin distribuirea serviciilor de asisten\u021b\u0103 social\u0103, cum ar fi cabinetele de substitu\u021bie \u0219i b\u0103ncile de alimente, \u00een diferite zone ale ora\u0219ului.\nAcest lucru este menit s\u0103 minimizeze efectul de atrac\u021bie: Concentrarea excesiv\u0103 a serviciilor de ajutor \u00een S\u00fcdstadt a atras anterior bolnavii de sevraj \u0219i persoanele f\u0103r\u0103 ad\u0103post din alte p\u0103r\u021bi ale ora\u0219ului \u0219i din \u00eemprejurimi.\nConflictele s-au intensificat, poli\u021bia \u0219i KOD au trebuit s\u0103 intervin\u0103 de mai multe ori, iar locuitorii s-au sim\u021bit din ce \u00een ce mai inconfortabil.  <\/p>\n\n<p>&#8222;O distribu\u021bie mai bun\u0103 \u0219i mai echitabil\u0103 a serviciilor sociale \u00een \u00eentreaga zon\u0103 a ora\u0219ului este absolut necesar\u0103 pentru a reduce poten\u021bialul de conflict \u0219i pentru a \u00eembun\u0103t\u0103\u021bi calitatea vie\u021bii pentru locuitori.\nConsider\u0103m c\u0103 noul concept reprezint\u0103 o oportunitate de a consolida sentimentul de securitate \u0219i calitatea vie\u021bii pentru locuitori&#8221;, a subliniat liderul grupului parlamentar Friedemann Kalmbach (F\u00dcR Karlsruhe). <\/p>\n\n<p>Semnatarii mo\u021biunii, consilierul municipal Friedemann Kalmbach (F\u00dcR Karlsruhe), consilierul municipal J\u00fcrgen Wenzel (Freie W\u00e4hler) \u0219i consilierul municipal Petra Lorenz (Freie W\u00e4hler), precum \u0219i liderul grupului parlamentar Micha Schlittenhardt, sunt convin\u0219i c\u0103 o distribu\u021bie echilibrat\u0103 a serviciilor sociale va contribui la consolidarea cartierelor ora\u0219ului \u0219i la promovarea coexisten\u021bei pozitive.<\/p>\n\n<div class=\"wp-block-divi-layout\">[et_pb_section fb_built=&#8221;1&#8243; theme_builder_area=&#8221;post_content&#8221; _builder_version=&#8221;4.24.2&#8243; _module_preset=&#8221;default&#8221;][et_pb_row _builder_version=&#8221;4.24.2&#8243; _module_preset=&#8221;default&#8221; theme_builder_area=&#8221;post_content&#8221;][et_pb_column _builder_version=&#8221;4.24.2&#8243; _module_preset=&#8221;default&#8221; type=&#8221;4_4&#8243; theme_builder_area=&#8221;post_content&#8221;][dipl_faq_page_schema _builder_version=&#8221;4.24.2&#8243; _module_preset=&#8221;default&#8221; theme_builder_area=&#8221;post_content&#8221; title=&#8221;FAQ&#8221; hover_enabled=&#8221;0&#8243; sticky_enabled=&#8221;0&#8243;][dipl_faq_page_schema_item _builder_version=&#8221;4.24.2&#8243; _module_preset=&#8221;default&#8221; theme_builder_area=&#8221;post_content&#8221; faq_question=&#8221;Was ist das Ziel des Sozialen Pl\u00e4tzekonzepts?&#8221; hover_enabled=&#8221;0&#8243; sticky_enabled=&#8221;0&#8243;]<p>Das Ziel des Sozialen Pl\u00e4tzekonzepts ist es, die Belastung hoch frequentierter Pl\u00e4tze in Karlsruhe zu verringern, indem soziale Hilfsangebote auf verschiedene Stadtteile verteilt werden.<\/p>[\/dipl_faq_page_schema_item][dipl_faq_page_schema_item _builder_version=&#8221;4.24.2&#8243; _module_preset=&#8221;default&#8221; theme_builder_area=&#8221;post_content&#8221; faq_question=&#8221;Warum ist eine gerechte Verteilung der sozialen Angebote wichtig?&#8221; hover_enabled=&#8221;0&#8243; sticky_enabled=&#8221;0&#8243;]<p>Eine gerechte Verteilung der sozialen Angebote tr\u00e4gt dazu bei, Konflikte zu reduzieren, das Sicherheitsempfinden der Anwohner zu st\u00e4rken und die Aufenthaltsqualit\u00e4t f\u00fcr alle Bev\u00f6lkerungsgruppen zu verbessern.<\/p>[\/dipl_faq_page_schema_item][dipl_faq_page_schema_item _builder_version=&#8221;4.24.2&#8243; _module_preset=&#8221;default&#8221; theme_builder_area=&#8221;post_content&#8221; faq_question=&#8221;Wie soll das Soziale Pl\u00e4tzekonzept umgesetzt werden?&#8221; hover_enabled=&#8221;0&#8243; sticky_enabled=&#8221;0&#8243;]<p>Das Soziale Pl\u00e4tzekonzept sieht vor, Substitutionspraxen, Lebensmittelausgaben und weitere Hilfsangebote auf verschiedene Stadtteile zu verteilen, um eine gleichm\u00e4\u00dfige Nutzung der \u00f6ffentlichen Pl\u00e4tze zu gew\u00e4hrleisten.<\/p>[\/dipl_faq_page_schema_item][dipl_faq_page_schema_item _builder_version=&#8221;4.24.2&#8243; _module_preset=&#8221;default&#8221; theme_builder_area=&#8221;post_content&#8221; faq_question=&#8221;Wer steht hinter dem Erg\u00e4nzungsantrag zum Sozialen Pl\u00e4tzekonzept?&#8221; hover_enabled=&#8221;0&#8243; sticky_enabled=&#8221;0&#8243;]<p>Der Erg\u00e4nzungsantrag wurde von der Fraktionsgemeinschaft der Freien W\u00e4hler und der W\u00e4hlergruppe &#8222;F\u00dcR Karlsruhe&#8221; unterst\u00fctzt, unterzeichnet von Friedemann Kalmbach, J\u00fcrgen Wenzel und Petra Lorenz.<\/p>[\/dipl_faq_page_schema_item][\/dipl_faq_page_schema][\/et_pb_column][\/et_pb_row][\/et_pb_section]<\/div>\n","protected":false},"excerpt":{"rendered":"<p>Grupul municipal al aleg\u0103torilor liberi \u0219i grupul de aleg\u0103tori &#8222;F\u00dcR Karlsruhe&#8221; prezint\u0103 un amendament la conceptul de pia\u021b\u0103 social\u0103 Grupul municipal al Aleg\u0103torilor Liberi \u0219i grupul de aleg\u0103tori &#8222;F\u00dcR Karlsruhe&#8221; au depus o mo\u021biune suplimentar\u0103 la Consiliul Municipal Karlsruhe \u00een favoarea unui concept de pia\u021b\u0103 social\u0103. Situa\u021bia din pie\u021bele publice precum Werderplatz din districtul S\u00fcdstadt [&hellip;]<\/p>\n","protected":false},"author":2,"featured_media":6954,"comment_status":"closed","ping_status":"closed","sticky":false,"template":"","format":"standard","meta":{"_acf_changed":false,"_et_pb_use_builder":"off","_et_pb_old_content":"","_et_gb_content_width":"","footnotes":"","_links_to":"","_links_to_target":""},"categories":[83],"tags":[],"class_list":["post-8761","post","type-post","status-publish","format-standard","has-post-thumbnail","hentry","category-comunicate-presa"],"acf":[],"yoast_head":"<!-- This site is optimized with the Yoast SEO plugin v27.4 - https:\/\/yoast.com\/product\/yoast-seo-wordpress\/ -->\n<title>Un concept de pia\u021b\u0103 social\u0103 pentru F\u00dcR Karlsruhe - Freie W\u00e4hler | F\u00dcR Karlsruhe \u00een Consiliul Municipal Karlsruhe<\/title>\n<meta name=\"description\" content=\"Die Pressemeldungen von F\u00dcR Karlsruhe im Gemeinderat der Stadt Karlsruhe. Hier ver\u00f6ffentlichen wir alle News rund um die Entscheidungen der Stadt Karlsruhe, unserer Anfragen und Initiativen im Karlsruher Gemeinderat.\" \/>\n<meta name=\"robots\" content=\"index, follow, max-snippet:-1, max-image-preview:large, max-video-preview:-1\" \/>\n<link rel=\"canonical\" href=\"https:\/\/fwfuer.de\/ro\/un-concept-de-piata-sociala-pentru-fuer-karlsruhe-8761\/\" \/>\n<meta property=\"og:locale\" content=\"ro_RO\" \/>\n<meta property=\"og:type\" content=\"article\" \/>\n<meta property=\"og:title\" content=\"Un concept de pia\u021b\u0103 social\u0103 pentru F\u00dcR Karlsruhe - Freie W\u00e4hler | F\u00dcR Karlsruhe \u00een Consiliul Municipal Karlsruhe\" \/>\n<meta property=\"og:description\" content=\"Die Pressemeldungen von F\u00dcR Karlsruhe im Gemeinderat der Stadt Karlsruhe. Hier ver\u00f6ffentlichen wir alle News rund um die Entscheidungen der Stadt Karlsruhe, unserer Anfragen und Initiativen im Karlsruher Gemeinderat.\" \/>\n<meta property=\"og:url\" content=\"https:\/\/fwfuer.de\/ro\/un-concept-de-piata-sociala-pentru-fuer-karlsruhe-8761\/\" \/>\n<meta property=\"og:site_name\" content=\"Freie W\u00e4hler | F\u00dcR Karlsruhe \u00een Consiliul Municipal Karlsruhe\" \/>\n<meta property=\"article:publisher\" content=\"https:\/\/www.facebook.com\/fwfuer\" \/>\n<meta property=\"article:published_time\" content=\"2024-03-15T11:04:32+00:00\" \/>\n<meta property=\"article:modified_time\" content=\"2026-01-27T15:07:08+00:00\" \/>\n<meta property=\"og:image\" content=\"https:\/\/fwfuer.de\/wp-content\/uploads\/2024\/03\/e6ed40e9-04e3-43e7-aec5-2455d00d5991.jpg-scaled.jpg\" \/>\n\t<meta property=\"og:image:width\" content=\"2880\" \/>\n\t<meta property=\"og:image:height\" content=\"2160\" \/>\n\t<meta property=\"og:image:type\" content=\"image\/jpeg\" \/>\n<meta name=\"author\" content=\"F\u00dcR Karlsruhe im Gemeinderat\" \/>\n<meta name=\"twitter:card\" content=\"summary_large_image\" \/>\n<meta name=\"twitter:creator\" content=\"@fwfuer\" \/>\n<meta name=\"twitter:site\" content=\"@fwfuer\" \/>\n<meta name=\"twitter:label1\" content=\"Scris de\" \/>\n\t<meta name=\"twitter:data1\" content=\"F\u00dcR Karlsruhe im Gemeinderat\" \/>\n\t<meta name=\"twitter:label2\" content=\"Timp estimat pentru citire\" \/>\n\t<meta name=\"twitter:data2\" content=\"3 minute\" \/>\n<script type=\"application\/ld+json\" class=\"yoast-schema-graph\">{\"@context\":\"https:\\\/\\\/schema.org\",\"@graph\":[{\"@type\":\"NewsArticle\",\"@id\":\"https:\\\/\\\/fwfuer.de\\\/ro\\\/un-concept-de-piata-sociala-pentru-fuer-karlsruhe-8761\\\/#article\",\"isPartOf\":{\"@id\":\"https:\\\/\\\/fwfuer.de\\\/ro\\\/un-concept-de-piata-sociala-pentru-fuer-karlsruhe-8761\\\/\"},\"author\":{\"name\":\"F\u00dcR Karlsruhe im Gemeinderat\",\"@id\":\"https:\\\/\\\/fwfuer.de\\\/ro\\\/#\\\/schema\\\/person\\\/b320b9d84a937dd6e9f2d80be1055c19\"},\"headline\":\"Un concept de pia\u021b\u0103 social\u0103 pentru F\u00dcR Karlsruhe\",\"datePublished\":\"2024-03-15T11:04:32+00:00\",\"dateModified\":\"2026-01-27T15:07:08+00:00\",\"mainEntityOfPage\":{\"@id\":\"https:\\\/\\\/fwfuer.de\\\/ro\\\/un-concept-de-piata-sociala-pentru-fuer-karlsruhe-8761\\\/\"},\"wordCount\":669,\"publisher\":{\"@id\":\"https:\\\/\\\/fwfuer.de\\\/ro\\\/#organization\"},\"image\":{\"@id\":\"https:\\\/\\\/fwfuer.de\\\/ro\\\/un-concept-de-piata-sociala-pentru-fuer-karlsruhe-8761\\\/#primaryimage\"},\"thumbnailUrl\":\"https:\\\/\\\/fwfuer.de\\\/wp-content\\\/uploads\\\/2024\\\/03\\\/e6ed40e9-04e3-43e7-aec5-2455d00d5991.jpg-scaled.jpg\",\"articleSection\":[\"Comunicate de pres\u0103\"],\"inLanguage\":\"ro-RO\"},{\"@type\":\"WebPage\",\"@id\":\"https:\\\/\\\/fwfuer.de\\\/ro\\\/un-concept-de-piata-sociala-pentru-fuer-karlsruhe-8761\\\/\",\"url\":\"https:\\\/\\\/fwfuer.de\\\/ro\\\/un-concept-de-piata-sociala-pentru-fuer-karlsruhe-8761\\\/\",\"name\":\"Un concept de pia\u021b\u0103 social\u0103 pentru F\u00dcR Karlsruhe - Freie W\u00e4hler | F\u00dcR Karlsruhe \u00een Consiliul Municipal Karlsruhe\",\"isPartOf\":{\"@id\":\"https:\\\/\\\/fwfuer.de\\\/ro\\\/#website\"},\"primaryImageOfPage\":{\"@id\":\"https:\\\/\\\/fwfuer.de\\\/ro\\\/un-concept-de-piata-sociala-pentru-fuer-karlsruhe-8761\\\/#primaryimage\"},\"image\":{\"@id\":\"https:\\\/\\\/fwfuer.de\\\/ro\\\/un-concept-de-piata-sociala-pentru-fuer-karlsruhe-8761\\\/#primaryimage\"},\"thumbnailUrl\":\"https:\\\/\\\/fwfuer.de\\\/wp-content\\\/uploads\\\/2024\\\/03\\\/e6ed40e9-04e3-43e7-aec5-2455d00d5991.jpg-scaled.jpg\",\"datePublished\":\"2024-03-15T11:04:32+00:00\",\"dateModified\":\"2026-01-27T15:07:08+00:00\",\"description\":\"Die Pressemeldungen von F\u00dcR Karlsruhe im Gemeinderat der Stadt Karlsruhe. Hier ver\u00f6ffentlichen wir alle News rund um die Entscheidungen der Stadt Karlsruhe, unserer Anfragen und Initiativen im Karlsruher Gemeinderat.\",\"breadcrumb\":{\"@id\":\"https:\\\/\\\/fwfuer.de\\\/ro\\\/un-concept-de-piata-sociala-pentru-fuer-karlsruhe-8761\\\/#breadcrumb\"},\"inLanguage\":\"ro-RO\",\"potentialAction\":[{\"@type\":\"ReadAction\",\"target\":[\"https:\\\/\\\/fwfuer.de\\\/ro\\\/un-concept-de-piata-sociala-pentru-fuer-karlsruhe-8761\\\/\"]}]},{\"@type\":\"ImageObject\",\"inLanguage\":\"ro-RO\",\"@id\":\"https:\\\/\\\/fwfuer.de\\\/ro\\\/un-concept-de-piata-sociala-pentru-fuer-karlsruhe-8761\\\/#primaryimage\",\"url\":\"https:\\\/\\\/fwfuer.de\\\/wp-content\\\/uploads\\\/2024\\\/03\\\/e6ed40e9-04e3-43e7-aec5-2455d00d5991.jpg-scaled.jpg\",\"contentUrl\":\"https:\\\/\\\/fwfuer.de\\\/wp-content\\\/uploads\\\/2024\\\/03\\\/e6ed40e9-04e3-43e7-aec5-2455d00d5991.jpg-scaled.jpg\",\"width\":2880,\"height\":2160},{\"@type\":\"BreadcrumbList\",\"@id\":\"https:\\\/\\\/fwfuer.de\\\/ro\\\/un-concept-de-piata-sociala-pentru-fuer-karlsruhe-8761\\\/#breadcrumb\",\"itemListElement\":[{\"@type\":\"ListItem\",\"position\":1,\"name\":\"Startseite\",\"item\":\"https:\\\/\\\/fwfuer.de\\\/ro\\\/acasa\\\/\"},{\"@type\":\"ListItem\",\"position\":2,\"name\":\"Un concept de pia\u021b\u0103 social\u0103 pentru F\u00dcR Karlsruhe\"}]},{\"@type\":\"WebSite\",\"@id\":\"https:\\\/\\\/fwfuer.de\\\/ro\\\/#website\",\"url\":\"https:\\\/\\\/fwfuer.de\\\/ro\\\/\",\"name\":\"Freie W\u00e4hler | F\u00dcR Karlsruhe \u00een Consiliul Municipal Karlsruhe\",\"description\":\"Grupul liber al consilierilor din Karlsruhe\",\"publisher\":{\"@id\":\"https:\\\/\\\/fwfuer.de\\\/ro\\\/#organization\"},\"alternateName\":\"F\u00dcR KARLSRUHE im Gemeinderat\",\"potentialAction\":[{\"@type\":\"SearchAction\",\"target\":{\"@type\":\"EntryPoint\",\"urlTemplate\":\"https:\\\/\\\/fwfuer.de\\\/ro\\\/?s={search_term_string}\"},\"query-input\":{\"@type\":\"PropertyValueSpecification\",\"valueRequired\":true,\"valueName\":\"search_term_string\"}}],\"inLanguage\":\"ro-RO\"},{\"@type\":\"Organization\",\"@id\":\"https:\\\/\\\/fwfuer.de\\\/ro\\\/#organization\",\"name\":\"F\u00dcR Karlsruhe im Gemeinderat\",\"alternateName\":\"F\u00dcR Karlsruhe mit Stadtrat Friedemann Kalmbach\",\"url\":\"https:\\\/\\\/fwfuer.de\\\/ro\\\/\",\"logo\":{\"@type\":\"ImageObject\",\"inLanguage\":\"ro-RO\",\"@id\":\"https:\\\/\\\/fwfuer.de\\\/ro\\\/#\\\/schema\\\/logo\\\/image\\\/\",\"url\":\"https:\\\/\\\/fwfuer.de\\\/wp-content\\\/uploads\\\/2024\\\/07\\\/cropped-Logo-1.png\",\"contentUrl\":\"https:\\\/\\\/fwfuer.de\\\/wp-content\\\/uploads\\\/2024\\\/07\\\/cropped-Logo-1.png\",\"width\":512,\"height\":512,\"caption\":\"F\u00dcR Karlsruhe im Gemeinderat\"},\"image\":{\"@id\":\"https:\\\/\\\/fwfuer.de\\\/ro\\\/#\\\/schema\\\/logo\\\/image\\\/\"},\"sameAs\":[\"https:\\\/\\\/www.facebook.com\\\/fwfuer\",\"https:\\\/\\\/x.com\\\/fwfuer\",\"https:\\\/\\\/www.instagram.com\\\/fuerka.de\",\"https:\\\/\\\/de.linkedin.com\\\/company\\\/fw-fr-karlsruhe-gemeinderatsfraktion\",\"https:\\\/\\\/tiktok.com\\\/@fuerka.de\"]},{\"@type\":\"Person\",\"@id\":\"https:\\\/\\\/fwfuer.de\\\/ro\\\/#\\\/schema\\\/person\\\/b320b9d84a937dd6e9f2d80be1055c19\",\"name\":\"F\u00dcR Karlsruhe im Gemeinderat\"}]}<\/script>\n<!-- \/ Yoast SEO plugin. -->","yoast_head_json":{"title":"Un concept de pia\u021b\u0103 social\u0103 pentru F\u00dcR Karlsruhe - Freie W\u00e4hler | F\u00dcR Karlsruhe \u00een Consiliul Municipal Karlsruhe","description":"Die Pressemeldungen von F\u00dcR Karlsruhe im Gemeinderat der Stadt Karlsruhe. Hier ver\u00f6ffentlichen wir alle News rund um die Entscheidungen der Stadt Karlsruhe, unserer Anfragen und Initiativen im Karlsruher Gemeinderat.","robots":{"index":"index","follow":"follow","max-snippet":"max-snippet:-1","max-image-preview":"max-image-preview:large","max-video-preview":"max-video-preview:-1"},"canonical":"https:\/\/fwfuer.de\/ro\/un-concept-de-piata-sociala-pentru-fuer-karlsruhe-8761\/","og_locale":"ro_RO","og_type":"article","og_title":"Un concept de pia\u021b\u0103 social\u0103 pentru F\u00dcR Karlsruhe - Freie W\u00e4hler | F\u00dcR Karlsruhe \u00een Consiliul Municipal Karlsruhe","og_description":"Die Pressemeldungen von F\u00dcR Karlsruhe im Gemeinderat der Stadt Karlsruhe. Hier ver\u00f6ffentlichen wir alle News rund um die Entscheidungen der Stadt Karlsruhe, unserer Anfragen und Initiativen im Karlsruher Gemeinderat.","og_url":"https:\/\/fwfuer.de\/ro\/un-concept-de-piata-sociala-pentru-fuer-karlsruhe-8761\/","og_site_name":"Freie W\u00e4hler | F\u00dcR Karlsruhe \u00een Consiliul Municipal Karlsruhe","article_publisher":"https:\/\/www.facebook.com\/fwfuer","article_published_time":"2024-03-15T11:04:32+00:00","article_modified_time":"2026-01-27T15:07:08+00:00","og_image":[{"width":2880,"height":2160,"url":"https:\/\/fwfuer.de\/wp-content\/uploads\/2024\/03\/e6ed40e9-04e3-43e7-aec5-2455d00d5991.jpg-scaled.jpg","type":"image\/jpeg"}],"author":"F\u00dcR Karlsruhe im Gemeinderat","twitter_card":"summary_large_image","twitter_creator":"@fwfuer","twitter_site":"@fwfuer","twitter_misc":{"Scris de":"F\u00dcR Karlsruhe im Gemeinderat","Timp estimat pentru citire":"3 minute"},"schema":{"@context":"https:\/\/schema.org","@graph":[{"@type":"NewsArticle","@id":"https:\/\/fwfuer.de\/ro\/un-concept-de-piata-sociala-pentru-fuer-karlsruhe-8761\/#article","isPartOf":{"@id":"https:\/\/fwfuer.de\/ro\/un-concept-de-piata-sociala-pentru-fuer-karlsruhe-8761\/"},"author":{"name":"F\u00dcR Karlsruhe im Gemeinderat","@id":"https:\/\/fwfuer.de\/ro\/#\/schema\/person\/b320b9d84a937dd6e9f2d80be1055c19"},"headline":"Un concept de pia\u021b\u0103 social\u0103 pentru F\u00dcR Karlsruhe","datePublished":"2024-03-15T11:04:32+00:00","dateModified":"2026-01-27T15:07:08+00:00","mainEntityOfPage":{"@id":"https:\/\/fwfuer.de\/ro\/un-concept-de-piata-sociala-pentru-fuer-karlsruhe-8761\/"},"wordCount":669,"publisher":{"@id":"https:\/\/fwfuer.de\/ro\/#organization"},"image":{"@id":"https:\/\/fwfuer.de\/ro\/un-concept-de-piata-sociala-pentru-fuer-karlsruhe-8761\/#primaryimage"},"thumbnailUrl":"https:\/\/fwfuer.de\/wp-content\/uploads\/2024\/03\/e6ed40e9-04e3-43e7-aec5-2455d00d5991.jpg-scaled.jpg","articleSection":["Comunicate de pres\u0103"],"inLanguage":"ro-RO"},{"@type":"WebPage","@id":"https:\/\/fwfuer.de\/ro\/un-concept-de-piata-sociala-pentru-fuer-karlsruhe-8761\/","url":"https:\/\/fwfuer.de\/ro\/un-concept-de-piata-sociala-pentru-fuer-karlsruhe-8761\/","name":"Un concept de pia\u021b\u0103 social\u0103 pentru F\u00dcR Karlsruhe - Freie W\u00e4hler | F\u00dcR Karlsruhe \u00een Consiliul Municipal Karlsruhe","isPartOf":{"@id":"https:\/\/fwfuer.de\/ro\/#website"},"primaryImageOfPage":{"@id":"https:\/\/fwfuer.de\/ro\/un-concept-de-piata-sociala-pentru-fuer-karlsruhe-8761\/#primaryimage"},"image":{"@id":"https:\/\/fwfuer.de\/ro\/un-concept-de-piata-sociala-pentru-fuer-karlsruhe-8761\/#primaryimage"},"thumbnailUrl":"https:\/\/fwfuer.de\/wp-content\/uploads\/2024\/03\/e6ed40e9-04e3-43e7-aec5-2455d00d5991.jpg-scaled.jpg","datePublished":"2024-03-15T11:04:32+00:00","dateModified":"2026-01-27T15:07:08+00:00","description":"Die Pressemeldungen von F\u00dcR Karlsruhe im Gemeinderat der Stadt Karlsruhe. Hier ver\u00f6ffentlichen wir alle News rund um die Entscheidungen der Stadt Karlsruhe, unserer Anfragen und Initiativen im Karlsruher Gemeinderat.","breadcrumb":{"@id":"https:\/\/fwfuer.de\/ro\/un-concept-de-piata-sociala-pentru-fuer-karlsruhe-8761\/#breadcrumb"},"inLanguage":"ro-RO","potentialAction":[{"@type":"ReadAction","target":["https:\/\/fwfuer.de\/ro\/un-concept-de-piata-sociala-pentru-fuer-karlsruhe-8761\/"]}]},{"@type":"ImageObject","inLanguage":"ro-RO","@id":"https:\/\/fwfuer.de\/ro\/un-concept-de-piata-sociala-pentru-fuer-karlsruhe-8761\/#primaryimage","url":"https:\/\/fwfuer.de\/wp-content\/uploads\/2024\/03\/e6ed40e9-04e3-43e7-aec5-2455d00d5991.jpg-scaled.jpg","contentUrl":"https:\/\/fwfuer.de\/wp-content\/uploads\/2024\/03\/e6ed40e9-04e3-43e7-aec5-2455d00d5991.jpg-scaled.jpg","width":2880,"height":2160},{"@type":"BreadcrumbList","@id":"https:\/\/fwfuer.de\/ro\/un-concept-de-piata-sociala-pentru-fuer-karlsruhe-8761\/#breadcrumb","itemListElement":[{"@type":"ListItem","position":1,"name":"Startseite","item":"https:\/\/fwfuer.de\/ro\/acasa\/"},{"@type":"ListItem","position":2,"name":"Un concept de pia\u021b\u0103 social\u0103 pentru F\u00dcR Karlsruhe"}]},{"@type":"WebSite","@id":"https:\/\/fwfuer.de\/ro\/#website","url":"https:\/\/fwfuer.de\/ro\/","name":"Freie W\u00e4hler | F\u00dcR Karlsruhe \u00een Consiliul Municipal Karlsruhe","description":"Grupul liber al consilierilor din Karlsruhe","publisher":{"@id":"https:\/\/fwfuer.de\/ro\/#organization"},"alternateName":"F\u00dcR KARLSRUHE im Gemeinderat","potentialAction":[{"@type":"SearchAction","target":{"@type":"EntryPoint","urlTemplate":"https:\/\/fwfuer.de\/ro\/?s={search_term_string}"},"query-input":{"@type":"PropertyValueSpecification","valueRequired":true,"valueName":"search_term_string"}}],"inLanguage":"ro-RO"},{"@type":"Organization","@id":"https:\/\/fwfuer.de\/ro\/#organization","name":"F\u00dcR Karlsruhe im Gemeinderat","alternateName":"F\u00dcR Karlsruhe mit Stadtrat Friedemann Kalmbach","url":"https:\/\/fwfuer.de\/ro\/","logo":{"@type":"ImageObject","inLanguage":"ro-RO","@id":"https:\/\/fwfuer.de\/ro\/#\/schema\/logo\/image\/","url":"https:\/\/fwfuer.de\/wp-content\/uploads\/2024\/07\/cropped-Logo-1.png","contentUrl":"https:\/\/fwfuer.de\/wp-content\/uploads\/2024\/07\/cropped-Logo-1.png","width":512,"height":512,"caption":"F\u00dcR Karlsruhe im Gemeinderat"},"image":{"@id":"https:\/\/fwfuer.de\/ro\/#\/schema\/logo\/image\/"},"sameAs":["https:\/\/www.facebook.com\/fwfuer","https:\/\/x.com\/fwfuer","https:\/\/www.instagram.com\/fuerka.de","https:\/\/de.linkedin.com\/company\/fw-fr-karlsruhe-gemeinderatsfraktion","https:\/\/tiktok.com\/@fuerka.de"]},{"@type":"Person","@id":"https:\/\/fwfuer.de\/ro\/#\/schema\/person\/b320b9d84a937dd6e9f2d80be1055c19","name":"F\u00dcR Karlsruhe im Gemeinderat"}]}},"_links":{"self":[{"href":"https:\/\/fwfuer.de\/ro\/wp-json\/wp\/v2\/posts\/8761","targetHints":{"allow":["GET"]}}],"collection":[{"href":"https:\/\/fwfuer.de\/ro\/wp-json\/wp\/v2\/posts"}],"about":[{"href":"https:\/\/fwfuer.de\/ro\/wp-json\/wp\/v2\/types\/post"}],"author":[{"embeddable":true,"href":"https:\/\/fwfuer.de\/ro\/wp-json\/wp\/v2\/users\/2"}],"replies":[{"embeddable":true,"href":"https:\/\/fwfuer.de\/ro\/wp-json\/wp\/v2\/comments?post=8761"}],"version-history":[{"count":2,"href":"https:\/\/fwfuer.de\/ro\/wp-json\/wp\/v2\/posts\/8761\/revisions"}],"predecessor-version":[{"id":8765,"href":"https:\/\/fwfuer.de\/ro\/wp-json\/wp\/v2\/posts\/8761\/revisions\/8765"}],"wp:featuredmedia":[{"embeddable":true,"href":"https:\/\/fwfuer.de\/ro\/wp-json\/wp\/v2\/media\/6954"}],"wp:attachment":[{"href":"https:\/\/fwfuer.de\/ro\/wp-json\/wp\/v2\/media?parent=8761"}],"wp:term":[{"taxonomy":"category","embeddable":true,"href":"https:\/\/fwfuer.de\/ro\/wp-json\/wp\/v2\/categories?post=8761"},{"taxonomy":"post_tag","embeddable":true,"href":"https:\/\/fwfuer.de\/ro\/wp-json\/wp\/v2\/tags?post=8761"}],"curies":[{"name":"wp","href":"https:\/\/api.w.org\/{rel}","templated":true}]}}