{"id":8896,"date":"2023-12-14T12:26:01","date_gmt":"2023-12-14T11:26:01","guid":{"rendered":"https:\/\/fwfuer.de\/dezvoltare-eficienta-a-afacerilor-in-fuer-karlsruhe-8896\/"},"modified":"2026-01-27T16:08:05","modified_gmt":"2026-01-27T15:08:05","slug":"dezvoltare-eficienta-a-afacerilor-in-fuer-karlsruhe","status":"publish","type":"post","link":"https:\/\/fwfuer.de\/ro\/dezvoltare-eficienta-a-afacerilor-in-fuer-karlsruhe-8896\/","title":{"rendered":"Dezvoltare eficient\u0103 a afacerilor \u00een F\u00dcR Karlsruhe"},"content":{"rendered":"\n<p><strong><em>Grupul municipal al Aleg\u0103torilor Liberi \u0219i grupul de aleg\u0103tori &#8222;F\u00dcR Karlsruhe&#8221; sunt \u00een favoarea unei dezvolt\u0103ri economice eficiente.<\/em><\/strong><\/p>\n\n<p>Grupul parlamentar al Aleg\u0103torilor Liberi \u0219i Grupul aleg\u0103torilor &#8222;F\u00dcR Karlsruhe&#8221; (FW|F\u00dcR Karlsruhe parliamentary group) a depus o mo\u021biune la Consiliul municipal Karlsruhe pentru optimizarea dezvolt\u0103rii economice a ora\u0219ului. Scopul este de a crea un punct de contact central pentru comercian\u021bii \u0219i companiile care doresc s\u0103 se mute sau s\u0103 se relocheze \u00een Karlsruhe.<\/p>\n\n<p>\u00cen ultimii ani, Karlsruhe a suferit din p\u0103cate pierderea unui num\u0103r de companii importante.\nUnul dintre motive este procesul lung de c\u0103utare \u0219i aprobare a cererilor de extindere.  Obstacolele birocratice sunt prea mari \u0219i descurajeaz\u0103 poten\u021bialii investitori. \u00cen lumea de ast\u0103zi, companiile sunt obligate s\u0103 se adapteze rapid la schimb\u0103rile pie\u021bei pentru a r\u0103m\u00e2ne competitive.\nPrin urmare, este foarte important ca administra\u021bia s\u0103 ofere o cale la fel de rapid\u0103 \u0219i necomplicat\u0103 pentru companii.\nC\u0103ile scurte \u0219i abord\u0103rile clare ale solu\u021biilor ar trebui, prin urmare, s\u0103 fie centralizate \u00eentr-un singur loc.\nOrganiza\u021bia actual\u0103 de dezvoltare a afacerilor nu \u00eendepline\u0219te \u00eenc\u0103 aceste cerin\u021be.\nDin acest motiv, solicit\u0103m ca dezvoltarea afacerilor s\u0103 fie interconectat\u0103 cu celelalte birouri relevante \u0219i s\u0103 fie stabilit\u0103 ca punct central de contact \u0219i punct de leg\u0103tur\u0103 pentru rela\u021biile companiilor cu autorit\u0103\u021bile.    <\/p>\n\n<p>Friedemann Kalmbach, pre\u0219edintele grupului parlamentar FW|F\u00dcR Karlsruhe, subliniaz\u0103: &#8222;Dorim s\u0103 consolid\u0103m F\u00dcR Karlsruhe ca o loca\u021bie de afaceri atractiv\u0103 \u0219i s\u0103 oferim companiilor condi\u021bii optime.\nDezvoltarea eficient\u0103 a afacerilor este de o importan\u021b\u0103 crucial\u0103 \u00een acest sens.\nPrin crearea unui punct de contact central, putem ajuta companiile s\u0103 \u00ee\u0219i clarifice rapid \u0219i u\u0219or preocup\u0103rile \u0219i, astfel, s\u0103 promov\u0103m \u00een continuare F\u00dcR Karlsruhe ca loca\u021bie de afaceri.&#8221;  <\/p>\n\n<div class=\"wp-block-divi-layout\">[et_pb_section fb_built=&#8221;1&#8243; theme_builder_area=&#8221;post_content&#8221; _builder_version=&#8221;4.23.1&#8243; _module_preset=&#8221;default&#8221;][et_pb_row _builder_version=&#8221;4.23.1&#8243; _module_preset=&#8221;default&#8221; theme_builder_area=&#8221;post_content&#8221;][et_pb_column _builder_version=&#8221;4.23.1&#8243; _module_preset=&#8221;default&#8221; type=&#8221;4_4&#8243; theme_builder_area=&#8221;post_content&#8221;][dipl_faq_page_schema _builder_version=&#8221;4.23.1&#8243; _module_preset=&#8221;default&#8221; theme_builder_area=&#8221;post_content&#8221; title=&#8221;\u00ceNTREB\u0102RI FRECVENTE&#8221; hover_enabled=&#8221;0&#8243; sticky_enabled=&#8221;0&#8243;][dipl_faq_page_schema_item _builder_version=&#8221;4.23.1&#8243; _module_preset=&#8221;default&#8221; theme_builder_area=&#8221;post_content&#8221; faq_question=&#8221;Warum ist eine effiziente Wirtschaftsf\u00f6rderung wichtig?&#8221; hover_enabled=&#8221;0&#8243; sticky_enabled=&#8221;0&#8243;]<p>Dezvoltarea eficient\u0103 a afacerilor este crucial\u0103 pentru a sprijini companiile \u00een problemele lor \u0219i pentru a face atractiv\u0103 loca\u021bia de afaceri.\nUn punct central de contact permite \u00eentreprinderilor s\u0103 \u00ee\u0219i clarifice rapid \u0219i u\u0219or problemele. <\/p>[\/dipl_faq_page_schema_item][dipl_faq_page_schema_item _builder_version=&#8221;4.23.1&#8243; _module_preset=&#8221;default&#8221; theme_builder_area=&#8221;post_content&#8221; faq_question=&#8221;Wie kann die Wirtschaftsf\u00f6rderung verbessert werden?&#8221; hover_enabled=&#8221;0&#8243; sticky_enabled=&#8221;0&#8243;]<p>Dezvoltarea economic\u0103 ar trebui s\u0103 fie interconectat\u0103 cu celelalte birouri responsabile pentru a facilita c\u0103i scurte \u0219i abord\u0103ri clare ale solu\u021biilor.\nAcest lucru permite \u00eentreprinderilor s\u0103 reac\u021bioneze mai rapid la schimb\u0103ri \u0219i s\u0103 \u00ee\u0219i consolideze competitivitatea. <\/p>[\/dipl_faq_page_schema_item][dipl_faq_page_schema_item _builder_version=&#8221;4.23.1&#8243; _module_preset=&#8221;default&#8221; theme_builder_area=&#8221;post_content&#8221; faq_question=&#8221;Welche Vorteile bringt eine zentrale Anlaufstelle?&#8221; hover_enabled=&#8221;0&#8243; sticky_enabled=&#8221;0&#8243;]<p>Un punct de contact central permite \u00eentreprinderilor s\u0103 \u00ee\u0219i adune problemele \u00eentr-un singur loc.\nAcest lucru reduce obstacolele birocratice \u0219i scurteaz\u0103 timpii de procesare.\n\u00centreprinderile beneficiaz\u0103 de sprijin rapid \u0219i simplu \u00een rela\u021biile cu autorit\u0103\u021bile.  <\/p>[\/dipl_faq_page_schema_item][dipl_faq_page_schema_item _builder_version=&#8221;4.23.1&#8243; _module_preset=&#8221;default&#8221; theme_builder_area=&#8221;post_content&#8221; faq_question=&#8221;Wie kann die Wirtschaftsf\u00f6rderung den Wirtschaftsstandort Karlsruhe st\u00e4rken?&#8221; hover_enabled=&#8221;0&#8243; sticky_enabled=&#8221;0&#8243;]<p>O dezvoltare economic\u0103 eficient\u0103 contribuie la \u00eencurajarea companiilor s\u0103 se stabileasc\u0103 \u00een F\u00dcR Karlsruhe sau la extinderea companiilor existente.\nAcest lucru creeaz\u0103 locuri de munc\u0103 \u0219i consolideaz\u0103 economia \u00een regiune. <\/p>[\/dipl_faq_page_schema_item][\/dipl_faq_page_schema][\/et_pb_column][\/et_pb_row][\/et_pb_section]<\/div>\n","protected":false},"excerpt":{"rendered":"<p>Grupul municipal al Aleg\u0103torilor Liberi \u0219i grupul de aleg\u0103tori &#8222;F\u00dcR Karlsruhe&#8221; sunt \u00een favoarea unei dezvolt\u0103ri economice eficiente. Grupul parlamentar al Aleg\u0103torilor Liberi \u0219i Grupul aleg\u0103torilor &#8222;F\u00dcR Karlsruhe&#8221; (FW|F\u00dcR Karlsruhe parliamentary group) a depus o mo\u021biune la Consiliul municipal Karlsruhe pentru optimizarea dezvolt\u0103rii economice a ora\u0219ului. Scopul este de a crea un punct de contact [&hellip;]<\/p>\n","protected":false},"author":2,"featured_media":6674,"comment_status":"closed","ping_status":"closed","sticky":false,"template":"","format":"standard","meta":{"_acf_changed":false,"_et_pb_use_builder":"off","_et_pb_old_content":"","_et_gb_content_width":"","footnotes":"","_links_to":"","_links_to_target":""},"categories":[83],"tags":[],"class_list":["post-8896","post","type-post","status-publish","format-standard","has-post-thumbnail","hentry","category-comunicate-presa"],"acf":[],"yoast_head":"<!-- This site is optimized with the Yoast SEO plugin v27.4 - https:\/\/yoast.com\/product\/yoast-seo-wordpress\/ -->\n<title>Dezvoltare eficient\u0103 a afacerilor \u00een F\u00dcR Karlsruhe - Freie W\u00e4hler | F\u00dcR Karlsruhe \u00een Consiliul Municipal Karlsruhe<\/title>\n<meta name=\"description\" content=\"Die Pressemeldungen von F\u00dcR Karlsruhe im Gemeinderat der Stadt Karlsruhe. Hier ver\u00f6ffentlichen wir alle News rund um die Entscheidungen der Stadt Karlsruhe, unserer Anfragen und Initiativen im Karlsruher Gemeinderat.\" \/>\n<meta name=\"robots\" content=\"index, follow, max-snippet:-1, max-image-preview:large, max-video-preview:-1\" \/>\n<link rel=\"canonical\" href=\"https:\/\/fwfuer.de\/ro\/dezvoltare-eficienta-a-afacerilor-in-fuer-karlsruhe-8896\/\" \/>\n<meta property=\"og:locale\" content=\"ro_RO\" \/>\n<meta property=\"og:type\" content=\"article\" \/>\n<meta property=\"og:title\" content=\"Dezvoltare eficient\u0103 a afacerilor \u00een F\u00dcR Karlsruhe - Freie W\u00e4hler | F\u00dcR Karlsruhe \u00een Consiliul Municipal Karlsruhe\" \/>\n<meta property=\"og:description\" content=\"Die Pressemeldungen von F\u00dcR Karlsruhe im Gemeinderat der Stadt Karlsruhe. Hier ver\u00f6ffentlichen wir alle News rund um die Entscheidungen der Stadt Karlsruhe, unserer Anfragen und Initiativen im Karlsruher Gemeinderat.\" \/>\n<meta property=\"og:url\" content=\"https:\/\/fwfuer.de\/ro\/dezvoltare-eficienta-a-afacerilor-in-fuer-karlsruhe-8896\/\" \/>\n<meta property=\"og:site_name\" content=\"Freie W\u00e4hler | F\u00dcR Karlsruhe \u00een Consiliul Municipal Karlsruhe\" \/>\n<meta property=\"article:publisher\" content=\"https:\/\/www.facebook.com\/fwfuer\" \/>\n<meta property=\"article:published_time\" content=\"2023-12-14T11:26:01+00:00\" \/>\n<meta property=\"article:modified_time\" content=\"2026-01-27T15:08:05+00:00\" \/>\n<meta property=\"og:image\" content=\"https:\/\/fwfuer.de\/wp-content\/uploads\/2023\/12\/Design_ohne_Titel_14.png\" \/>\n\t<meta property=\"og:image:width\" content=\"1920\" \/>\n\t<meta property=\"og:image:height\" content=\"1080\" \/>\n\t<meta property=\"og:image:type\" content=\"image\/png\" \/>\n<meta name=\"author\" content=\"F\u00dcR Karlsruhe im Gemeinderat\" \/>\n<meta name=\"twitter:card\" content=\"summary_large_image\" \/>\n<meta name=\"twitter:creator\" content=\"@fwfuer\" \/>\n<meta name=\"twitter:site\" content=\"@fwfuer\" \/>\n<meta name=\"twitter:label1\" content=\"Scris de\" \/>\n\t<meta name=\"twitter:data1\" content=\"F\u00dcR Karlsruhe im Gemeinderat\" \/>\n\t<meta name=\"twitter:label2\" content=\"Timp estimat pentru citire\" \/>\n\t<meta name=\"twitter:data2\" content=\"3 minute\" \/>\n<script type=\"application\/ld+json\" class=\"yoast-schema-graph\">{\"@context\":\"https:\\\/\\\/schema.org\",\"@graph\":[{\"@type\":\"NewsArticle\",\"@id\":\"https:\\\/\\\/fwfuer.de\\\/ro\\\/dezvoltare-eficienta-a-afacerilor-in-fuer-karlsruhe-8896\\\/#article\",\"isPartOf\":{\"@id\":\"https:\\\/\\\/fwfuer.de\\\/ro\\\/dezvoltare-eficienta-a-afacerilor-in-fuer-karlsruhe-8896\\\/\"},\"author\":{\"name\":\"F\u00dcR Karlsruhe im Gemeinderat\",\"@id\":\"https:\\\/\\\/fwfuer.de\\\/ro\\\/#\\\/schema\\\/person\\\/b320b9d84a937dd6e9f2d80be1055c19\"},\"headline\":\"Dezvoltare eficient\u0103 a afacerilor \u00een F\u00dcR Karlsruhe\",\"datePublished\":\"2023-12-14T11:26:01+00:00\",\"dateModified\":\"2026-01-27T15:08:05+00:00\",\"mainEntityOfPage\":{\"@id\":\"https:\\\/\\\/fwfuer.de\\\/ro\\\/dezvoltare-eficienta-a-afacerilor-in-fuer-karlsruhe-8896\\\/\"},\"wordCount\":681,\"publisher\":{\"@id\":\"https:\\\/\\\/fwfuer.de\\\/ro\\\/#organization\"},\"image\":{\"@id\":\"https:\\\/\\\/fwfuer.de\\\/ro\\\/dezvoltare-eficienta-a-afacerilor-in-fuer-karlsruhe-8896\\\/#primaryimage\"},\"thumbnailUrl\":\"https:\\\/\\\/fwfuer.de\\\/wp-content\\\/uploads\\\/2023\\\/12\\\/Design_ohne_Titel_14.png\",\"articleSection\":[\"Comunicate de pres\u0103\"],\"inLanguage\":\"ro-RO\"},{\"@type\":\"WebPage\",\"@id\":\"https:\\\/\\\/fwfuer.de\\\/ro\\\/dezvoltare-eficienta-a-afacerilor-in-fuer-karlsruhe-8896\\\/\",\"url\":\"https:\\\/\\\/fwfuer.de\\\/ro\\\/dezvoltare-eficienta-a-afacerilor-in-fuer-karlsruhe-8896\\\/\",\"name\":\"Dezvoltare eficient\u0103 a afacerilor \u00een F\u00dcR Karlsruhe - Freie W\u00e4hler | F\u00dcR Karlsruhe \u00een Consiliul Municipal Karlsruhe\",\"isPartOf\":{\"@id\":\"https:\\\/\\\/fwfuer.de\\\/ro\\\/#website\"},\"primaryImageOfPage\":{\"@id\":\"https:\\\/\\\/fwfuer.de\\\/ro\\\/dezvoltare-eficienta-a-afacerilor-in-fuer-karlsruhe-8896\\\/#primaryimage\"},\"image\":{\"@id\":\"https:\\\/\\\/fwfuer.de\\\/ro\\\/dezvoltare-eficienta-a-afacerilor-in-fuer-karlsruhe-8896\\\/#primaryimage\"},\"thumbnailUrl\":\"https:\\\/\\\/fwfuer.de\\\/wp-content\\\/uploads\\\/2023\\\/12\\\/Design_ohne_Titel_14.png\",\"datePublished\":\"2023-12-14T11:26:01+00:00\",\"dateModified\":\"2026-01-27T15:08:05+00:00\",\"description\":\"Die Pressemeldungen von F\u00dcR Karlsruhe im Gemeinderat der Stadt Karlsruhe. Hier ver\u00f6ffentlichen wir alle News rund um die Entscheidungen der Stadt Karlsruhe, unserer Anfragen und Initiativen im Karlsruher Gemeinderat.\",\"breadcrumb\":{\"@id\":\"https:\\\/\\\/fwfuer.de\\\/ro\\\/dezvoltare-eficienta-a-afacerilor-in-fuer-karlsruhe-8896\\\/#breadcrumb\"},\"inLanguage\":\"ro-RO\",\"potentialAction\":[{\"@type\":\"ReadAction\",\"target\":[\"https:\\\/\\\/fwfuer.de\\\/ro\\\/dezvoltare-eficienta-a-afacerilor-in-fuer-karlsruhe-8896\\\/\"]}]},{\"@type\":\"ImageObject\",\"inLanguage\":\"ro-RO\",\"@id\":\"https:\\\/\\\/fwfuer.de\\\/ro\\\/dezvoltare-eficienta-a-afacerilor-in-fuer-karlsruhe-8896\\\/#primaryimage\",\"url\":\"https:\\\/\\\/fwfuer.de\\\/wp-content\\\/uploads\\\/2023\\\/12\\\/Design_ohne_Titel_14.png\",\"contentUrl\":\"https:\\\/\\\/fwfuer.de\\\/wp-content\\\/uploads\\\/2023\\\/12\\\/Design_ohne_Titel_14.png\",\"width\":1920,\"height\":1080},{\"@type\":\"BreadcrumbList\",\"@id\":\"https:\\\/\\\/fwfuer.de\\\/ro\\\/dezvoltare-eficienta-a-afacerilor-in-fuer-karlsruhe-8896\\\/#breadcrumb\",\"itemListElement\":[{\"@type\":\"ListItem\",\"position\":1,\"name\":\"Startseite\",\"item\":\"https:\\\/\\\/fwfuer.de\\\/ro\\\/acasa\\\/\"},{\"@type\":\"ListItem\",\"position\":2,\"name\":\"Dezvoltare eficient\u0103 a afacerilor \u00een F\u00dcR Karlsruhe\"}]},{\"@type\":\"WebSite\",\"@id\":\"https:\\\/\\\/fwfuer.de\\\/ro\\\/#website\",\"url\":\"https:\\\/\\\/fwfuer.de\\\/ro\\\/\",\"name\":\"Freie W\u00e4hler | F\u00dcR Karlsruhe \u00een Consiliul Municipal Karlsruhe\",\"description\":\"Grupul liber al consilierilor din Karlsruhe\",\"publisher\":{\"@id\":\"https:\\\/\\\/fwfuer.de\\\/ro\\\/#organization\"},\"alternateName\":\"F\u00dcR KARLSRUHE im Gemeinderat\",\"potentialAction\":[{\"@type\":\"SearchAction\",\"target\":{\"@type\":\"EntryPoint\",\"urlTemplate\":\"https:\\\/\\\/fwfuer.de\\\/ro\\\/?s={search_term_string}\"},\"query-input\":{\"@type\":\"PropertyValueSpecification\",\"valueRequired\":true,\"valueName\":\"search_term_string\"}}],\"inLanguage\":\"ro-RO\"},{\"@type\":\"Organization\",\"@id\":\"https:\\\/\\\/fwfuer.de\\\/ro\\\/#organization\",\"name\":\"F\u00dcR Karlsruhe im Gemeinderat\",\"alternateName\":\"F\u00dcR Karlsruhe mit Stadtrat Friedemann Kalmbach\",\"url\":\"https:\\\/\\\/fwfuer.de\\\/ro\\\/\",\"logo\":{\"@type\":\"ImageObject\",\"inLanguage\":\"ro-RO\",\"@id\":\"https:\\\/\\\/fwfuer.de\\\/ro\\\/#\\\/schema\\\/logo\\\/image\\\/\",\"url\":\"https:\\\/\\\/fwfuer.de\\\/wp-content\\\/uploads\\\/2024\\\/07\\\/cropped-Logo-1.png\",\"contentUrl\":\"https:\\\/\\\/fwfuer.de\\\/wp-content\\\/uploads\\\/2024\\\/07\\\/cropped-Logo-1.png\",\"width\":512,\"height\":512,\"caption\":\"F\u00dcR Karlsruhe im Gemeinderat\"},\"image\":{\"@id\":\"https:\\\/\\\/fwfuer.de\\\/ro\\\/#\\\/schema\\\/logo\\\/image\\\/\"},\"sameAs\":[\"https:\\\/\\\/www.facebook.com\\\/fwfuer\",\"https:\\\/\\\/x.com\\\/fwfuer\",\"https:\\\/\\\/www.instagram.com\\\/fuerka.de\",\"https:\\\/\\\/de.linkedin.com\\\/company\\\/fw-fr-karlsruhe-gemeinderatsfraktion\",\"https:\\\/\\\/tiktok.com\\\/@fuerka.de\"]},{\"@type\":\"Person\",\"@id\":\"https:\\\/\\\/fwfuer.de\\\/ro\\\/#\\\/schema\\\/person\\\/b320b9d84a937dd6e9f2d80be1055c19\",\"name\":\"F\u00dcR Karlsruhe im Gemeinderat\"}]}<\/script>\n<!-- \/ Yoast SEO plugin. -->","yoast_head_json":{"title":"Dezvoltare eficient\u0103 a afacerilor \u00een F\u00dcR Karlsruhe - Freie W\u00e4hler | F\u00dcR Karlsruhe \u00een Consiliul Municipal Karlsruhe","description":"Die Pressemeldungen von F\u00dcR Karlsruhe im Gemeinderat der Stadt Karlsruhe. Hier ver\u00f6ffentlichen wir alle News rund um die Entscheidungen der Stadt Karlsruhe, unserer Anfragen und Initiativen im Karlsruher Gemeinderat.","robots":{"index":"index","follow":"follow","max-snippet":"max-snippet:-1","max-image-preview":"max-image-preview:large","max-video-preview":"max-video-preview:-1"},"canonical":"https:\/\/fwfuer.de\/ro\/dezvoltare-eficienta-a-afacerilor-in-fuer-karlsruhe-8896\/","og_locale":"ro_RO","og_type":"article","og_title":"Dezvoltare eficient\u0103 a afacerilor \u00een F\u00dcR Karlsruhe - Freie W\u00e4hler | F\u00dcR Karlsruhe \u00een Consiliul Municipal Karlsruhe","og_description":"Die Pressemeldungen von F\u00dcR Karlsruhe im Gemeinderat der Stadt Karlsruhe. Hier ver\u00f6ffentlichen wir alle News rund um die Entscheidungen der Stadt Karlsruhe, unserer Anfragen und Initiativen im Karlsruher Gemeinderat.","og_url":"https:\/\/fwfuer.de\/ro\/dezvoltare-eficienta-a-afacerilor-in-fuer-karlsruhe-8896\/","og_site_name":"Freie W\u00e4hler | F\u00dcR Karlsruhe \u00een Consiliul Municipal Karlsruhe","article_publisher":"https:\/\/www.facebook.com\/fwfuer","article_published_time":"2023-12-14T11:26:01+00:00","article_modified_time":"2026-01-27T15:08:05+00:00","og_image":[{"width":1920,"height":1080,"url":"https:\/\/fwfuer.de\/wp-content\/uploads\/2023\/12\/Design_ohne_Titel_14.png","type":"image\/png"}],"author":"F\u00dcR Karlsruhe im Gemeinderat","twitter_card":"summary_large_image","twitter_creator":"@fwfuer","twitter_site":"@fwfuer","twitter_misc":{"Scris de":"F\u00dcR Karlsruhe im Gemeinderat","Timp estimat pentru citire":"3 minute"},"schema":{"@context":"https:\/\/schema.org","@graph":[{"@type":"NewsArticle","@id":"https:\/\/fwfuer.de\/ro\/dezvoltare-eficienta-a-afacerilor-in-fuer-karlsruhe-8896\/#article","isPartOf":{"@id":"https:\/\/fwfuer.de\/ro\/dezvoltare-eficienta-a-afacerilor-in-fuer-karlsruhe-8896\/"},"author":{"name":"F\u00dcR Karlsruhe im Gemeinderat","@id":"https:\/\/fwfuer.de\/ro\/#\/schema\/person\/b320b9d84a937dd6e9f2d80be1055c19"},"headline":"Dezvoltare eficient\u0103 a afacerilor \u00een F\u00dcR Karlsruhe","datePublished":"2023-12-14T11:26:01+00:00","dateModified":"2026-01-27T15:08:05+00:00","mainEntityOfPage":{"@id":"https:\/\/fwfuer.de\/ro\/dezvoltare-eficienta-a-afacerilor-in-fuer-karlsruhe-8896\/"},"wordCount":681,"publisher":{"@id":"https:\/\/fwfuer.de\/ro\/#organization"},"image":{"@id":"https:\/\/fwfuer.de\/ro\/dezvoltare-eficienta-a-afacerilor-in-fuer-karlsruhe-8896\/#primaryimage"},"thumbnailUrl":"https:\/\/fwfuer.de\/wp-content\/uploads\/2023\/12\/Design_ohne_Titel_14.png","articleSection":["Comunicate de pres\u0103"],"inLanguage":"ro-RO"},{"@type":"WebPage","@id":"https:\/\/fwfuer.de\/ro\/dezvoltare-eficienta-a-afacerilor-in-fuer-karlsruhe-8896\/","url":"https:\/\/fwfuer.de\/ro\/dezvoltare-eficienta-a-afacerilor-in-fuer-karlsruhe-8896\/","name":"Dezvoltare eficient\u0103 a afacerilor \u00een F\u00dcR Karlsruhe - Freie W\u00e4hler | F\u00dcR Karlsruhe \u00een Consiliul Municipal Karlsruhe","isPartOf":{"@id":"https:\/\/fwfuer.de\/ro\/#website"},"primaryImageOfPage":{"@id":"https:\/\/fwfuer.de\/ro\/dezvoltare-eficienta-a-afacerilor-in-fuer-karlsruhe-8896\/#primaryimage"},"image":{"@id":"https:\/\/fwfuer.de\/ro\/dezvoltare-eficienta-a-afacerilor-in-fuer-karlsruhe-8896\/#primaryimage"},"thumbnailUrl":"https:\/\/fwfuer.de\/wp-content\/uploads\/2023\/12\/Design_ohne_Titel_14.png","datePublished":"2023-12-14T11:26:01+00:00","dateModified":"2026-01-27T15:08:05+00:00","description":"Die Pressemeldungen von F\u00dcR Karlsruhe im Gemeinderat der Stadt Karlsruhe. Hier ver\u00f6ffentlichen wir alle News rund um die Entscheidungen der Stadt Karlsruhe, unserer Anfragen und Initiativen im Karlsruher Gemeinderat.","breadcrumb":{"@id":"https:\/\/fwfuer.de\/ro\/dezvoltare-eficienta-a-afacerilor-in-fuer-karlsruhe-8896\/#breadcrumb"},"inLanguage":"ro-RO","potentialAction":[{"@type":"ReadAction","target":["https:\/\/fwfuer.de\/ro\/dezvoltare-eficienta-a-afacerilor-in-fuer-karlsruhe-8896\/"]}]},{"@type":"ImageObject","inLanguage":"ro-RO","@id":"https:\/\/fwfuer.de\/ro\/dezvoltare-eficienta-a-afacerilor-in-fuer-karlsruhe-8896\/#primaryimage","url":"https:\/\/fwfuer.de\/wp-content\/uploads\/2023\/12\/Design_ohne_Titel_14.png","contentUrl":"https:\/\/fwfuer.de\/wp-content\/uploads\/2023\/12\/Design_ohne_Titel_14.png","width":1920,"height":1080},{"@type":"BreadcrumbList","@id":"https:\/\/fwfuer.de\/ro\/dezvoltare-eficienta-a-afacerilor-in-fuer-karlsruhe-8896\/#breadcrumb","itemListElement":[{"@type":"ListItem","position":1,"name":"Startseite","item":"https:\/\/fwfuer.de\/ro\/acasa\/"},{"@type":"ListItem","position":2,"name":"Dezvoltare eficient\u0103 a afacerilor \u00een F\u00dcR Karlsruhe"}]},{"@type":"WebSite","@id":"https:\/\/fwfuer.de\/ro\/#website","url":"https:\/\/fwfuer.de\/ro\/","name":"Freie W\u00e4hler | F\u00dcR Karlsruhe \u00een Consiliul Municipal Karlsruhe","description":"Grupul liber al consilierilor din Karlsruhe","publisher":{"@id":"https:\/\/fwfuer.de\/ro\/#organization"},"alternateName":"F\u00dcR KARLSRUHE im Gemeinderat","potentialAction":[{"@type":"SearchAction","target":{"@type":"EntryPoint","urlTemplate":"https:\/\/fwfuer.de\/ro\/?s={search_term_string}"},"query-input":{"@type":"PropertyValueSpecification","valueRequired":true,"valueName":"search_term_string"}}],"inLanguage":"ro-RO"},{"@type":"Organization","@id":"https:\/\/fwfuer.de\/ro\/#organization","name":"F\u00dcR Karlsruhe im Gemeinderat","alternateName":"F\u00dcR Karlsruhe mit Stadtrat Friedemann Kalmbach","url":"https:\/\/fwfuer.de\/ro\/","logo":{"@type":"ImageObject","inLanguage":"ro-RO","@id":"https:\/\/fwfuer.de\/ro\/#\/schema\/logo\/image\/","url":"https:\/\/fwfuer.de\/wp-content\/uploads\/2024\/07\/cropped-Logo-1.png","contentUrl":"https:\/\/fwfuer.de\/wp-content\/uploads\/2024\/07\/cropped-Logo-1.png","width":512,"height":512,"caption":"F\u00dcR Karlsruhe im Gemeinderat"},"image":{"@id":"https:\/\/fwfuer.de\/ro\/#\/schema\/logo\/image\/"},"sameAs":["https:\/\/www.facebook.com\/fwfuer","https:\/\/x.com\/fwfuer","https:\/\/www.instagram.com\/fuerka.de","https:\/\/de.linkedin.com\/company\/fw-fr-karlsruhe-gemeinderatsfraktion","https:\/\/tiktok.com\/@fuerka.de"]},{"@type":"Person","@id":"https:\/\/fwfuer.de\/ro\/#\/schema\/person\/b320b9d84a937dd6e9f2d80be1055c19","name":"F\u00dcR Karlsruhe im Gemeinderat"}]}},"_links":{"self":[{"href":"https:\/\/fwfuer.de\/ro\/wp-json\/wp\/v2\/posts\/8896","targetHints":{"allow":["GET"]}}],"collection":[{"href":"https:\/\/fwfuer.de\/ro\/wp-json\/wp\/v2\/posts"}],"about":[{"href":"https:\/\/fwfuer.de\/ro\/wp-json\/wp\/v2\/types\/post"}],"author":[{"embeddable":true,"href":"https:\/\/fwfuer.de\/ro\/wp-json\/wp\/v2\/users\/2"}],"replies":[{"embeddable":true,"href":"https:\/\/fwfuer.de\/ro\/wp-json\/wp\/v2\/comments?post=8896"}],"version-history":[{"count":2,"href":"https:\/\/fwfuer.de\/ro\/wp-json\/wp\/v2\/posts\/8896\/revisions"}],"predecessor-version":[{"id":8899,"href":"https:\/\/fwfuer.de\/ro\/wp-json\/wp\/v2\/posts\/8896\/revisions\/8899"}],"wp:featuredmedia":[{"embeddable":true,"href":"https:\/\/fwfuer.de\/ro\/wp-json\/wp\/v2\/media\/6674"}],"wp:attachment":[{"href":"https:\/\/fwfuer.de\/ro\/wp-json\/wp\/v2\/media?parent=8896"}],"wp:term":[{"taxonomy":"category","embeddable":true,"href":"https:\/\/fwfuer.de\/ro\/wp-json\/wp\/v2\/categories?post=8896"},{"taxonomy":"post_tag","embeddable":true,"href":"https:\/\/fwfuer.de\/ro\/wp-json\/wp\/v2\/tags?post=8896"}],"curies":[{"name":"wp","href":"https:\/\/api.w.org\/{rel}","templated":true}]}}