{"id":8910,"date":"2023-12-13T12:08:06","date_gmt":"2023-12-13T11:08:06","guid":{"rendered":"https:\/\/fwfuer.de\/mai-multe-optiuni-de-cazare-pentru-lucratorii-calificati-8910\/"},"modified":"2026-01-27T16:08:05","modified_gmt":"2026-01-27T15:08:05","slug":"mai-multe-optiuni-de-cazare-pentru-lucratorii-calificati","status":"publish","type":"post","link":"https:\/\/fwfuer.de\/ro\/mai-multe-optiuni-de-cazare-pentru-lucratorii-calificati-8910\/","title":{"rendered":"Mai multe op\u021biuni de cazare pentru lucr\u0103torii califica\u021bi"},"content":{"rendered":"\n<p>Grupul municipal al Aleg\u0103torilor Liberi \u0219i F\u00dcR Karlsruhe militeaz\u0103 activ pentru crearea de locuin\u021be temporare care pot fi puse la dispozi\u021bia lucr\u0103torilor califica\u021bi.\nScopul este de a dep\u0103\u0219i obstacolul primei locuin\u021be \u0219i de a permite un aflux rapid de lucr\u0103tori califica\u021bi \u00een F\u00dcR Karlsruhe, \u00een special av\u00e2nd \u00een vedere criza de pe pia\u021ba imobiliar\u0103. <\/p>\n\n<p>\u00cen situa\u021bia actual\u0103, din ce \u00een ce mai mul\u021bi lucr\u0103tori califica\u021bi sunt c\u0103uta\u021bi \u00een F\u00dcR Karlsruhe, inclusiv profesori de gr\u0103dini\u021b\u0103 \u0219i \u00eengrijitori.\nVolkswohnungen pune la dispozi\u021bia acestor grupuri-\u021bint\u0103 apartamente speciale pentru a le facilita \u00eenceperea activit\u0103\u021bii \u00een F\u00dcR Karlsruhe.\nAcest lucru face posibil\u0103 dep\u0103\u0219irea obstacolului ini\u021bial al mut\u0103rii \u0219i accelerarea mut\u0103rii \u00een F\u00dcR Karlsruhe.  <\/p>\n\n<p>&#8222;O ofert\u0103 solid\u0103 de locuin\u021be joac\u0103 un rol decisiv \u00een atragerea lucr\u0103torilor califica\u021bi.\nPersoanele care se simt bine \u00eengrijite \u0219i binevenite \u00een F\u00dcR Karlsruhe sunt mai \u00eenclinate s\u0103 r\u0103m\u00e2n\u0103 \u00een ora\u0219 \u0219i s\u0103 contribuie pe termen lung la comunitate.<br\/>Aceast\u0103 m\u0103sur\u0103 contracareaz\u0103 \u00een mod activ deficitul de for\u021b\u0103 de munc\u0103 calificat\u0103 din F\u00dcR Karlsruhe, ceea ce, la r\u00e2ndul s\u0103u, are un impact pozitiv asupra dezvolt\u0103rii economice a ora\u0219ului&#8221;, a declarat liderul grupului parlamentar Friedemann Kalmbach. <\/p>\n\n<p>Este important ca grupul s\u0103 sublinieze c\u0103 acest lucru nu are nicio influen\u021b\u0103 asupra locuin\u021belor sociale municipale, ci este o ini\u021biativ\u0103 independent\u0103 care revendic\u0103 un contingent special de apartamente.<\/p>\n\n<div class=\"wp-block-divi-layout\">[et_pb_section fb_built=&#8221;1&#8243; theme_builder_area=&#8221;post_content&#8221; _builder_version=&#8221;4.23.1&#8243; _module_preset=&#8221;default&#8221;][et_pb_row _builder_version=&#8221;4.23.1&#8243; _module_preset=&#8221;default&#8221; theme_builder_area=&#8221;post_content&#8221;][et_pb_column _builder_version=&#8221;4.23.1&#8243; _module_preset=&#8221;default&#8221; type=&#8221;4_4&#8243; theme_builder_area=&#8221;post_content&#8221;][dipl_faq_page_schema _builder_version=&#8221;4.23.1&#8243; _module_preset=&#8221;default&#8221; theme_builder_area=&#8221;post_content&#8221; title=&#8221;\u00ceNTREB\u0102RI FRECVENTE&#8221; hover_enabled=&#8221;0&#8243; sticky_enabled=&#8221;0&#8243;][dipl_faq_page_schema_item _builder_version=&#8221;4.23.1&#8243; _module_preset=&#8221;default&#8221; theme_builder_area=&#8221;post_content&#8221; faq_question=&#8221;Wie sollen die Wohnungen f\u00fcr Fachkr\u00e4fte bereitgestellt werden?&#8221; hover_enabled=&#8221;0&#8243; sticky_enabled=&#8221;0&#8243;]<p>Grupul municipal al Aleg\u0103torilor Liberi \u0219i al F\u00dcR Karlsruhe propune acordarea de locuin\u021be temporare sub form\u0103 de locuin\u021be sociale special pentru lucr\u0103torii califica\u021bi.<\/p>[\/dipl_faq_page_schema_item][dipl_faq_page_schema_item _builder_version=&#8221;4.23.1&#8243; _module_preset=&#8221;default&#8221; theme_builder_area=&#8221;post_content&#8221; faq_question=&#8221;Welche Fachkr\u00e4fte sollen von diesem Angebot profitieren?&#8221; hover_enabled=&#8221;0&#8243; sticky_enabled=&#8221;0&#8243;]<p>Educatorii \u0219i \u00eengrijitorii, \u00een special, ar trebui s\u0103 beneficieze de apartamentele speciale pentru a le facilita \u00eenceputul \u00een F\u00dcR Karlsruhe.<\/p>[\/dipl_faq_page_schema_item][dipl_faq_page_schema_item _builder_version=&#8221;4.23.1&#8243; _module_preset=&#8221;default&#8221; theme_builder_area=&#8221;post_content&#8221; faq_question=&#8221;Wie wird sichergestellt, dass die Wohnungen gerecht verteilt werden?&#8221; hover_enabled=&#8221;0&#8243; sticky_enabled=&#8221;0&#8243;]<p>Apartamentele vor fi alocate \u00een func\u021bie de criterii clare pentru a asigura o distribu\u021bie echitabil\u0103.\nInforma\u021bii mai detaliate vor fi furnizate \u00een urm\u0103toarele s\u0103pt\u0103m\u00e2ni. <\/p>[\/dipl_faq_page_schema_item][\/dipl_faq_page_schema][\/et_pb_column][\/et_pb_row][\/et_pb_section]<\/div>\n","protected":false},"excerpt":{"rendered":"<p>Grupul municipal al Aleg\u0103torilor Liberi \u0219i F\u00dcR Karlsruhe militeaz\u0103 activ pentru crearea de locuin\u021be temporare care pot fi puse la dispozi\u021bia lucr\u0103torilor califica\u021bi. Scopul este de a dep\u0103\u0219i obstacolul primei locuin\u021be \u0219i de a permite un aflux rapid de lucr\u0103tori califica\u021bi \u00een F\u00dcR Karlsruhe, \u00een special av\u00e2nd \u00een vedere criza de pe pia\u021ba imobiliar\u0103. \u00cen [&hellip;]<\/p>\n","protected":false},"author":2,"featured_media":6665,"comment_status":"closed","ping_status":"closed","sticky":false,"template":"","format":"standard","meta":{"_acf_changed":false,"_et_pb_use_builder":"off","_et_pb_old_content":"","_et_gb_content_width":"","footnotes":"","_links_to":"","_links_to_target":""},"categories":[83],"tags":[],"class_list":["post-8910","post","type-post","status-publish","format-standard","has-post-thumbnail","hentry","category-comunicate-presa"],"acf":[],"yoast_head":"<!-- This site is optimized with the Yoast SEO plugin v27.4 - https:\/\/yoast.com\/product\/yoast-seo-wordpress\/ -->\n<title>Mai multe op\u021biuni de cazare pentru lucr\u0103torii califica\u021bi - Freie W\u00e4hler | F\u00dcR Karlsruhe \u00een Consiliul Municipal Karlsruhe<\/title>\n<meta name=\"description\" content=\"Die Pressemeldungen von F\u00dcR Karlsruhe im Gemeinderat der Stadt Karlsruhe. Hier ver\u00f6ffentlichen wir alle News rund um die Entscheidungen der Stadt Karlsruhe, unserer Anfragen und Initiativen im Karlsruher Gemeinderat.\" \/>\n<meta name=\"robots\" content=\"index, follow, max-snippet:-1, max-image-preview:large, max-video-preview:-1\" \/>\n<link rel=\"canonical\" href=\"https:\/\/fwfuer.de\/ro\/mai-multe-optiuni-de-cazare-pentru-lucratorii-calificati-8910\/\" \/>\n<meta property=\"og:locale\" content=\"ro_RO\" \/>\n<meta property=\"og:type\" content=\"article\" \/>\n<meta property=\"og:title\" content=\"Mai multe op\u021biuni de cazare pentru lucr\u0103torii califica\u021bi - Freie W\u00e4hler | F\u00dcR Karlsruhe \u00een Consiliul Municipal Karlsruhe\" \/>\n<meta property=\"og:description\" content=\"Die Pressemeldungen von F\u00dcR Karlsruhe im Gemeinderat der Stadt Karlsruhe. Hier ver\u00f6ffentlichen wir alle News rund um die Entscheidungen der Stadt Karlsruhe, unserer Anfragen und Initiativen im Karlsruher Gemeinderat.\" \/>\n<meta property=\"og:url\" content=\"https:\/\/fwfuer.de\/ro\/mai-multe-optiuni-de-cazare-pentru-lucratorii-calificati-8910\/\" \/>\n<meta property=\"og:site_name\" content=\"Freie W\u00e4hler | F\u00dcR Karlsruhe \u00een Consiliul Municipal Karlsruhe\" \/>\n<meta property=\"article:publisher\" content=\"https:\/\/www.facebook.com\/fwfuer\" \/>\n<meta property=\"article:published_time\" content=\"2023-12-13T11:08:06+00:00\" \/>\n<meta property=\"article:modified_time\" content=\"2026-01-27T15:08:05+00:00\" \/>\n<meta property=\"og:image\" content=\"https:\/\/fwfuer.de\/wp-content\/uploads\/2023\/12\/Design_ohne_Titel_15.png\" \/>\n\t<meta property=\"og:image:width\" content=\"1920\" \/>\n\t<meta property=\"og:image:height\" content=\"1080\" \/>\n\t<meta property=\"og:image:type\" content=\"image\/png\" \/>\n<meta name=\"author\" content=\"F\u00dcR Karlsruhe im Gemeinderat\" \/>\n<meta name=\"twitter:card\" content=\"summary_large_image\" \/>\n<meta name=\"twitter:creator\" content=\"@fwfuer\" \/>\n<meta name=\"twitter:site\" content=\"@fwfuer\" \/>\n<meta name=\"twitter:label1\" content=\"Scris de\" \/>\n\t<meta name=\"twitter:data1\" content=\"F\u00dcR Karlsruhe im Gemeinderat\" \/>\n\t<meta name=\"twitter:label2\" content=\"Timp estimat pentru citire\" \/>\n\t<meta name=\"twitter:data2\" content=\"3 minute\" \/>\n<script type=\"application\/ld+json\" class=\"yoast-schema-graph\">{\"@context\":\"https:\\\/\\\/schema.org\",\"@graph\":[{\"@type\":\"NewsArticle\",\"@id\":\"https:\\\/\\\/fwfuer.de\\\/ro\\\/mai-multe-optiuni-de-cazare-pentru-lucratorii-calificati-8910\\\/#article\",\"isPartOf\":{\"@id\":\"https:\\\/\\\/fwfuer.de\\\/ro\\\/mai-multe-optiuni-de-cazare-pentru-lucratorii-calificati-8910\\\/\"},\"author\":{\"name\":\"F\u00dcR Karlsruhe im Gemeinderat\",\"@id\":\"https:\\\/\\\/fwfuer.de\\\/ro\\\/#\\\/schema\\\/person\\\/b320b9d84a937dd6e9f2d80be1055c19\"},\"headline\":\"Mai multe op\u021biuni de cazare pentru lucr\u0103torii califica\u021bi\",\"datePublished\":\"2023-12-13T11:08:06+00:00\",\"dateModified\":\"2026-01-27T15:08:05+00:00\",\"mainEntityOfPage\":{\"@id\":\"https:\\\/\\\/fwfuer.de\\\/ro\\\/mai-multe-optiuni-de-cazare-pentru-lucratorii-calificati-8910\\\/\"},\"wordCount\":530,\"publisher\":{\"@id\":\"https:\\\/\\\/fwfuer.de\\\/ro\\\/#organization\"},\"image\":{\"@id\":\"https:\\\/\\\/fwfuer.de\\\/ro\\\/mai-multe-optiuni-de-cazare-pentru-lucratorii-calificati-8910\\\/#primaryimage\"},\"thumbnailUrl\":\"https:\\\/\\\/fwfuer.de\\\/wp-content\\\/uploads\\\/2023\\\/12\\\/Design_ohne_Titel_15.png\",\"articleSection\":[\"Comunicate de pres\u0103\"],\"inLanguage\":\"ro-RO\"},{\"@type\":\"WebPage\",\"@id\":\"https:\\\/\\\/fwfuer.de\\\/ro\\\/mai-multe-optiuni-de-cazare-pentru-lucratorii-calificati-8910\\\/\",\"url\":\"https:\\\/\\\/fwfuer.de\\\/ro\\\/mai-multe-optiuni-de-cazare-pentru-lucratorii-calificati-8910\\\/\",\"name\":\"Mai multe op\u021biuni de cazare pentru lucr\u0103torii califica\u021bi - Freie W\u00e4hler | F\u00dcR Karlsruhe \u00een Consiliul Municipal Karlsruhe\",\"isPartOf\":{\"@id\":\"https:\\\/\\\/fwfuer.de\\\/ro\\\/#website\"},\"primaryImageOfPage\":{\"@id\":\"https:\\\/\\\/fwfuer.de\\\/ro\\\/mai-multe-optiuni-de-cazare-pentru-lucratorii-calificati-8910\\\/#primaryimage\"},\"image\":{\"@id\":\"https:\\\/\\\/fwfuer.de\\\/ro\\\/mai-multe-optiuni-de-cazare-pentru-lucratorii-calificati-8910\\\/#primaryimage\"},\"thumbnailUrl\":\"https:\\\/\\\/fwfuer.de\\\/wp-content\\\/uploads\\\/2023\\\/12\\\/Design_ohne_Titel_15.png\",\"datePublished\":\"2023-12-13T11:08:06+00:00\",\"dateModified\":\"2026-01-27T15:08:05+00:00\",\"description\":\"Die Pressemeldungen von F\u00dcR Karlsruhe im Gemeinderat der Stadt Karlsruhe. Hier ver\u00f6ffentlichen wir alle News rund um die Entscheidungen der Stadt Karlsruhe, unserer Anfragen und Initiativen im Karlsruher Gemeinderat.\",\"breadcrumb\":{\"@id\":\"https:\\\/\\\/fwfuer.de\\\/ro\\\/mai-multe-optiuni-de-cazare-pentru-lucratorii-calificati-8910\\\/#breadcrumb\"},\"inLanguage\":\"ro-RO\",\"potentialAction\":[{\"@type\":\"ReadAction\",\"target\":[\"https:\\\/\\\/fwfuer.de\\\/ro\\\/mai-multe-optiuni-de-cazare-pentru-lucratorii-calificati-8910\\\/\"]}]},{\"@type\":\"ImageObject\",\"inLanguage\":\"ro-RO\",\"@id\":\"https:\\\/\\\/fwfuer.de\\\/ro\\\/mai-multe-optiuni-de-cazare-pentru-lucratorii-calificati-8910\\\/#primaryimage\",\"url\":\"https:\\\/\\\/fwfuer.de\\\/wp-content\\\/uploads\\\/2023\\\/12\\\/Design_ohne_Titel_15.png\",\"contentUrl\":\"https:\\\/\\\/fwfuer.de\\\/wp-content\\\/uploads\\\/2023\\\/12\\\/Design_ohne_Titel_15.png\",\"width\":1920,\"height\":1080},{\"@type\":\"BreadcrumbList\",\"@id\":\"https:\\\/\\\/fwfuer.de\\\/ro\\\/mai-multe-optiuni-de-cazare-pentru-lucratorii-calificati-8910\\\/#breadcrumb\",\"itemListElement\":[{\"@type\":\"ListItem\",\"position\":1,\"name\":\"Startseite\",\"item\":\"https:\\\/\\\/fwfuer.de\\\/ro\\\/acasa\\\/\"},{\"@type\":\"ListItem\",\"position\":2,\"name\":\"Mai multe op\u021biuni de cazare pentru lucr\u0103torii califica\u021bi\"}]},{\"@type\":\"WebSite\",\"@id\":\"https:\\\/\\\/fwfuer.de\\\/ro\\\/#website\",\"url\":\"https:\\\/\\\/fwfuer.de\\\/ro\\\/\",\"name\":\"Freie W\u00e4hler | F\u00dcR Karlsruhe \u00een Consiliul Municipal Karlsruhe\",\"description\":\"Grupul liber al consilierilor din Karlsruhe\",\"publisher\":{\"@id\":\"https:\\\/\\\/fwfuer.de\\\/ro\\\/#organization\"},\"alternateName\":\"F\u00dcR KARLSRUHE im Gemeinderat\",\"potentialAction\":[{\"@type\":\"SearchAction\",\"target\":{\"@type\":\"EntryPoint\",\"urlTemplate\":\"https:\\\/\\\/fwfuer.de\\\/ro\\\/?s={search_term_string}\"},\"query-input\":{\"@type\":\"PropertyValueSpecification\",\"valueRequired\":true,\"valueName\":\"search_term_string\"}}],\"inLanguage\":\"ro-RO\"},{\"@type\":\"Organization\",\"@id\":\"https:\\\/\\\/fwfuer.de\\\/ro\\\/#organization\",\"name\":\"F\u00dcR Karlsruhe im Gemeinderat\",\"alternateName\":\"F\u00dcR Karlsruhe mit Stadtrat Friedemann Kalmbach\",\"url\":\"https:\\\/\\\/fwfuer.de\\\/ro\\\/\",\"logo\":{\"@type\":\"ImageObject\",\"inLanguage\":\"ro-RO\",\"@id\":\"https:\\\/\\\/fwfuer.de\\\/ro\\\/#\\\/schema\\\/logo\\\/image\\\/\",\"url\":\"https:\\\/\\\/fwfuer.de\\\/wp-content\\\/uploads\\\/2024\\\/07\\\/cropped-Logo-1.png\",\"contentUrl\":\"https:\\\/\\\/fwfuer.de\\\/wp-content\\\/uploads\\\/2024\\\/07\\\/cropped-Logo-1.png\",\"width\":512,\"height\":512,\"caption\":\"F\u00dcR Karlsruhe im Gemeinderat\"},\"image\":{\"@id\":\"https:\\\/\\\/fwfuer.de\\\/ro\\\/#\\\/schema\\\/logo\\\/image\\\/\"},\"sameAs\":[\"https:\\\/\\\/www.facebook.com\\\/fwfuer\",\"https:\\\/\\\/x.com\\\/fwfuer\",\"https:\\\/\\\/www.instagram.com\\\/fuerka.de\",\"https:\\\/\\\/de.linkedin.com\\\/company\\\/fw-fr-karlsruhe-gemeinderatsfraktion\",\"https:\\\/\\\/tiktok.com\\\/@fuerka.de\"]},{\"@type\":\"Person\",\"@id\":\"https:\\\/\\\/fwfuer.de\\\/ro\\\/#\\\/schema\\\/person\\\/b320b9d84a937dd6e9f2d80be1055c19\",\"name\":\"F\u00dcR Karlsruhe im Gemeinderat\"}]}<\/script>\n<!-- \/ Yoast SEO plugin. -->","yoast_head_json":{"title":"Mai multe op\u021biuni de cazare pentru lucr\u0103torii califica\u021bi - Freie W\u00e4hler | F\u00dcR Karlsruhe \u00een Consiliul Municipal Karlsruhe","description":"Die Pressemeldungen von F\u00dcR Karlsruhe im Gemeinderat der Stadt Karlsruhe. Hier ver\u00f6ffentlichen wir alle News rund um die Entscheidungen der Stadt Karlsruhe, unserer Anfragen und Initiativen im Karlsruher Gemeinderat.","robots":{"index":"index","follow":"follow","max-snippet":"max-snippet:-1","max-image-preview":"max-image-preview:large","max-video-preview":"max-video-preview:-1"},"canonical":"https:\/\/fwfuer.de\/ro\/mai-multe-optiuni-de-cazare-pentru-lucratorii-calificati-8910\/","og_locale":"ro_RO","og_type":"article","og_title":"Mai multe op\u021biuni de cazare pentru lucr\u0103torii califica\u021bi - Freie W\u00e4hler | F\u00dcR Karlsruhe \u00een Consiliul Municipal Karlsruhe","og_description":"Die Pressemeldungen von F\u00dcR Karlsruhe im Gemeinderat der Stadt Karlsruhe. Hier ver\u00f6ffentlichen wir alle News rund um die Entscheidungen der Stadt Karlsruhe, unserer Anfragen und Initiativen im Karlsruher Gemeinderat.","og_url":"https:\/\/fwfuer.de\/ro\/mai-multe-optiuni-de-cazare-pentru-lucratorii-calificati-8910\/","og_site_name":"Freie W\u00e4hler | F\u00dcR Karlsruhe \u00een Consiliul Municipal Karlsruhe","article_publisher":"https:\/\/www.facebook.com\/fwfuer","article_published_time":"2023-12-13T11:08:06+00:00","article_modified_time":"2026-01-27T15:08:05+00:00","og_image":[{"width":1920,"height":1080,"url":"https:\/\/fwfuer.de\/wp-content\/uploads\/2023\/12\/Design_ohne_Titel_15.png","type":"image\/png"}],"author":"F\u00dcR Karlsruhe im Gemeinderat","twitter_card":"summary_large_image","twitter_creator":"@fwfuer","twitter_site":"@fwfuer","twitter_misc":{"Scris de":"F\u00dcR Karlsruhe im Gemeinderat","Timp estimat pentru citire":"3 minute"},"schema":{"@context":"https:\/\/schema.org","@graph":[{"@type":"NewsArticle","@id":"https:\/\/fwfuer.de\/ro\/mai-multe-optiuni-de-cazare-pentru-lucratorii-calificati-8910\/#article","isPartOf":{"@id":"https:\/\/fwfuer.de\/ro\/mai-multe-optiuni-de-cazare-pentru-lucratorii-calificati-8910\/"},"author":{"name":"F\u00dcR Karlsruhe im Gemeinderat","@id":"https:\/\/fwfuer.de\/ro\/#\/schema\/person\/b320b9d84a937dd6e9f2d80be1055c19"},"headline":"Mai multe op\u021biuni de cazare pentru lucr\u0103torii califica\u021bi","datePublished":"2023-12-13T11:08:06+00:00","dateModified":"2026-01-27T15:08:05+00:00","mainEntityOfPage":{"@id":"https:\/\/fwfuer.de\/ro\/mai-multe-optiuni-de-cazare-pentru-lucratorii-calificati-8910\/"},"wordCount":530,"publisher":{"@id":"https:\/\/fwfuer.de\/ro\/#organization"},"image":{"@id":"https:\/\/fwfuer.de\/ro\/mai-multe-optiuni-de-cazare-pentru-lucratorii-calificati-8910\/#primaryimage"},"thumbnailUrl":"https:\/\/fwfuer.de\/wp-content\/uploads\/2023\/12\/Design_ohne_Titel_15.png","articleSection":["Comunicate de pres\u0103"],"inLanguage":"ro-RO"},{"@type":"WebPage","@id":"https:\/\/fwfuer.de\/ro\/mai-multe-optiuni-de-cazare-pentru-lucratorii-calificati-8910\/","url":"https:\/\/fwfuer.de\/ro\/mai-multe-optiuni-de-cazare-pentru-lucratorii-calificati-8910\/","name":"Mai multe op\u021biuni de cazare pentru lucr\u0103torii califica\u021bi - Freie W\u00e4hler | F\u00dcR Karlsruhe \u00een Consiliul Municipal Karlsruhe","isPartOf":{"@id":"https:\/\/fwfuer.de\/ro\/#website"},"primaryImageOfPage":{"@id":"https:\/\/fwfuer.de\/ro\/mai-multe-optiuni-de-cazare-pentru-lucratorii-calificati-8910\/#primaryimage"},"image":{"@id":"https:\/\/fwfuer.de\/ro\/mai-multe-optiuni-de-cazare-pentru-lucratorii-calificati-8910\/#primaryimage"},"thumbnailUrl":"https:\/\/fwfuer.de\/wp-content\/uploads\/2023\/12\/Design_ohne_Titel_15.png","datePublished":"2023-12-13T11:08:06+00:00","dateModified":"2026-01-27T15:08:05+00:00","description":"Die Pressemeldungen von F\u00dcR Karlsruhe im Gemeinderat der Stadt Karlsruhe. Hier ver\u00f6ffentlichen wir alle News rund um die Entscheidungen der Stadt Karlsruhe, unserer Anfragen und Initiativen im Karlsruher Gemeinderat.","breadcrumb":{"@id":"https:\/\/fwfuer.de\/ro\/mai-multe-optiuni-de-cazare-pentru-lucratorii-calificati-8910\/#breadcrumb"},"inLanguage":"ro-RO","potentialAction":[{"@type":"ReadAction","target":["https:\/\/fwfuer.de\/ro\/mai-multe-optiuni-de-cazare-pentru-lucratorii-calificati-8910\/"]}]},{"@type":"ImageObject","inLanguage":"ro-RO","@id":"https:\/\/fwfuer.de\/ro\/mai-multe-optiuni-de-cazare-pentru-lucratorii-calificati-8910\/#primaryimage","url":"https:\/\/fwfuer.de\/wp-content\/uploads\/2023\/12\/Design_ohne_Titel_15.png","contentUrl":"https:\/\/fwfuer.de\/wp-content\/uploads\/2023\/12\/Design_ohne_Titel_15.png","width":1920,"height":1080},{"@type":"BreadcrumbList","@id":"https:\/\/fwfuer.de\/ro\/mai-multe-optiuni-de-cazare-pentru-lucratorii-calificati-8910\/#breadcrumb","itemListElement":[{"@type":"ListItem","position":1,"name":"Startseite","item":"https:\/\/fwfuer.de\/ro\/acasa\/"},{"@type":"ListItem","position":2,"name":"Mai multe op\u021biuni de cazare pentru lucr\u0103torii califica\u021bi"}]},{"@type":"WebSite","@id":"https:\/\/fwfuer.de\/ro\/#website","url":"https:\/\/fwfuer.de\/ro\/","name":"Freie W\u00e4hler | F\u00dcR Karlsruhe \u00een Consiliul Municipal Karlsruhe","description":"Grupul liber al consilierilor din Karlsruhe","publisher":{"@id":"https:\/\/fwfuer.de\/ro\/#organization"},"alternateName":"F\u00dcR KARLSRUHE im Gemeinderat","potentialAction":[{"@type":"SearchAction","target":{"@type":"EntryPoint","urlTemplate":"https:\/\/fwfuer.de\/ro\/?s={search_term_string}"},"query-input":{"@type":"PropertyValueSpecification","valueRequired":true,"valueName":"search_term_string"}}],"inLanguage":"ro-RO"},{"@type":"Organization","@id":"https:\/\/fwfuer.de\/ro\/#organization","name":"F\u00dcR Karlsruhe im Gemeinderat","alternateName":"F\u00dcR Karlsruhe mit Stadtrat Friedemann Kalmbach","url":"https:\/\/fwfuer.de\/ro\/","logo":{"@type":"ImageObject","inLanguage":"ro-RO","@id":"https:\/\/fwfuer.de\/ro\/#\/schema\/logo\/image\/","url":"https:\/\/fwfuer.de\/wp-content\/uploads\/2024\/07\/cropped-Logo-1.png","contentUrl":"https:\/\/fwfuer.de\/wp-content\/uploads\/2024\/07\/cropped-Logo-1.png","width":512,"height":512,"caption":"F\u00dcR Karlsruhe im Gemeinderat"},"image":{"@id":"https:\/\/fwfuer.de\/ro\/#\/schema\/logo\/image\/"},"sameAs":["https:\/\/www.facebook.com\/fwfuer","https:\/\/x.com\/fwfuer","https:\/\/www.instagram.com\/fuerka.de","https:\/\/de.linkedin.com\/company\/fw-fr-karlsruhe-gemeinderatsfraktion","https:\/\/tiktok.com\/@fuerka.de"]},{"@type":"Person","@id":"https:\/\/fwfuer.de\/ro\/#\/schema\/person\/b320b9d84a937dd6e9f2d80be1055c19","name":"F\u00dcR Karlsruhe im Gemeinderat"}]}},"_links":{"self":[{"href":"https:\/\/fwfuer.de\/ro\/wp-json\/wp\/v2\/posts\/8910","targetHints":{"allow":["GET"]}}],"collection":[{"href":"https:\/\/fwfuer.de\/ro\/wp-json\/wp\/v2\/posts"}],"about":[{"href":"https:\/\/fwfuer.de\/ro\/wp-json\/wp\/v2\/types\/post"}],"author":[{"embeddable":true,"href":"https:\/\/fwfuer.de\/ro\/wp-json\/wp\/v2\/users\/2"}],"replies":[{"embeddable":true,"href":"https:\/\/fwfuer.de\/ro\/wp-json\/wp\/v2\/comments?post=8910"}],"version-history":[{"count":2,"href":"https:\/\/fwfuer.de\/ro\/wp-json\/wp\/v2\/posts\/8910\/revisions"}],"predecessor-version":[{"id":8914,"href":"https:\/\/fwfuer.de\/ro\/wp-json\/wp\/v2\/posts\/8910\/revisions\/8914"}],"wp:featuredmedia":[{"embeddable":true,"href":"https:\/\/fwfuer.de\/ro\/wp-json\/wp\/v2\/media\/6665"}],"wp:attachment":[{"href":"https:\/\/fwfuer.de\/ro\/wp-json\/wp\/v2\/media?parent=8910"}],"wp:term":[{"taxonomy":"category","embeddable":true,"href":"https:\/\/fwfuer.de\/ro\/wp-json\/wp\/v2\/categories?post=8910"},{"taxonomy":"post_tag","embeddable":true,"href":"https:\/\/fwfuer.de\/ro\/wp-json\/wp\/v2\/tags?post=8910"}],"curies":[{"name":"wp","href":"https:\/\/api.w.org\/{rel}","templated":true}]}}