{"id":9150,"date":"2024-04-04T12:16:05","date_gmt":"2024-04-04T10:16:05","guid":{"rendered":"https:\/\/fwfuer.de\/cat-de-rezistenta-la-criza-este-fuer-karlsruhe-9150\/"},"modified":"2026-01-27T16:10:59","modified_gmt":"2026-01-27T15:10:59","slug":"cat-de-rezistenta-la-criza-este-fuer-karlsruhe","status":"publish","type":"post","link":"https:\/\/fwfuer.de\/ro\/cat-de-rezistenta-la-criza-este-fuer-karlsruhe-9150\/","title":{"rendered":"C\u00e2t de rezistent\u0103 la criz\u0103 este F\u00dcR Karlsruhe?"},"content":{"rendered":"\n<p>Av\u00e2nd \u00een vedere crizele \u0219i r\u0103zboaiele globale, aleg\u0103torii liberi \u0219i &#8222;F\u00dcR Karlsruhe&#8221; au \u00eenaintat o \u00eentrebare administra\u021biei ora\u0219ului: Grupul municipal ar dori s\u0103 primeasc\u0103 informa\u021bii cu privire la starea actual\u0103 a protec\u021biei civile \u00een F\u00dcR Karlsruhe.\nPunctul de plecare este cererea Asocia\u021biei germane a ora\u0219elor \u0219i municipalit\u0103\u021bilor (DStGB) \u0219i a Ministerului Ap\u0103r\u0103rii privind reactivarea ad\u0103posturilor \u0219i investi\u021biile \u00een siguran\u021ba popula\u021biei.\nUn inventar al num\u0103rului de ad\u0103posturi existente \u0219i al m\u0103surilor \u0219i conceptelor existente pentru siguran\u021ba popula\u021biei \u00een caz de crize \u0219i situa\u021bii de urgen\u021b\u0103 reprezint\u0103 un pas esen\u021bial \u00een promovarea sentimentului de siguran\u021b\u0103 al multor cet\u0103\u021beni din F\u00dcR Karlsruhe.  <\/p>\n\n<p>&#8222;Sper\u0103m c\u0103 tipul de urgen\u021b\u0103 care ar necesita aceste m\u0103suri \u0219i ad\u0103posturi nu se va materializa niciodat\u0103.\nCu toate acestea, din motive de transparen\u021b\u0103 \u0219i siguran\u021b\u0103, credem c\u0103 este necesar s\u0103 se efectueze un inventar.\nDac\u0103 administra\u021bia ora\u0219ului a f\u0103cut deja acest lucru, atunci ar fi un pas bun s\u0103 se publice fapte \u0219i date concrete despre situa\u021bia de securitate din F\u00dcR Karlsruhe.\nAcesta este motivul pentru care prezent\u0103m aceast\u0103 mo\u021biune&#8221;, spune consilierul municipal J\u00fcrgen Wenzel (Aleg\u0103tori liberi).   <\/p>\n\n<p>Grupul municipal subliniaz\u0103 importan\u021ba unei politici de informare transparente \u0219i cuprinz\u0103toare din partea administra\u021biei municipale \u00een ceea ce prive\u0219te protec\u021bia civil\u0103.\nSiguran\u021ba \u0219i bun\u0103starea cet\u0103\u021benilor sunt \u00een centrul acestui angajament. <\/p>\n\n<p>Consilierul Wenzel subliniaz\u0103: &#8222;\u00cen aceste vremuri, este esen\u021bial s\u0103 ne g\u00e2ndim la problemele politicii de securitate.\nDe aceea, dorim s\u0103 afl\u0103m de la administra\u021bia ora\u0219ului care este starea actual\u0103 a protec\u021biei civile, ce m\u0103suri au fost puse \u00een aplicare de c\u0103tre guvernul federal \u0219i de stat \u0219i cum au fost abordate ini\u021biativele Ministerului Ap\u0103r\u0103rii.&#8221; <\/p>\n\n<p>Grupul municipal sper\u0103 la un r\u0103spuns concret din partea administra\u021biei ora\u0219ului, care s\u0103 ofere o evaluare onest\u0103 a m\u0103surilor de siguran\u021b\u0103.<\/p>\n","protected":false},"excerpt":{"rendered":"<p>Av\u00e2nd \u00een vedere crizele \u0219i r\u0103zboaiele globale, aleg\u0103torii liberi \u0219i &#8222;F\u00dcR Karlsruhe&#8221; au \u00eenaintat o \u00eentrebare administra\u021biei ora\u0219ului: Grupul municipal ar dori s\u0103 primeasc\u0103 informa\u021bii cu privire la starea actual\u0103 a protec\u021biei civile \u00een F\u00dcR Karlsruhe. Punctul de plecare este cererea Asocia\u021biei germane a ora\u0219elor \u0219i municipalit\u0103\u021bilor (DStGB) \u0219i a Ministerului Ap\u0103r\u0103rii privind reactivarea ad\u0103posturilor [&hellip;]<\/p>\n","protected":false},"author":6,"featured_media":7007,"comment_status":"closed","ping_status":"closed","sticky":false,"template":"","format":"standard","meta":{"_acf_changed":false,"_et_pb_use_builder":"off","_et_pb_old_content":"","_et_gb_content_width":"","footnotes":"","_links_to":"","_links_to_target":""},"categories":[83],"tags":[],"class_list":["post-9150","post","type-post","status-publish","format-standard","has-post-thumbnail","hentry","category-comunicate-presa"],"acf":[],"yoast_head":"<!-- This site is optimized with the Yoast SEO plugin v27.4 - https:\/\/yoast.com\/product\/yoast-seo-wordpress\/ -->\n<title>C\u00e2t de rezistent\u0103 la criz\u0103 este F\u00dcR Karlsruhe? - Freie W\u00e4hler | F\u00dcR Karlsruhe \u00een Consiliul Municipal Karlsruhe<\/title>\n<meta name=\"description\" content=\"Die Pressemeldungen von F\u00dcR Karlsruhe im Gemeinderat der Stadt Karlsruhe. Hier ver\u00f6ffentlichen wir alle News rund um die Entscheidungen der Stadt Karlsruhe, unserer Anfragen und Initiativen im Karlsruher Gemeinderat.\" \/>\n<meta name=\"robots\" content=\"index, follow, max-snippet:-1, max-image-preview:large, max-video-preview:-1\" \/>\n<link rel=\"canonical\" href=\"https:\/\/fwfuer.de\/ro\/cat-de-rezistenta-la-criza-este-fuer-karlsruhe-9150\/\" \/>\n<meta property=\"og:locale\" content=\"ro_RO\" \/>\n<meta property=\"og:type\" content=\"article\" \/>\n<meta property=\"og:title\" content=\"C\u00e2t de rezistent\u0103 la criz\u0103 este F\u00dcR Karlsruhe? - Freie W\u00e4hler | F\u00dcR Karlsruhe \u00een Consiliul Municipal Karlsruhe\" \/>\n<meta property=\"og:description\" content=\"Die Pressemeldungen von F\u00dcR Karlsruhe im Gemeinderat der Stadt Karlsruhe. Hier ver\u00f6ffentlichen wir alle News rund um die Entscheidungen der Stadt Karlsruhe, unserer Anfragen und Initiativen im Karlsruher Gemeinderat.\" \/>\n<meta property=\"og:url\" content=\"https:\/\/fwfuer.de\/ro\/cat-de-rezistenta-la-criza-este-fuer-karlsruhe-9150\/\" \/>\n<meta property=\"og:site_name\" content=\"Freie W\u00e4hler | F\u00dcR Karlsruhe \u00een Consiliul Municipal Karlsruhe\" \/>\n<meta property=\"article:publisher\" content=\"https:\/\/www.facebook.com\/fwfuer\" \/>\n<meta property=\"article:published_time\" content=\"2024-04-04T10:16:05+00:00\" \/>\n<meta property=\"article:modified_time\" content=\"2026-01-27T15:10:59+00:00\" \/>\n<meta property=\"og:image\" content=\"https:\/\/fwfuer.de\/wp-content\/uploads\/2024\/04\/marcel-eberle-pCHl_wqfr0M-unsplash-scaled.jpg\" \/>\n\t<meta property=\"og:image:width\" content=\"2880\" \/>\n\t<meta property=\"og:image:height\" content=\"1928\" \/>\n\t<meta property=\"og:image:type\" content=\"image\/jpeg\" \/>\n<meta name=\"author\" content=\"F\u00dcR Karlsruhe im Gemeinderat\" \/>\n<meta name=\"twitter:card\" content=\"summary_large_image\" \/>\n<meta name=\"twitter:creator\" content=\"@fwfuer\" \/>\n<meta name=\"twitter:site\" content=\"@fwfuer\" \/>\n<meta name=\"twitter:label1\" content=\"Scris de\" \/>\n\t<meta name=\"twitter:data1\" content=\"F\u00dcR Karlsruhe im Gemeinderat\" \/>\n\t<meta name=\"twitter:label2\" content=\"Timp estimat pentru citire\" \/>\n\t<meta name=\"twitter:data2\" content=\"2 minute\" \/>\n<script type=\"application\/ld+json\" class=\"yoast-schema-graph\">{\"@context\":\"https:\\\/\\\/schema.org\",\"@graph\":[{\"@type\":\"NewsArticle\",\"@id\":\"https:\\\/\\\/fwfuer.de\\\/ro\\\/cat-de-rezistenta-la-criza-este-fuer-karlsruhe-9150\\\/#article\",\"isPartOf\":{\"@id\":\"https:\\\/\\\/fwfuer.de\\\/ro\\\/cat-de-rezistenta-la-criza-este-fuer-karlsruhe-9150\\\/\"},\"author\":{\"name\":\"F\u00dcR Karlsruhe im Gemeinderat\",\"@id\":\"https:\\\/\\\/fwfuer.de\\\/ro\\\/#\\\/schema\\\/person\\\/f43392225120ae37e95ed36d7b324a19\"},\"headline\":\"C\u00e2t de rezistent\u0103 la criz\u0103 este F\u00dcR Karlsruhe?\",\"datePublished\":\"2024-04-04T10:16:05+00:00\",\"dateModified\":\"2026-01-27T15:10:59+00:00\",\"mainEntityOfPage\":{\"@id\":\"https:\\\/\\\/fwfuer.de\\\/ro\\\/cat-de-rezistenta-la-criza-este-fuer-karlsruhe-9150\\\/\"},\"wordCount\":354,\"publisher\":{\"@id\":\"https:\\\/\\\/fwfuer.de\\\/ro\\\/#organization\"},\"image\":{\"@id\":\"https:\\\/\\\/fwfuer.de\\\/ro\\\/cat-de-rezistenta-la-criza-este-fuer-karlsruhe-9150\\\/#primaryimage\"},\"thumbnailUrl\":\"https:\\\/\\\/fwfuer.de\\\/wp-content\\\/uploads\\\/2024\\\/04\\\/marcel-eberle-pCHl_wqfr0M-unsplash-scaled.jpg\",\"articleSection\":[\"Comunicate de pres\u0103\"],\"inLanguage\":\"ro-RO\"},{\"@type\":\"WebPage\",\"@id\":\"https:\\\/\\\/fwfuer.de\\\/ro\\\/cat-de-rezistenta-la-criza-este-fuer-karlsruhe-9150\\\/\",\"url\":\"https:\\\/\\\/fwfuer.de\\\/ro\\\/cat-de-rezistenta-la-criza-este-fuer-karlsruhe-9150\\\/\",\"name\":\"C\u00e2t de rezistent\u0103 la criz\u0103 este F\u00dcR Karlsruhe? - Freie W\u00e4hler | F\u00dcR Karlsruhe \u00een Consiliul Municipal Karlsruhe\",\"isPartOf\":{\"@id\":\"https:\\\/\\\/fwfuer.de\\\/ro\\\/#website\"},\"primaryImageOfPage\":{\"@id\":\"https:\\\/\\\/fwfuer.de\\\/ro\\\/cat-de-rezistenta-la-criza-este-fuer-karlsruhe-9150\\\/#primaryimage\"},\"image\":{\"@id\":\"https:\\\/\\\/fwfuer.de\\\/ro\\\/cat-de-rezistenta-la-criza-este-fuer-karlsruhe-9150\\\/#primaryimage\"},\"thumbnailUrl\":\"https:\\\/\\\/fwfuer.de\\\/wp-content\\\/uploads\\\/2024\\\/04\\\/marcel-eberle-pCHl_wqfr0M-unsplash-scaled.jpg\",\"datePublished\":\"2024-04-04T10:16:05+00:00\",\"dateModified\":\"2026-01-27T15:10:59+00:00\",\"description\":\"Die Pressemeldungen von F\u00dcR Karlsruhe im Gemeinderat der Stadt Karlsruhe. Hier ver\u00f6ffentlichen wir alle News rund um die Entscheidungen der Stadt Karlsruhe, unserer Anfragen und Initiativen im Karlsruher Gemeinderat.\",\"breadcrumb\":{\"@id\":\"https:\\\/\\\/fwfuer.de\\\/ro\\\/cat-de-rezistenta-la-criza-este-fuer-karlsruhe-9150\\\/#breadcrumb\"},\"inLanguage\":\"ro-RO\",\"potentialAction\":[{\"@type\":\"ReadAction\",\"target\":[\"https:\\\/\\\/fwfuer.de\\\/ro\\\/cat-de-rezistenta-la-criza-este-fuer-karlsruhe-9150\\\/\"]}]},{\"@type\":\"ImageObject\",\"inLanguage\":\"ro-RO\",\"@id\":\"https:\\\/\\\/fwfuer.de\\\/ro\\\/cat-de-rezistenta-la-criza-este-fuer-karlsruhe-9150\\\/#primaryimage\",\"url\":\"https:\\\/\\\/fwfuer.de\\\/wp-content\\\/uploads\\\/2024\\\/04\\\/marcel-eberle-pCHl_wqfr0M-unsplash-scaled.jpg\",\"contentUrl\":\"https:\\\/\\\/fwfuer.de\\\/wp-content\\\/uploads\\\/2024\\\/04\\\/marcel-eberle-pCHl_wqfr0M-unsplash-scaled.jpg\",\"width\":2880,\"height\":1928},{\"@type\":\"BreadcrumbList\",\"@id\":\"https:\\\/\\\/fwfuer.de\\\/ro\\\/cat-de-rezistenta-la-criza-este-fuer-karlsruhe-9150\\\/#breadcrumb\",\"itemListElement\":[{\"@type\":\"ListItem\",\"position\":1,\"name\":\"Startseite\",\"item\":\"https:\\\/\\\/fwfuer.de\\\/ro\\\/acasa\\\/\"},{\"@type\":\"ListItem\",\"position\":2,\"name\":\"C\u00e2t de rezistent\u0103 la criz\u0103 este F\u00dcR Karlsruhe?\"}]},{\"@type\":\"WebSite\",\"@id\":\"https:\\\/\\\/fwfuer.de\\\/ro\\\/#website\",\"url\":\"https:\\\/\\\/fwfuer.de\\\/ro\\\/\",\"name\":\"Freie W\u00e4hler | F\u00dcR Karlsruhe \u00een Consiliul Municipal Karlsruhe\",\"description\":\"Grupul liber al consilierilor din Karlsruhe\",\"publisher\":{\"@id\":\"https:\\\/\\\/fwfuer.de\\\/ro\\\/#organization\"},\"alternateName\":\"F\u00dcR KARLSRUHE im Gemeinderat\",\"potentialAction\":[{\"@type\":\"SearchAction\",\"target\":{\"@type\":\"EntryPoint\",\"urlTemplate\":\"https:\\\/\\\/fwfuer.de\\\/ro\\\/?s={search_term_string}\"},\"query-input\":{\"@type\":\"PropertyValueSpecification\",\"valueRequired\":true,\"valueName\":\"search_term_string\"}}],\"inLanguage\":\"ro-RO\"},{\"@type\":\"Organization\",\"@id\":\"https:\\\/\\\/fwfuer.de\\\/ro\\\/#organization\",\"name\":\"F\u00dcR Karlsruhe im Gemeinderat\",\"alternateName\":\"F\u00dcR Karlsruhe mit Stadtrat Friedemann Kalmbach\",\"url\":\"https:\\\/\\\/fwfuer.de\\\/ro\\\/\",\"logo\":{\"@type\":\"ImageObject\",\"inLanguage\":\"ro-RO\",\"@id\":\"https:\\\/\\\/fwfuer.de\\\/ro\\\/#\\\/schema\\\/logo\\\/image\\\/\",\"url\":\"https:\\\/\\\/fwfuer.de\\\/wp-content\\\/uploads\\\/2024\\\/07\\\/cropped-Logo-1.png\",\"contentUrl\":\"https:\\\/\\\/fwfuer.de\\\/wp-content\\\/uploads\\\/2024\\\/07\\\/cropped-Logo-1.png\",\"width\":512,\"height\":512,\"caption\":\"F\u00dcR Karlsruhe im Gemeinderat\"},\"image\":{\"@id\":\"https:\\\/\\\/fwfuer.de\\\/ro\\\/#\\\/schema\\\/logo\\\/image\\\/\"},\"sameAs\":[\"https:\\\/\\\/www.facebook.com\\\/fwfuer\",\"https:\\\/\\\/x.com\\\/fwfuer\",\"https:\\\/\\\/www.instagram.com\\\/fuerka.de\",\"https:\\\/\\\/de.linkedin.com\\\/company\\\/fw-fr-karlsruhe-gemeinderatsfraktion\",\"https:\\\/\\\/tiktok.com\\\/@fuerka.de\"]},{\"@type\":\"Person\",\"@id\":\"https:\\\/\\\/fwfuer.de\\\/ro\\\/#\\\/schema\\\/person\\\/f43392225120ae37e95ed36d7b324a19\",\"name\":\"F\u00dcR Karlsruhe im Gemeinderat\"}]}<\/script>\n<!-- \/ Yoast SEO plugin. -->","yoast_head_json":{"title":"C\u00e2t de rezistent\u0103 la criz\u0103 este F\u00dcR Karlsruhe? - Freie W\u00e4hler | F\u00dcR Karlsruhe \u00een Consiliul Municipal Karlsruhe","description":"Die Pressemeldungen von F\u00dcR Karlsruhe im Gemeinderat der Stadt Karlsruhe. Hier ver\u00f6ffentlichen wir alle News rund um die Entscheidungen der Stadt Karlsruhe, unserer Anfragen und Initiativen im Karlsruher Gemeinderat.","robots":{"index":"index","follow":"follow","max-snippet":"max-snippet:-1","max-image-preview":"max-image-preview:large","max-video-preview":"max-video-preview:-1"},"canonical":"https:\/\/fwfuer.de\/ro\/cat-de-rezistenta-la-criza-este-fuer-karlsruhe-9150\/","og_locale":"ro_RO","og_type":"article","og_title":"C\u00e2t de rezistent\u0103 la criz\u0103 este F\u00dcR Karlsruhe? - Freie W\u00e4hler | F\u00dcR Karlsruhe \u00een Consiliul Municipal Karlsruhe","og_description":"Die Pressemeldungen von F\u00dcR Karlsruhe im Gemeinderat der Stadt Karlsruhe. Hier ver\u00f6ffentlichen wir alle News rund um die Entscheidungen der Stadt Karlsruhe, unserer Anfragen und Initiativen im Karlsruher Gemeinderat.","og_url":"https:\/\/fwfuer.de\/ro\/cat-de-rezistenta-la-criza-este-fuer-karlsruhe-9150\/","og_site_name":"Freie W\u00e4hler | F\u00dcR Karlsruhe \u00een Consiliul Municipal Karlsruhe","article_publisher":"https:\/\/www.facebook.com\/fwfuer","article_published_time":"2024-04-04T10:16:05+00:00","article_modified_time":"2026-01-27T15:10:59+00:00","og_image":[{"width":2880,"height":1928,"url":"https:\/\/fwfuer.de\/wp-content\/uploads\/2024\/04\/marcel-eberle-pCHl_wqfr0M-unsplash-scaled.jpg","type":"image\/jpeg"}],"author":"F\u00dcR Karlsruhe im Gemeinderat","twitter_card":"summary_large_image","twitter_creator":"@fwfuer","twitter_site":"@fwfuer","twitter_misc":{"Scris de":"F\u00dcR Karlsruhe im Gemeinderat","Timp estimat pentru citire":"2 minute"},"schema":{"@context":"https:\/\/schema.org","@graph":[{"@type":"NewsArticle","@id":"https:\/\/fwfuer.de\/ro\/cat-de-rezistenta-la-criza-este-fuer-karlsruhe-9150\/#article","isPartOf":{"@id":"https:\/\/fwfuer.de\/ro\/cat-de-rezistenta-la-criza-este-fuer-karlsruhe-9150\/"},"author":{"name":"F\u00dcR Karlsruhe im Gemeinderat","@id":"https:\/\/fwfuer.de\/ro\/#\/schema\/person\/f43392225120ae37e95ed36d7b324a19"},"headline":"C\u00e2t de rezistent\u0103 la criz\u0103 este F\u00dcR Karlsruhe?","datePublished":"2024-04-04T10:16:05+00:00","dateModified":"2026-01-27T15:10:59+00:00","mainEntityOfPage":{"@id":"https:\/\/fwfuer.de\/ro\/cat-de-rezistenta-la-criza-este-fuer-karlsruhe-9150\/"},"wordCount":354,"publisher":{"@id":"https:\/\/fwfuer.de\/ro\/#organization"},"image":{"@id":"https:\/\/fwfuer.de\/ro\/cat-de-rezistenta-la-criza-este-fuer-karlsruhe-9150\/#primaryimage"},"thumbnailUrl":"https:\/\/fwfuer.de\/wp-content\/uploads\/2024\/04\/marcel-eberle-pCHl_wqfr0M-unsplash-scaled.jpg","articleSection":["Comunicate de pres\u0103"],"inLanguage":"ro-RO"},{"@type":"WebPage","@id":"https:\/\/fwfuer.de\/ro\/cat-de-rezistenta-la-criza-este-fuer-karlsruhe-9150\/","url":"https:\/\/fwfuer.de\/ro\/cat-de-rezistenta-la-criza-este-fuer-karlsruhe-9150\/","name":"C\u00e2t de rezistent\u0103 la criz\u0103 este F\u00dcR Karlsruhe? - Freie W\u00e4hler | F\u00dcR Karlsruhe \u00een Consiliul Municipal Karlsruhe","isPartOf":{"@id":"https:\/\/fwfuer.de\/ro\/#website"},"primaryImageOfPage":{"@id":"https:\/\/fwfuer.de\/ro\/cat-de-rezistenta-la-criza-este-fuer-karlsruhe-9150\/#primaryimage"},"image":{"@id":"https:\/\/fwfuer.de\/ro\/cat-de-rezistenta-la-criza-este-fuer-karlsruhe-9150\/#primaryimage"},"thumbnailUrl":"https:\/\/fwfuer.de\/wp-content\/uploads\/2024\/04\/marcel-eberle-pCHl_wqfr0M-unsplash-scaled.jpg","datePublished":"2024-04-04T10:16:05+00:00","dateModified":"2026-01-27T15:10:59+00:00","description":"Die Pressemeldungen von F\u00dcR Karlsruhe im Gemeinderat der Stadt Karlsruhe. Hier ver\u00f6ffentlichen wir alle News rund um die Entscheidungen der Stadt Karlsruhe, unserer Anfragen und Initiativen im Karlsruher Gemeinderat.","breadcrumb":{"@id":"https:\/\/fwfuer.de\/ro\/cat-de-rezistenta-la-criza-este-fuer-karlsruhe-9150\/#breadcrumb"},"inLanguage":"ro-RO","potentialAction":[{"@type":"ReadAction","target":["https:\/\/fwfuer.de\/ro\/cat-de-rezistenta-la-criza-este-fuer-karlsruhe-9150\/"]}]},{"@type":"ImageObject","inLanguage":"ro-RO","@id":"https:\/\/fwfuer.de\/ro\/cat-de-rezistenta-la-criza-este-fuer-karlsruhe-9150\/#primaryimage","url":"https:\/\/fwfuer.de\/wp-content\/uploads\/2024\/04\/marcel-eberle-pCHl_wqfr0M-unsplash-scaled.jpg","contentUrl":"https:\/\/fwfuer.de\/wp-content\/uploads\/2024\/04\/marcel-eberle-pCHl_wqfr0M-unsplash-scaled.jpg","width":2880,"height":1928},{"@type":"BreadcrumbList","@id":"https:\/\/fwfuer.de\/ro\/cat-de-rezistenta-la-criza-este-fuer-karlsruhe-9150\/#breadcrumb","itemListElement":[{"@type":"ListItem","position":1,"name":"Startseite","item":"https:\/\/fwfuer.de\/ro\/acasa\/"},{"@type":"ListItem","position":2,"name":"C\u00e2t de rezistent\u0103 la criz\u0103 este F\u00dcR Karlsruhe?"}]},{"@type":"WebSite","@id":"https:\/\/fwfuer.de\/ro\/#website","url":"https:\/\/fwfuer.de\/ro\/","name":"Freie W\u00e4hler | F\u00dcR Karlsruhe \u00een Consiliul Municipal Karlsruhe","description":"Grupul liber al consilierilor din Karlsruhe","publisher":{"@id":"https:\/\/fwfuer.de\/ro\/#organization"},"alternateName":"F\u00dcR KARLSRUHE im Gemeinderat","potentialAction":[{"@type":"SearchAction","target":{"@type":"EntryPoint","urlTemplate":"https:\/\/fwfuer.de\/ro\/?s={search_term_string}"},"query-input":{"@type":"PropertyValueSpecification","valueRequired":true,"valueName":"search_term_string"}}],"inLanguage":"ro-RO"},{"@type":"Organization","@id":"https:\/\/fwfuer.de\/ro\/#organization","name":"F\u00dcR Karlsruhe im Gemeinderat","alternateName":"F\u00dcR Karlsruhe mit Stadtrat Friedemann Kalmbach","url":"https:\/\/fwfuer.de\/ro\/","logo":{"@type":"ImageObject","inLanguage":"ro-RO","@id":"https:\/\/fwfuer.de\/ro\/#\/schema\/logo\/image\/","url":"https:\/\/fwfuer.de\/wp-content\/uploads\/2024\/07\/cropped-Logo-1.png","contentUrl":"https:\/\/fwfuer.de\/wp-content\/uploads\/2024\/07\/cropped-Logo-1.png","width":512,"height":512,"caption":"F\u00dcR Karlsruhe im Gemeinderat"},"image":{"@id":"https:\/\/fwfuer.de\/ro\/#\/schema\/logo\/image\/"},"sameAs":["https:\/\/www.facebook.com\/fwfuer","https:\/\/x.com\/fwfuer","https:\/\/www.instagram.com\/fuerka.de","https:\/\/de.linkedin.com\/company\/fw-fr-karlsruhe-gemeinderatsfraktion","https:\/\/tiktok.com\/@fuerka.de"]},{"@type":"Person","@id":"https:\/\/fwfuer.de\/ro\/#\/schema\/person\/f43392225120ae37e95ed36d7b324a19","name":"F\u00dcR Karlsruhe im Gemeinderat"}]}},"_links":{"self":[{"href":"https:\/\/fwfuer.de\/ro\/wp-json\/wp\/v2\/posts\/9150","targetHints":{"allow":["GET"]}}],"collection":[{"href":"https:\/\/fwfuer.de\/ro\/wp-json\/wp\/v2\/posts"}],"about":[{"href":"https:\/\/fwfuer.de\/ro\/wp-json\/wp\/v2\/types\/post"}],"author":[{"embeddable":true,"href":"https:\/\/fwfuer.de\/ro\/wp-json\/wp\/v2\/users\/6"}],"replies":[{"embeddable":true,"href":"https:\/\/fwfuer.de\/ro\/wp-json\/wp\/v2\/comments?post=9150"}],"version-history":[{"count":2,"href":"https:\/\/fwfuer.de\/ro\/wp-json\/wp\/v2\/posts\/9150\/revisions"}],"predecessor-version":[{"id":9153,"href":"https:\/\/fwfuer.de\/ro\/wp-json\/wp\/v2\/posts\/9150\/revisions\/9153"}],"wp:featuredmedia":[{"embeddable":true,"href":"https:\/\/fwfuer.de\/ro\/wp-json\/wp\/v2\/media\/7007"}],"wp:attachment":[{"href":"https:\/\/fwfuer.de\/ro\/wp-json\/wp\/v2\/media?parent=9150"}],"wp:term":[{"taxonomy":"category","embeddable":true,"href":"https:\/\/fwfuer.de\/ro\/wp-json\/wp\/v2\/categories?post=9150"},{"taxonomy":"post_tag","embeddable":true,"href":"https:\/\/fwfuer.de\/ro\/wp-json\/wp\/v2\/tags?post=9150"}],"curies":[{"name":"wp","href":"https:\/\/api.w.org\/{rel}","templated":true}]}}