{"id":9319,"date":"2024-11-25T17:59:52","date_gmt":"2024-11-25T16:59:52","guid":{"rendered":"https:\/\/fwfuer.de\/cantece-de-craciun-pe-stadion-9319\/"},"modified":"2026-01-27T16:14:16","modified_gmt":"2026-01-27T15:14:16","slug":"cantece-de-craciun-pe-stadion","status":"publish","type":"post","link":"https:\/\/fwfuer.de\/ro\/cantece-de-craciun-pe-stadion-9319\/","title":{"rendered":"C\u00e2ntece de Cr\u0103ciun pe stadion"},"content":{"rendered":"\n<p>Perioada de dinaintea Cr\u0103ciunului este chiar dup\u0103 col\u021b \u0219i, odat\u0103 cu ea, unul dintre cele mai frumoase evenimente din Karlsruhe: c\u00e2ntatul de colinde pe stadionul de Cr\u0103ciun. Grupul electoral F\u00dcR Karlsruhe, reprezentat \u00een Consiliul Local al ora\u0219ului Karlsruhe de consilierul Friedemann Kalmbach, a\u0219teapt\u0103 cu ner\u0103bdare s\u0103 participe \u0219i \u00een acest an la acest eveniment atmosferic \u00eempreun\u0103 cu numero\u0219i cet\u0103\u021beni. <\/p>\n\n<p>\u00cen ultimii ani, c\u00e2ntatul de colinde pe stadion a devenit o tradi\u021bie solid\u0103 \u00een ora\u0219ul \u00een form\u0103 de evantai. C\u00e2ntecul de colinde de Cr\u0103ciun a fost ini\u021biat, printre al\u021bii, de consilierul municipal Friedemann Kalmbach, care a adus ideea la F\u00dcR Karlsruhe \u00een urm\u0103 cu c\u00e2\u021biva ani \u0219i a co-fondat-o: <\/p>\n\n<p>&#8222;C\u00e2ntatul pe stadion este mai mult dec\u00e2t un simplu c\u00e2ntec comun&#8221;, spune Kalmbach. &#8222;Este un semn al comunit\u0103\u021bii \u0219i o expresie a solidarit\u0103\u021bii noastre cu F\u00dcR Karlsruhe. \u00cei invit cordial pe to\u021bi cet\u0103\u021benii s\u0103 ni se al\u0103ture pentru a c\u00e2nta \u0219i a s\u0103rb\u0103tori sezonul Cr\u0103ciunului.&#8221; <\/p>\n\n<p>C\u00e2ntecul de colinde de Cr\u0103ciun va avea loc pe 22 decembrie la ora 18.00 \u00een BBBank Wildpark din F\u00dcR Karlsruhe. Evenimentul este organizat de KME F\u00dcR Karlsruhe Marketing und Event GmbH \u00een colaborare cu bisericile catolice, protestante \u0219i independente \u0219i \u00een cooperare cu KSC. <\/p>\n","protected":false},"excerpt":{"rendered":"<p>Perioada de dinaintea Cr\u0103ciunului este chiar dup\u0103 col\u021b \u0219i, odat\u0103 cu ea, unul dintre cele mai frumoase evenimente din Karlsruhe: c\u00e2ntatul de colinde pe stadionul de Cr\u0103ciun. Grupul electoral F\u00dcR Karlsruhe, reprezentat \u00een Consiliul Local al ora\u0219ului Karlsruhe de consilierul Friedemann Kalmbach, a\u0219teapt\u0103 cu ner\u0103bdare s\u0103 participe \u0219i \u00een acest an la acest eveniment atmosferic [&hellip;]<\/p>\n","protected":false},"author":6,"featured_media":8119,"comment_status":"closed","ping_status":"closed","sticky":false,"template":"","format":"standard","meta":{"_acf_changed":false,"_et_pb_use_builder":"off","_et_pb_old_content":"","_et_gb_content_width":"","footnotes":"","_links_to":"","_links_to_target":""},"categories":[83],"tags":[],"class_list":["post-9319","post","type-post","status-publish","format-standard","has-post-thumbnail","hentry","category-comunicate-presa"],"acf":[],"yoast_head":"<!-- This site is optimized with the Yoast SEO plugin v27.4 - https:\/\/yoast.com\/product\/yoast-seo-wordpress\/ -->\n<title>C\u00e2ntece de Cr\u0103ciun pe stadion - Freie W\u00e4hler | F\u00dcR Karlsruhe \u00een Consiliul Municipal Karlsruhe<\/title>\n<meta name=\"description\" content=\"Die Pressemeldungen von F\u00dcR Karlsruhe im Gemeinderat der Stadt Karlsruhe. Hier ver\u00f6ffentlichen wir alle News rund um die Entscheidungen der Stadt Karlsruhe, unserer Anfragen und Initiativen im Karlsruher Gemeinderat.\" \/>\n<meta name=\"robots\" content=\"index, follow, max-snippet:-1, max-image-preview:large, max-video-preview:-1\" \/>\n<link rel=\"canonical\" href=\"https:\/\/fwfuer.de\/ro\/cantece-de-craciun-pe-stadion-9319\/\" \/>\n<meta property=\"og:locale\" content=\"ro_RO\" \/>\n<meta property=\"og:type\" content=\"article\" \/>\n<meta property=\"og:title\" content=\"C\u00e2ntece de Cr\u0103ciun pe stadion - Freie W\u00e4hler | F\u00dcR Karlsruhe \u00een Consiliul Municipal Karlsruhe\" \/>\n<meta property=\"og:description\" content=\"Die Pressemeldungen von F\u00dcR Karlsruhe im Gemeinderat der Stadt Karlsruhe. Hier ver\u00f6ffentlichen wir alle News rund um die Entscheidungen der Stadt Karlsruhe, unserer Anfragen und Initiativen im Karlsruher Gemeinderat.\" \/>\n<meta property=\"og:url\" content=\"https:\/\/fwfuer.de\/ro\/cantece-de-craciun-pe-stadion-9319\/\" \/>\n<meta property=\"og:site_name\" content=\"Freie W\u00e4hler | F\u00dcR Karlsruhe \u00een Consiliul Municipal Karlsruhe\" \/>\n<meta property=\"article:publisher\" content=\"https:\/\/www.facebook.com\/fwfuer\" \/>\n<meta property=\"article:published_time\" content=\"2024-11-25T16:59:52+00:00\" \/>\n<meta property=\"article:modified_time\" content=\"2026-01-27T15:14:16+00:00\" \/>\n<meta property=\"og:image\" content=\"https:\/\/fwfuer.de\/wp-content\/uploads\/2024\/11\/74951683-1d0b-4fad-8b59-9b3453f695d7.jpeg\" \/>\n\t<meta property=\"og:image:width\" content=\"1204\" \/>\n\t<meta property=\"og:image:height\" content=\"1204\" \/>\n\t<meta property=\"og:image:type\" content=\"image\/jpeg\" \/>\n<meta name=\"author\" content=\"F\u00dcR Karlsruhe im Gemeinderat\" \/>\n<meta name=\"twitter:card\" content=\"summary_large_image\" \/>\n<meta name=\"twitter:creator\" content=\"@fwfuer\" \/>\n<meta name=\"twitter:site\" content=\"@fwfuer\" \/>\n<meta name=\"twitter:label1\" content=\"Scris de\" \/>\n\t<meta name=\"twitter:data1\" content=\"F\u00dcR Karlsruhe im Gemeinderat\" \/>\n\t<meta name=\"twitter:label2\" content=\"Timp estimat pentru citire\" \/>\n\t<meta name=\"twitter:data2\" content=\"1 minut\" \/>\n<script type=\"application\/ld+json\" class=\"yoast-schema-graph\">{\"@context\":\"https:\\\/\\\/schema.org\",\"@graph\":[{\"@type\":\"NewsArticle\",\"@id\":\"https:\\\/\\\/fwfuer.de\\\/ro\\\/cantece-de-craciun-pe-stadion-9319\\\/#article\",\"isPartOf\":{\"@id\":\"https:\\\/\\\/fwfuer.de\\\/ro\\\/cantece-de-craciun-pe-stadion-9319\\\/\"},\"author\":{\"name\":\"F\u00dcR Karlsruhe im Gemeinderat\",\"@id\":\"https:\\\/\\\/fwfuer.de\\\/ro\\\/#\\\/schema\\\/person\\\/f43392225120ae37e95ed36d7b324a19\"},\"headline\":\"C\u00e2ntece de Cr\u0103ciun pe stadion\",\"datePublished\":\"2024-11-25T16:59:52+00:00\",\"dateModified\":\"2026-01-27T15:14:16+00:00\",\"mainEntityOfPage\":{\"@id\":\"https:\\\/\\\/fwfuer.de\\\/ro\\\/cantece-de-craciun-pe-stadion-9319\\\/\"},\"wordCount\":237,\"publisher\":{\"@id\":\"https:\\\/\\\/fwfuer.de\\\/ro\\\/#organization\"},\"image\":{\"@id\":\"https:\\\/\\\/fwfuer.de\\\/ro\\\/cantece-de-craciun-pe-stadion-9319\\\/#primaryimage\"},\"thumbnailUrl\":\"https:\\\/\\\/fwfuer.de\\\/wp-content\\\/uploads\\\/2024\\\/11\\\/74951683-1d0b-4fad-8b59-9b3453f695d7.jpeg\",\"articleSection\":[\"Comunicate de pres\u0103\"],\"inLanguage\":\"ro-RO\"},{\"@type\":\"WebPage\",\"@id\":\"https:\\\/\\\/fwfuer.de\\\/ro\\\/cantece-de-craciun-pe-stadion-9319\\\/\",\"url\":\"https:\\\/\\\/fwfuer.de\\\/ro\\\/cantece-de-craciun-pe-stadion-9319\\\/\",\"name\":\"C\u00e2ntece de Cr\u0103ciun pe stadion - Freie W\u00e4hler | F\u00dcR Karlsruhe \u00een Consiliul Municipal Karlsruhe\",\"isPartOf\":{\"@id\":\"https:\\\/\\\/fwfuer.de\\\/ro\\\/#website\"},\"primaryImageOfPage\":{\"@id\":\"https:\\\/\\\/fwfuer.de\\\/ro\\\/cantece-de-craciun-pe-stadion-9319\\\/#primaryimage\"},\"image\":{\"@id\":\"https:\\\/\\\/fwfuer.de\\\/ro\\\/cantece-de-craciun-pe-stadion-9319\\\/#primaryimage\"},\"thumbnailUrl\":\"https:\\\/\\\/fwfuer.de\\\/wp-content\\\/uploads\\\/2024\\\/11\\\/74951683-1d0b-4fad-8b59-9b3453f695d7.jpeg\",\"datePublished\":\"2024-11-25T16:59:52+00:00\",\"dateModified\":\"2026-01-27T15:14:16+00:00\",\"description\":\"Die Pressemeldungen von F\u00dcR Karlsruhe im Gemeinderat der Stadt Karlsruhe. Hier ver\u00f6ffentlichen wir alle News rund um die Entscheidungen der Stadt Karlsruhe, unserer Anfragen und Initiativen im Karlsruher Gemeinderat.\",\"breadcrumb\":{\"@id\":\"https:\\\/\\\/fwfuer.de\\\/ro\\\/cantece-de-craciun-pe-stadion-9319\\\/#breadcrumb\"},\"inLanguage\":\"ro-RO\",\"potentialAction\":[{\"@type\":\"ReadAction\",\"target\":[\"https:\\\/\\\/fwfuer.de\\\/ro\\\/cantece-de-craciun-pe-stadion-9319\\\/\"]}]},{\"@type\":\"ImageObject\",\"inLanguage\":\"ro-RO\",\"@id\":\"https:\\\/\\\/fwfuer.de\\\/ro\\\/cantece-de-craciun-pe-stadion-9319\\\/#primaryimage\",\"url\":\"https:\\\/\\\/fwfuer.de\\\/wp-content\\\/uploads\\\/2024\\\/11\\\/74951683-1d0b-4fad-8b59-9b3453f695d7.jpeg\",\"contentUrl\":\"https:\\\/\\\/fwfuer.de\\\/wp-content\\\/uploads\\\/2024\\\/11\\\/74951683-1d0b-4fad-8b59-9b3453f695d7.jpeg\",\"width\":1204,\"height\":1204},{\"@type\":\"BreadcrumbList\",\"@id\":\"https:\\\/\\\/fwfuer.de\\\/ro\\\/cantece-de-craciun-pe-stadion-9319\\\/#breadcrumb\",\"itemListElement\":[{\"@type\":\"ListItem\",\"position\":1,\"name\":\"Startseite\",\"item\":\"https:\\\/\\\/fwfuer.de\\\/ro\\\/acasa\\\/\"},{\"@type\":\"ListItem\",\"position\":2,\"name\":\"C\u00e2ntece de Cr\u0103ciun pe stadion\"}]},{\"@type\":\"WebSite\",\"@id\":\"https:\\\/\\\/fwfuer.de\\\/ro\\\/#website\",\"url\":\"https:\\\/\\\/fwfuer.de\\\/ro\\\/\",\"name\":\"Freie W\u00e4hler | F\u00dcR Karlsruhe \u00een Consiliul Municipal Karlsruhe\",\"description\":\"Grupul liber al consilierilor din Karlsruhe\",\"publisher\":{\"@id\":\"https:\\\/\\\/fwfuer.de\\\/ro\\\/#organization\"},\"alternateName\":\"F\u00dcR KARLSRUHE im Gemeinderat\",\"potentialAction\":[{\"@type\":\"SearchAction\",\"target\":{\"@type\":\"EntryPoint\",\"urlTemplate\":\"https:\\\/\\\/fwfuer.de\\\/ro\\\/?s={search_term_string}\"},\"query-input\":{\"@type\":\"PropertyValueSpecification\",\"valueRequired\":true,\"valueName\":\"search_term_string\"}}],\"inLanguage\":\"ro-RO\"},{\"@type\":\"Organization\",\"@id\":\"https:\\\/\\\/fwfuer.de\\\/ro\\\/#organization\",\"name\":\"F\u00dcR Karlsruhe im Gemeinderat\",\"alternateName\":\"F\u00dcR Karlsruhe mit Stadtrat Friedemann Kalmbach\",\"url\":\"https:\\\/\\\/fwfuer.de\\\/ro\\\/\",\"logo\":{\"@type\":\"ImageObject\",\"inLanguage\":\"ro-RO\",\"@id\":\"https:\\\/\\\/fwfuer.de\\\/ro\\\/#\\\/schema\\\/logo\\\/image\\\/\",\"url\":\"https:\\\/\\\/fwfuer.de\\\/wp-content\\\/uploads\\\/2024\\\/07\\\/cropped-Logo-1.png\",\"contentUrl\":\"https:\\\/\\\/fwfuer.de\\\/wp-content\\\/uploads\\\/2024\\\/07\\\/cropped-Logo-1.png\",\"width\":512,\"height\":512,\"caption\":\"F\u00dcR Karlsruhe im Gemeinderat\"},\"image\":{\"@id\":\"https:\\\/\\\/fwfuer.de\\\/ro\\\/#\\\/schema\\\/logo\\\/image\\\/\"},\"sameAs\":[\"https:\\\/\\\/www.facebook.com\\\/fwfuer\",\"https:\\\/\\\/x.com\\\/fwfuer\",\"https:\\\/\\\/www.instagram.com\\\/fuerka.de\",\"https:\\\/\\\/de.linkedin.com\\\/company\\\/fw-fr-karlsruhe-gemeinderatsfraktion\",\"https:\\\/\\\/tiktok.com\\\/@fuerka.de\"]},{\"@type\":\"Person\",\"@id\":\"https:\\\/\\\/fwfuer.de\\\/ro\\\/#\\\/schema\\\/person\\\/f43392225120ae37e95ed36d7b324a19\",\"name\":\"F\u00dcR Karlsruhe im Gemeinderat\"}]}<\/script>\n<!-- \/ Yoast SEO plugin. -->","yoast_head_json":{"title":"C\u00e2ntece de Cr\u0103ciun pe stadion - Freie W\u00e4hler | F\u00dcR Karlsruhe \u00een Consiliul Municipal Karlsruhe","description":"Die Pressemeldungen von F\u00dcR Karlsruhe im Gemeinderat der Stadt Karlsruhe. Hier ver\u00f6ffentlichen wir alle News rund um die Entscheidungen der Stadt Karlsruhe, unserer Anfragen und Initiativen im Karlsruher Gemeinderat.","robots":{"index":"index","follow":"follow","max-snippet":"max-snippet:-1","max-image-preview":"max-image-preview:large","max-video-preview":"max-video-preview:-1"},"canonical":"https:\/\/fwfuer.de\/ro\/cantece-de-craciun-pe-stadion-9319\/","og_locale":"ro_RO","og_type":"article","og_title":"C\u00e2ntece de Cr\u0103ciun pe stadion - Freie W\u00e4hler | F\u00dcR Karlsruhe \u00een Consiliul Municipal Karlsruhe","og_description":"Die Pressemeldungen von F\u00dcR Karlsruhe im Gemeinderat der Stadt Karlsruhe. Hier ver\u00f6ffentlichen wir alle News rund um die Entscheidungen der Stadt Karlsruhe, unserer Anfragen und Initiativen im Karlsruher Gemeinderat.","og_url":"https:\/\/fwfuer.de\/ro\/cantece-de-craciun-pe-stadion-9319\/","og_site_name":"Freie W\u00e4hler | F\u00dcR Karlsruhe \u00een Consiliul Municipal Karlsruhe","article_publisher":"https:\/\/www.facebook.com\/fwfuer","article_published_time":"2024-11-25T16:59:52+00:00","article_modified_time":"2026-01-27T15:14:16+00:00","og_image":[{"width":1204,"height":1204,"url":"https:\/\/fwfuer.de\/wp-content\/uploads\/2024\/11\/74951683-1d0b-4fad-8b59-9b3453f695d7.jpeg","type":"image\/jpeg"}],"author":"F\u00dcR Karlsruhe im Gemeinderat","twitter_card":"summary_large_image","twitter_creator":"@fwfuer","twitter_site":"@fwfuer","twitter_misc":{"Scris de":"F\u00dcR Karlsruhe im Gemeinderat","Timp estimat pentru citire":"1 minut"},"schema":{"@context":"https:\/\/schema.org","@graph":[{"@type":"NewsArticle","@id":"https:\/\/fwfuer.de\/ro\/cantece-de-craciun-pe-stadion-9319\/#article","isPartOf":{"@id":"https:\/\/fwfuer.de\/ro\/cantece-de-craciun-pe-stadion-9319\/"},"author":{"name":"F\u00dcR Karlsruhe im Gemeinderat","@id":"https:\/\/fwfuer.de\/ro\/#\/schema\/person\/f43392225120ae37e95ed36d7b324a19"},"headline":"C\u00e2ntece de Cr\u0103ciun pe stadion","datePublished":"2024-11-25T16:59:52+00:00","dateModified":"2026-01-27T15:14:16+00:00","mainEntityOfPage":{"@id":"https:\/\/fwfuer.de\/ro\/cantece-de-craciun-pe-stadion-9319\/"},"wordCount":237,"publisher":{"@id":"https:\/\/fwfuer.de\/ro\/#organization"},"image":{"@id":"https:\/\/fwfuer.de\/ro\/cantece-de-craciun-pe-stadion-9319\/#primaryimage"},"thumbnailUrl":"https:\/\/fwfuer.de\/wp-content\/uploads\/2024\/11\/74951683-1d0b-4fad-8b59-9b3453f695d7.jpeg","articleSection":["Comunicate de pres\u0103"],"inLanguage":"ro-RO"},{"@type":"WebPage","@id":"https:\/\/fwfuer.de\/ro\/cantece-de-craciun-pe-stadion-9319\/","url":"https:\/\/fwfuer.de\/ro\/cantece-de-craciun-pe-stadion-9319\/","name":"C\u00e2ntece de Cr\u0103ciun pe stadion - Freie W\u00e4hler | F\u00dcR Karlsruhe \u00een Consiliul Municipal Karlsruhe","isPartOf":{"@id":"https:\/\/fwfuer.de\/ro\/#website"},"primaryImageOfPage":{"@id":"https:\/\/fwfuer.de\/ro\/cantece-de-craciun-pe-stadion-9319\/#primaryimage"},"image":{"@id":"https:\/\/fwfuer.de\/ro\/cantece-de-craciun-pe-stadion-9319\/#primaryimage"},"thumbnailUrl":"https:\/\/fwfuer.de\/wp-content\/uploads\/2024\/11\/74951683-1d0b-4fad-8b59-9b3453f695d7.jpeg","datePublished":"2024-11-25T16:59:52+00:00","dateModified":"2026-01-27T15:14:16+00:00","description":"Die Pressemeldungen von F\u00dcR Karlsruhe im Gemeinderat der Stadt Karlsruhe. Hier ver\u00f6ffentlichen wir alle News rund um die Entscheidungen der Stadt Karlsruhe, unserer Anfragen und Initiativen im Karlsruher Gemeinderat.","breadcrumb":{"@id":"https:\/\/fwfuer.de\/ro\/cantece-de-craciun-pe-stadion-9319\/#breadcrumb"},"inLanguage":"ro-RO","potentialAction":[{"@type":"ReadAction","target":["https:\/\/fwfuer.de\/ro\/cantece-de-craciun-pe-stadion-9319\/"]}]},{"@type":"ImageObject","inLanguage":"ro-RO","@id":"https:\/\/fwfuer.de\/ro\/cantece-de-craciun-pe-stadion-9319\/#primaryimage","url":"https:\/\/fwfuer.de\/wp-content\/uploads\/2024\/11\/74951683-1d0b-4fad-8b59-9b3453f695d7.jpeg","contentUrl":"https:\/\/fwfuer.de\/wp-content\/uploads\/2024\/11\/74951683-1d0b-4fad-8b59-9b3453f695d7.jpeg","width":1204,"height":1204},{"@type":"BreadcrumbList","@id":"https:\/\/fwfuer.de\/ro\/cantece-de-craciun-pe-stadion-9319\/#breadcrumb","itemListElement":[{"@type":"ListItem","position":1,"name":"Startseite","item":"https:\/\/fwfuer.de\/ro\/acasa\/"},{"@type":"ListItem","position":2,"name":"C\u00e2ntece de Cr\u0103ciun pe stadion"}]},{"@type":"WebSite","@id":"https:\/\/fwfuer.de\/ro\/#website","url":"https:\/\/fwfuer.de\/ro\/","name":"Freie W\u00e4hler | F\u00dcR Karlsruhe \u00een Consiliul Municipal Karlsruhe","description":"Grupul liber al consilierilor din Karlsruhe","publisher":{"@id":"https:\/\/fwfuer.de\/ro\/#organization"},"alternateName":"F\u00dcR KARLSRUHE im Gemeinderat","potentialAction":[{"@type":"SearchAction","target":{"@type":"EntryPoint","urlTemplate":"https:\/\/fwfuer.de\/ro\/?s={search_term_string}"},"query-input":{"@type":"PropertyValueSpecification","valueRequired":true,"valueName":"search_term_string"}}],"inLanguage":"ro-RO"},{"@type":"Organization","@id":"https:\/\/fwfuer.de\/ro\/#organization","name":"F\u00dcR Karlsruhe im Gemeinderat","alternateName":"F\u00dcR Karlsruhe mit Stadtrat Friedemann Kalmbach","url":"https:\/\/fwfuer.de\/ro\/","logo":{"@type":"ImageObject","inLanguage":"ro-RO","@id":"https:\/\/fwfuer.de\/ro\/#\/schema\/logo\/image\/","url":"https:\/\/fwfuer.de\/wp-content\/uploads\/2024\/07\/cropped-Logo-1.png","contentUrl":"https:\/\/fwfuer.de\/wp-content\/uploads\/2024\/07\/cropped-Logo-1.png","width":512,"height":512,"caption":"F\u00dcR Karlsruhe im Gemeinderat"},"image":{"@id":"https:\/\/fwfuer.de\/ro\/#\/schema\/logo\/image\/"},"sameAs":["https:\/\/www.facebook.com\/fwfuer","https:\/\/x.com\/fwfuer","https:\/\/www.instagram.com\/fuerka.de","https:\/\/de.linkedin.com\/company\/fw-fr-karlsruhe-gemeinderatsfraktion","https:\/\/tiktok.com\/@fuerka.de"]},{"@type":"Person","@id":"https:\/\/fwfuer.de\/ro\/#\/schema\/person\/f43392225120ae37e95ed36d7b324a19","name":"F\u00dcR Karlsruhe im Gemeinderat"}]}},"_links":{"self":[{"href":"https:\/\/fwfuer.de\/ro\/wp-json\/wp\/v2\/posts\/9319","targetHints":{"allow":["GET"]}}],"collection":[{"href":"https:\/\/fwfuer.de\/ro\/wp-json\/wp\/v2\/posts"}],"about":[{"href":"https:\/\/fwfuer.de\/ro\/wp-json\/wp\/v2\/types\/post"}],"author":[{"embeddable":true,"href":"https:\/\/fwfuer.de\/ro\/wp-json\/wp\/v2\/users\/6"}],"replies":[{"embeddable":true,"href":"https:\/\/fwfuer.de\/ro\/wp-json\/wp\/v2\/comments?post=9319"}],"version-history":[{"count":2,"href":"https:\/\/fwfuer.de\/ro\/wp-json\/wp\/v2\/posts\/9319\/revisions"}],"predecessor-version":[{"id":9323,"href":"https:\/\/fwfuer.de\/ro\/wp-json\/wp\/v2\/posts\/9319\/revisions\/9323"}],"wp:featuredmedia":[{"embeddable":true,"href":"https:\/\/fwfuer.de\/ro\/wp-json\/wp\/v2\/media\/8119"}],"wp:attachment":[{"href":"https:\/\/fwfuer.de\/ro\/wp-json\/wp\/v2\/media?parent=9319"}],"wp:term":[{"taxonomy":"category","embeddable":true,"href":"https:\/\/fwfuer.de\/ro\/wp-json\/wp\/v2\/categories?post=9319"},{"taxonomy":"post_tag","embeddable":true,"href":"https:\/\/fwfuer.de\/ro\/wp-json\/wp\/v2\/tags?post=9319"}],"curies":[{"name":"wp","href":"https:\/\/api.w.org\/{rel}","templated":true}]}}