{"id":9346,"date":"2024-12-27T16:21:32","date_gmt":"2024-12-27T15:21:32","guid":{"rendered":"https:\/\/fwfuer.de\/in-podcast-ce-inseamna-reforma-impozitului-pe-proprietate-9346\/"},"modified":"2026-01-27T16:14:59","modified_gmt":"2026-01-27T15:14:59","slug":"in-podcast-ce-inseamna-reforma-impozitului-pe-proprietate","status":"publish","type":"post","link":"https:\/\/fwfuer.de\/ro\/in-podcast-ce-inseamna-reforma-impozitului-pe-proprietate-9346\/","title":{"rendered":"\u00cen podcast: Ce \u00eenseamn\u0103 reforma impozitului pe proprietate?"},"content":{"rendered":"\n<p>Reforma impozitului pe proprietate din Germania a dus la discu\u021bii \u0219i resentimente considerabile \u0219i \u00een F\u00dcR Karlsruhe. \u00cen acest episod podcast, Micha Schlittenhardt \u0219i consilierul municipal Friedemann Kalmbach discut\u0103 cu Marc Wurster de la Haus und Grund &#8211; asocia\u021bia central\u0103 a proprietarilor germani de case, apartamente \u0219i propriet\u0103\u021bi &#8211; despre reforma impozitului pe proprietate din F\u00dcR Karlsruhe. Reforma impozitului pe proprietate este o reform\u0103 a impozitului pe proprietate \u00een Germania care a condus la cre\u0219teri semnificative ale impozitului pe proprietate pentru mul\u021bi proprietari de locuin\u021be din F\u00dcR Karlsruhe. \u00cempreun\u0103, ace\u0219tia discut\u0103 provoc\u0103rile juridice ale reformei \u0219i impactul poten\u021bial asupra proprietarilor de locuin\u021be.   <\/p>\n\n<p>Reforma impozitului pe proprietate, care vizeaz\u0103 reevaluarea propriet\u0103\u021bilor, a condus la o structur\u0103 special\u0103 \u00een Baden-W\u00fcrttemberg. Aici, impozitul pe proprietate este calculat exclusiv pe baza valorii propriet\u0103\u021bii, f\u0103r\u0103 a lua \u00een considerare dezvoltarea. \u00cen multe cazuri, aceast\u0103 nou\u0103 metod\u0103 de calcul conduce la cre\u0219teri considerabile ale sarcinii fiscale, \u00een special pentru proprietarii de case unifamiliale \u0219i semidecomandate \u0219i de propriet\u0103\u021bi clasate. \u00cen unele cazuri, valoarea impozitelor poate cre\u0219te chiar de opt ori.   <\/p>\n\n<p>Ora\u0219ele \u0219i autorit\u0103\u021bile locale se confrunt\u0103, de asemenea, cu noi provoc\u0103ri. Pe de o parte, veniturile fiscale suplimentare pot fi utilizate pentru finan\u021barea proiectelor; pe de alt\u0103 parte, exist\u0103 riscul ca cet\u0103\u021benii s\u0103 fie deranja\u021bi de sarcinile mai mari. Se discut\u0103 dac\u0103 \u0219i cum se pot pozi\u021biona autorit\u0103\u021bile locale \u00een raport cu noile reglement\u0103ri, de exemplu prin stabilirea unor rate de evaluare moderate sau prin oferirea de sprijin posibil pentru cet\u0103\u021benii afecta\u021bi.  <\/p>\n","protected":false},"excerpt":{"rendered":"<p>Reforma impozitului pe proprietate din Germania a dus la discu\u021bii \u0219i resentimente considerabile \u0219i \u00een F\u00dcR Karlsruhe. \u00cen acest episod podcast, Micha Schlittenhardt \u0219i consilierul municipal Friedemann Kalmbach discut\u0103 cu Marc Wurster de la Haus und Grund &#8211; asocia\u021bia central\u0103 a proprietarilor germani de case, apartamente \u0219i propriet\u0103\u021bi &#8211; despre reforma impozitului pe proprietate din [&hellip;]<\/p>\n","protected":false},"author":6,"featured_media":8176,"comment_status":"closed","ping_status":"closed","sticky":false,"template":"","format":"standard","meta":{"_acf_changed":false,"_et_pb_use_builder":"off","_et_pb_old_content":"","_et_gb_content_width":"","footnotes":"","_links_to":"","_links_to_target":""},"categories":[83],"tags":[],"class_list":["post-9346","post","type-post","status-publish","format-standard","has-post-thumbnail","hentry","category-comunicate-presa"],"acf":[],"yoast_head":"<!-- This site is optimized with the Yoast SEO plugin v27.4 - https:\/\/yoast.com\/product\/yoast-seo-wordpress\/ -->\n<title>\u00cen podcast: Ce \u00eenseamn\u0103 reforma impozitului pe proprietate? - Freie W\u00e4hler | F\u00dcR Karlsruhe \u00een Consiliul Municipal Karlsruhe<\/title>\n<meta name=\"description\" content=\"Die Pressemeldungen von F\u00dcR Karlsruhe im Gemeinderat der Stadt Karlsruhe. Hier ver\u00f6ffentlichen wir alle News rund um die Entscheidungen der Stadt Karlsruhe, unserer Anfragen und Initiativen im Karlsruher Gemeinderat.\" \/>\n<meta name=\"robots\" content=\"index, follow, max-snippet:-1, max-image-preview:large, max-video-preview:-1\" \/>\n<link rel=\"canonical\" href=\"https:\/\/fwfuer.de\/ro\/in-podcast-ce-inseamna-reforma-impozitului-pe-proprietate-9346\/\" \/>\n<meta property=\"og:locale\" content=\"ro_RO\" \/>\n<meta property=\"og:type\" content=\"article\" \/>\n<meta property=\"og:title\" content=\"\u00cen podcast: Ce \u00eenseamn\u0103 reforma impozitului pe proprietate? - Freie W\u00e4hler | F\u00dcR Karlsruhe \u00een Consiliul Municipal Karlsruhe\" \/>\n<meta property=\"og:description\" content=\"Die Pressemeldungen von F\u00dcR Karlsruhe im Gemeinderat der Stadt Karlsruhe. Hier ver\u00f6ffentlichen wir alle News rund um die Entscheidungen der Stadt Karlsruhe, unserer Anfragen und Initiativen im Karlsruher Gemeinderat.\" \/>\n<meta property=\"og:url\" content=\"https:\/\/fwfuer.de\/ro\/in-podcast-ce-inseamna-reforma-impozitului-pe-proprietate-9346\/\" \/>\n<meta property=\"og:site_name\" content=\"Freie W\u00e4hler | F\u00dcR Karlsruhe \u00een Consiliul Municipal Karlsruhe\" \/>\n<meta property=\"article:publisher\" content=\"https:\/\/www.facebook.com\/fwfuer\" \/>\n<meta property=\"article:published_time\" content=\"2024-12-27T15:21:32+00:00\" \/>\n<meta property=\"article:modified_time\" content=\"2026-01-27T15:14:59+00:00\" \/>\n<meta property=\"og:image\" content=\"https:\/\/fwfuer.de\/wp-content\/uploads\/2024\/12\/IMG_2499.jpeg\" \/>\n\t<meta property=\"og:image:width\" content=\"2236\" \/>\n\t<meta property=\"og:image:height\" content=\"1187\" \/>\n\t<meta property=\"og:image:type\" content=\"image\/jpeg\" \/>\n<meta name=\"author\" content=\"F\u00dcR Karlsruhe im Gemeinderat\" \/>\n<meta name=\"twitter:card\" content=\"summary_large_image\" \/>\n<meta name=\"twitter:creator\" content=\"@fwfuer\" \/>\n<meta name=\"twitter:site\" content=\"@fwfuer\" \/>\n<meta name=\"twitter:label1\" content=\"Scris de\" \/>\n\t<meta name=\"twitter:data1\" content=\"F\u00dcR Karlsruhe im Gemeinderat\" \/>\n\t<meta name=\"twitter:label2\" content=\"Timp estimat pentru citire\" \/>\n\t<meta name=\"twitter:data2\" content=\"1 minut\" \/>\n<script type=\"application\/ld+json\" class=\"yoast-schema-graph\">{\"@context\":\"https:\\\/\\\/schema.org\",\"@graph\":[{\"@type\":\"NewsArticle\",\"@id\":\"https:\\\/\\\/fwfuer.de\\\/ro\\\/in-podcast-ce-inseamna-reforma-impozitului-pe-proprietate-9346\\\/#article\",\"isPartOf\":{\"@id\":\"https:\\\/\\\/fwfuer.de\\\/ro\\\/in-podcast-ce-inseamna-reforma-impozitului-pe-proprietate-9346\\\/\"},\"author\":{\"name\":\"F\u00dcR Karlsruhe im Gemeinderat\",\"@id\":\"https:\\\/\\\/fwfuer.de\\\/ro\\\/#\\\/schema\\\/person\\\/f43392225120ae37e95ed36d7b324a19\"},\"headline\":\"\u00cen podcast: Ce \u00eenseamn\u0103 reforma impozitului pe proprietate?\",\"datePublished\":\"2024-12-27T15:21:32+00:00\",\"dateModified\":\"2026-01-27T15:14:59+00:00\",\"mainEntityOfPage\":{\"@id\":\"https:\\\/\\\/fwfuer.de\\\/ro\\\/in-podcast-ce-inseamna-reforma-impozitului-pe-proprietate-9346\\\/\"},\"wordCount\":285,\"publisher\":{\"@id\":\"https:\\\/\\\/fwfuer.de\\\/ro\\\/#organization\"},\"image\":{\"@id\":\"https:\\\/\\\/fwfuer.de\\\/ro\\\/in-podcast-ce-inseamna-reforma-impozitului-pe-proprietate-9346\\\/#primaryimage\"},\"thumbnailUrl\":\"https:\\\/\\\/fwfuer.de\\\/wp-content\\\/uploads\\\/2024\\\/12\\\/IMG_2499.jpeg\",\"articleSection\":[\"Comunicate de pres\u0103\"],\"inLanguage\":\"ro-RO\"},{\"@type\":\"WebPage\",\"@id\":\"https:\\\/\\\/fwfuer.de\\\/ro\\\/in-podcast-ce-inseamna-reforma-impozitului-pe-proprietate-9346\\\/\",\"url\":\"https:\\\/\\\/fwfuer.de\\\/ro\\\/in-podcast-ce-inseamna-reforma-impozitului-pe-proprietate-9346\\\/\",\"name\":\"\u00cen podcast: Ce \u00eenseamn\u0103 reforma impozitului pe proprietate? - Freie W\u00e4hler | F\u00dcR Karlsruhe \u00een Consiliul Municipal Karlsruhe\",\"isPartOf\":{\"@id\":\"https:\\\/\\\/fwfuer.de\\\/ro\\\/#website\"},\"primaryImageOfPage\":{\"@id\":\"https:\\\/\\\/fwfuer.de\\\/ro\\\/in-podcast-ce-inseamna-reforma-impozitului-pe-proprietate-9346\\\/#primaryimage\"},\"image\":{\"@id\":\"https:\\\/\\\/fwfuer.de\\\/ro\\\/in-podcast-ce-inseamna-reforma-impozitului-pe-proprietate-9346\\\/#primaryimage\"},\"thumbnailUrl\":\"https:\\\/\\\/fwfuer.de\\\/wp-content\\\/uploads\\\/2024\\\/12\\\/IMG_2499.jpeg\",\"datePublished\":\"2024-12-27T15:21:32+00:00\",\"dateModified\":\"2026-01-27T15:14:59+00:00\",\"description\":\"Die Pressemeldungen von F\u00dcR Karlsruhe im Gemeinderat der Stadt Karlsruhe. Hier ver\u00f6ffentlichen wir alle News rund um die Entscheidungen der Stadt Karlsruhe, unserer Anfragen und Initiativen im Karlsruher Gemeinderat.\",\"breadcrumb\":{\"@id\":\"https:\\\/\\\/fwfuer.de\\\/ro\\\/in-podcast-ce-inseamna-reforma-impozitului-pe-proprietate-9346\\\/#breadcrumb\"},\"inLanguage\":\"ro-RO\",\"potentialAction\":[{\"@type\":\"ReadAction\",\"target\":[\"https:\\\/\\\/fwfuer.de\\\/ro\\\/in-podcast-ce-inseamna-reforma-impozitului-pe-proprietate-9346\\\/\"]}]},{\"@type\":\"ImageObject\",\"inLanguage\":\"ro-RO\",\"@id\":\"https:\\\/\\\/fwfuer.de\\\/ro\\\/in-podcast-ce-inseamna-reforma-impozitului-pe-proprietate-9346\\\/#primaryimage\",\"url\":\"https:\\\/\\\/fwfuer.de\\\/wp-content\\\/uploads\\\/2024\\\/12\\\/IMG_2499.jpeg\",\"contentUrl\":\"https:\\\/\\\/fwfuer.de\\\/wp-content\\\/uploads\\\/2024\\\/12\\\/IMG_2499.jpeg\",\"width\":2236,\"height\":1187},{\"@type\":\"BreadcrumbList\",\"@id\":\"https:\\\/\\\/fwfuer.de\\\/ro\\\/in-podcast-ce-inseamna-reforma-impozitului-pe-proprietate-9346\\\/#breadcrumb\",\"itemListElement\":[{\"@type\":\"ListItem\",\"position\":1,\"name\":\"Startseite\",\"item\":\"https:\\\/\\\/fwfuer.de\\\/ro\\\/acasa\\\/\"},{\"@type\":\"ListItem\",\"position\":2,\"name\":\"\u00cen podcast: Ce \u00eenseamn\u0103 reforma impozitului pe proprietate?\"}]},{\"@type\":\"WebSite\",\"@id\":\"https:\\\/\\\/fwfuer.de\\\/ro\\\/#website\",\"url\":\"https:\\\/\\\/fwfuer.de\\\/ro\\\/\",\"name\":\"Freie W\u00e4hler | F\u00dcR Karlsruhe \u00een Consiliul Municipal Karlsruhe\",\"description\":\"Grupul liber al consilierilor din Karlsruhe\",\"publisher\":{\"@id\":\"https:\\\/\\\/fwfuer.de\\\/ro\\\/#organization\"},\"alternateName\":\"F\u00dcR KARLSRUHE im Gemeinderat\",\"potentialAction\":[{\"@type\":\"SearchAction\",\"target\":{\"@type\":\"EntryPoint\",\"urlTemplate\":\"https:\\\/\\\/fwfuer.de\\\/ro\\\/?s={search_term_string}\"},\"query-input\":{\"@type\":\"PropertyValueSpecification\",\"valueRequired\":true,\"valueName\":\"search_term_string\"}}],\"inLanguage\":\"ro-RO\"},{\"@type\":\"Organization\",\"@id\":\"https:\\\/\\\/fwfuer.de\\\/ro\\\/#organization\",\"name\":\"F\u00dcR Karlsruhe im Gemeinderat\",\"alternateName\":\"F\u00dcR Karlsruhe mit Stadtrat Friedemann Kalmbach\",\"url\":\"https:\\\/\\\/fwfuer.de\\\/ro\\\/\",\"logo\":{\"@type\":\"ImageObject\",\"inLanguage\":\"ro-RO\",\"@id\":\"https:\\\/\\\/fwfuer.de\\\/ro\\\/#\\\/schema\\\/logo\\\/image\\\/\",\"url\":\"https:\\\/\\\/fwfuer.de\\\/wp-content\\\/uploads\\\/2024\\\/07\\\/cropped-Logo-1.png\",\"contentUrl\":\"https:\\\/\\\/fwfuer.de\\\/wp-content\\\/uploads\\\/2024\\\/07\\\/cropped-Logo-1.png\",\"width\":512,\"height\":512,\"caption\":\"F\u00dcR Karlsruhe im Gemeinderat\"},\"image\":{\"@id\":\"https:\\\/\\\/fwfuer.de\\\/ro\\\/#\\\/schema\\\/logo\\\/image\\\/\"},\"sameAs\":[\"https:\\\/\\\/www.facebook.com\\\/fwfuer\",\"https:\\\/\\\/x.com\\\/fwfuer\",\"https:\\\/\\\/www.instagram.com\\\/fuerka.de\",\"https:\\\/\\\/de.linkedin.com\\\/company\\\/fw-fr-karlsruhe-gemeinderatsfraktion\",\"https:\\\/\\\/tiktok.com\\\/@fuerka.de\"]},{\"@type\":\"Person\",\"@id\":\"https:\\\/\\\/fwfuer.de\\\/ro\\\/#\\\/schema\\\/person\\\/f43392225120ae37e95ed36d7b324a19\",\"name\":\"F\u00dcR Karlsruhe im Gemeinderat\"}]}<\/script>\n<!-- \/ Yoast SEO plugin. -->","yoast_head_json":{"title":"\u00cen podcast: Ce \u00eenseamn\u0103 reforma impozitului pe proprietate? - Freie W\u00e4hler | F\u00dcR Karlsruhe \u00een Consiliul Municipal Karlsruhe","description":"Die Pressemeldungen von F\u00dcR Karlsruhe im Gemeinderat der Stadt Karlsruhe. Hier ver\u00f6ffentlichen wir alle News rund um die Entscheidungen der Stadt Karlsruhe, unserer Anfragen und Initiativen im Karlsruher Gemeinderat.","robots":{"index":"index","follow":"follow","max-snippet":"max-snippet:-1","max-image-preview":"max-image-preview:large","max-video-preview":"max-video-preview:-1"},"canonical":"https:\/\/fwfuer.de\/ro\/in-podcast-ce-inseamna-reforma-impozitului-pe-proprietate-9346\/","og_locale":"ro_RO","og_type":"article","og_title":"\u00cen podcast: Ce \u00eenseamn\u0103 reforma impozitului pe proprietate? - Freie W\u00e4hler | F\u00dcR Karlsruhe \u00een Consiliul Municipal Karlsruhe","og_description":"Die Pressemeldungen von F\u00dcR Karlsruhe im Gemeinderat der Stadt Karlsruhe. Hier ver\u00f6ffentlichen wir alle News rund um die Entscheidungen der Stadt Karlsruhe, unserer Anfragen und Initiativen im Karlsruher Gemeinderat.","og_url":"https:\/\/fwfuer.de\/ro\/in-podcast-ce-inseamna-reforma-impozitului-pe-proprietate-9346\/","og_site_name":"Freie W\u00e4hler | F\u00dcR Karlsruhe \u00een Consiliul Municipal Karlsruhe","article_publisher":"https:\/\/www.facebook.com\/fwfuer","article_published_time":"2024-12-27T15:21:32+00:00","article_modified_time":"2026-01-27T15:14:59+00:00","og_image":[{"width":2236,"height":1187,"url":"https:\/\/fwfuer.de\/wp-content\/uploads\/2024\/12\/IMG_2499.jpeg","type":"image\/jpeg"}],"author":"F\u00dcR Karlsruhe im Gemeinderat","twitter_card":"summary_large_image","twitter_creator":"@fwfuer","twitter_site":"@fwfuer","twitter_misc":{"Scris de":"F\u00dcR Karlsruhe im Gemeinderat","Timp estimat pentru citire":"1 minut"},"schema":{"@context":"https:\/\/schema.org","@graph":[{"@type":"NewsArticle","@id":"https:\/\/fwfuer.de\/ro\/in-podcast-ce-inseamna-reforma-impozitului-pe-proprietate-9346\/#article","isPartOf":{"@id":"https:\/\/fwfuer.de\/ro\/in-podcast-ce-inseamna-reforma-impozitului-pe-proprietate-9346\/"},"author":{"name":"F\u00dcR Karlsruhe im Gemeinderat","@id":"https:\/\/fwfuer.de\/ro\/#\/schema\/person\/f43392225120ae37e95ed36d7b324a19"},"headline":"\u00cen podcast: Ce \u00eenseamn\u0103 reforma impozitului pe proprietate?","datePublished":"2024-12-27T15:21:32+00:00","dateModified":"2026-01-27T15:14:59+00:00","mainEntityOfPage":{"@id":"https:\/\/fwfuer.de\/ro\/in-podcast-ce-inseamna-reforma-impozitului-pe-proprietate-9346\/"},"wordCount":285,"publisher":{"@id":"https:\/\/fwfuer.de\/ro\/#organization"},"image":{"@id":"https:\/\/fwfuer.de\/ro\/in-podcast-ce-inseamna-reforma-impozitului-pe-proprietate-9346\/#primaryimage"},"thumbnailUrl":"https:\/\/fwfuer.de\/wp-content\/uploads\/2024\/12\/IMG_2499.jpeg","articleSection":["Comunicate de pres\u0103"],"inLanguage":"ro-RO"},{"@type":"WebPage","@id":"https:\/\/fwfuer.de\/ro\/in-podcast-ce-inseamna-reforma-impozitului-pe-proprietate-9346\/","url":"https:\/\/fwfuer.de\/ro\/in-podcast-ce-inseamna-reforma-impozitului-pe-proprietate-9346\/","name":"\u00cen podcast: Ce \u00eenseamn\u0103 reforma impozitului pe proprietate? - Freie W\u00e4hler | F\u00dcR Karlsruhe \u00een Consiliul Municipal Karlsruhe","isPartOf":{"@id":"https:\/\/fwfuer.de\/ro\/#website"},"primaryImageOfPage":{"@id":"https:\/\/fwfuer.de\/ro\/in-podcast-ce-inseamna-reforma-impozitului-pe-proprietate-9346\/#primaryimage"},"image":{"@id":"https:\/\/fwfuer.de\/ro\/in-podcast-ce-inseamna-reforma-impozitului-pe-proprietate-9346\/#primaryimage"},"thumbnailUrl":"https:\/\/fwfuer.de\/wp-content\/uploads\/2024\/12\/IMG_2499.jpeg","datePublished":"2024-12-27T15:21:32+00:00","dateModified":"2026-01-27T15:14:59+00:00","description":"Die Pressemeldungen von F\u00dcR Karlsruhe im Gemeinderat der Stadt Karlsruhe. Hier ver\u00f6ffentlichen wir alle News rund um die Entscheidungen der Stadt Karlsruhe, unserer Anfragen und Initiativen im Karlsruher Gemeinderat.","breadcrumb":{"@id":"https:\/\/fwfuer.de\/ro\/in-podcast-ce-inseamna-reforma-impozitului-pe-proprietate-9346\/#breadcrumb"},"inLanguage":"ro-RO","potentialAction":[{"@type":"ReadAction","target":["https:\/\/fwfuer.de\/ro\/in-podcast-ce-inseamna-reforma-impozitului-pe-proprietate-9346\/"]}]},{"@type":"ImageObject","inLanguage":"ro-RO","@id":"https:\/\/fwfuer.de\/ro\/in-podcast-ce-inseamna-reforma-impozitului-pe-proprietate-9346\/#primaryimage","url":"https:\/\/fwfuer.de\/wp-content\/uploads\/2024\/12\/IMG_2499.jpeg","contentUrl":"https:\/\/fwfuer.de\/wp-content\/uploads\/2024\/12\/IMG_2499.jpeg","width":2236,"height":1187},{"@type":"BreadcrumbList","@id":"https:\/\/fwfuer.de\/ro\/in-podcast-ce-inseamna-reforma-impozitului-pe-proprietate-9346\/#breadcrumb","itemListElement":[{"@type":"ListItem","position":1,"name":"Startseite","item":"https:\/\/fwfuer.de\/ro\/acasa\/"},{"@type":"ListItem","position":2,"name":"\u00cen podcast: Ce \u00eenseamn\u0103 reforma impozitului pe proprietate?"}]},{"@type":"WebSite","@id":"https:\/\/fwfuer.de\/ro\/#website","url":"https:\/\/fwfuer.de\/ro\/","name":"Freie W\u00e4hler | F\u00dcR Karlsruhe \u00een Consiliul Municipal Karlsruhe","description":"Grupul liber al consilierilor din Karlsruhe","publisher":{"@id":"https:\/\/fwfuer.de\/ro\/#organization"},"alternateName":"F\u00dcR KARLSRUHE im Gemeinderat","potentialAction":[{"@type":"SearchAction","target":{"@type":"EntryPoint","urlTemplate":"https:\/\/fwfuer.de\/ro\/?s={search_term_string}"},"query-input":{"@type":"PropertyValueSpecification","valueRequired":true,"valueName":"search_term_string"}}],"inLanguage":"ro-RO"},{"@type":"Organization","@id":"https:\/\/fwfuer.de\/ro\/#organization","name":"F\u00dcR Karlsruhe im Gemeinderat","alternateName":"F\u00dcR Karlsruhe mit Stadtrat Friedemann Kalmbach","url":"https:\/\/fwfuer.de\/ro\/","logo":{"@type":"ImageObject","inLanguage":"ro-RO","@id":"https:\/\/fwfuer.de\/ro\/#\/schema\/logo\/image\/","url":"https:\/\/fwfuer.de\/wp-content\/uploads\/2024\/07\/cropped-Logo-1.png","contentUrl":"https:\/\/fwfuer.de\/wp-content\/uploads\/2024\/07\/cropped-Logo-1.png","width":512,"height":512,"caption":"F\u00dcR Karlsruhe im Gemeinderat"},"image":{"@id":"https:\/\/fwfuer.de\/ro\/#\/schema\/logo\/image\/"},"sameAs":["https:\/\/www.facebook.com\/fwfuer","https:\/\/x.com\/fwfuer","https:\/\/www.instagram.com\/fuerka.de","https:\/\/de.linkedin.com\/company\/fw-fr-karlsruhe-gemeinderatsfraktion","https:\/\/tiktok.com\/@fuerka.de"]},{"@type":"Person","@id":"https:\/\/fwfuer.de\/ro\/#\/schema\/person\/f43392225120ae37e95ed36d7b324a19","name":"F\u00dcR Karlsruhe im Gemeinderat"}]}},"_links":{"self":[{"href":"https:\/\/fwfuer.de\/ro\/wp-json\/wp\/v2\/posts\/9346","targetHints":{"allow":["GET"]}}],"collection":[{"href":"https:\/\/fwfuer.de\/ro\/wp-json\/wp\/v2\/posts"}],"about":[{"href":"https:\/\/fwfuer.de\/ro\/wp-json\/wp\/v2\/types\/post"}],"author":[{"embeddable":true,"href":"https:\/\/fwfuer.de\/ro\/wp-json\/wp\/v2\/users\/6"}],"replies":[{"embeddable":true,"href":"https:\/\/fwfuer.de\/ro\/wp-json\/wp\/v2\/comments?post=9346"}],"version-history":[{"count":2,"href":"https:\/\/fwfuer.de\/ro\/wp-json\/wp\/v2\/posts\/9346\/revisions"}],"predecessor-version":[{"id":9350,"href":"https:\/\/fwfuer.de\/ro\/wp-json\/wp\/v2\/posts\/9346\/revisions\/9350"}],"wp:featuredmedia":[{"embeddable":true,"href":"https:\/\/fwfuer.de\/ro\/wp-json\/wp\/v2\/media\/8176"}],"wp:attachment":[{"href":"https:\/\/fwfuer.de\/ro\/wp-json\/wp\/v2\/media?parent=9346"}],"wp:term":[{"taxonomy":"category","embeddable":true,"href":"https:\/\/fwfuer.de\/ro\/wp-json\/wp\/v2\/categories?post=9346"},{"taxonomy":"post_tag","embeddable":true,"href":"https:\/\/fwfuer.de\/ro\/wp-json\/wp\/v2\/tags?post=9346"}],"curies":[{"name":"wp","href":"https:\/\/api.w.org\/{rel}","templated":true}]}}