{"id":9480,"date":"2025-05-05T15:32:22","date_gmt":"2025-05-05T13:32:22","guid":{"rendered":"https:\/\/fwfuer.de\/taxa-de-oras-si-jocurile-mondiale-cum-umple-karlsruhe-paturile-9480\/"},"modified":"2026-01-27T16:16:40","modified_gmt":"2026-01-27T15:16:40","slug":"taxa-de-oras-si-jocurile-mondiale-cum-umple-karlsruhe-paturile","status":"publish","type":"post","link":"https:\/\/fwfuer.de\/ro\/taxa-de-oras-si-jocurile-mondiale-cum-umple-karlsruhe-paturile-9480\/","title":{"rendered":"Taxa de ora\u0219 \u0219i Jocurile Mondiale: cum umple Karlsruhe paturile"},"content":{"rendered":"\n<p><strong>\u00cen cel mai recent episod al podcastului s\u0103u, grupul electoral F\u00dcR Karlsruhe se concentreaz\u0103 pe tema turismului \u00een ora\u0219ul \u00een form\u0103 de evantai. Sub titlul &#8222;City Tax and World Games: How Karlsruhe fills beds&#8221;, consilierul municipal Friedemann Kalmbach \u0219i Micha Schlittenhardt discut\u0103 cu Pascal Rastetter, director general al Karlsruher Tourismus GmbH, despre oportunit\u0103\u021bile \u0219i provoc\u0103rile pentru F\u00dcR Karlsruhe ca destina\u021bie turistic\u0103. <\/strong><\/p>\n\n<p>Accentul va fi pus pe evolu\u021biile actuale, cum ar fi introducerea taxei de ora\u0219, utilizarea acesteia pentru promovarea turismului durabil \u0219i rolul evenimentelor majore, cum ar fi Jocurile Mondiale, pentru imaginea ora\u0219ului. Vor fi discutate, de asemenea, subiecte precum taxa pe pat, turismul \u0219tiin\u021bific, atrac\u021biile culturale precum ZKM \u0219i Schlosslichtspiele, precum \u0219i atractivitatea F\u00dcR Karlsruhe ca destina\u021bie turistic\u0103 \u00een centrul unei regiuni economice puternice. <\/p>\n\n<p>Toat\u0103 lumea este de acord c\u0103 turismul este un factor important de loca\u021bie &#8211; pentru imaginea ora\u0219ului, precum \u0219i pentru sectoarele de catering, hotelier \u0219i cultural. Prin urmare, F\u00dcR Karlsruhe este \u00een favoarea unei utiliz\u0103ri direc\u021bionate a veniturilor din taxa de ora\u0219 &#8211; \u00een beneficiul cet\u0103\u021benilor \u0219i al oaspe\u021bilor deopotriv\u0103. <\/p>\n\n<p>Episodul este acum disponibil pe Spotify, Apple Podcasts, YouTube \u0219i pe toate platformele comune de podcast.<\/p>\n","protected":false},"excerpt":{"rendered":"<p>\u00cen cel mai recent episod al podcastului s\u0103u, grupul electoral F\u00dcR Karlsruhe se concentreaz\u0103 pe tema turismului \u00een ora\u0219ul \u00een form\u0103 de evantai. Sub titlul &#8222;City Tax and World Games: How Karlsruhe fills beds&#8221;, consilierul municipal Friedemann Kalmbach \u0219i Micha Schlittenhardt discut\u0103 cu Pascal Rastetter, director general al Karlsruher Tourismus GmbH, despre oportunit\u0103\u021bile \u0219i provoc\u0103rile [&hellip;]<\/p>\n","protected":false},"author":6,"featured_media":8339,"comment_status":"closed","ping_status":"closed","sticky":false,"template":"","format":"standard","meta":{"_acf_changed":false,"_et_pb_use_builder":"off","_et_pb_old_content":"","_et_gb_content_width":"","footnotes":"","_links_to":"","_links_to_target":""},"categories":[83],"tags":[],"class_list":["post-9480","post","type-post","status-publish","format-standard","has-post-thumbnail","hentry","category-comunicate-presa"],"acf":[],"yoast_head":"<!-- This site is optimized with the Yoast SEO plugin v27.4 - https:\/\/yoast.com\/product\/yoast-seo-wordpress\/ -->\n<title>Taxa de ora\u0219 \u0219i Jocurile Mondiale: cum umple Karlsruhe paturile - Freie W\u00e4hler | F\u00dcR Karlsruhe \u00een Consiliul Municipal Karlsruhe<\/title>\n<meta name=\"description\" content=\"Die Pressemeldungen von F\u00dcR Karlsruhe im Gemeinderat der Stadt Karlsruhe. Hier ver\u00f6ffentlichen wir alle News rund um die Entscheidungen der Stadt Karlsruhe, unserer Anfragen und Initiativen im Karlsruher Gemeinderat.\" \/>\n<meta name=\"robots\" content=\"index, follow, max-snippet:-1, max-image-preview:large, max-video-preview:-1\" \/>\n<link rel=\"canonical\" href=\"https:\/\/fwfuer.de\/ro\/taxa-de-oras-si-jocurile-mondiale-cum-umple-karlsruhe-paturile-9480\/\" \/>\n<meta property=\"og:locale\" content=\"ro_RO\" \/>\n<meta property=\"og:type\" content=\"article\" \/>\n<meta property=\"og:title\" content=\"Taxa de ora\u0219 \u0219i Jocurile Mondiale: cum umple Karlsruhe paturile - Freie W\u00e4hler | F\u00dcR Karlsruhe \u00een Consiliul Municipal Karlsruhe\" \/>\n<meta property=\"og:description\" content=\"Die Pressemeldungen von F\u00dcR Karlsruhe im Gemeinderat der Stadt Karlsruhe. Hier ver\u00f6ffentlichen wir alle News rund um die Entscheidungen der Stadt Karlsruhe, unserer Anfragen und Initiativen im Karlsruher Gemeinderat.\" \/>\n<meta property=\"og:url\" content=\"https:\/\/fwfuer.de\/ro\/taxa-de-oras-si-jocurile-mondiale-cum-umple-karlsruhe-paturile-9480\/\" \/>\n<meta property=\"og:site_name\" content=\"Freie W\u00e4hler | F\u00dcR Karlsruhe \u00een Consiliul Municipal Karlsruhe\" \/>\n<meta property=\"article:publisher\" content=\"https:\/\/www.facebook.com\/fwfuer\" \/>\n<meta property=\"article:published_time\" content=\"2025-05-05T13:32:22+00:00\" \/>\n<meta property=\"article:modified_time\" content=\"2026-01-27T15:16:40+00:00\" \/>\n<meta property=\"og:image\" content=\"https:\/\/fwfuer.de\/wp-content\/uploads\/2025\/05\/Bildschirmfoto-2025-05-05-um-15.21.51.png\" \/>\n\t<meta property=\"og:image:width\" content=\"1387\" \/>\n\t<meta property=\"og:image:height\" content=\"673\" \/>\n\t<meta property=\"og:image:type\" content=\"image\/png\" \/>\n<meta name=\"author\" content=\"F\u00dcR Karlsruhe im Gemeinderat\" \/>\n<meta name=\"twitter:card\" content=\"summary_large_image\" \/>\n<meta name=\"twitter:creator\" content=\"@fwfuer\" \/>\n<meta name=\"twitter:site\" content=\"@fwfuer\" \/>\n<meta name=\"twitter:label1\" content=\"Scris de\" \/>\n\t<meta name=\"twitter:data1\" content=\"F\u00dcR Karlsruhe im Gemeinderat\" \/>\n\t<meta name=\"twitter:label2\" content=\"Timp estimat pentru citire\" \/>\n\t<meta name=\"twitter:data2\" content=\"1 minut\" \/>\n<script type=\"application\/ld+json\" class=\"yoast-schema-graph\">{\"@context\":\"https:\\\/\\\/schema.org\",\"@graph\":[{\"@type\":\"NewsArticle\",\"@id\":\"https:\\\/\\\/fwfuer.de\\\/ro\\\/taxa-de-oras-si-jocurile-mondiale-cum-umple-karlsruhe-paturile-9480\\\/#article\",\"isPartOf\":{\"@id\":\"https:\\\/\\\/fwfuer.de\\\/ro\\\/taxa-de-oras-si-jocurile-mondiale-cum-umple-karlsruhe-paturile-9480\\\/\"},\"author\":{\"name\":\"F\u00dcR Karlsruhe im Gemeinderat\",\"@id\":\"https:\\\/\\\/fwfuer.de\\\/ro\\\/#\\\/schema\\\/person\\\/f43392225120ae37e95ed36d7b324a19\"},\"headline\":\"Taxa de ora\u0219 \u0219i Jocurile Mondiale: cum umple Karlsruhe paturile\",\"datePublished\":\"2025-05-05T13:32:22+00:00\",\"dateModified\":\"2026-01-27T15:16:40+00:00\",\"mainEntityOfPage\":{\"@id\":\"https:\\\/\\\/fwfuer.de\\\/ro\\\/taxa-de-oras-si-jocurile-mondiale-cum-umple-karlsruhe-paturile-9480\\\/\"},\"wordCount\":221,\"publisher\":{\"@id\":\"https:\\\/\\\/fwfuer.de\\\/ro\\\/#organization\"},\"image\":{\"@id\":\"https:\\\/\\\/fwfuer.de\\\/ro\\\/taxa-de-oras-si-jocurile-mondiale-cum-umple-karlsruhe-paturile-9480\\\/#primaryimage\"},\"thumbnailUrl\":\"https:\\\/\\\/fwfuer.de\\\/wp-content\\\/uploads\\\/2025\\\/05\\\/Bildschirmfoto-2025-05-05-um-15.21.51.png\",\"articleSection\":[\"Comunicate de pres\u0103\"],\"inLanguage\":\"ro-RO\"},{\"@type\":\"WebPage\",\"@id\":\"https:\\\/\\\/fwfuer.de\\\/ro\\\/taxa-de-oras-si-jocurile-mondiale-cum-umple-karlsruhe-paturile-9480\\\/\",\"url\":\"https:\\\/\\\/fwfuer.de\\\/ro\\\/taxa-de-oras-si-jocurile-mondiale-cum-umple-karlsruhe-paturile-9480\\\/\",\"name\":\"Taxa de ora\u0219 \u0219i Jocurile Mondiale: cum umple Karlsruhe paturile - Freie W\u00e4hler | F\u00dcR Karlsruhe \u00een Consiliul Municipal Karlsruhe\",\"isPartOf\":{\"@id\":\"https:\\\/\\\/fwfuer.de\\\/ro\\\/#website\"},\"primaryImageOfPage\":{\"@id\":\"https:\\\/\\\/fwfuer.de\\\/ro\\\/taxa-de-oras-si-jocurile-mondiale-cum-umple-karlsruhe-paturile-9480\\\/#primaryimage\"},\"image\":{\"@id\":\"https:\\\/\\\/fwfuer.de\\\/ro\\\/taxa-de-oras-si-jocurile-mondiale-cum-umple-karlsruhe-paturile-9480\\\/#primaryimage\"},\"thumbnailUrl\":\"https:\\\/\\\/fwfuer.de\\\/wp-content\\\/uploads\\\/2025\\\/05\\\/Bildschirmfoto-2025-05-05-um-15.21.51.png\",\"datePublished\":\"2025-05-05T13:32:22+00:00\",\"dateModified\":\"2026-01-27T15:16:40+00:00\",\"description\":\"Die Pressemeldungen von F\u00dcR Karlsruhe im Gemeinderat der Stadt Karlsruhe. Hier ver\u00f6ffentlichen wir alle News rund um die Entscheidungen der Stadt Karlsruhe, unserer Anfragen und Initiativen im Karlsruher Gemeinderat.\",\"breadcrumb\":{\"@id\":\"https:\\\/\\\/fwfuer.de\\\/ro\\\/taxa-de-oras-si-jocurile-mondiale-cum-umple-karlsruhe-paturile-9480\\\/#breadcrumb\"},\"inLanguage\":\"ro-RO\",\"potentialAction\":[{\"@type\":\"ReadAction\",\"target\":[\"https:\\\/\\\/fwfuer.de\\\/ro\\\/taxa-de-oras-si-jocurile-mondiale-cum-umple-karlsruhe-paturile-9480\\\/\"]}]},{\"@type\":\"ImageObject\",\"inLanguage\":\"ro-RO\",\"@id\":\"https:\\\/\\\/fwfuer.de\\\/ro\\\/taxa-de-oras-si-jocurile-mondiale-cum-umple-karlsruhe-paturile-9480\\\/#primaryimage\",\"url\":\"https:\\\/\\\/fwfuer.de\\\/wp-content\\\/uploads\\\/2025\\\/05\\\/Bildschirmfoto-2025-05-05-um-15.21.51.png\",\"contentUrl\":\"https:\\\/\\\/fwfuer.de\\\/wp-content\\\/uploads\\\/2025\\\/05\\\/Bildschirmfoto-2025-05-05-um-15.21.51.png\",\"width\":1387,\"height\":673},{\"@type\":\"BreadcrumbList\",\"@id\":\"https:\\\/\\\/fwfuer.de\\\/ro\\\/taxa-de-oras-si-jocurile-mondiale-cum-umple-karlsruhe-paturile-9480\\\/#breadcrumb\",\"itemListElement\":[{\"@type\":\"ListItem\",\"position\":1,\"name\":\"Startseite\",\"item\":\"https:\\\/\\\/fwfuer.de\\\/ro\\\/acasa\\\/\"},{\"@type\":\"ListItem\",\"position\":2,\"name\":\"Taxa de ora\u0219 \u0219i Jocurile Mondiale: cum umple Karlsruhe paturile\"}]},{\"@type\":\"WebSite\",\"@id\":\"https:\\\/\\\/fwfuer.de\\\/ro\\\/#website\",\"url\":\"https:\\\/\\\/fwfuer.de\\\/ro\\\/\",\"name\":\"Freie W\u00e4hler | F\u00dcR Karlsruhe \u00een Consiliul Municipal Karlsruhe\",\"description\":\"Grupul liber al consilierilor din Karlsruhe\",\"publisher\":{\"@id\":\"https:\\\/\\\/fwfuer.de\\\/ro\\\/#organization\"},\"alternateName\":\"F\u00dcR KARLSRUHE im Gemeinderat\",\"potentialAction\":[{\"@type\":\"SearchAction\",\"target\":{\"@type\":\"EntryPoint\",\"urlTemplate\":\"https:\\\/\\\/fwfuer.de\\\/ro\\\/?s={search_term_string}\"},\"query-input\":{\"@type\":\"PropertyValueSpecification\",\"valueRequired\":true,\"valueName\":\"search_term_string\"}}],\"inLanguage\":\"ro-RO\"},{\"@type\":\"Organization\",\"@id\":\"https:\\\/\\\/fwfuer.de\\\/ro\\\/#organization\",\"name\":\"F\u00dcR Karlsruhe im Gemeinderat\",\"alternateName\":\"F\u00dcR Karlsruhe mit Stadtrat Friedemann Kalmbach\",\"url\":\"https:\\\/\\\/fwfuer.de\\\/ro\\\/\",\"logo\":{\"@type\":\"ImageObject\",\"inLanguage\":\"ro-RO\",\"@id\":\"https:\\\/\\\/fwfuer.de\\\/ro\\\/#\\\/schema\\\/logo\\\/image\\\/\",\"url\":\"https:\\\/\\\/fwfuer.de\\\/wp-content\\\/uploads\\\/2024\\\/07\\\/cropped-Logo-1.png\",\"contentUrl\":\"https:\\\/\\\/fwfuer.de\\\/wp-content\\\/uploads\\\/2024\\\/07\\\/cropped-Logo-1.png\",\"width\":512,\"height\":512,\"caption\":\"F\u00dcR Karlsruhe im Gemeinderat\"},\"image\":{\"@id\":\"https:\\\/\\\/fwfuer.de\\\/ro\\\/#\\\/schema\\\/logo\\\/image\\\/\"},\"sameAs\":[\"https:\\\/\\\/www.facebook.com\\\/fwfuer\",\"https:\\\/\\\/x.com\\\/fwfuer\",\"https:\\\/\\\/www.instagram.com\\\/fuerka.de\",\"https:\\\/\\\/de.linkedin.com\\\/company\\\/fw-fr-karlsruhe-gemeinderatsfraktion\",\"https:\\\/\\\/tiktok.com\\\/@fuerka.de\"]},{\"@type\":\"Person\",\"@id\":\"https:\\\/\\\/fwfuer.de\\\/ro\\\/#\\\/schema\\\/person\\\/f43392225120ae37e95ed36d7b324a19\",\"name\":\"F\u00dcR Karlsruhe im Gemeinderat\"}]}<\/script>\n<!-- \/ Yoast SEO plugin. -->","yoast_head_json":{"title":"Taxa de ora\u0219 \u0219i Jocurile Mondiale: cum umple Karlsruhe paturile - Freie W\u00e4hler | F\u00dcR Karlsruhe \u00een Consiliul Municipal Karlsruhe","description":"Die Pressemeldungen von F\u00dcR Karlsruhe im Gemeinderat der Stadt Karlsruhe. Hier ver\u00f6ffentlichen wir alle News rund um die Entscheidungen der Stadt Karlsruhe, unserer Anfragen und Initiativen im Karlsruher Gemeinderat.","robots":{"index":"index","follow":"follow","max-snippet":"max-snippet:-1","max-image-preview":"max-image-preview:large","max-video-preview":"max-video-preview:-1"},"canonical":"https:\/\/fwfuer.de\/ro\/taxa-de-oras-si-jocurile-mondiale-cum-umple-karlsruhe-paturile-9480\/","og_locale":"ro_RO","og_type":"article","og_title":"Taxa de ora\u0219 \u0219i Jocurile Mondiale: cum umple Karlsruhe paturile - Freie W\u00e4hler | F\u00dcR Karlsruhe \u00een Consiliul Municipal Karlsruhe","og_description":"Die Pressemeldungen von F\u00dcR Karlsruhe im Gemeinderat der Stadt Karlsruhe. Hier ver\u00f6ffentlichen wir alle News rund um die Entscheidungen der Stadt Karlsruhe, unserer Anfragen und Initiativen im Karlsruher Gemeinderat.","og_url":"https:\/\/fwfuer.de\/ro\/taxa-de-oras-si-jocurile-mondiale-cum-umple-karlsruhe-paturile-9480\/","og_site_name":"Freie W\u00e4hler | F\u00dcR Karlsruhe \u00een Consiliul Municipal Karlsruhe","article_publisher":"https:\/\/www.facebook.com\/fwfuer","article_published_time":"2025-05-05T13:32:22+00:00","article_modified_time":"2026-01-27T15:16:40+00:00","og_image":[{"width":1387,"height":673,"url":"https:\/\/fwfuer.de\/wp-content\/uploads\/2025\/05\/Bildschirmfoto-2025-05-05-um-15.21.51.png","type":"image\/png"}],"author":"F\u00dcR Karlsruhe im Gemeinderat","twitter_card":"summary_large_image","twitter_creator":"@fwfuer","twitter_site":"@fwfuer","twitter_misc":{"Scris de":"F\u00dcR Karlsruhe im Gemeinderat","Timp estimat pentru citire":"1 minut"},"schema":{"@context":"https:\/\/schema.org","@graph":[{"@type":"NewsArticle","@id":"https:\/\/fwfuer.de\/ro\/taxa-de-oras-si-jocurile-mondiale-cum-umple-karlsruhe-paturile-9480\/#article","isPartOf":{"@id":"https:\/\/fwfuer.de\/ro\/taxa-de-oras-si-jocurile-mondiale-cum-umple-karlsruhe-paturile-9480\/"},"author":{"name":"F\u00dcR Karlsruhe im Gemeinderat","@id":"https:\/\/fwfuer.de\/ro\/#\/schema\/person\/f43392225120ae37e95ed36d7b324a19"},"headline":"Taxa de ora\u0219 \u0219i Jocurile Mondiale: cum umple Karlsruhe paturile","datePublished":"2025-05-05T13:32:22+00:00","dateModified":"2026-01-27T15:16:40+00:00","mainEntityOfPage":{"@id":"https:\/\/fwfuer.de\/ro\/taxa-de-oras-si-jocurile-mondiale-cum-umple-karlsruhe-paturile-9480\/"},"wordCount":221,"publisher":{"@id":"https:\/\/fwfuer.de\/ro\/#organization"},"image":{"@id":"https:\/\/fwfuer.de\/ro\/taxa-de-oras-si-jocurile-mondiale-cum-umple-karlsruhe-paturile-9480\/#primaryimage"},"thumbnailUrl":"https:\/\/fwfuer.de\/wp-content\/uploads\/2025\/05\/Bildschirmfoto-2025-05-05-um-15.21.51.png","articleSection":["Comunicate de pres\u0103"],"inLanguage":"ro-RO"},{"@type":"WebPage","@id":"https:\/\/fwfuer.de\/ro\/taxa-de-oras-si-jocurile-mondiale-cum-umple-karlsruhe-paturile-9480\/","url":"https:\/\/fwfuer.de\/ro\/taxa-de-oras-si-jocurile-mondiale-cum-umple-karlsruhe-paturile-9480\/","name":"Taxa de ora\u0219 \u0219i Jocurile Mondiale: cum umple Karlsruhe paturile - Freie W\u00e4hler | F\u00dcR Karlsruhe \u00een Consiliul Municipal Karlsruhe","isPartOf":{"@id":"https:\/\/fwfuer.de\/ro\/#website"},"primaryImageOfPage":{"@id":"https:\/\/fwfuer.de\/ro\/taxa-de-oras-si-jocurile-mondiale-cum-umple-karlsruhe-paturile-9480\/#primaryimage"},"image":{"@id":"https:\/\/fwfuer.de\/ro\/taxa-de-oras-si-jocurile-mondiale-cum-umple-karlsruhe-paturile-9480\/#primaryimage"},"thumbnailUrl":"https:\/\/fwfuer.de\/wp-content\/uploads\/2025\/05\/Bildschirmfoto-2025-05-05-um-15.21.51.png","datePublished":"2025-05-05T13:32:22+00:00","dateModified":"2026-01-27T15:16:40+00:00","description":"Die Pressemeldungen von F\u00dcR Karlsruhe im Gemeinderat der Stadt Karlsruhe. Hier ver\u00f6ffentlichen wir alle News rund um die Entscheidungen der Stadt Karlsruhe, unserer Anfragen und Initiativen im Karlsruher Gemeinderat.","breadcrumb":{"@id":"https:\/\/fwfuer.de\/ro\/taxa-de-oras-si-jocurile-mondiale-cum-umple-karlsruhe-paturile-9480\/#breadcrumb"},"inLanguage":"ro-RO","potentialAction":[{"@type":"ReadAction","target":["https:\/\/fwfuer.de\/ro\/taxa-de-oras-si-jocurile-mondiale-cum-umple-karlsruhe-paturile-9480\/"]}]},{"@type":"ImageObject","inLanguage":"ro-RO","@id":"https:\/\/fwfuer.de\/ro\/taxa-de-oras-si-jocurile-mondiale-cum-umple-karlsruhe-paturile-9480\/#primaryimage","url":"https:\/\/fwfuer.de\/wp-content\/uploads\/2025\/05\/Bildschirmfoto-2025-05-05-um-15.21.51.png","contentUrl":"https:\/\/fwfuer.de\/wp-content\/uploads\/2025\/05\/Bildschirmfoto-2025-05-05-um-15.21.51.png","width":1387,"height":673},{"@type":"BreadcrumbList","@id":"https:\/\/fwfuer.de\/ro\/taxa-de-oras-si-jocurile-mondiale-cum-umple-karlsruhe-paturile-9480\/#breadcrumb","itemListElement":[{"@type":"ListItem","position":1,"name":"Startseite","item":"https:\/\/fwfuer.de\/ro\/acasa\/"},{"@type":"ListItem","position":2,"name":"Taxa de ora\u0219 \u0219i Jocurile Mondiale: cum umple Karlsruhe paturile"}]},{"@type":"WebSite","@id":"https:\/\/fwfuer.de\/ro\/#website","url":"https:\/\/fwfuer.de\/ro\/","name":"Freie W\u00e4hler | F\u00dcR Karlsruhe \u00een Consiliul Municipal Karlsruhe","description":"Grupul liber al consilierilor din Karlsruhe","publisher":{"@id":"https:\/\/fwfuer.de\/ro\/#organization"},"alternateName":"F\u00dcR KARLSRUHE im Gemeinderat","potentialAction":[{"@type":"SearchAction","target":{"@type":"EntryPoint","urlTemplate":"https:\/\/fwfuer.de\/ro\/?s={search_term_string}"},"query-input":{"@type":"PropertyValueSpecification","valueRequired":true,"valueName":"search_term_string"}}],"inLanguage":"ro-RO"},{"@type":"Organization","@id":"https:\/\/fwfuer.de\/ro\/#organization","name":"F\u00dcR Karlsruhe im Gemeinderat","alternateName":"F\u00dcR Karlsruhe mit Stadtrat Friedemann Kalmbach","url":"https:\/\/fwfuer.de\/ro\/","logo":{"@type":"ImageObject","inLanguage":"ro-RO","@id":"https:\/\/fwfuer.de\/ro\/#\/schema\/logo\/image\/","url":"https:\/\/fwfuer.de\/wp-content\/uploads\/2024\/07\/cropped-Logo-1.png","contentUrl":"https:\/\/fwfuer.de\/wp-content\/uploads\/2024\/07\/cropped-Logo-1.png","width":512,"height":512,"caption":"F\u00dcR Karlsruhe im Gemeinderat"},"image":{"@id":"https:\/\/fwfuer.de\/ro\/#\/schema\/logo\/image\/"},"sameAs":["https:\/\/www.facebook.com\/fwfuer","https:\/\/x.com\/fwfuer","https:\/\/www.instagram.com\/fuerka.de","https:\/\/de.linkedin.com\/company\/fw-fr-karlsruhe-gemeinderatsfraktion","https:\/\/tiktok.com\/@fuerka.de"]},{"@type":"Person","@id":"https:\/\/fwfuer.de\/ro\/#\/schema\/person\/f43392225120ae37e95ed36d7b324a19","name":"F\u00dcR Karlsruhe im Gemeinderat"}]}},"_links":{"self":[{"href":"https:\/\/fwfuer.de\/ro\/wp-json\/wp\/v2\/posts\/9480","targetHints":{"allow":["GET"]}}],"collection":[{"href":"https:\/\/fwfuer.de\/ro\/wp-json\/wp\/v2\/posts"}],"about":[{"href":"https:\/\/fwfuer.de\/ro\/wp-json\/wp\/v2\/types\/post"}],"author":[{"embeddable":true,"href":"https:\/\/fwfuer.de\/ro\/wp-json\/wp\/v2\/users\/6"}],"replies":[{"embeddable":true,"href":"https:\/\/fwfuer.de\/ro\/wp-json\/wp\/v2\/comments?post=9480"}],"version-history":[{"count":2,"href":"https:\/\/fwfuer.de\/ro\/wp-json\/wp\/v2\/posts\/9480\/revisions"}],"predecessor-version":[{"id":9483,"href":"https:\/\/fwfuer.de\/ro\/wp-json\/wp\/v2\/posts\/9480\/revisions\/9483"}],"wp:featuredmedia":[{"embeddable":true,"href":"https:\/\/fwfuer.de\/ro\/wp-json\/wp\/v2\/media\/8339"}],"wp:attachment":[{"href":"https:\/\/fwfuer.de\/ro\/wp-json\/wp\/v2\/media?parent=9480"}],"wp:term":[{"taxonomy":"category","embeddable":true,"href":"https:\/\/fwfuer.de\/ro\/wp-json\/wp\/v2\/categories?post=9480"},{"taxonomy":"post_tag","embeddable":true,"href":"https:\/\/fwfuer.de\/ro\/wp-json\/wp\/v2\/tags?post=9480"}],"curies":[{"name":"wp","href":"https:\/\/api.w.org\/{rel}","templated":true}]}}